{"id":3117,"date":"1915-10-02T00:05:08","date_gmt":"1915-10-02T00:05:08","guid":{"rendered":"https:\/\/la-presse-anarchiste.net\/index.php\/2012\/02\/04\/le-reve-et-la-vie\/"},"modified":"2025-07-14T18:51:50","modified_gmt":"2025-07-14T18:51:50","slug":"le-reve-et-la-vie","status":"publish","type":"post","link":"https:\/\/la-presse-anarchiste.net\/index.php\/1915\/10\/02\/le-reve-et-la-vie\/","title":{"rendered":"Le r\u00eave et la&nbsp;vie"},"content":{"rendered":"<div class=\"pdfprnt-buttons pdfprnt-buttons-post pdfprnt-top-right\"><a href=\"https:\/\/la-presse-anarchiste.net\/index.php\/wp-json\/wp\/v2\/posts\/3117?print=pdf\" class=\"pdfprnt-button pdfprnt-button-pdf\" target=\"_blank\"><img decoding=\"async\" src=\"https:\/\/la-presse-anarchiste.net\/wp-content\/plugins\/pdf-print\/images\/pdf.png\" alt=\"image_pdf\" title=\"Afficher le PDF\"><\/a><a href=\"https:\/\/la-presse-anarchiste.net\/index.php\/wp-json\/wp\/v2\/posts\/3117?print=print\" class=\"pdfprnt-button pdfprnt-button-print\" target=\"_blank\"><img decoding=\"async\" src=\"https:\/\/la-presse-anarchiste.net\/wp-content\/plugins\/pdf-print\/images\/print.png\" alt=\"image_print\" title=\"Contenu imprim\u00e9\"><\/a><\/div><p style=\"text-align: justify;\">Donc il est ques\u00adtion d\u2019a\u00adbattre le des\u00adpo\u00adtisme prus\u00adsien, le mili\u00adta\u00adrisme alle\u00admand qui fit peser sur le monde durant qua\u00adrante ann\u00e9es la menace de la \u00ab&nbsp;Paix&nbsp;Arm\u00e9e&nbsp;\u00bb.<br>\nEt voi\u00adci que de toutes les bouches, de toutes les tri\u00adbunes, des plus basses aux plus hautes, reten\u00adtissent les m\u00eames cris&nbsp;: \u00ab&nbsp;Mort aux tyrans&nbsp;! Vive la Libert\u00e9&nbsp;!&nbsp;\u00bb<\/p>\n<p style=\"text-align: justify;\">\u00c0 la face du monde, en pr\u00e9\u00adsence de la ruine uni\u00adver\u00adselle, devant le d\u00e9fi\u00adl\u00e9 lugubre des veuves et des orphe\u00adlins, \u00e0 c\u00f4t\u00e9 du sang qui fume et sous le poids des cris d\u2019a\u00adgo\u00adnie qui montent, des ministres pro\u00adclament la n\u00e9ces\u00adsi\u00adt\u00e9 d\u2019en finir pour tou\u00adjours avec la menace de l\u2019Ogre, de bri\u00adser l\u2019\u00e9\u00adp\u00e9e aigui\u00ads\u00e9e et de noyer la poudre s\u00e8che.<\/p>\n<p style=\"text-align: justify;\">Et les peuples applau\u00addissent&nbsp;; et les peuples jurent le ser\u00adment&nbsp;sacr\u00e9.<\/p>\n<p style=\"text-align: justify;\">C\u2019est bien.<\/p>\n<p style=\"text-align: justify;\">Mais qu\u2019on y prenne garde.<\/p>\n<p style=\"text-align: justify;\">Si quelque chose pou\u00advait un jour sur\u00admon\u00adter en hor\u00adreur et en d\u00e9go\u00fbt le Crime et sa labo\u00adrieuse pr\u00e9\u00adpa\u00adra\u00adtion ce serait le par\u00adjure de tous ces peuples lev\u00e9s pour une guerre qui ne sera sainte que si elle est la derni\u00e8re.<\/p>\n<p style=\"text-align: justify;\">Les mots irr\u00e9\u00advo\u00adcables, les mots qui engagent pour tou\u00adjours ont \u00e9t\u00e9 prononc\u00e9s.<\/p>\n<p style=\"text-align: justify;\">\u2026 Le mili\u00adta\u00adrisme prus\u00adsien \u00e9tait la pierre d\u2019as\u00adsise de la mons\u00adtrueuse Paix Arm\u00e9e\u2026 Le mili\u00adta\u00adrisme prus\u00adsien, cause per\u00adma\u00adnente des autres mili\u00adta\u00adrismes, \u00e9tait \u00e0 lui seul le militarisme\u2026<\/p>\n<p style=\"text-align: justify;\">Ne dis\u00adcu\u00adtons&nbsp;plus.<\/p>\n<p style=\"text-align: justify;\">Mais, avec toute la pas\u00adsion dont mal\u00adgr\u00e9 notre tris\u00adtesse pr\u00e9\u00adsente nous nous sen\u00adtons encore capables, nous attes\u00adte\u00adrons par ces cris m\u00eames et par ce ser\u00adment que, la pierre d\u2019as\u00adsise \u00f4t\u00e9e, tout s\u2019\u00e9\u00adcroule, tout doit s\u2019\u00e9crouler de l\u2019\u00e9\u00addi\u00adfice sanglant.<\/p>\n<p style=\"text-align: justify;\">Il n\u2019est pas un rai\u00adson\u00adne\u00adment qui puisse \u00e9ta\u00adblir la fata\u00adli\u00adt\u00e9 de r\u00e9sur\u00adrec\u00adtion de la b\u00eate au len\u00adde\u00admain de son \u00e9cra\u00adse\u00adment, sous quelque ciel que ce&nbsp;soit.<\/p>\n<p style=\"text-align: justify;\">La race humaine serait \u00e0 jamais m\u00e9pri\u00adsable et vile si le ser\u00adment de ceux qui entendent l\u2019in\u00adcar\u00adner dans ce qu\u2019elle a de meilleur devait un jour retom\u00adber en cra\u00adchat sur la figure d\u2019un&nbsp;Ca\u00efn.<\/p>\n<p style=\"text-align: right;\">G. D.<sup class=\"modern-footnotes-footnote modern-footnotes-footnote--expands-on-desktop \" data-mfn=\"1\" data-mfn-post-scope=\"00000000696ebd560000000022e1e234_3117\"><a href=\"javascript:void(0)\" role=\"button\" aria-pressed=\"false\" aria-describedby=\"mfn-content-00000000696ebd560000000022e1e234_3117-1\">1<\/a><\/sup><span id=\"mfn-content-00000000696ebd560000000022e1e234_3117-1\" role=\"tooltip\" class=\"modern-footnotes-footnote__note\" tabindex=\"0\" data-mfn=\"1\">Auteur sup\u00adpo\u00ads\u00e9<\/span><\/p>\n<ul class=\"modern-footnotes-list modern-footnotes-list--show-only-for-print\"><li><span>1<\/span><div>Auteur sup\u00adpo\u00ads\u00e9<\/div><\/li><\/ul>","protected":false},"excerpt":{"rendered":"<p>Donc il est ques\u00adtion d\u2019a\u00adbattre le des\u00adpo\u00adtisme prus\u00adsien, le mili\u00adta\u00adrisme alle\u00admand qui fit peser sur le monde durant qua\u00adrante ann\u00e9es la menace de la \u00ab&nbsp;Paix&nbsp;Arm\u00e9e&nbsp;\u00bb. Et voi\u00adci que de toutes les bouches, de toutes les tri\u00adbunes, des plus basses aux plus hautes, reten\u00adtissent les m\u00eames cris&nbsp;: \u00ab&nbsp;Mort aux tyrans&nbsp;! Vive la Liber\u00adt\u00e9&nbsp;!&nbsp;\u00bb \u00c0 la&nbsp;face&nbsp;[\u2026]<\/p>\n","protected":false},"author":336,"featured_media":8739,"comment_status":"closed","ping_status":"closed","sticky":false,"template":"wp-custom-template-page-d-article","format":"standard","meta":{"wp_typography_post_enhancements_disabled":false,"footnotes":""},"categories":[370],"tags":[],"ppma_author":[1142],"class_list":["post-3117","post","type-post","status-publish","format-standard","has-post-thumbnail","hentry","category-la-libre-federation-n1-2-octobre-1915"],"authors":[{"term_id":1142,"user_id":336,"is_guest":0,"slug":"georges-durupt","display_name":"Georges Durupt","avatar_url":"https:\/\/secure.gravatar.com\/avatar\/2deff696f32b0468366306b3e7af30dc509091a3050c9b8b786673b6ca7bacb4?s=96&d=mm&r=g","author_category":"","user_url":"","last_name":"","first_name":"","job_title":"","description":""}],"_links":{"self":[{"href":"https:\/\/la-presse-anarchiste.net\/index.php\/wp-json\/wp\/v2\/posts\/3117","targetHints":{"allow":["GET"]}}],"collection":[{"href":"https:\/\/la-presse-anarchiste.net\/index.php\/wp-json\/wp\/v2\/posts"}],"about":[{"href":"https:\/\/la-presse-anarchiste.net\/index.php\/wp-json\/wp\/v2\/types\/post"}],"author":[{"embeddable":true,"href":"https:\/\/la-presse-anarchiste.net\/index.php\/wp-json\/wp\/v2\/users\/336"}],"replies":[{"embeddable":true,"href":"https:\/\/la-presse-anarchiste.net\/index.php\/wp-json\/wp\/v2\/comments?post=3117"}],"version-history":[{"count":2,"href":"https:\/\/la-presse-anarchiste.net\/index.php\/wp-json\/wp\/v2\/posts\/3117\/revisions"}],"predecessor-version":[{"id":8751,"href":"https:\/\/la-presse-anarchiste.net\/index.php\/wp-json\/wp\/v2\/posts\/3117\/revisions\/8751"}],"wp:featuredmedia":[{"embeddable":true,"href":"https:\/\/la-presse-anarchiste.net\/index.php\/wp-json\/wp\/v2\/media\/8739"}],"wp:attachment":[{"href":"https:\/\/la-presse-anarchiste.net\/index.php\/wp-json\/wp\/v2\/media?parent=3117"}],"wp:term":[{"taxonomy":"category","embeddable":true,"href":"https:\/\/la-presse-anarchiste.net\/index.php\/wp-json\/wp\/v2\/categories?post=3117"},{"taxonomy":"post_tag","embeddable":true,"href":"https:\/\/la-presse-anarchiste.net\/index.php\/wp-json\/wp\/v2\/tags?post=3117"},{"taxonomy":"author","embeddable":true,"href":"https:\/\/la-presse-anarchiste.net\/index.php\/wp-json\/wp\/v2\/ppma_author?post=3117"}],"curies":[{"name":"wp","href":"https:\/\/api.w.org\/{rel}","templated":true}]}}