{"id":3120,"date":"1915-10-02T00:12:21","date_gmt":"1915-10-02T00:12:21","guid":{"rendered":"https:\/\/la-presse-anarchiste.net\/index.php\/2012\/02\/04\/quelques-mots\/"},"modified":"2025-07-14T19:03:02","modified_gmt":"2025-07-14T19:03:02","slug":"quelques-mots","status":"publish","type":"post","link":"https:\/\/la-presse-anarchiste.net\/index.php\/1915\/10\/02\/quelques-mots\/","title":{"rendered":"Quelques mots"},"content":{"rendered":"<div class=\"pdfprnt-buttons pdfprnt-buttons-post pdfprnt-top-right\"><a href=\"https:\/\/la-presse-anarchiste.net\/index.php\/wp-json\/wp\/v2\/posts\/3120?print=pdf\" class=\"pdfprnt-button pdfprnt-button-pdf\" target=\"_blank\"><img decoding=\"async\" src=\"https:\/\/la-presse-anarchiste.net\/wp-content\/plugins\/pdf-print\/images\/pdf.png\" alt=\"image_pdf\" title=\"Afficher le PDF\"><\/a><a href=\"https:\/\/la-presse-anarchiste.net\/index.php\/wp-json\/wp\/v2\/posts\/3120?print=print\" class=\"pdfprnt-button pdfprnt-button-print\" target=\"_blank\"><img decoding=\"async\" src=\"https:\/\/la-presse-anarchiste.net\/wp-content\/plugins\/pdf-print\/images\/print.png\" alt=\"image_print\" title=\"Contenu imprim\u00e9\"><\/a><\/div><p style=\"text-align: justify;\">Nous, anar\u00adchistes, ne pou\u00advons pas nous d\u00e9s\u00adin\u00adt\u00e9\u00adres\u00adser du point de vue moral. Nous ne sommes pas seule\u00adment pour les liber\u00adt\u00e9s \u00e9co\u00adno\u00admiques, mais aus\u00adsi pour les autres liber\u00adt\u00e9s. Un r\u00e9gime monar\u00adchiste am\u00e8\u00adne\u00adrait une r\u00e9gres\u00adsion en France, un abais\u00adse\u00adment moral, qui serait un recul pour la digni\u00adt\u00e9 humaine et la valeur des individus.<\/p>\n<p style=\"text-align: justify;\">De m\u00eame nous nous r\u00e9vol\u00adtons contre toute oppres\u00adsion\u200a\u2014\u200acontre l\u2019op\u00adpres\u00adsion qui frappe un Polo\u00adnais natio\u00adna\u00adliste, per\u00ads\u00e9\u00adcu\u00adt\u00e9 par les poli\u00adciers alle\u00admands ou russes.<\/p>\n<p style=\"text-align: justify;\">C\u2019est ce qui fait que je lut\u00adte\u00adrai dans la mesure de mes moyens contre Guillaume II et le mili\u00adta\u00adrisme alle\u00admand et que je lut\u00adte\u00adrai avec les alli\u00e9s pour l\u2019in\u00add\u00e9\u00adpen\u00addance des Belges. Je ne puis pas me d\u00e9s\u00adin\u00adt\u00e9\u00adres\u00adser de la vio\u00adlence, quelle que soit au fond la part de res\u00adpon\u00adsa\u00adbi\u00adli\u00adt\u00e9 qu\u2019en\u00adcourent tous les gouvernements.<\/p>\n<p style=\"text-align: justify;\">Nous sommes pla\u00adc\u00e9s ici \u00e0 peu pr\u00e8s dans la m\u00eame situa\u00adtion que nous \u00e9tions lors de l\u2019Af\u00adfaire Drey\u00adfus\u200a\u2014\u200aaffaire \u00e0 laquelle je par\u00adti\u00adci\u00adpe\u00adrais encore si c\u2019\u00e9\u00adtait \u00e0 refaire. Vous avez \u00e9t\u00e9 flou\u00e9s, me dira-t-on\u200a\u2014\u200acomme si nous pou\u00advions esp\u00e9\u00adrer un r\u00e9sul\u00adtat pra\u00adtique. Mais nous avons eu un r\u00e9sul\u00adtat moral, chose plus pr\u00e9\u00adcieuse\u200a\u2014\u200aet notre pro\u00adpa\u00adgande avait pris une exten\u00adsion \u00e9norme. De fait, l\u2019es\u00adprit de l\u2019ar\u00adm\u00e9e et la men\u00adta\u00adli\u00adt\u00e9 popu\u00adlaire avaient com\u00adpl\u00e8\u00adte\u00adment chang\u00e9.<\/p>\n<p style=\"text-align: justify;\">Et de m\u00eame que dans l\u2019Af\u00adfaire Drey\u00adfus notre pro\u00adpa\u00adgande d\u00e9pas\u00adsant une injus\u00adtice par\u00adti\u00adcu\u00adli\u00e8re pour aller jus\u00adqu\u2019\u00e0 nos aspi\u00adra\u00adtions id\u00e9a\u00adlistes sur l\u2019a\u00adbo\u00adli\u00adtion du mili\u00adta\u00adrisme\u200a\u2014\u200ade m\u00eame en cette guerre notre pro\u00adpa\u00adgande doit d\u00e9pas\u00adser les reven\u00addi\u00adca\u00adtions d\u2019in\u00add\u00e9\u00adpen\u00addance natio\u00adnale pour aller jus\u00adqu\u2019au d\u00e9sar\u00adme\u00adment g\u00e9n\u00e9\u00adral, \u00e0 l\u2019a\u00adbo\u00adli\u00adtion du militarisme.<\/p>\n<p style=\"text-align: justify;\">Le fait que les gou\u00adver\u00adne\u00adments alli\u00e9s sont obli\u00adg\u00e9s de don\u00adner comme dra\u00adpeau \u00e0 cette guerre un dra\u00adpeau id\u00e9a\u00adliste&nbsp;: ind\u00e9\u00adpen\u00addances natio\u00adnales, d\u00e9sar\u00adme\u00adment, etc., est une force pour notre pro\u00adpa\u00adgande. Les pro\u00admesses, m\u00eame non tenues, sont le point de d\u00e9part pour les reven\u00addi\u00adca\u00adtions futures.<\/p>\n<p style=\"text-align: justify;\">C\u2019est ce qui s\u2019est pas\u00ads\u00e9 apr\u00e8s 1815. Et d\u2019ailleurs, \u00e0 cer\u00adtains points de vue cette guerre a quelques points de res\u00adsem\u00adblance avec le sou\u00adl\u00e8\u00adve\u00adment euro\u00adp\u00e9en de 1813 contre la tyran\u00adnie napo\u00adl\u00e9o\u00adnienne. Nous sommes pla\u00adc\u00e9s actuel\u00adle\u00adment dans une situa\u00adtion un peu simi\u00adlaire\u200a\u2014\u200aet non pas dans celle des guerres de 1792 pour la libert\u00e9.<\/p>\n<p style=\"text-align: justify;\">Aurait-il donc fal\u00adlu, comme anar\u00adchistes, subir la tyran\u00adnie napo\u00adl\u00e9o\u00adnienne&nbsp;? Les rois n\u2019ont pas tenu les pro\u00admesses de liber\u00adt\u00e9 qu\u2019ils avaient faites. C\u2019est vrai. Mais c\u2019est jus\u00adte\u00adment cette mau\u00advaise foi qui a ser\u00advi de point de d\u00e9part aux mou\u00adve\u00adments r\u00e9vo\u00adlu\u00adtion\u00adnaires de 1830 \u00e0 1848. L\u2019\u00e9\u00adlan avait \u00e9t\u00e9&nbsp;donn\u00e9.<\/p>\n<p style=\"text-align: justify;\">Il est r\u00e9pu\u00adgnant de voir que cer\u00adtains soi-disant anar\u00adchistes ne se placent qu\u2019\u00e0 un point de vue pure\u00adment \u00e9go\u00efste. On n\u2019ob\u00adtient rien que par g\u00e9n\u00e9\u00adro\u00adsi\u00adt\u00e9. Je veux dire que si nous vou\u00adlons que notre pro\u00adpa\u00adgande porte dans l\u2019a\u00adve\u00adnir, il ne faut pas s\u2019at\u00adtar\u00adder \u00e0 la poli\u00adtique des petits pro\u00adfits. Nous nous sommes don\u00adn\u00e9s dans l\u2019Af\u00adfaire Drey\u00adfus. Nous devons nous don\u00adner main\u00adte\u00adnant\u200a\u2014\u200ale r\u00e9sul\u00adtat pra\u00adtique importe peu. C\u2019est le r\u00e9sul\u00adtat moral qui compte.<\/p>\n<p style=\"text-align: justify;\">Au moment o\u00f9 tout le monde en France risque sa peau, j\u2019ai \u00e9t\u00e9 \u00e9c\u0153u\u00adr\u00e9 de voir tant de soi-disant anar\u00adchistes cher\u00adcher \u00e0 se d\u00e9fi\u00adler, sous pr\u00e9\u00adtexte de mala\u00addies sup\u00adpo\u00ads\u00e9es. Aucune r\u00e9volte pour un id\u00e9al, mais le simple culte de son moi. Ce sont tous des individualistes.<\/p>\n<p style=\"text-align: justify;\">\u00ab&nbsp;Apr\u00e8s moi la fin du&nbsp;monde&nbsp;\u00bb<\/p>\n<p style=\"text-align: right;\">M.P.<sup class=\"modern-footnotes-footnote modern-footnotes-footnote--expands-on-desktop \" data-mfn=\"1\" data-mfn-post-scope=\"0000000050ccf833000000006ac7bcab_3120\"><a href=\"javascript:void(0)\" role=\"button\" aria-pressed=\"false\" aria-describedby=\"mfn-content-0000000050ccf833000000006ac7bcab_3120-1\">1<\/a><\/sup><span id=\"mfn-content-0000000050ccf833000000006ac7bcab_3120-1\" role=\"tooltip\" class=\"modern-footnotes-footnote__note\" tabindex=\"0\" data-mfn=\"1\">Auteur sup\u00adpo\u00ads\u00e9<\/span><\/p>\n<ul class=\"modern-footnotes-list modern-footnotes-list--show-only-for-print\"><li><span>1<\/span><div>Auteur sup\u00adpo\u00ads\u00e9<\/div><\/li><\/ul>","protected":false},"excerpt":{"rendered":"<p>Nous, anar\u00adchistes, ne pou\u00advons pas nous d\u00e9s\u00adin\u00adt\u00e9\u00adres\u00adser du point de vue moral. Nous ne sommes pas seule\u00adment pour les liber\u00adt\u00e9s \u00e9co\u00adno\u00admiques, mais aus\u00adsi pour les autres liber\u00adt\u00e9s. Un r\u00e9gime monar\u00adchiste am\u00e8\u00adne\u00adrait une r\u00e9gres\u00adsion en France, un abais\u00adse\u00adment moral, qui serait un recul pour la digni\u00adt\u00e9 humaine et la valeur des indi\u00advi\u00addus. De m\u00eame nous&nbsp;nous&nbsp;[\u2026]<\/p>\n","protected":false},"author":128,"featured_media":8739,"comment_status":"closed","ping_status":"closed","sticky":false,"template":"wp-custom-template-page-d-article","format":"standard","meta":{"wp_typography_post_enhancements_disabled":false,"footnotes":""},"categories":[370],"tags":[615],"ppma_author":[792],"class_list":["post-3120","post","type-post","status-publish","format-standard","has-post-thumbnail","hentry","category-la-libre-federation-n1-2-octobre-1915","tag-individualisme"],"authors":[{"term_id":792,"user_id":128,"is_guest":0,"slug":"marc-pierrot","display_name":"Marc Pierrot","avatar_url":"https:\/\/secure.gravatar.com\/avatar\/b70e27fb256b3f03fbb99a3df306da4120f7e9dc09e08cb1f71df2d396eabb09?s=96&d=mm&r=g","author_category":"","user_url":"","last_name":"Pierrot","first_name":"Marc","job_title":"","description":"<a href=\"https:\/\/maitron.fr\/spip.php?article156464\">Sa notice dans le Maitron<\/a>"}],"_links":{"self":[{"href":"https:\/\/la-presse-anarchiste.net\/index.php\/wp-json\/wp\/v2\/posts\/3120","targetHints":{"allow":["GET"]}}],"collection":[{"href":"https:\/\/la-presse-anarchiste.net\/index.php\/wp-json\/wp\/v2\/posts"}],"about":[{"href":"https:\/\/la-presse-anarchiste.net\/index.php\/wp-json\/wp\/v2\/types\/post"}],"author":[{"embeddable":true,"href":"https:\/\/la-presse-anarchiste.net\/index.php\/wp-json\/wp\/v2\/users\/128"}],"replies":[{"embeddable":true,"href":"https:\/\/la-presse-anarchiste.net\/index.php\/wp-json\/wp\/v2\/comments?post=3120"}],"version-history":[{"count":2,"href":"https:\/\/la-presse-anarchiste.net\/index.php\/wp-json\/wp\/v2\/posts\/3120\/revisions"}],"predecessor-version":[{"id":8761,"href":"https:\/\/la-presse-anarchiste.net\/index.php\/wp-json\/wp\/v2\/posts\/3120\/revisions\/8761"}],"wp:featuredmedia":[{"embeddable":true,"href":"https:\/\/la-presse-anarchiste.net\/index.php\/wp-json\/wp\/v2\/media\/8739"}],"wp:attachment":[{"href":"https:\/\/la-presse-anarchiste.net\/index.php\/wp-json\/wp\/v2\/media?parent=3120"}],"wp:term":[{"taxonomy":"category","embeddable":true,"href":"https:\/\/la-presse-anarchiste.net\/index.php\/wp-json\/wp\/v2\/categories?post=3120"},{"taxonomy":"post_tag","embeddable":true,"href":"https:\/\/la-presse-anarchiste.net\/index.php\/wp-json\/wp\/v2\/tags?post=3120"},{"taxonomy":"author","embeddable":true,"href":"https:\/\/la-presse-anarchiste.net\/index.php\/wp-json\/wp\/v2\/ppma_author?post=3120"}],"curies":[{"name":"wp","href":"https:\/\/api.w.org\/{rel}","templated":true}]}}