{"id":3124,"date":"1915-10-02T00:20:56","date_gmt":"1915-10-02T00:20:56","guid":{"rendered":"https:\/\/la-presse-anarchiste.net\/index.php\/2012\/02\/04\/a-propos-de-tout-et-de-rien\/"},"modified":"2025-07-14T19:36:34","modified_gmt":"2025-07-14T19:36:34","slug":"a-propos-de-tout-et-de-rien","status":"publish","type":"post","link":"https:\/\/la-presse-anarchiste.net\/index.php\/1915\/10\/02\/a-propos-de-tout-et-de-rien\/","title":{"rendered":"\u00c0 propos de tout et de&nbsp;rien"},"content":{"rendered":"<div class=\"pdfprnt-buttons pdfprnt-buttons-post pdfprnt-top-right\"><a href=\"https:\/\/la-presse-anarchiste.net\/index.php\/wp-json\/wp\/v2\/posts\/3124?print=pdf\" class=\"pdfprnt-button pdfprnt-button-pdf\" target=\"_blank\"><img decoding=\"async\" src=\"https:\/\/la-presse-anarchiste.net\/wp-content\/plugins\/pdf-print\/images\/pdf.png\" alt=\"image_pdf\" title=\"Afficher le PDF\"><\/a><a href=\"https:\/\/la-presse-anarchiste.net\/index.php\/wp-json\/wp\/v2\/posts\/3124?print=print\" class=\"pdfprnt-button pdfprnt-button-print\" target=\"_blank\"><img decoding=\"async\" src=\"https:\/\/la-presse-anarchiste.net\/wp-content\/plugins\/pdf-print\/images\/print.png\" alt=\"image_print\" title=\"Contenu imprim\u00e9\"><\/a><\/div><p style=\"text-align: justify;\">Connais\u00adsez-vous l\u2019heure des auto\u00adri\u00adt\u00e9s&nbsp;? C\u2019est celle o\u00f9 l\u2019on mange. Ouvrez un jour\u00adnal, il est bien rare de n\u2019y point trou\u00adver la petite note gas\u00adtro\u00adno\u00admique que voi\u00adci&nbsp;: \u00ab&nbsp;M.&nbsp;le Pr\u00e9\u00adsident, M.&nbsp;X ou M.&nbsp;Y. a assis\u00adt\u00e9 au d\u00eener (ban\u00adquet, agape ou col\u00adla\u00adtion) et y a pro\u00adnon\u00adc\u00e9 un dis\u00adcours&nbsp;\u00bb. Ce der\u00adnier est tou\u00adjours magis\u00adtral, c\u2019est de r\u00e8gle, de poli\u00adtesse et de congra\u00adtu\u00adla\u00adtion aus\u00adsi ancienne que la cour\u00adti\u00adsa\u00adne\u00adrie. M.&nbsp;le g\u00e9n\u00e9\u00adral a eu beau\u00adcoup \u00e0 faire dans ce domaine, ces der\u00adniers temps. Il y a tant de champs de bataille dans le pays dont on ravive l\u2019histoire la four\u00adchette et le verre en main, qu\u2019on en oublie pour un moment le trust de l\u2019alimentation et la cher\u00adt\u00e9 des vivres\u2026 Quand <i>la Pologne<\/i> avait&nbsp;bu\u2026<\/p>\n<p style=\"text-align: justify;\">Hier, c\u2019\u00e9tait M.&nbsp;Mot\u00adta, le pr\u00e9\u00adsident de la Conf\u00e9\u00add\u00e9\u00adra\u00adtion, qui pala\u00adbrait au Cen\u00adte\u00adnaire de la Soci\u00e9\u00adt\u00e9 hel\u00adv\u00e9\u00adtique des sciences naturelles.<\/p>\n<p style=\"text-align: justify;\">Gla\u00adnons quelques-unes de ses paroles qui, para\u00eet-il, prennent une valeur his\u00adto\u00adrique d\u00e8s que l\u2019orateur a \u00e9t\u00e9 rev\u00ea\u00adtu d\u2019un titre qui le hausse au-des\u00adsus du com\u00admun des diri\u00adgeants de l\u2019heure&nbsp;:<\/p>\n<p style=\"text-align: justify;\">\u2026 Nous n\u2019admettrons jamais chez nous les luttes et les com\u00adp\u00e9\u00adti\u00adtions de race. L\u2019heure actuelle, si elle fait \u00e9clore dans tous les pays bel\u00adli\u00adg\u00e9\u00adrants des preuves d\u2019immolation et de d\u00e9voue\u00adment qui nous arrachent des cris d\u2019admiration et de piti\u00e9, montre pour\u00adtant ce qu\u2019il y a de trouble, d\u2019attristant et <i>presque<\/i> d\u2019inhumain dans ces luttes et dans ces antagonismes.<\/p>\n<p style=\"text-align: justify;\">La Suisse demeu\u00adre\u00adra \u00e0 jamais la r\u00e9pu\u00adblique fra\u00adter\u00adnelle. Per\u00adsonne n\u2019a deman\u00add\u00e9 chez nous que les dif\u00adf\u00e9\u00adrences de race, de langue et d\u2019\u00e9ducation dis\u00adpa\u00adrussent. L\u2019id\u00e9al d\u2019un \u00c9tat comme le n\u00f4tre n\u2019est point l\u2019uniformit\u00e9&nbsp;; nous savons tous que notre \u00c9tat per\u00addrait une par\u00adtie capi\u00adtale de sa force et de sa valeur s\u2019il ne fai\u00adsait appel \u00e0 la vari\u00e9\u00adt\u00e9 des ten\u00addances, des langues et des m\u00e9thodes \u00e9du\u00adca\u00adtives&nbsp;; mais qui dit vari\u00e9\u00adt\u00e9 dit \u00e9mu\u00adla\u00adtion et non contraste.<\/p>\n<p style=\"text-align: justify;\">J\u2019ai sou\u00adli\u00adgn\u00e9 le mot <i>presque<\/i>. M.&nbsp;Mot\u00adta est d\u2019une \u00e9cole o\u00f9 ma res\u00adtric\u00adtion men\u00adtale fait l\u2019objet d\u2019une \u00e9tude sp\u00e9\u00adciale en vue de l\u2019usage qu\u2019elle n\u00e9ces\u00adsite dans la vie. Presque inhu\u00admain\u2026 M.&nbsp;Mot\u00adta a\u2011t-il eu tout \u00e0 coup, dans le sen\u00adti\u00adment brus\u00adque\u00adment rap\u00adpe\u00adl\u00e9 de ses hautes fonc\u00adtions, la vision claire d\u2019une neu\u00adtra\u00adli\u00adt\u00e9 devant s\u2019exer\u00adcer jus\u00adqu\u2019au choix des mots&nbsp;? \u00c0 t il con\u00e7u le bl\u00e2me qu\u2019il allait jeter en disant toute sa pen\u00ads\u00e9e&nbsp;? Mys\u00adt\u00e8re\u2026 mais <i>presque inhu\u00admain<\/i> demande \u00e0 pas\u00adser \u00e0 la post\u00e9rit\u00e9.<\/p>\n<p style=\"text-align: justify;\">La r\u00e9pu\u00adblique fra\u00adter\u00adnelle\u2026 hum&nbsp;! Il s\u2019en est fal\u00adlu de peu qu\u2019on en vienne aux mains au Tes\u00adsin, gr\u00e2ce \u00e0 la morgue d\u2019un colo\u00adnel romand dont les frasques sont aus\u00adsi fr\u00e9\u00adquentes que la haine de ses inf\u00e9\u00adrieurs offi\u00adciers et sol\u00addats, est mani\u00adfeste. Quant au reste, M.&nbsp;Mot\u00adta est en fla\u00adgrant d\u00e9sac\u00adcord avec son col\u00adl\u00e8gue Hoff\u00admann, son pr\u00e9\u00add\u00e9\u00adces\u00adseur aux toasts pr\u00e9\u00adsi\u00adden\u00adtiels. Celui-ci deman\u00addait rien moins que le peuple suisse soit d\u2019ac\u00adcord en esprit et en volon\u00adt\u00e9 avec le Conseil f\u00e9d\u00e9\u00adral, con\u00e7u comme l\u2019\u00e9\u00adma\u00adna\u00adtion sup\u00e9\u00adrieure et sou\u00adve\u00adraine du peuple suisse. En v\u00e9ri\u00adt\u00e9, M.&nbsp;le Pr\u00e9\u00adsident, l\u2019ac\u00adcord ne pou\u00advait \u00eatre, car il y a bien <i>contraste<\/i> et non pas seule\u00adment <i>\u00e9mu\u00adla\u00adtion<\/i> entre les dif\u00adf\u00e9\u00adrentes par\u00adties du pays. Jamais Latins romands, vous le savez mieux que qui\u00adconque, ne pour\u00adront s\u2019in\u00adcli\u00adner comme sont pr\u00eats \u00e0 le faire les gens de culture ger\u00adma\u00adnique et de tem\u00adp\u00e9\u00adra\u00adment&nbsp;idem.<br>\nInter\u00adro\u00adgez donc les \u00e9tran\u00adgers au pays qui savent voir et qui ne sont pas uni\u00adque\u00adment des \u00ab&nbsp;vil\u00adl\u00e9\u00adgia\u00adtu\u00adriers&nbsp;\u00bb et ils vous dirent le contraste qu\u2019il y a entre ces deux paries de la Suisse, romande et alle\u00admande, comme en celui de leurs habitants.<\/p>\n<p style=\"text-align: justify;\">Alors, si \u00e7a saute aux yeux des non-pr\u00e9venus&nbsp;?\u2026<\/p>\n<p style=\"text-align: justify;\">Je sais bien que les paroles d\u2019un ban\u00adquet ne sont pas sou\u00advent d\u00e9fi\u00adni\u00adtives. Un dis\u00adcours efface l\u2019autre sui\u00advant le temps, la liber\u00adt\u00e9 qu\u2019on a, ou le fil \u00e0 la patte de la fonction.<\/p>\n<p style=\"text-align: justify;\">Quant \u00e0 M.&nbsp;Hoff\u00admann et \u00e0 son d\u00e9sir\u2026 les bons patriotes, qui vou\u00addraient \u00eatre uni\u00adfi\u00e9s et qui ont sans doute applau\u00addi M.&nbsp;Mot\u00adta\u200a\u2014\u200ala contra\u00addic\u00adtion ne les g\u00eane gu\u00e8re ont d\u00e9j\u00e0 r\u00e9pon\u00addu pour&nbsp;moi.<\/p>\n<p style=\"text-align: center;\"><b>* * * *<\/b><\/p>\n<p style=\"text-align: justify;\">La Police f\u00e9d\u00e9\u00adrale, la cen\u00adsure conti\u00adnuent leurs exploits. C\u2019est ici gens arr\u00ea\u00adt\u00e9s sur un vul\u00adgaire soup\u00ad\u00e7on de sym\u00adpa\u00adthie trop effec\u00adtive&nbsp;; l\u00e0 c\u2019est une librai\u00adrie fouill\u00e9e jusque dans ses innom\u00adbrables \u00ab&nbsp;bouillons&nbsp;\u00bb lit\u00adt\u00e9\u00adraires&nbsp;; ailleurs, c\u2019est M.&nbsp;Kro\u00adnauer, mis en \u0153uvre, pour une gifle infli\u00adg\u00e9e \u00e0 un sujet autri\u00adchien, frap\u00adpeur de femme. C\u2019est une course \u00e0 la pla\u00adti\u00adtude ger\u00adma\u00adnique. Quand s\u2019ar\u00adr\u00ea\u00adte\u00adra le z\u00e8le de nos mou\u00adchards en d\u00e9lire neu\u00adtra\u00adliste uni\u00adla\u00adt\u00e9\u00adral&nbsp;? On s\u2019in\u00adter\u00adroge, mais pas de r\u00e9ponse. En vou\u00adlez-vous une au hasard&nbsp;? Il s\u2019ar\u00adr\u00ea\u00adta quand, le doigt en l\u2019air, on aura consta\u00adt\u00e9 au sein de nos auto\u00adri\u00adt\u00e9s f\u00e9d\u00e9\u00adrales que le vent a chan\u00adg\u00e9 et que les crocs mous\u00adta\u00adchus d\u2019un cer\u00adtain cro\u00adque\u00admi\u00adtaine diri\u00adg\u00e9s vers le ciel ont atti\u00adr\u00e9 la foudre sur lui et son peuple.<\/p>\n<p style=\"text-align: right;\">G. H.<sup class=\"modern-footnotes-footnote modern-footnotes-footnote--expands-on-desktop \" data-mfn=\"1\" data-mfn-post-scope=\"0000000060657b18000000004927167b_3124\"><a href=\"javascript:void(0)\" role=\"button\" aria-pressed=\"false\" aria-describedby=\"mfn-content-0000000060657b18000000004927167b_3124-1\">1<\/a><\/sup><span id=\"mfn-content-0000000060657b18000000004927167b_3124-1\" role=\"tooltip\" class=\"modern-footnotes-footnote__note\" tabindex=\"0\" data-mfn=\"1\">Auteur sup\u00adpo\u00ads\u00e9<\/span><\/p>\n<ul class=\"modern-footnotes-list modern-footnotes-list--show-only-for-print\"><li><span>1<\/span><div>Auteur sup\u00adpo\u00ads\u00e9<\/div><\/li><\/ul>","protected":false},"excerpt":{"rendered":"<p>Connais\u00ad\u00adsez-vous l\u2019heure des auto\u00adri\u00adt\u00e9s&nbsp;? C\u2019est celle o\u00f9 l\u2019on mange. Ouvrez un jour\u00adnal, il est bien rare de n\u2019y point trou\u00adver la petite note gas\u00adtro\u00adno\u00admique que voi\u00adci&nbsp;: \u00ab&nbsp;M.&nbsp;le Pr\u00e9\u00adsident, M.&nbsp;X ou M.&nbsp;Y. a assis\u00adt\u00e9 au d\u00eener (ban\u00adquet, agape ou col\u00adla\u00adtion) et y a pro\u00adnon\u00adc\u00e9 un dis\u00adcours&nbsp;\u00bb. Ce der\u00adnier est tou\u00adjours magis\u00adtral, c\u2019est de r\u00e8gle, de politesse&nbsp;[\u2026]<\/p>\n","protected":false},"author":337,"featured_media":8739,"comment_status":"closed","ping_status":"closed","sticky":false,"template":"wp-custom-template-page-d-article","format":"standard","meta":{"wp_typography_post_enhancements_disabled":false,"footnotes":""},"categories":[370],"tags":[],"ppma_author":[1143],"class_list":["post-3124","post","type-post","status-publish","format-standard","has-post-thumbnail","hentry","category-la-libre-federation-n1-2-octobre-1915"],"authors":[{"term_id":1143,"user_id":337,"is_guest":0,"slug":"georges-herzig","display_name":"Georges Herzig","avatar_url":"https:\/\/secure.gravatar.com\/avatar\/70be9796fd2c9934fef3cdfdd355a7f66e993a33b64f46195a2cf1a72043d4c7?s=96&d=mm&r=g","author_category":"","user_url":"","last_name":"","first_name":"","job_title":"","description":""}],"_links":{"self":[{"href":"https:\/\/la-presse-anarchiste.net\/index.php\/wp-json\/wp\/v2\/posts\/3124","targetHints":{"allow":["GET"]}}],"collection":[{"href":"https:\/\/la-presse-anarchiste.net\/index.php\/wp-json\/wp\/v2\/posts"}],"about":[{"href":"https:\/\/la-presse-anarchiste.net\/index.php\/wp-json\/wp\/v2\/types\/post"}],"author":[{"embeddable":true,"href":"https:\/\/la-presse-anarchiste.net\/index.php\/wp-json\/wp\/v2\/users\/337"}],"replies":[{"embeddable":true,"href":"https:\/\/la-presse-anarchiste.net\/index.php\/wp-json\/wp\/v2\/comments?post=3124"}],"version-history":[{"count":2,"href":"https:\/\/la-presse-anarchiste.net\/index.php\/wp-json\/wp\/v2\/posts\/3124\/revisions"}],"predecessor-version":[{"id":8775,"href":"https:\/\/la-presse-anarchiste.net\/index.php\/wp-json\/wp\/v2\/posts\/3124\/revisions\/8775"}],"wp:featuredmedia":[{"embeddable":true,"href":"https:\/\/la-presse-anarchiste.net\/index.php\/wp-json\/wp\/v2\/media\/8739"}],"wp:attachment":[{"href":"https:\/\/la-presse-anarchiste.net\/index.php\/wp-json\/wp\/v2\/media?parent=3124"}],"wp:term":[{"taxonomy":"category","embeddable":true,"href":"https:\/\/la-presse-anarchiste.net\/index.php\/wp-json\/wp\/v2\/categories?post=3124"},{"taxonomy":"post_tag","embeddable":true,"href":"https:\/\/la-presse-anarchiste.net\/index.php\/wp-json\/wp\/v2\/tags?post=3124"},{"taxonomy":"author","embeddable":true,"href":"https:\/\/la-presse-anarchiste.net\/index.php\/wp-json\/wp\/v2\/ppma_author?post=3124"}],"curies":[{"name":"wp","href":"https:\/\/api.w.org\/{rel}","templated":true}]}}