{"id":3125,"date":"1915-10-02T00:22:51","date_gmt":"1915-10-02T00:22:51","guid":{"rendered":"https:\/\/la-presse-anarchiste.net\/index.php\/2012\/02\/04\/ici-et-la\/"},"modified":"2025-07-14T19:30:38","modified_gmt":"2025-07-14T19:30:38","slug":"ici-et-la","status":"publish","type":"post","link":"https:\/\/la-presse-anarchiste.net\/index.php\/1915\/10\/02\/ici-et-la\/","title":{"rendered":"Ici et&nbsp;l\u00e0"},"content":{"rendered":"<div class=\"pdfprnt-buttons pdfprnt-buttons-post pdfprnt-top-right\"><a href=\"https:\/\/la-presse-anarchiste.net\/index.php\/wp-json\/wp\/v2\/posts\/3125?print=pdf\" class=\"pdfprnt-button pdfprnt-button-pdf\" target=\"_blank\"><img decoding=\"async\" src=\"https:\/\/la-presse-anarchiste.net\/wp-content\/plugins\/pdf-print\/images\/pdf.png\" alt=\"image_pdf\" title=\"Afficher le PDF\"><\/a><a href=\"https:\/\/la-presse-anarchiste.net\/index.php\/wp-json\/wp\/v2\/posts\/3125?print=print\" class=\"pdfprnt-button pdfprnt-button-print\" target=\"_blank\"><img decoding=\"async\" src=\"https:\/\/la-presse-anarchiste.net\/wp-content\/plugins\/pdf-print\/images\/print.png\" alt=\"image_print\" title=\"Contenu imprim\u00e9\"><\/a><\/div><p style=\"text-align: justify;\"><b>Des h\u00e9ros<\/b><\/p>\n<p style=\"text-align: justify;\">Il serait sot de d\u00e9cla\u00adrer que depuis la guerre il n\u2019y a plus que du mau\u00advais en Alle\u00admagne, que tout, du Kai\u00adser jus\u00adqu\u2019au pauvre diable de tis\u00adse\u00adrand sil\u00e9\u00adsien, des hobe\u00adreaux prus\u00adsiens aux braves gens qui tra\u00advaillent dans les villes et les vil\u00adlages est abso\u00adlu\u00adment \u00e0 reje\u00adter. Cet anti\u00adger\u00adma\u00adnisme gro\u00adtesque qui, pen\u00addant quinze jours, a fait exclure des concerts en France les sym\u00adpho\u00adnies du g\u00e9nial Bee\u00adtho\u00adven, et cela sous la pres\u00adsion for\u00adce\u00adn\u00e9e des natio\u00adna\u00adlistes genre \u00ab&nbsp;Action fran\u00ad\u00e7aise&nbsp;\u00bb, cet imp\u00e9\u00adria\u00adlisme \u00e0 rebours, aus\u00adsi d\u00e9tes\u00adtable que l\u2019or\u00adgueil des intel\u00adlec\u00adtuels alle\u00admands, re\u00e7oit heu\u00adreu\u00adse\u00adment de sin\u00adgu\u00adliers camouflets.<\/p>\n<p style=\"text-align: justify;\">Une dame venant de Bruxelles nous a assu\u00adr\u00e9, il y a quelque quatre mois, que dans la capi\u00adtale belge 200 sol\u00addats alle\u00admands avaient \u00e9t\u00e9 fusill\u00e9s d\u2019une fois pour avoir refu\u00ads\u00e9 de se rendre sur le front occi\u00adden\u00adtal contre les troupes belges. De tels faits, mal\u00adgr\u00e9 qu\u2019on soit blin\u00add\u00e9 par les hor\u00adreurs du temps pr\u00e9\u00adsent, d\u00e9clen\u00adch\u00e9es par les diri\u00adgeants bour\u00adgeois de notre admi\u00adrable soci\u00e9\u00adt\u00e9 capi\u00adta\u00adliste, de tels faits vous font froid dans le dos et vous \u00e9mo\u00adtionnent terriblement.<\/p>\n<p style=\"text-align: justify;\">Il y a donc des h\u00e9ros humains en Alle\u00admagne. Tout n\u2019est pas per\u00addu. Il y a l\u00e0 des hommes sen\u00adsibles, se refu\u00adsant au meurtre, \u00e0 l\u2019in\u00adjus\u00adtice, \u00e0 la f\u00e9lo\u00adnie, et cette digni\u00adt\u00e9 d\u2019hommes sen\u00adsibles, ils la paient de leur vie&nbsp;; ils acceptent sans bron\u00adcher le salaire que leur octroie le patrio\u00adtisme, ils pr\u00e9\u00adf\u00e8rent la mort plu\u00adt\u00f4t que de renier la civilisation.<\/p>\n<p style=\"text-align: justify;\">Ah&nbsp;! les vaillants com\u00adpa\u00adgnons&nbsp;! Ces Alle\u00admands sont des pion\u00adniers de la civi\u00adli\u00adsa\u00adtion. Il ne faut pas qu\u2019on les oublie.<\/p>\n<p style=\"text-align: justify;\"><b>R\u00e9pu\u00adgnants proc\u00e9d\u00e9s<\/b><\/p>\n<p style=\"text-align: justify;\">Le citoyen War\u00adnant, avo\u00adcat et s\u00e9na\u00adteur de Li\u00e8ge, a rap\u00adpor\u00adt\u00e9 un d\u00e9tail symp\u00adto\u00adma\u00adtique dans une s\u00e9rie de conf\u00e9\u00adrences impres\u00adsion\u00adnantes qu\u2019il a faites en Suisse&nbsp;:<\/p>\n<p style=\"text-align: justify;\">Le 13 juillet 1913 avaient lieu \u00e0 Li\u00e8ge de grandes f\u00eates patrio\u00adtiques aux\u00adquelles on avait invi\u00adt\u00e9 des repr\u00e9\u00adsen\u00adtants des auto\u00adri\u00adt\u00e9s alle\u00admandes. On \u00e9tait au mieux entre Alle\u00admands et Belges, et ces der\u00adniers subis\u00adsaient avec une faci\u00adli\u00adt\u00e9 crois\u00adsante l\u2019in\u00adfluence des gros ban\u00adquiers de Ber\u00adlin. On avait toute confiance dans l\u2019a\u00admi\u00adti\u00e9 du grand empire voisin.<\/p>\n<p style=\"text-align: justify;\">Par\u00admi les invi\u00adt\u00e9s offi\u00adciels se trou\u00advait le g\u00e9n\u00e9\u00adral von Emich. Les rela\u00adtions ger\u00adma\u00adno-belges \u00e9taient si cor\u00addiales que le len\u00adde\u00admain, le 14 juillet 1913\u200a\u2014\u200anous pr\u00e9\u00adci\u00adsons\u200a\u2014\u200ale g\u00e9n\u00e9\u00adral von Emich deman\u00adda de pou\u00advoir visi\u00adter les forts de Li\u00e8ge. Cette faveur lui fut accor\u00add\u00e9e. Le g\u00e9n\u00e9\u00adral von Emich visi\u00adta tous les recoins des forts de Li\u00e8ge, le 14 juillet 1913, par faveur sp\u00e9\u00adciale, sur sa propre demande.<\/p>\n<p style=\"text-align: justify;\">Une ann\u00e9e plus tard, les pre\u00admiers jours d\u2019ao\u00fbt 1914, les arm\u00e9es alle\u00admandes assi\u00e9\u00adgeaient Li\u00e8ge sous le com\u00adman\u00adde\u00adment du g\u00e9n\u00e9\u00adral\u2026 von&nbsp;Emich.<\/p>\n<p style=\"text-align: justify;\">Et l\u2019empereur, et tous les mili\u00adtaires, et tous les imp\u00e9\u00adria\u00adlistes d\u2019applaudir.<\/p>\n<p style=\"text-align: justify;\">Cette classe de nobles, de finan\u00adciers et de sou\u00addards peut \u00eatre fi\u00e8re d\u2019a\u00advoir dans son sein le plus ignoble des mou\u00adchards, le Vone\u00admich dont le nom sera davan\u00adtage frap\u00adp\u00e9 d\u2019op\u00adprobre que celui d\u2019A\u00adzew lui-m\u00eame, le pro\u00advo\u00adca\u00adteur russe de sinistre m\u00e9moire. Nous n\u2019en\u00advions pas la puis\u00adsante caste diri\u00adgeante alle\u00admande d\u2019a\u00advoir d\u00e9ga\u00adg\u00e9 une pareille crasse morale. D\u00e9ca\u00addence certaine.<\/p>\n","protected":false},"excerpt":{"rendered":"<p>Des h\u00e9ros Il serait sot de d\u00e9cla\u00adrer que depuis la guerre il n\u2019y a plus que du mau\u00advais en Alle\u00admagne, que tout, du Kai\u00adser jus\u00adqu\u2019au pauvre diable de tis\u00adse\u00adrand sil\u00e9\u00adsien, des hobe\u00adreaux prus\u00adsiens aux braves gens qui tra\u00advaillent dans les villes et les vil\u00adlages est abso\u00adlu\u00adment \u00e0 reje\u00adter. Cet anti\u00adger\u00adma\u00adnisme gro\u00adtesque qui, pen\u00addant quinze jours,&nbsp;[\u2026]<\/p>\n","protected":false},"author":8,"featured_media":8739,"comment_status":"closed","ping_status":"closed","sticky":false,"template":"wp-custom-template-page-d-article","format":"standard","meta":{"wp_typography_post_enhancements_disabled":false,"footnotes":""},"categories":[370],"tags":[],"ppma_author":[680],"class_list":["post-3125","post","type-post","status-publish","format-standard","has-post-thumbnail","hentry","category-la-libre-federation-n1-2-octobre-1915"],"authors":[{"term_id":680,"user_id":8,"is_guest":0,"slug":"anonyme","display_name":"Anonyme","avatar_url":"https:\/\/secure.gravatar.com\/avatar\/cdccebf2bbf18d75df96a6721f7ce7f7ec80d026f1b8ec6be93de563bca5236b?s=96&d=mm&r=g","author_category":"","user_url":"","last_name":"","first_name":"","job_title":"","description":""}],"_links":{"self":[{"href":"https:\/\/la-presse-anarchiste.net\/index.php\/wp-json\/wp\/v2\/posts\/3125","targetHints":{"allow":["GET"]}}],"collection":[{"href":"https:\/\/la-presse-anarchiste.net\/index.php\/wp-json\/wp\/v2\/posts"}],"about":[{"href":"https:\/\/la-presse-anarchiste.net\/index.php\/wp-json\/wp\/v2\/types\/post"}],"author":[{"embeddable":true,"href":"https:\/\/la-presse-anarchiste.net\/index.php\/wp-json\/wp\/v2\/users\/8"}],"replies":[{"embeddable":true,"href":"https:\/\/la-presse-anarchiste.net\/index.php\/wp-json\/wp\/v2\/comments?post=3125"}],"version-history":[{"count":2,"href":"https:\/\/la-presse-anarchiste.net\/index.php\/wp-json\/wp\/v2\/posts\/3125\/revisions"}],"predecessor-version":[{"id":8777,"href":"https:\/\/la-presse-anarchiste.net\/index.php\/wp-json\/wp\/v2\/posts\/3125\/revisions\/8777"}],"wp:featuredmedia":[{"embeddable":true,"href":"https:\/\/la-presse-anarchiste.net\/index.php\/wp-json\/wp\/v2\/media\/8739"}],"wp:attachment":[{"href":"https:\/\/la-presse-anarchiste.net\/index.php\/wp-json\/wp\/v2\/media?parent=3125"}],"wp:term":[{"taxonomy":"category","embeddable":true,"href":"https:\/\/la-presse-anarchiste.net\/index.php\/wp-json\/wp\/v2\/categories?post=3125"},{"taxonomy":"post_tag","embeddable":true,"href":"https:\/\/la-presse-anarchiste.net\/index.php\/wp-json\/wp\/v2\/tags?post=3125"},{"taxonomy":"author","embeddable":true,"href":"https:\/\/la-presse-anarchiste.net\/index.php\/wp-json\/wp\/v2\/ppma_author?post=3125"}],"curies":[{"name":"wp","href":"https:\/\/api.w.org\/{rel}","templated":true}]}}