{"id":3132,"date":"2012-02-06T15:57:30","date_gmt":"2012-02-06T15:57:30","guid":{"rendered":"https:\/\/la-presse-anarchiste.net\/index.php\/2012\/02\/06\/la-greve-des-mineurs-anglais\/"},"modified":"2012-02-06T15:57:30","modified_gmt":"2012-02-06T15:57:30","slug":"la-greve-des-mineurs-anglais","status":"publish","type":"post","link":"https:\/\/la-presse-anarchiste.net\/index.php\/2012\/02\/06\/la-greve-des-mineurs-anglais\/","title":{"rendered":"La Gr\u00e8ve des mineurs anglais"},"content":{"rendered":"<div class=\"pdfprnt-buttons pdfprnt-buttons-post pdfprnt-top-right\"><a href=\"https:\/\/la-presse-anarchiste.net\/index.php\/wp-json\/wp\/v2\/posts\/3132?print=pdf\" class=\"pdfprnt-button pdfprnt-button-pdf\" target=\"_blank\"><img decoding=\"async\" src=\"https:\/\/la-presse-anarchiste.net\/wp-content\/plugins\/pdf-print\/images\/pdf.png\" alt=\"image_pdf\" title=\"Afficher le PDF\"><\/a><a href=\"https:\/\/la-presse-anarchiste.net\/index.php\/wp-json\/wp\/v2\/posts\/3132?print=print\" class=\"pdfprnt-button pdfprnt-button-print\" target=\"_blank\"><img decoding=\"async\" src=\"https:\/\/la-presse-anarchiste.net\/wp-content\/plugins\/pdf-print\/images\/print.png\" alt=\"image_print\" title=\"Contenu imprim\u00e9\"><\/a><\/div><p>Le conflit minier anglais appa\u00adrait sans issue pour nos mal\u00adheu\u00adreux camarades.<\/p>\n<p>L\u00e2ch\u00e9s par le Congr\u00e8s des Trade-Unions, aban\u00addon\u00adn\u00e9s par l\u2019In\u00adter\u00adna\u00adtio\u00adnale mini\u00e8re et la F\u00e9d\u00e9\u00adra\u00adtion syn\u00addi\u00adcale inter\u00adna\u00adtio\u00adnale d\u2019Am\u00adster\u00addam, on se demande par quels pro\u00addiges d\u2019\u00e9ner\u00adgie les mineurs peuvent lut\u00adter encore.<\/p>\n<p>Il y a, certes, des vides dans leurs rangs. La faim a fait des ravages. Ils res\u00adtent pour\u00adtant encore un mil\u00adlion qui, bra\u00adve\u00adment, font face \u00e0 l\u2019adversaire.<\/p>\n<p>\u00c0 la der\u00adni\u00e8re offre de dis\u00adcus\u00adsion du Comi\u00adt\u00e9 Ex\u00e9\u00adcu\u00adtif des mineurs, les pro\u00adpri\u00e9\u00adtaires ont r\u00e9pon\u00addu avec une inso\u00adlence jamais d\u00e9pass\u00e9e.<\/p>\n<p>C\u2019est par la faim qu\u2019ils veulent vaincre ces vaillants. Mais qu\u2019ils se m\u00e9fient, la faim \u00ab&nbsp;fait par\u00adfois sor\u00adtir le loup du bois&nbsp;\u00bb. Et alors, gare aux affameurs.<\/p>\n<p>Ceux-ci sont aid\u00e9s dans leur triste besogne par les abo\u00admi\u00adnables tra\u00eetres qui sont encore \u00e0 la direc\u00adtion des Trades-Unions.<\/p>\n<p>Non contents de n\u2019ap\u00adpor\u00adter aucun secours aux mineurs pour sou\u00adte\u00adnir la lutte, ils conseillent, l\u00e0 o\u00f9 ils le peuvent sans trop de risques, la reprise du travail.<\/p>\n<p>C\u2019est ain\u00adsi que dans le Not\u00adtin\u00adgham\u00adshire et dans le Der\u00adby\u00adshire, les chefs r\u00e9for\u00admistes font une grande pro\u00adpa\u00adgande pour la reprise du tra\u00advail aux condi\u00adtions impo\u00ads\u00e9es par les pro\u00adpri\u00e9\u00adtaires et le gou\u00adver\u00adne\u00adment Baldwin.<\/p>\n<p>Se d\u00e9s\u00adin\u00adt\u00e9\u00adres\u00adsant com\u00adpl\u00e8\u00adte\u00adment du conflit, ce m\u00eame Bald\u00adwin s\u2019en va vil\u00e9\u00adgia\u00adtu\u00adrer \u00e0 Aix-les-Bains.<\/p>\n<p>Et, pen\u00addant ce temps, 3 mil\u00adlions d\u2019\u00eatres au moins souffrent atro\u00adce\u00adment. Quel r\u00e9gime&nbsp;!<\/p>\n<p>[|<b>*  *  *  *<\/b>|]<br>\n<\/p>\n<p>Mais \u00e0 quoi pensent donc les diri\u00adgeants des TradesUnions&nbsp;?<\/p>\n<p>Sont-ils aus\u00adsi b\u00eates qu\u2019ils sont tra\u00eetres&nbsp;? Ne voient-ils donc pas que la d\u00e9faite des mineurs sera celle de tous les ouvriers anglais&nbsp;? Ne se rendent-ils donc pas compte que c\u2019est \u00e0 br\u00e8ve \u00e9ch\u00e9ance la dis\u00adso\u00adlu\u00adtion des Trades-Unions, la mise hors la loi du mou\u00adve\u00adment ouvrier, le triomphe du fascisme&nbsp;?<\/p>\n<p>Plus que jamais, il semble bien que les soit-disant r\u00e9for\u00admistes de tous les pays\u200a\u2014\u200aet ceux d\u2019An\u00adgle\u00adterre sont au pre\u00admier rang\u200a\u2014\u200an\u2019aient pas d\u2019autre sou\u00adci que de sau\u00adver la bourgeoisie.<\/p>\n<p>Frous\u00adsards, par\u00adjures et men\u00adteurs, tous ces \u00ab&nbsp;Conseillers de la Cou\u00adronne&nbsp;\u00bb, qui se gobergent avec le Prince de Galles, sont des\u00adcen\u00addus au der\u00adnier degr\u00e9 de l\u2019ab\u00adjec\u00adtion. Des mili\u00adtants ouvriers, \u00e7a&nbsp;? Non.&nbsp;Pouah&nbsp;!<\/p>\n<p>Mais il est une chose qu\u2019on peut se deman\u00adder, par exemple. Com\u00adment les ouvriers anglais tol\u00e8rent-ils une seule minute des chefs aus\u00adsi r\u00e9pu\u00adgnants \u00e0 leur&nbsp;t\u00eate&nbsp;?<\/p>\n<p>Les voi\u00adl\u00e0 bien les effets de la poli\u00adtique. Tous ces las\u00adcars veulent conqu\u00e9\u00adrir le pou\u00advoir ou, \u00e0 d\u00e9faut, le par\u00adta\u00adger avec leurs adver\u00adsaires, comme ici, comme partout.<\/p>\n<p>Que leur importe le sort des mineurs, de tous les ouvriers. Rien ne prouve m\u00eame qu\u2019ils ne sou\u00adhaitent pas leur \u00e9cra\u00adse\u00adment com\u00adplet, pour les mieux dominer.<\/p>\n<p>Quelle honte. Si, au moins, \u00e7a ser\u00advait de le\u00e7on aux pro\u00adl\u00e9\u00adtaires des autres pays.<\/p>\n<p>H\u00e9las&nbsp;! rien n\u2019est moins s\u00fbr. Mais, bon, dieu&nbsp;! quand donc com\u00adpren\u00addront-ils, ces \u00e9ter\u00adnels ton\u00addus, ces per\u00adp\u00e9\u00adtuels vol\u00e9s, ces tra\u00adhis per\u00adma\u00adnents, qu\u2019ils doivent bot\u00adter le der\u00adri\u00e8re \u00e0 tous ces bavards, \u00e0 tous ces traitres.<\/p>\n<p>Qu\u2019ils lisent donc la fable de La Fon\u00adtaine&nbsp;; qu\u2019ils se sou\u00adviennent et n\u2019ou\u00adblient plus que \u00ab&nbsp;tout flat\u00adteur vit au d\u00e9pens de celui qui l\u2019\u00e9coute.&nbsp;\u00bb<\/p>\n<p>Se d\u00e9ci\u00adde\u00adra-t-on, par\u00adtout, \u00e0 prendre le balai et \u00e0 chas\u00adser cette engeance&nbsp;?<\/p>\n<p>Il n\u2019est que&nbsp;temps.<\/p>\n","protected":false},"excerpt":{"rendered":"<p>Le conflit minier anglais appa\u00adrait sans issue pour nos mal\u00adheu\u00adreux cama\u00adrades. L\u00e2ch\u00e9s par le Congr\u00e8s des Trade-Unions, aban\u00addon\u00adn\u00e9s par l\u2019In\u00adter\u00adna\u00adtio\u00adnale mini\u00e8re et la F\u00e9d\u00e9\u00adra\u00adtion syn\u00addi\u00adcale inter\u00adna\u00adtio\u00adnale d\u2019Am\u00adster\u00addam, on se demande par quels pro\u00addiges d\u2019\u00e9ner\u00adgie les mineurs peuvent lut\u00adter encore. Il y a, certes, des vides dans leurs rangs. La faim a fait des ravages. Ils&nbsp;[\u2026]<\/p>\n","protected":false},"author":1,"featured_media":0,"comment_status":"closed","ping_status":"closed","sticky":false,"template":"","format":"standard","meta":{"wp_typography_post_enhancements_disabled":false,"footnotes":""},"categories":[371],"tags":[],"ppma_author":[540],"class_list":["post-3132","post","type-post","status-publish","format-standard","hentry","category-la-voix-du-travail-na2-septembre-1926"],"authors":[{"term_id":540,"user_id":1,"is_guest":0,"slug":"admin_3gikpwyf","display_name":"Vincent Dubuc","avatar_url":"https:\/\/secure.gravatar.com\/avatar\/d015720652c25fd2ced191ade86430094e1f288a17483713e3b34d26dea52507?s=96&d=mm&r=g","author_category":"","user_url":"https:\/\/la-presse-anarchiste.net","last_name":"Dubuc","first_name":"Vincent","job_title":"","description":""}],"_links":{"self":[{"href":"https:\/\/la-presse-anarchiste.net\/index.php\/wp-json\/wp\/v2\/posts\/3132","targetHints":{"allow":["GET"]}}],"collection":[{"href":"https:\/\/la-presse-anarchiste.net\/index.php\/wp-json\/wp\/v2\/posts"}],"about":[{"href":"https:\/\/la-presse-anarchiste.net\/index.php\/wp-json\/wp\/v2\/types\/post"}],"author":[{"embeddable":true,"href":"https:\/\/la-presse-anarchiste.net\/index.php\/wp-json\/wp\/v2\/users\/1"}],"replies":[{"embeddable":true,"href":"https:\/\/la-presse-anarchiste.net\/index.php\/wp-json\/wp\/v2\/comments?post=3132"}],"version-history":[{"count":0,"href":"https:\/\/la-presse-anarchiste.net\/index.php\/wp-json\/wp\/v2\/posts\/3132\/revisions"}],"wp:attachment":[{"href":"https:\/\/la-presse-anarchiste.net\/index.php\/wp-json\/wp\/v2\/media?parent=3132"}],"wp:term":[{"taxonomy":"category","embeddable":true,"href":"https:\/\/la-presse-anarchiste.net\/index.php\/wp-json\/wp\/v2\/categories?post=3132"},{"taxonomy":"post_tag","embeddable":true,"href":"https:\/\/la-presse-anarchiste.net\/index.php\/wp-json\/wp\/v2\/tags?post=3132"},{"taxonomy":"author","embeddable":true,"href":"https:\/\/la-presse-anarchiste.net\/index.php\/wp-json\/wp\/v2\/ppma_author?post=3132"}],"curies":[{"name":"wp","href":"https:\/\/api.w.org\/{rel}","templated":true}]}}