{"id":3133,"date":"2012-02-06T15:57:45","date_gmt":"2012-02-06T15:57:45","guid":{"rendered":"https:\/\/la-presse-anarchiste.net\/index.php\/2012\/02\/06\/faut-il-entrer-a-la-c-g-t\/"},"modified":"2012-02-06T15:57:45","modified_gmt":"2012-02-06T15:57:45","slug":"faut-il-entrer-a-la-c-g-t","status":"publish","type":"post","link":"https:\/\/la-presse-anarchiste.net\/index.php\/2012\/02\/06\/faut-il-entrer-a-la-c-g-t\/","title":{"rendered":"Faut-il entrer \u00e0 la  C.G.T.&nbsp;?"},"content":{"rendered":"<div class=\"pdfprnt-buttons pdfprnt-buttons-post pdfprnt-top-right\"><a href=\"https:\/\/la-presse-anarchiste.net\/index.php\/wp-json\/wp\/v2\/posts\/3133?print=pdf\" class=\"pdfprnt-button pdfprnt-button-pdf\" target=\"_blank\"><img decoding=\"async\" src=\"https:\/\/la-presse-anarchiste.net\/wp-content\/plugins\/pdf-print\/images\/pdf.png\" alt=\"image_pdf\" title=\"Afficher le PDF\"><\/a><a href=\"https:\/\/la-presse-anarchiste.net\/index.php\/wp-json\/wp\/v2\/posts\/3133?print=print\" class=\"pdfprnt-button pdfprnt-button-print\" target=\"_blank\"><img decoding=\"async\" src=\"https:\/\/la-presse-anarchiste.net\/wp-content\/plugins\/pdf-print\/images\/print.png\" alt=\"image_print\" title=\"Contenu imprim\u00e9\"><\/a><\/div><h2>R\u00e9ponse \u00e0 notre camarade Le Pen [[Le Pen&nbsp;: \u00ab&nbsp;Une deuxi\u00e8me C.G.T. Est-elle n\u00e9cessaire&nbsp;?&nbsp;\u00bb \u00ab&nbsp;Le Semeur&nbsp;\u00bb du 18 ao\u00fbt&nbsp;1926.]].<\/h2>\n<p>Je pour\u00adrais don\u00adner \u00e0 cet article le litre sui\u00advant&nbsp;: <i>Un front unique singulier.<\/i><\/p>\n<p>Je ne le ferai pas, \u00e9ncore que les argu\u00adments d\u00e9ve\u00adlop\u00adp\u00e9s par notre ami Le Pen se retrouvent essen\u00adtiel\u00adle\u00adment dans la <i>R\u00e9vo\u00adlu\u00adtion Pro\u00adl\u00e9\u00adta\u00adrienne<\/i>, sous l\u00e0 signa\u00adture du jeune et pr\u00e9\u00adten\u00adtieux Cham\u00adbel\u00adland, et dans l\u2019Hu\u00adma\u00adni\u00adt\u00e9, sous la signa\u00adture du fiel\u00adleux Teulade.<\/p>\n<p>Le Pen avoue\u00adra que la <i>Voix du Tra\u00advail<\/i> aurait le droit, si elle ne se mon\u00adtrait pas aus\u00adsi sou\u00adcieuse de l\u2019in\u00adt\u00e9\u00adr\u00eat du mou\u00adve\u00adment syn\u00addi\u00adca\u00adliste r\u00e9vo\u00adlu\u00adtion\u00adnaire, de tirer de cette asso\u00adcia\u00adtion d\u2019i\u00add\u00e9es et de per\u00adsonnes des conclu\u00adsions peu flatteuses.<\/p>\n<p>Je ne le ferai pas, parce que je sais que les mobiles qui ins\u00adpirent la cam\u00adpagne\u200a\u2014\u200aje dis bien la cam\u00adpagne\u200a\u2014\u200ade Le Pen n\u2019ont rien de com\u00admun avec ceux aux\u00adquels ob\u00e9issent ses \u00ab&nbsp;asso\u00adci\u00e9s&nbsp;\u00bb mal\u00adgr\u00e9 lui&nbsp;; parce que je connais Le Pen de longue date et que je me refuse \u00e0 lui faire l\u2019in\u00adjure de le pla\u00adcer sur le m\u00eame plan qu\u2019un Teu\u00adlade ou un Chambelland.<\/p>\n<p>C\u2019est donc en ami que je veux dis\u00adcu\u00adter avec lui. Mais l\u2019a\u00admi\u00adti\u00e9 n\u2019ex\u00adclut pas la fran\u00adchise. Il sera, je pense, de mon avis et ne trou\u00adve\u00adra pas mal\u00ads\u00e9ant que je dis\u00adcute son argu\u00admen\u00adta\u00adtion sou\u00advent sp\u00e9\u00adcieuse, par\u00adfois iro\u00adnique et presque tou\u00adjours de parti-pris.<\/p>\n<p>Le Pen ne trouve pas une 3<sup>e<\/sup> C.G.T. n\u00e9ces\u00adsaire. C\u2019est abso\u00adlu\u00adment son droit. Mais ici, c\u2019est le n\u00f4tre d\u2019\u00eatre d\u2019un avis oppo\u00ads\u00e9. Et les argu\u00adments, dont cer\u00adtains devraient \u00eatre fami\u00adliers \u00e0 notre cama\u00adrade, ne manquent pas pour \u00e9tayer notre raisonnement.<\/p>\n<p>Le Pen trouve extra\u00ador\u00addi\u00adnaire que nous vou\u00adlions consti\u00adtuer une 3<sup>e<\/sup> C.G.T., alors qu\u2019\u00e0 Paris il n\u2019y a pas de Comi\u00adt\u00e9 antifasciste.<\/p>\n<p>Voyons, Le Pen&nbsp;! tu dois te sou\u00adve\u00adnir qu\u2019en d\u00e9cembre 1925 et jan\u00advier 1926, les syn\u00addi\u00adcats auto\u00adnomes se sont adres\u00ads\u00e9s en vain aux deux C.G.T. pour com\u00adbattre ce m\u00eame fas\u00adcisme. Nous ren\u00addrais-tu res\u00adpon\u00adsables du silence des autres&nbsp;?<\/p>\n<p>Cet \u00e9chec de la r\u00e9a\u00adli\u00adsa\u00adtion de l\u2019<i>uni\u00adt\u00e9 d\u2019ac\u00adtion<\/i>, apr\u00e8s des \u00e9checs mul\u00adtiples\u200a\u2014\u200aque tu connais bien\u200a\u2014\u200asur le ter\u00adrain de l\u2019u\u00adni\u00adt\u00e9 orga\u00adnique, tant par la faute de la C.G.T. que de la C.G.T.U., nous a d\u00e9fi\u00adni\u00adti\u00adve\u00adment d\u00e9ci\u00add\u00e9s \u00e0 faire au moins l\u2019U\u00adni\u00adt\u00e9 orga\u00adnique de <i>nos<\/i> forces, afin d\u2019\u00eatre en mesure de pou\u00advoir expo\u00adser un mini\u00admum de r\u00e9sis\u00adtance au fas\u00adcisme, puisque la C.G.T. et la C.G.T.U. se refusent \u00e0 toute action concer\u00adt\u00e9e contre lui.<\/p>\n<p>Ne cherche pas ailleurs les rai\u00adsons qui nous poussent \u00e0 consti\u00adtuer la 3<sup>e<\/sup> C.G.T. Elles sont l\u00e0. Que nous ayons pr\u00e9\u00advu, qu\u2019il en serait ain\u00adsi et que nous ayons pris nos pr\u00e9\u00adcau\u00adtions, ceci est une autre affaire.<\/p>\n<p>Et, quoi que tu en penses, j\u2019af\u00adfirme qu\u2019a\u00adgir ain\u00adsi, c\u2019est prendre sou\u00adci de l\u2019in\u00adt\u00e9\u00adr\u00eat ouvrier, c\u2019est tenir compte des \u00e9v\u00e9\u00adne\u00adments, c\u2019est agir non pas en hommes de labo\u00adra\u00adtoire, mais en hommes d\u2019ex\u00adp\u00e9\u00adrience\u200a\u2014\u200aet non d\u2019exp\u00e9riences.<\/p>\n<p>Tu dis que je fus seul, en novembre 1924, \u00e0 pr\u00e9\u00adco\u00adni\u00adser une 3<sup>e<\/sup> C.G.T. Tu sais bien que non. Mais ceci n\u2019au\u00adrait d\u2019ailleurs aucune impor\u00adtance. Cela prouve tout sim\u00adple\u00adment que ce que j\u2019a\u00advais pr\u00e9\u00advu\u200a\u2014\u200aet c\u2019\u00e9\u00adtait \tfacile\u200a\u2014\u200as\u2019est r\u00e9a\u00adli\u00ads\u00e9, puis\u00adqu\u2019au\u00adjourd\u2019\u00adhui nom\u00adbreux sont ceux qui acceptent, apr\u00e8s les \u00e9v\u00e9\u00adne\u00adments que tu connais, le point de vue que je d\u00e9fen\u00addais alors. C\u2019est donc qu\u2019il s\u2019im\u00adpose de lui-m\u00eame, presque \u00e0 tous, sauf \u00e0 quelques-uns de tes amis, \u00e0 toi-m\u00eame, qui \u00eates sous le coup d\u2019une id\u00e9e fixe&nbsp;: <i>ren\u00adtrer \u00e0 la vieille C.G.T.<\/i><\/p>\n<p>\u00c0 ce sujet, per\u00admets-moi d\u2019ou\u00advrir une large paren\u00adth\u00e8se, qui serait plus large encore si tu ne recon\u00adnais\u00adsais pas cer\u00adtaines choses, tr\u00e8s graves, \u00e0 ce&nbsp;sujet.<\/p>\n<p>J\u2019ai, moi aus\u00adsi, \u00e9t\u00e9 par\u00adti\u00adsan de l\u2019u\u00adni\u00adt\u00e9 totale. Je te rap\u00adpelle qu\u2019au len\u00adde\u00admain de Saint-\u00c9tienne, je sou\u00admet\u00adtais au Comi\u00adt\u00e9 de D\u00e9fense syn\u00addi\u00adca\u00adliste un point de vue \u00e0 ce sujet, mis au net avec&nbsp;Totti.<\/p>\n<p>Nos efforts n\u2019ont pas abou\u00adti. Comme aujourd\u2019\u00adhui, les deux C.G.T. se moquaient de l\u2019U\u00adni\u00adt\u00e9 comme de leur pre\u00admier adh\u00e9rent.<\/p>\n<p>Nous avons ensuite, <i>avec toi<\/i>, ten\u00adt\u00e9 l\u2019u\u00adni\u00adt\u00e9 de la mino\u00adri\u00adt\u00e9 syn\u00addi\u00adca\u00adliste avec la C.G.T. Des lettres de Lenoir, que tu as lues, le prouvent. Quand nous avons vou\u00adlu obte\u00adnir des garan\u00adties, nos par\u00adte\u00adnaires se sont retir\u00e9s.<\/p>\n<p>Apr\u00e8s, sans nous d\u00e9cou\u00adra\u00adger jamais, et tou\u00adjours <i>avec toi<\/i>, nous avons essay\u00e9 de faire l\u2019U\u00adni\u00adt\u00e9 des deux F\u00e9d\u00e9\u00adra\u00adtions du B\u00e2ti\u00adment. Nous avons \u00e9chou\u00e9 par la faute des d\u00e9l\u00e9\u00adgu\u00e9s conf\u00e9\u00add\u00e9\u00adr\u00e9s. Tu te sou\u00adviens, je pense, de la conduite de Cor\u00addier et de quelques autres&nbsp;!<\/p>\n<p>Tout cela, c\u2019\u00e9\u00adtait avant les \u00e9lec\u00adtions du Car\u00adtel des gauches ou imm\u00e9\u00addia\u00adte\u00adment&nbsp;apr\u00e8s.<\/p>\n<p>\u00c0 ce moment, je, croyais qu\u2019une ren\u00adtr\u00e9e mas\u00adsive de la mino\u00adri\u00adt\u00e9 dans l\u2019an\u00adcienne C.G.T. emp\u00ea\u00adche\u00adrait celle-ci de pour\u00adsuivre sa marche \u00e0 droite.<\/p>\n<p>Et nous avons v\u00e9cu 10 mois de Car\u00adtel, 10 autres mois de Car\u00adtel \u00e9dul\u00adco\u00adr\u00e9, avec Pain\u00adle\u00adv\u00e9 et Briand. Pen\u00addant tout ce temps, la C.G.T. s\u2019est sans cesse \u00e9loi\u00adgn\u00e9e de nous, de sa doc\u00adtrine, de ses prin\u00adcipes, de la Charte du syn\u00addi\u00adca\u00adlisme. Tu sais ce qu\u2019elle est aujourd\u2019hui&nbsp;!<\/p>\n<p>Et c\u2019est l\u00e0 que tu veux retour\u00adner&nbsp;? Ne te rends-tu pas compte que la C.G.T. que tu as quit\u00adt\u00e9e en 1921 \u00e9tait r\u00e9vo\u00adlu\u00adtion\u00adnaire aupr\u00e8s de celle de&nbsp;1926&nbsp;?<\/p>\n<p>Tu veux redres\u00adser son esprit, modi\u00adfier ses cadres, affirmes-tu. Vois un peu ce qu\u2019ont fait nos amis qui y sont all\u00e9s&nbsp;? Entends-tu par\u00adler d\u2019eux seule\u00adment&nbsp;? Les ouvriers, anar\u00adchistes com\u00adpris, y ont leur place, dis-tu&nbsp;? Oui, <i>dans l\u2019ab\u00addi\u00adca\u00adtion<\/i>. Est-ce cela que tu veux&nbsp;? Tu es un lut\u00adteur, je le sais, mais cette lutte-l\u00e0 t\u2019\u00e9\u00adcra\u00adse\u00adra si tu t\u2019y risques. C\u2019est celle de Sysiphe.<\/p>\n<p>La roue r\u00e9for\u00admiste conti\u00adnue\u00adra de tour\u00adner. Tu seras broy\u00e9 ou tu devras par\u00adtir \u00e0 nou\u00adveau. Alors&nbsp;! pour\u00adquoi. y retour\u00adner, puisque les rai\u00adsons qui t\u2019ont fait par\u00adtir sub\u00adsistent, aggrav\u00e9es&nbsp;?<\/p>\n<p>La C.G.T. marche inexo\u00adra\u00adble\u00adment vers ses nou\u00adveaux buts d\u00e9mo\u00adcra\u00adtiques. Rien ne l\u2019emp\u00eachera, pas m\u00eame le fas\u00adcisme, entends-tu. D\u2019Ar\u00adra\u00adgo\u00adna s\u2019en est accom\u00admo\u00add\u00e9 en Ita\u00adlie. Pour\u00adquoi veux-tu qu\u2019il en soit autre\u00adment.&nbsp;Ici&nbsp;?<\/p>\n<p>Les buts qu\u2019elle pour\u00adsuit aujourd\u2019\u00adhui sont-ce les tiens&nbsp;? Non. Alors qu\u2019y veux-tu aller faire&nbsp;? <i>Te joindre aux autres anar\u00adchistes chez, qui le d\u00e9mo\u00adcrate a tu\u00e9 l\u2019a\u00adnar\u00adchiste<\/i>&nbsp;? Tu ne le peux&nbsp;! chez toi, les convic\u00adtions sont trop solides pour cela. On ne te tol\u00e9\u00adre\u00adrait pas. T\u2019en rends-tu compte, mon cher Le&nbsp;Pen&nbsp;?<\/p>\n<p>Aujourd\u2019\u00adhui, nous sommes\u200a\u2014\u200atu le vois sans-doute\u200a\u2014\u200aen pleine p\u00e9riode r\u00e9vo\u00adlu\u00adtion\u00adnaire. La r\u00e9vo\u00adlu\u00adtion est com\u00admen\u00adc\u00e9e. Cela veut dire que les objec\u00adtifs doivent se pr\u00e9\u00adci\u00adser. <i>Com\u00admu\u00adnistes<\/i>, <i>socia\u00adlistes<\/i>, <i>syn\u00addi\u00adca\u00adlistes<\/i> ont les leurs propres. Ils s\u2019op\u00adposent. Tu le sais&nbsp;bien.<\/p>\n<p>Com\u00adment veux-tu que les d\u00e9mo\u00adcrates, les com\u00admu\u00adnistes auto\u00adri\u00adtaires et les syn\u00addi\u00adca\u00adlistes que nous sommes\u200a\u2014\u200aet tu l\u2019es\u200a\u2014\u200apuissent mar\u00adcher, vers des buts oppo\u00ads\u00e9s en sui\u00advant la m\u00eame route&nbsp;? Croire cela consti\u00adtue l\u2019h\u00e9\u00adr\u00e9\u00adsie que tu d\u00e9nonces et que tu com\u00admets pourtant.<\/p>\n<p>Devrons-nous donc aban\u00addon\u00adner notre id\u00e9al, pi\u00e9\u00adti\u00adner notre doc\u00adtrine, renier notre pas\u00ads\u00e9, nous encha\u00ee\u00adner au char des plus forts pour accom\u00adplir avec eux, pour eux\u200a\u2014\u200aet non pour la classe ouvri\u00e8re\u200a\u2014\u200aune r\u00e9vo\u00adlu\u00adtion contre laquelle nous devrions nous dres\u00adser le len\u00adde\u00admain&nbsp;? Je te pose la ques\u00adtion. Et elle m\u00e9rite d\u2019\u00eatre pos\u00e9e, crois-moi.<\/p>\n<p>Tu as, je le sais, plus de confiance que cela dans le syndicalisme.<\/p>\n<p>L\u2019U\u00adni\u00adt\u00e9&nbsp;? Elle se fera alors, apr\u00e8s que les tra\u00advailleurs auront jugu\u00adl\u00e9 tous les poli\u00adti\u00adciens, et non avec ceux-ci.<\/p>\n<p>C\u2019est cela que veut pr\u00e9\u00adpa\u00adrer la 3<sup>e<\/sup> C.G.T. Et rien d\u2019autre.<\/p>\n<p>Je rel\u00e8ve sous ta plume deux argu\u00adments que je retrouve, h\u00e9las&nbsp;! sous celles de Teu\u00adlade et de Cham\u00adbel\u00adland, ce Cham\u00adbel\u00adland de Monatte. Ce sont les suivants&nbsp;:<\/p>\n<p>1\u00b0 La 3<sup>e<\/sup> C.G.T. sera anarchiste.<\/p>\n<p>2\u00b0 Sa consti\u00adtu\u00adtion aggra\u00adve\u00adra la scission.<\/p>\n<p>Quels pauvres argu\u00adments vas-tu cher\u00adcher l\u00e0 et dans l\u2019ar\u00adse\u00adnal de nos pires adversaires&nbsp;?<\/p>\n<p>D\u2019eux, \u00e7a se com\u00adprend, mais de toi&nbsp;? O\u00f9 diable as-tu vu que l\u2019A.I.T. \u00e9tait anar\u00adchiste&nbsp;? N\u2019est-elle pas consti\u00adtu\u00e9e de Cen\u00adtrales syn\u00addi\u00adcales&nbsp;? Elles sont \u00e0 esprit liber\u00adtaire, diras-tu&nbsp;? Est-ce un crime&nbsp;? Pel\u00adlou\u00adtier, Grif\u00adfuelhes, Yve\u00adtot, Pou\u00adget n\u2019\u00e9\u00adtaient-ils pas des liber\u00adtaires. Toi et moi que sommes-nous&nbsp;?<\/p>\n<p>La C.G.T. d\u2019a\u00advant-guerre, celle que tu veux voir, s\u2019en por\u00adtait-elle plus mal&nbsp;? Non, n\u2019est-ce pas&nbsp;?<\/p>\n<p>Alors, que vaut l\u2019ar\u00adgu\u00adment si ces liber\u00adtaires qu\u2019ils \u00e9taient, que nous sommes, res\u00adtent des orga\u00adni\u00adsa\u00adteurs, des hommes qui d\u00e9fen\u00addront l\u2019in\u00add\u00e9\u00adpen\u00addance du syn\u00addi\u00adca\u00adlisme, comme nous l\u2019a\u00advons fait. Toi par\u00adti, nous ferais-tu l\u2019in\u00adjure d\u2019en douter&nbsp;?<\/p>\n<p>On con\u00e7oit ais\u00e9\u00adment qu\u2019un Teu\u00adlade, qu\u2019un Cham\u00adbel\u00adland, ces girouettes, aujourd\u2019\u00adhui repr\u00e9\u00adsen\u00adtants de bou\u00adtiques poli\u00adtiques, de C.G.T. de par\u00adtis, sou\u00adtiennent un tel rai\u00adson\u00adne\u00adment, mais un Le&nbsp;Pen&nbsp;!<\/p>\n<p>Non, comme disait Jau\u00adr\u00e8s, pas toi ou pas&nbsp;\u00e7a.&nbsp;<\/p>\n<p>Le deuxi\u00e8me argu\u00adment a\u2011t-il plus de valeur&nbsp;? Pas davantage&nbsp;!<\/p>\n<p>Qu\u2019al\u00adlons-nous aggra\u00adver qui ne soit d\u00e9j\u00e0 irr\u00e9\u00adm\u00e9\u00addia\u00adble\u00adment d\u00e9fi\u00adni\u00adtif&nbsp;? Est-ce que, en d\u00e9pit de tous leurs chan\u00adtages, de tous leurs men\u00adsonges, les deux C.G.T. ne sont pas ins\u00adtal\u00adl\u00e9es dans la scission&nbsp;?<\/p>\n<p>Mais la C.G.T.U. va, un jour, dis\u00adpa\u00adraitre, dis-tu. Erreur&nbsp;! Moi aus\u00adsi, j\u2019ai cru cela. Aujourd\u2019\u00adhui, je ne le crois&nbsp;plus.<\/p>\n<p>Si, par impos\u00adsible, cela arri\u00advait, ce serait, crois-moi, l\u2019u\u00adni\u00adt\u00e9 des deux branches du socia\u00adlisme, des poli\u00adti\u00adciens domi\u00adna\u00adteurs qui se scel\u00adle\u00adrait sur notre dos, sur celui du pro\u00adl\u00e9\u00adta\u00adriat. Le syn\u00addi\u00adca\u00adlisme serait un peu plus asser\u00advi. Et ce serait tout. Mais, je te r\u00e9p\u00e8te, je ne crois pas \u00e0 cette uni\u00adt\u00e9-l\u00e0, quelque int\u00e9\u00adr\u00eat qu\u2019y aient les deux cou\u00adrants du socia\u00adlisme tra\u00addi\u00adtion\u00adnel, aujourd\u2019\u00adhui adver\u00adsaires et demain ennemis.<\/p>\n<p>La besogne utile, en ce moment&nbsp;? C\u2019est de pour\u00adsuivre la t\u00e2che que tu as entre\u00adprise, que tu as men\u00e9e avec nous&nbsp;: c\u2019est de lib\u00e9\u00adrer le syn\u00addi\u00adca\u00adlisme, de le recons\u00adti\u00adtuer, de faire rena\u00eetre son esprit et non d\u2019ab\u00addi\u00adquer, m\u00eame momentan\u00e9ment.<\/p>\n<p>C\u2019est, en d\u00e9fi\u00adni\u00adtive, \u00e0 cet avis que tu te ran\u00adge\u00adras. Il n\u2019y a pas, pour toi, d\u2019autre route \u00e0 suivre que celle qui m\u00e8ne \u00e0 la 3<sup>e<\/sup> C.G.T.<\/p>\n<p>Tu y vien\u00addras, non par gageure, par d\u00e9pit, par iro\u00adnie, mais par com\u00adpr\u00e9\u00adhen\u00adsion, par devoir et pur rai\u00adson\u00adne\u00adment logique, parce que ta place y est mar\u00adqu\u00e9e. Je t\u2019y attends.<\/p>\n<p>[\/\u200bPierre <sc>Bes\u00adnard<\/sc>\/\u200b]<\/p>\n","protected":false},"excerpt":{"rendered":"<p>R\u00e9ponse \u00e0 notre cama\u00adrade Le Pen [[Le Pen&nbsp;: \u00ab&nbsp;Une deuxi\u00e8me C.G.T. Est-elle n\u00e9ces\u00adsaire&nbsp;?&nbsp;\u00bb \u00ab&nbsp;Le Semeur&nbsp;\u00bb du 18 ao\u00fbt&nbsp;1926.]]. Je pour\u00adrais don\u00adner \u00e0 cet article le litre sui\u00advant&nbsp;: Un front unique sin\u00adgu\u00adlier. Je ne le ferai pas, \u00e9ncore que les argu\u00adments d\u00e9ve\u00adlop\u00adp\u00e9s par notre ami Le Pen se retrouvent essen\u00adtiel\u00adle\u00adment dans la R\u00e9vo\u00adlu\u00adtion Pro\u00adl\u00e9\u00adta\u00adrienne, sous&nbsp;l\u00e0&nbsp;[\u2026]<\/p>\n","protected":false},"author":1,"featured_media":0,"comment_status":"closed","ping_status":"closed","sticky":false,"template":"","format":"standard","meta":{"wp_typography_post_enhancements_disabled":false,"footnotes":""},"categories":[371],"tags":[],"ppma_author":[540],"class_list":["post-3133","post","type-post","status-publish","format-standard","hentry","category-la-voix-du-travail-na2-septembre-1926"],"authors":[{"term_id":540,"user_id":1,"is_guest":0,"slug":"admin_3gikpwyf","display_name":"Vincent Dubuc","avatar_url":"https:\/\/secure.gravatar.com\/avatar\/d015720652c25fd2ced191ade86430094e1f288a17483713e3b34d26dea52507?s=96&d=mm&r=g","author_category":"","user_url":"https:\/\/la-presse-anarchiste.net","last_name":"Dubuc","first_name":"Vincent","job_title":"","description":""}],"_links":{"self":[{"href":"https:\/\/la-presse-anarchiste.net\/index.php\/wp-json\/wp\/v2\/posts\/3133","targetHints":{"allow":["GET"]}}],"collection":[{"href":"https:\/\/la-presse-anarchiste.net\/index.php\/wp-json\/wp\/v2\/posts"}],"about":[{"href":"https:\/\/la-presse-anarchiste.net\/index.php\/wp-json\/wp\/v2\/types\/post"}],"author":[{"embeddable":true,"href":"https:\/\/la-presse-anarchiste.net\/index.php\/wp-json\/wp\/v2\/users\/1"}],"replies":[{"embeddable":true,"href":"https:\/\/la-presse-anarchiste.net\/index.php\/wp-json\/wp\/v2\/comments?post=3133"}],"version-history":[{"count":0,"href":"https:\/\/la-presse-anarchiste.net\/index.php\/wp-json\/wp\/v2\/posts\/3133\/revisions"}],"wp:attachment":[{"href":"https:\/\/la-presse-anarchiste.net\/index.php\/wp-json\/wp\/v2\/media?parent=3133"}],"wp:term":[{"taxonomy":"category","embeddable":true,"href":"https:\/\/la-presse-anarchiste.net\/index.php\/wp-json\/wp\/v2\/categories?post=3133"},{"taxonomy":"post_tag","embeddable":true,"href":"https:\/\/la-presse-anarchiste.net\/index.php\/wp-json\/wp\/v2\/tags?post=3133"},{"taxonomy":"author","embeddable":true,"href":"https:\/\/la-presse-anarchiste.net\/index.php\/wp-json\/wp\/v2\/ppma_author?post=3133"}],"curies":[{"name":"wp","href":"https:\/\/api.w.org\/{rel}","templated":true}]}}