{"id":3137,"date":"2012-02-06T15:57:17","date_gmt":"2012-02-06T15:57:17","guid":{"rendered":"https:\/\/la-presse-anarchiste.net\/index.php\/2012\/02\/06\/aux-va-t-en-guerre-contre-la-3e-c-g-t\/"},"modified":"2012-02-06T15:57:17","modified_gmt":"2012-02-06T15:57:17","slug":"aux-va-t-en-guerre-contre-la-3e-c-g-t","status":"publish","type":"post","link":"https:\/\/la-presse-anarchiste.net\/index.php\/2012\/02\/06\/aux-va-t-en-guerre-contre-la-3e-c-g-t\/","title":{"rendered":"Aux \u00ab&nbsp;Va-t-en guerre&nbsp;\u00bb contre la 3<sup>e<\/sup> C.G.T."},"content":{"rendered":"<div class=\"pdfprnt-buttons pdfprnt-buttons-post pdfprnt-top-right\"><a href=\"https:\/\/la-presse-anarchiste.net\/index.php\/wp-json\/wp\/v2\/posts\/3137?print=pdf\" class=\"pdfprnt-button pdfprnt-button-pdf\" target=\"_blank\"><img decoding=\"async\" src=\"https:\/\/la-presse-anarchiste.net\/wp-content\/plugins\/pdf-print\/images\/pdf.png\" alt=\"image_pdf\" title=\"Afficher le PDF\"><\/a><a href=\"https:\/\/la-presse-anarchiste.net\/index.php\/wp-json\/wp\/v2\/posts\/3137?print=print\" class=\"pdfprnt-button pdfprnt-button-print\" target=\"_blank\"><img decoding=\"async\" src=\"https:\/\/la-presse-anarchiste.net\/wp-content\/plugins\/pdf-print\/images\/print.png\" alt=\"image_print\" title=\"Contenu imprim\u00e9\"><\/a><\/div><p>D\u00e9ci\u00add\u00e9\u00adment, et avant d\u2019\u00eatre au monde, la troi\u00adsi\u00e8me C.G.T. fait cou\u00adler beau\u00adcoup d\u2019encre. Sa consti\u00adtu\u00adtion doit trou\u00adbler bien des diges\u00adtions, d\u00e9ran\u00adger bien des&nbsp;plans.<\/p>\n<p>Les \u00ab&nbsp;irr\u00e9\u00adcon\u00adci\u00adliables&nbsp;\u00bb du Par\u00adti com\u00admu\u00adniste et de la C.G.T.U. se mettent d\u2019ac\u00adcord sur notre dos. C\u2019est tr\u00e8s bien ain\u00adsi. Ne nous en plai\u00adgnons pas. Cela fixe\u00adra et les gens et les choses.<\/p>\n<p>Dans la <i>R\u00e9vo\u00adlu\u00adtion Pro\u00adl\u00e9\u00adta\u00adrienne<\/i>, un jeune \u00e9qui\u00adli\u00adbriste qui a pas\u00ads\u00e9 par toutes les nuances de l\u2019a\u00adnar\u00adchisme, du com\u00admu\u00adnisme, puis du syn\u00addi\u00adca\u00adlisme, s\u2019en prend \u00e0 \u00ab&nbsp;l\u2019a\u00adp\u00f4tre des scissions&nbsp;\u00bb.<\/p>\n<p>Cet acro\u00adbate des id\u00e9es devrait regar\u00adder un peu chez lui. Il y ver\u00adra l\u00e0 tous les ap\u00f4tres renom\u00adm\u00e9s des scissions.<\/p>\n<p>Quand on col\u00adla\u00adbore avec un Ros\u00admer qui osa, au pre\u00admier congr\u00e8s de l\u2019I.S.R., en 1921,\u200a\u2014\u200ao\u00f9 il ne repr\u00e9\u00adsen\u00adtait que sa per\u00adsonne\u200a\u2014\u200aaban\u00addon\u00adner l\u2019au\u00adto\u00adno\u00admie et l\u2019in\u00add\u00e9\u00adpen\u00addance du syn\u00addi\u00adca\u00adlisme, signer son abdi\u00adca\u00adtion entre les mains du Komin\u00adtern&nbsp;; quand on ex\u00e9\u00adcute les ordres d\u2019un Monatte, qui se bat tou\u00adjours \u00e0 tra\u00advers les autres, mais jamais lui-m\u00eame, d\u2019un Monatte qui fut secr\u00e9\u00adtaire de la Com\u00admis\u00adsion syn\u00addi\u00adcale cen\u00adtrale du Par\u00adti com\u00admu\u00adniste, cet orga\u00adnisme de domes\u00adti\u00adca\u00adtion du mou\u00adve\u00adment syn\u00addi\u00adcal&nbsp;; quand on a, \u00e0 ses c\u00f4t\u00e9s un Sou\u00adva\u00adrine, cette vip\u00e8re, qui a fait tant de mal en France, cet ancien col\u00adla\u00adbo\u00adra\u00adteur de \u00ab&nbsp;Ce qu\u2019il faut dire&nbsp;\u00bb et du \u00ab&nbsp;Merle Blanc&nbsp;\u00bb, on se tait, Mon\u00adsieur Cham\u00adbel\u00adland, ami du fameux Vec\u00adchi, fas\u00adciste notoire, apr\u00e8s avoir \u00e9t\u00e9, comme Dela\u00adgrange, com\u00admu\u00adniste non moins notoire.<\/p>\n<p>La v\u00e9ri\u00adt\u00e9 dans tout cela&nbsp;: c\u2019est que l\u00e0 troi\u00adsi\u00e8me C.G.T. coule \u00e0 jamais la fameuse \u00ab&nbsp;Ligue Syn\u00addi\u00adca\u00adliste&nbsp;\u00bb \u00e0 laquelle le conf\u00e9\u00add\u00e9\u00adr\u00e9 Monatte, ce par\u00adrain de la C.G.T.U., a don\u00adn\u00e9 une adh\u00e9\u00adsion tar\u00addive\u2026 et calcul\u00e9e.<\/p>\n<p>La troi\u00adsi\u00e8me C.G.T. trouble aus\u00adsi les nuits du citoyen Teu\u00adlade. Il en a des cau\u00adche\u00admars, cet&nbsp;homme&nbsp;!<\/p>\n<p>Il ne voit aux r\u00e9unions que nous fai\u00adsons que des com\u00admu\u00adnistes. Mais alors&nbsp;? vos adeptes sont muets\u2026 muets comme on sait l\u2019\u00eatre au Par\u00adti et \u00e0 la C.G.T.U.&nbsp;?<\/p>\n<p>Il leur \u00e9tait facile de se faire entendre \u00e0 Mar\u00adseille, \u00e0 Saint-Hen\u00adri, \u00e0 Lyon. Il leur \u00e9tait aus\u00adsi facile de se faire \u00ab&nbsp;ramas\u00adser&nbsp;\u00bb, comme \u00e0 Tou\u00adlon. Voi\u00adl\u00e0 ce qui explique leur silence et celui de pas mal d\u2019autres Matton.<\/p>\n<p>Pre\u00adnez un, peu d\u2019o\u00adpium ou de kif, citoyen&nbsp;! Le som\u00admeil vous reviendra.<\/p>\n<p>Et vous autres, les syn\u00addi\u00adca\u00adlistes, conti\u00adnuez. La C.G.T., troi\u00adsi\u00e8me du nom, par leur faute, est en bonne&nbsp;voie.<\/p>\n","protected":false},"excerpt":{"rendered":"<p>D\u00e9ci\u00add\u00e9\u00adment, et avant d\u2019\u00eatre au monde, la troi\u00adsi\u00e8me C.G.T. fait cou\u00adler beau\u00adcoup d\u2019encre. Sa consti\u00adtu\u00adtion doit trou\u00adbler bien des diges\u00adtions, d\u00e9ran\u00adger bien des&nbsp;plans. Les \u00ab&nbsp;irr\u00e9\u00adcon\u00adci\u00adliables&nbsp;\u00bb du Par\u00adti com\u00admu\u00adniste et de la C.G.T.U. se mettent d\u2019ac\u00adcord sur notre dos. C\u2019est tr\u00e8s bien ain\u00adsi. Ne nous en plai\u00adgnons pas. Cela fixe\u00adra et les gens et les choses.&nbsp;[\u2026]<\/p>\n","protected":false},"author":1,"featured_media":0,"comment_status":"closed","ping_status":"closed","sticky":false,"template":"","format":"standard","meta":{"wp_typography_post_enhancements_disabled":false,"footnotes":""},"categories":[371],"tags":[],"ppma_author":[540],"class_list":["post-3137","post","type-post","status-publish","format-standard","hentry","category-la-voix-du-travail-na2-septembre-1926"],"authors":[{"term_id":540,"user_id":1,"is_guest":0,"slug":"admin_3gikpwyf","display_name":"Vincent Dubuc","avatar_url":"https:\/\/secure.gravatar.com\/avatar\/d015720652c25fd2ced191ade86430094e1f288a17483713e3b34d26dea52507?s=96&d=mm&r=g","author_category":"","user_url":"https:\/\/la-presse-anarchiste.net","last_name":"Dubuc","first_name":"Vincent","job_title":"","description":""}],"_links":{"self":[{"href":"https:\/\/la-presse-anarchiste.net\/index.php\/wp-json\/wp\/v2\/posts\/3137","targetHints":{"allow":["GET"]}}],"collection":[{"href":"https:\/\/la-presse-anarchiste.net\/index.php\/wp-json\/wp\/v2\/posts"}],"about":[{"href":"https:\/\/la-presse-anarchiste.net\/index.php\/wp-json\/wp\/v2\/types\/post"}],"author":[{"embeddable":true,"href":"https:\/\/la-presse-anarchiste.net\/index.php\/wp-json\/wp\/v2\/users\/1"}],"replies":[{"embeddable":true,"href":"https:\/\/la-presse-anarchiste.net\/index.php\/wp-json\/wp\/v2\/comments?post=3137"}],"version-history":[{"count":0,"href":"https:\/\/la-presse-anarchiste.net\/index.php\/wp-json\/wp\/v2\/posts\/3137\/revisions"}],"wp:attachment":[{"href":"https:\/\/la-presse-anarchiste.net\/index.php\/wp-json\/wp\/v2\/media?parent=3137"}],"wp:term":[{"taxonomy":"category","embeddable":true,"href":"https:\/\/la-presse-anarchiste.net\/index.php\/wp-json\/wp\/v2\/categories?post=3137"},{"taxonomy":"post_tag","embeddable":true,"href":"https:\/\/la-presse-anarchiste.net\/index.php\/wp-json\/wp\/v2\/tags?post=3137"},{"taxonomy":"author","embeddable":true,"href":"https:\/\/la-presse-anarchiste.net\/index.php\/wp-json\/wp\/v2\/ppma_author?post=3137"}],"curies":[{"name":"wp","href":"https:\/\/api.w.org\/{rel}","templated":true}]}}