{"id":3141,"date":"2012-05-13T01:38:28","date_gmt":"2012-05-13T01:38:28","guid":{"rendered":"https:\/\/la-presse-anarchiste.net\/index.php\/2012\/05\/13\/a-travers-le-monde-23\/"},"modified":"2012-05-13T01:38:28","modified_gmt":"2012-05-13T01:38:28","slug":"a-travers-le-monde-23","status":"publish","type":"post","link":"https:\/\/la-presse-anarchiste.net\/index.php\/2012\/05\/13\/a-travers-le-monde-23\/","title":{"rendered":"A travers le&nbsp;monde"},"content":{"rendered":"<div class=\"pdfprnt-buttons pdfprnt-buttons-post pdfprnt-top-right\"><a href=\"https:\/\/la-presse-anarchiste.net\/index.php\/wp-json\/wp\/v2\/posts\/3141?print=pdf\" class=\"pdfprnt-button pdfprnt-button-pdf\" target=\"_blank\"><img decoding=\"async\" src=\"https:\/\/la-presse-anarchiste.net\/wp-content\/plugins\/pdf-print\/images\/pdf.png\" alt=\"image_pdf\" title=\"Afficher le PDF\"><\/a><a href=\"https:\/\/la-presse-anarchiste.net\/index.php\/wp-json\/wp\/v2\/posts\/3141?print=print\" class=\"pdfprnt-button pdfprnt-button-print\" target=\"_blank\"><img decoding=\"async\" src=\"https:\/\/la-presse-anarchiste.net\/wp-content\/plugins\/pdf-print\/images\/print.png\" alt=\"image_print\" title=\"Contenu imprim\u00e9\"><\/a><\/div><h2>Espagne<\/h2>\n<p>\nUn cama\u00adrade de Madrid appar\u00adte\u00adnant \u00e0 la F\u00e9d\u00e9\u00adra\u00adtion du Livre-nous \u00e9crit pour pr\u00e9\u00adci\u00adser ce qu\u2019est, en Espagne le Syn\u00addi\u00adcat Unique. C\u2019est une orga\u00adni\u00adsa\u00adtion qui com\u00adbat, en m\u00eame temps que le sys\u00adt\u00e8me capi\u00adta\u00adliste, les poli\u00adti\u00adciens et le cl\u00e9\u00adri\u00adca\u00adlisme. Les anar\u00adchistes en nombre prennent part \u00e0 ce mou\u00adve\u00adment, qui est en grande par\u00adtie leur \u0153uvre. Nous pen\u00adsons que ce cama\u00adrade, qui est un ami des <i>Temps Nou\u00adveaux<\/i>, nous fera par\u00adve\u00adnir \u00e0 ce sujet quelques com\u00admu\u00adni\u00adca\u00adtions int\u00e9ressantes.<br>\n&nbsp;<\/p>\n<h2>Am\u00e9rique<\/h2>\n<p>\nLes pro\u00adtes\u00adta\u00adtions contre les lois sc\u00e9\u00adl\u00e9\u00adrates visent le syn\u00addi\u00adca\u00adlisme r\u00e9vo\u00adlu\u00adtion\u00adnaire gros\u00adsis\u00adsant chaque jour. De toutes parts s\u2019\u00e9l\u00e8vent des voix d\u2019hommes et de femmes pour d\u00e9non\u00adcer ce qu\u2019ils appellent une chose anti\u00adam\u00e9\u00adri\u00adcaine. Un cama\u00adrade de Cali\u00adfor\u00adnie nous \u00e9crit que d\u2019ici quelques semaines la furie de per\u00ads\u00e9\u00adcu\u00adtion, qui a \u00e9bran\u00adl\u00e9 toute la R\u00e9pu\u00adblique am\u00e9\u00adri\u00adcaine, sera \u00e0 peu pr\u00e8s apai\u00ads\u00e9e. Des cama\u00adrades conti\u00adnuent \u00e0 nous signa\u00adler des faits r\u00e9vol\u00adtants \u00e0 l\u2019extr\u00eame&nbsp;; nous regret\u00adtons infi\u00adni\u00adment que la place nous manque pour pou\u00advoir les signa\u00adler ici comme nous voudrions.<br>\n&nbsp;<\/p>\n<h2>Mexique<\/h2>\n<p>\nLe Mexique se dis\u00adtingue par sa lib\u00e9\u00adra\u00adli\u00adt\u00e9 \u00e0 rece\u00advoir dans ses \u00c9tats les per\u00ads\u00e9\u00adcu\u00adt\u00e9s de la Libre Am\u00e9\u00adrique. Ceux-ci, dans leur exil, ont for\u00adm\u00e9 une orga\u00adni\u00adsa\u00adtion puis\u00adsante sur laquelle doit comp\u00adter le gou\u00adver\u00adne\u00adment de Washing\u00adton, si wil\u00adso\u00adnien soit-il. C\u2019est en grande par\u00adtie \u00e0 l\u2019action de ces r\u00e9fu\u00adgi\u00e9s qu\u2019est due la d\u00e9ci\u00adsion du pr\u00e9\u00adsident Wil\u00adson de se d\u00e9bar\u00adras\u00adser du secr\u00e9\u00adtaire d\u2019\u00c9tat Land\u00adsing qui pous\u00adsait, envers et contre tous, \u00e0 la conqu\u00eate du Mexique.<\/p>\n<p>Le gou\u00adver\u00adne\u00adment de Car\u00adran\u00adza s\u2019est acquis une grande popu\u00adla\u00adri\u00adt\u00e9 par\u00admi les socia\u00adlistes de son pays l\u2019aile droite du par\u00adti est enti\u00e8\u00adre\u00adment avec lui, quant \u00e0 la gauche, elle fait des r\u00e9serves que nous croyons tr\u00e8s justes. On parle encore de Zapa\u00adta et du Zapa\u00adta\u00adland\u200a\u2014\u200ala terre de Zapa\u00adta -, nous pen\u00adsons pou\u00advoir en par\u00adler plus tard. Rap\u00adpe\u00adlons que Zapa\u00adta fut un chef de rebelles, peut-\u00eatre un rustre, mais qui s\u2019\u00e9tait lais\u00ads\u00e9 gui\u00adder par des id\u00e9es com\u00admu\u00adnistes et s\u2019effor\u00e7a de les mettre en pra\u00adtique. Les <i>Temps Nou\u00adveaux<\/i> ont d\u00e9j\u00e0 par\u00adl\u00e9, en son temps, de ce r\u00e9vo\u00adlu\u00adtion\u00adnaire communiste.<br>\n&nbsp;<\/p>\n<h2>Portugal<\/h2>\n<p>\nGrande agi\u00adta\u00adtion dans toute la R\u00e9pu\u00adblique Por\u00adtu\u00adgaise. Gr\u00e8ves g\u00e9n\u00e9\u00adrales on par\u00adtielles un peu par\u00adtout. On signale plus par\u00adti\u00adcu\u00adli\u00e8\u00adre\u00adment les gr\u00e8ves des che\u00admins de fer et des employ\u00e9s du gou\u00adver\u00adne\u00adment. La ques\u00adtion des reven\u00addi\u00adca\u00adtions, ouvri\u00e8res por\u00adt\u00e9e devant la Chambre a mis le minis\u00adt\u00e8re en mino\u00adri\u00adt\u00e9, les lib\u00e9\u00adraux lui ont refu\u00ads\u00e9 son appui. Nous par\u00adle\u00adrons \u00e0 nou\u00adveau, de tous ces \u00e9v\u00e9\u00adne\u00adments, avec plus de d\u00e9tails, dans notre pro\u00adchain num\u00e9ro.<br>\n&nbsp;<br>\n[\/\u200bLaurent <sc>Casas<\/sc>.\/\u200b]<\/p>\n","protected":false},"excerpt":{"rendered":"<p>Espagne Un cama\u00adrade de Madrid appar\u00adte\u00adnant \u00e0 la F\u00e9d\u00e9\u00adra\u00adtion du Livre-nous \u00e9crit pour pr\u00e9\u00adci\u00adser ce qu\u2019est, en Espagne le Syn\u00addi\u00adcat Unique. C\u2019est une orga\u00adni\u00adsa\u00adtion qui com\u00adbat, en m\u00eame temps que le sys\u00adt\u00e8me capi\u00adta\u00adliste, les poli\u00adti\u00adciens et le cl\u00e9\u00adri\u00adca\u00adlisme. Les anar\u00adchistes en nombre prennent part \u00e0 ce mou\u00adve\u00adment, qui est en grande par\u00adtie leur \u0153uvre. Nous&nbsp;[\u2026]<\/p>\n","protected":false},"author":1,"featured_media":0,"comment_status":"closed","ping_status":"closed","sticky":false,"template":"","format":"standard","meta":{"wp_typography_post_enhancements_disabled":false,"footnotes":""},"categories":[373],"tags":[],"ppma_author":[540],"class_list":["post-3141","post","type-post","status-publish","format-standard","hentry","category-les-temps-nouveaux-na9-15-mars-1920"],"authors":[{"term_id":540,"user_id":1,"is_guest":0,"slug":"admin_3gikpwyf","display_name":"Vincent Dubuc","avatar_url":"https:\/\/secure.gravatar.com\/avatar\/d015720652c25fd2ced191ade86430094e1f288a17483713e3b34d26dea52507?s=96&d=mm&r=g","author_category":"","user_url":"https:\/\/la-presse-anarchiste.net","last_name":"Dubuc","first_name":"Vincent","job_title":"","description":""}],"_links":{"self":[{"href":"https:\/\/la-presse-anarchiste.net\/index.php\/wp-json\/wp\/v2\/posts\/3141","targetHints":{"allow":["GET"]}}],"collection":[{"href":"https:\/\/la-presse-anarchiste.net\/index.php\/wp-json\/wp\/v2\/posts"}],"about":[{"href":"https:\/\/la-presse-anarchiste.net\/index.php\/wp-json\/wp\/v2\/types\/post"}],"author":[{"embeddable":true,"href":"https:\/\/la-presse-anarchiste.net\/index.php\/wp-json\/wp\/v2\/users\/1"}],"replies":[{"embeddable":true,"href":"https:\/\/la-presse-anarchiste.net\/index.php\/wp-json\/wp\/v2\/comments?post=3141"}],"version-history":[{"count":0,"href":"https:\/\/la-presse-anarchiste.net\/index.php\/wp-json\/wp\/v2\/posts\/3141\/revisions"}],"wp:attachment":[{"href":"https:\/\/la-presse-anarchiste.net\/index.php\/wp-json\/wp\/v2\/media?parent=3141"}],"wp:term":[{"taxonomy":"category","embeddable":true,"href":"https:\/\/la-presse-anarchiste.net\/index.php\/wp-json\/wp\/v2\/categories?post=3141"},{"taxonomy":"post_tag","embeddable":true,"href":"https:\/\/la-presse-anarchiste.net\/index.php\/wp-json\/wp\/v2\/tags?post=3141"},{"taxonomy":"author","embeddable":true,"href":"https:\/\/la-presse-anarchiste.net\/index.php\/wp-json\/wp\/v2\/ppma_author?post=3141"}],"curies":[{"name":"wp","href":"https:\/\/api.w.org\/{rel}","templated":true}]}}