{"id":3150,"date":"2012-05-13T01:39:04","date_gmt":"2012-05-13T01:39:04","guid":{"rendered":"https:\/\/la-presse-anarchiste.net\/index.php\/2012\/05\/13\/la-greve-des-chemins-de-fer\/"},"modified":"2012-05-13T01:39:04","modified_gmt":"2012-05-13T01:39:04","slug":"la-greve-des-chemins-de-fer","status":"publish","type":"post","link":"https:\/\/la-presse-anarchiste.net\/index.php\/2012\/05\/13\/la-greve-des-chemins-de-fer\/","title":{"rendered":"La gr\u00e8ve des chemins de&nbsp;fer"},"content":{"rendered":"<div class=\"pdfprnt-buttons pdfprnt-buttons-post pdfprnt-top-right\"><a href=\"https:\/\/la-presse-anarchiste.net\/index.php\/wp-json\/wp\/v2\/posts\/3150?print=pdf\" class=\"pdfprnt-button pdfprnt-button-pdf\" target=\"_blank\"><img decoding=\"async\" src=\"https:\/\/la-presse-anarchiste.net\/wp-content\/plugins\/pdf-print\/images\/pdf.png\" alt=\"image_pdf\" title=\"Afficher le PDF\"><\/a><a href=\"https:\/\/la-presse-anarchiste.net\/index.php\/wp-json\/wp\/v2\/posts\/3150?print=print\" class=\"pdfprnt-button pdfprnt-button-print\" target=\"_blank\"><img decoding=\"async\" src=\"https:\/\/la-presse-anarchiste.net\/wp-content\/plugins\/pdf-print\/images\/print.png\" alt=\"image_print\" title=\"Contenu imprim\u00e9\"><\/a><\/div><p>Les lec\u00adteurs des <i>Temps Nou\u00adveaux<\/i> savent par la grande presse et aus\u00adsi par les jour\u00adnaux d\u2019avant-garde dont la paru\u00adtion est plus fr\u00e9\u00adquente que notre jour\u00adnal, les motifs qui ont fait se dres\u00adser les che\u00admi\u00adnots contre leurs Com\u00adpa\u00adgnies. Je rap\u00adpel\u00adle\u00adrai bri\u00e8\u00adve\u00adment ces motifs seule\u00adment pour que cet expo\u00ads\u00e9 soit complet.<\/p>\n<p>Un ouvrier des ate\u00adliers de Vil\u00adle\u00adneuve-Saint-Georges, r\u00e9seau P.-L.-M., avait sol\u00adli\u00adci\u00adt\u00e9 un cong\u00e9 pour se rendre \u00e0 une r\u00e9union de son Conseil Syndical.<\/p>\n<p>Ce cong\u00e9 lui fut refu\u00ads\u00e9, il pas\u00adsa outre, se ren\u00addit o\u00f9 l\u2019appelait son devoir syn\u00addi\u00adcal et fut frap\u00adp\u00e9 de 48 heures de mise \u00e0&nbsp;pied.<\/p>\n<p>Le Gou\u00adver\u00adne\u00adment, les jour\u00adnaux, une grande masse de l\u2019opinion publique n\u2019ont pas com\u00adpris que pour une cause si peu impor\u00adtante, des cen\u00adtaines de mille de tra\u00advailleurs consentent \u00e0 la gr\u00e8ve, et para\u00adlysent l\u2019activit\u00e9 d\u2019un grand pays. Ils n\u2019ont pas com\u00adpris que l\u2019importance de la puni\u00adtion n\u2019entrait pas en ligne de compte. Cam\u00adpa\u00adnaud frap\u00adp\u00e9 d\u2019une heure ou de six mois de mise \u00e0 pied, la r\u00e9per\u00adcus\u00adsion e\u00fbt \u00e9t\u00e9 la&nbsp;m\u00eame.<\/p>\n<p>En la per\u00adsonne de ce d\u00e9l\u00e9\u00adgu\u00e9, une liber\u00adt\u00e9 \u00e0 laquelle tiennent main\u00adte\u00adnant les tra\u00advailleurs, la liber\u00adt\u00e9 syn\u00addi\u00adcale, \u00e9tait atteinte.<\/p>\n<p>Soli\u00adda\u00adri\u00adt\u00e9 envers leur cama\u00adrade puni, r\u00e9volte contre l\u2019atteinte \u00e0 la liber\u00adt\u00e9 syn\u00addi\u00adcale, voi\u00adl\u00e0 l\u2019origine du conflit.<\/p>\n<p>Ces causes d\u00e9ter\u00admi\u00adn\u00e8rent d\u2019autant mieux les che\u00admi\u00adnots, qu\u2019ils \u00e9taient m\u00e9con\u00adtents de la len\u00adteur appor\u00adt\u00e9e \u00e0 r\u00e9a\u00adli\u00adser leurs reven\u00addi\u00adca\u00adtions et impa\u00adtients d\u2019agir par eux-m\u00eames pour am\u00e9\u00adlio\u00adrer leurs condi\u00adtions d\u2019existence.<\/p>\n<p>\u00c0 l\u2019annonce de la puni\u00adtion et apr\u00e8s l\u2019insucc\u00e8s des d\u00e9marches entre\u00adprises par le syn\u00addi\u00adcat pour la faire rap\u00adpor\u00adter, les ouvriers des ate\u00adliers de Vil\u00adle\u00adneuve firent la gr\u00e8ve des bras croi\u00ads\u00e9s, et la Com\u00adpa\u00adgnie ayant fer\u00adm\u00e9 les ate\u00adliers et pres\u00adcrit que n\u2019y ren\u00adtre\u00adraient que ceux qui s\u2019engageraient \u00e0 tra\u00advailler, la gr\u00e8ve devint effec\u00adtive. Le 23 f\u00e9vrier, les ate\u00adliers de Paris P.-L.-M.&nbsp;se soli\u00adda\u00adri\u00adsaient avec leurs cama\u00adrades, et le 24 f\u00e9vrier, le Comi\u00adt\u00e9 des Syn\u00addi\u00adcats pari\u00adsiens entrait en action et enga\u00adgeait ses adh\u00e9\u00adrents \u00e0 ces\u00adser le tra\u00advail \u00e0 par\u00adtir de minuit.<\/p>\n<p>Magni\u00adfique \u00e9lan de soli\u00adda\u00adri\u00adt\u00e9 active, le mou\u00adve\u00adment gagne rapidement.<\/p>\n<p>Dans les jour\u00adn\u00e9es des 25, 26 et 27, le mou\u00adve\u00adment entra\u00eene tout le r\u00e9seau P.-L.-M., une grande par\u00adtie de l\u2019\u00c9tat, l\u2019Orl\u00e9ans et l\u2019Est.<\/p>\n<p>La F\u00e9d\u00e9\u00adra\u00adtion des Che\u00admi\u00adnots \u00e9tait hos\u00adtile \u00e0 cette agi\u00adta\u00adtion. Elle avait ten\u00adt\u00e9 des d\u00e9marches par le Ministre des Tra\u00advaux Publics qui l\u2019avait \u00e9con\u00adduite en lui disant qu\u2019il ne pou\u00advait inter\u00adve\u00adnir pr\u00e8s des Com\u00adpa\u00adgnies dans un conflit d\u2019autorit\u00e9.<\/p>\n<p>Com\u00adpa\u00adgnies et Gou\u00adver\u00adne\u00adment croyant avoir bon mar\u00adch\u00e9 de la gr\u00e8ve pen\u00adsaient en la bri\u00adsant r\u00e9ta\u00adblir ce qu\u2019ils nomment la dis\u00adci\u00adpline sut les r\u00e9seaux et m\u00e2ter l\u2019organisation en l\u2019amputant, par des r\u00e9vo\u00adca\u00adtions, de ses meilleurs \u00e9l\u00e9\u00adments. Enfin, dans la nuit de ven\u00addre\u00addi 27 \u00e0 same\u00addi 28, les d\u00e9l\u00e9\u00adgu\u00e9s des Syn\u00addi\u00adcats pari\u00adsiens som\u00adm\u00e8rent le Conseil F\u00e9d\u00e9\u00adral des Che\u00admi\u00adnots de prendre une posi\u00adtion nette et de pro\u00adcla\u00admer la gr\u00e8ve g\u00e9n\u00e9rale.<\/p>\n<p>Ces syn\u00addi\u00adca\u00adlistes timo\u00adr\u00e9s c\u00e9d\u00e8rent devant la pres\u00adsion des mili\u00adtants des Syn\u00addi\u00adcats pari\u00adsiens, mais sen\u00adtant bien qu\u2019ils n\u2019auraient pas l\u2019audace de mener cette lutte jusqu\u2019aux fins logiques que porte en elle une gr\u00e8ve des che\u00admins de fer, ils n\u2019accept\u00e8rent l\u2019injonction de g\u00e9n\u00e9\u00adra\u00adli\u00adser la gr\u00e8ve que pour plus s\u00fbre\u00adment l\u2019\u00e9touffer.<\/p>\n<p>Par\u00admi la classe ouvri\u00e8re, l\u2019\u00e9motion fut vive et la Conf\u00e9\u00add\u00e9\u00adra\u00adtion G\u00e9n\u00e9\u00adrale du Tra\u00advail com\u00adprit que l\u2019heure \u00e9tait peut-\u00eatre venue o\u00f9 un vaste effort pour\u00adrait \u00eatre ten\u00adt\u00e9 en faveur du prol\u00e9tariat.<\/p>\n<p>La C.G.T. se r\u00e9unit en per\u00adma\u00adnence. Elle consul\u00adta les grandes F\u00e9d\u00e9\u00adra\u00adtions ouvri\u00e8res qui apr\u00e8s les Che\u00admi\u00adnots exercent sur l\u2019activit\u00e9 sociale l\u2019influence la plus consi\u00add\u00e9\u00adrable. Toutes r\u00e9pon\u00addirent \u00e0 son appel, non comme on r\u00e9pond \u00e0 un ordre, mais avec l\u2019enthousiasme pui\u00ads\u00e9 dans la convic\u00adtion que l\u2019heure \u00e9tait venue d\u2019agir. Mais que pen\u00adsait la F\u00e9d\u00e9\u00adra\u00adtion des Che\u00admi\u00adnots&nbsp;? on n\u2019allait pas tar\u00adder \u00e0 le savoir. Dans la nuit de same\u00addi les d\u00e9l\u00e9\u00adgu\u00e9s du Conseil F\u00e9d\u00e9\u00adral annon\u00adc\u00e8rent qu\u2019ils avaient lan\u00adc\u00e9 l\u2019ordre de gr\u00e8ve \u00e0 tous les r\u00e9seaux. Mais ils pri\u00e8rent la C.G.T. de s\u2019abstenir momen\u00adta\u00adn\u00e9\u00adment de toute action en leur faveur. Ils se conten\u00adtaient, dirent-ils, de l\u2019appui moral. Ils vou\u00adlaient lais\u00adser \u00e0 leur gr\u00e8ve son carac\u00adt\u00e8re stric\u00adte\u00adment cor\u00adpo\u00adra\u00adtif. Ils all\u00e8rent plus loin, ils mena\u00adc\u00e8rent au cas o\u00f9 une cor\u00adpo\u00adra\u00adtion s\u2019engagerait dans la lutte en leur faveur de la d\u00e9sa\u00advouer publiquement.<\/p>\n<p>La ter\u00adrible chose que de se sen\u00adtir impuis\u00adsant, \u00e9tant don\u00adn\u00e9 l\u2019\u00e9tat actuel des choses, \u00e0 pas\u00adser par-des\u00adsus ces gens si inf\u00e9\u00adrieurs \u00e0 leur t\u00e2che, si petits devant la n\u00e9ces\u00adsi\u00adt\u00e9 de grands actes.<\/p>\n<p>Les hommes de la F\u00e9d\u00e9\u00adra\u00adtion voyaient la gr\u00e8ve comme une mar\u00e2tre consi\u00add\u00e8re un enfant non d\u00e9si\u00adr\u00e9, ils n\u2019avaient sou\u00adci que de le faire dis\u00adpa\u00adra\u00eetre au plus&nbsp;t\u00f4t.<\/p>\n<p>Et ce qui alour\u00addit leur res\u00adpon\u00adsa\u00adbi\u00adli\u00adt\u00e9, c\u2019est qu\u2019il est acquis, incon\u00adtes\u00adtable, prou\u00adv\u00e9, que la C.G.T. avait envi\u00adsa\u00adg\u00e9 toutes les cons\u00e9\u00adquences d\u2019une action de masses, qu\u2019elle s\u2019y \u00e9tait pr\u00e9\u00adpa\u00adr\u00e9e, qu\u2019\u00e0 c\u00f4t\u00e9 des reven\u00addi\u00adca\u00adtions propres \u00e0 chaque indus\u00adtrie, elle avait, \u00e0 elle, son pro\u00adgramme\u200a\u2014\u200ala natio\u00adna\u00adli\u00adsa\u00adtion\u200a\u2014\u200ades grands ser\u00advices publics et des prin\u00adci\u00adpales industries.<\/p>\n<p>De long\u00adtemps peut-\u00eatre une aus\u00adsi pro\u00adpice occa\u00adsion rena\u00eetra.<\/p>\n<p>Ligo\u00adt\u00e9e par la d\u00e9ci\u00adsion de la F\u00e9d\u00e9\u00adra\u00adtion des Che\u00admi\u00adnots, la C.G.T. atten\u00addit, et le Conseil F\u00e9d\u00e9\u00adral mul\u00adti\u00adplia les d\u00e9marches pour faire ces\u00adser la lutte avant qu\u2019elle e\u00fbt vrai\u00adment commenc\u00e9.<\/p>\n<p>Le Gou\u00adver\u00adne\u00adment qui, sou\u00adte\u00adnu par la Chambre r\u00e9ac\u00adtion\u00adnaire, avait d\u2019abord cr\u00e2\u00adn\u00e9 et fait publier bien haut qu\u2019il ne consen\u00adti\u00adrait \u00e0 dis\u00adcu\u00adter avec les gr\u00e9\u00advistes qu\u2019apr\u00e8s que ceux-ci auraient repris le tra\u00advail, fut tr\u00e8s heu\u00adreux d\u2019\u00eatre sol\u00adli\u00adci\u00adt\u00e9, car l\u2019inqui\u00e9tude l\u2019avait pris devant l\u2019ampleur de l\u2019action et la r\u00e9so\u00adlu\u00adtion des gr\u00e9vistes.<\/p>\n<p>On ne sau\u00adra peut-\u00eatre jamais bien exac\u00adte\u00adment com\u00adment se sont d\u00e9rou\u00adl\u00e9s les pour\u00adpar\u00adlers des jour\u00adn\u00e9es de dimanche et&nbsp;lundi.<\/p>\n<p>Des choses sin\u00adgu\u00adli\u00e8res apparurent.<\/p>\n<p>Le Gou\u00adver\u00adne\u00adment vou\u00adlait sau\u00adver la face, accep\u00adter un com\u00adpro\u00admis parce qu\u2019il n\u2019ignorait pas que l\u2019affaire et l\u2019heure \u00e9taient graves, mais ne pas c\u00e9der devant les seuls cheminots.<\/p>\n<p>Le Conseil F\u00e9d\u00e9\u00adral eut alors l\u2019id\u00e9e d\u2019intervenir pr\u00e8s d\u2019un orga\u00adnisme peu connu de l\u2019Administration des che\u00admins de fer&nbsp;: le Comi\u00adt\u00e9 de Ceinture.<\/p>\n<p>Ce Comi\u00adt\u00e9 r\u00e9unit tous les direc\u00adteurs de r\u00e9seaux pour leurs int\u00e9\u00adr\u00eats com\u00admuns. La r\u00e9sis\u00adtance des Com\u00adpa\u00adgnies se mani\u00adfes\u00adtait de la fa\u00e7on la plus vive sur les r\u00e9seaux de P.-L.-M., Orl\u00e9ans et&nbsp;\u00c9tat.<\/p>\n<p>Le direc\u00adteur du r\u00e9seau du Nord, M.&nbsp;Java\u00adry, fut pres\u00adsen\u00adti pour qu\u2019il inter\u00advienne pr\u00e8s de ses Col\u00adl\u00e8gues, afin qu\u2019ils entrent, par le Comi\u00adt\u00e9 de Cein\u00adture, en pour\u00adpar\u00adlers avec la F\u00e9d\u00e9ration.<\/p>\n<p>M.&nbsp;Java\u00adry accep\u00adta, d\u00e9ci\u00adda les direc\u00adteurs et la force de per\u00adsua\u00adsion de ce Mon\u00adsieur est telle qu\u2019il lui suf\u00adfit d\u2019un mani\u00adfeste adres\u00ads\u00e9 \u00e0 son per\u00adson\u00adnel pour le d\u00e9ci\u00adder \u00e0 ne pas faire&nbsp;gr\u00e8ve.<\/p>\n<p>La F\u00e9d\u00e9\u00adra\u00adtion ne fit pas un geste, ne dit pas un mot pour entra\u00ee\u00adner ce r\u00e9seau ans l\u2019action g\u00e9n\u00e9rale.<\/p>\n<p>Le Gou\u00adver\u00adne\u00adment qui ne vou\u00adlait pas, disait-il, dis\u00adcu\u00adter, qui venait de lan\u00adcer l\u2019ordre de mobi\u00adli\u00adsa\u00adtion de trois classes qui pr\u00e9\u00adpa\u00adrait ses moyens de r\u00e9sis\u00adtance, cer\u00adtains s\u00e9rieux comme la mobi\u00adli\u00adsa\u00adtion du mat\u00e9\u00adriel auto\u00admo\u00adbile, cer\u00adtains gro\u00adtesques, tel l\u2019enr\u00f4lement des potaches, des mar\u00adquises et des vieilles badernes pour rem\u00adpla\u00adcer les gr\u00e9\u00advistes, le Gou\u00adver\u00adne\u00adment, dis-je, d\u00e9l\u00e9\u00adgua un pra\u00adti\u00adcien nom\u00adm\u00e9 Tis\u00adsier, pr\u00e9\u00adsident de la Com\u00admis\u00adsion pari\u00adtaire, qui \u00e9tu\u00addie les reven\u00addi\u00adca\u00adtions des tra\u00advailleurs des Voies Fer\u00adr\u00e9es pour pr\u00e9\u00adpa\u00adrer le ter\u00adrain \u00e0 un accord d\u00e9si\u00adr\u00e9 de part et d\u2019autre.<\/p>\n<p>Dans cette mal\u00adheu\u00adreuse gr\u00e8ve les troupes ouvri\u00e8res \u00e9taient pour la lutte et leurs chefs pour la paix \u00e0 tout&nbsp;prix.<\/p>\n<p>La Com\u00e9\u00addie s\u2019acheva dans la nuit de&nbsp;lundi.<\/p>\n<p>Le Gou\u00adver\u00adne\u00adment joua le r\u00f4le d\u2019arbitre, les Com\u00adpa\u00adgnies rechi\u00adgn\u00e8rent, mais c\u00e9d\u00e8rent, et les chefs ouvriers consen\u00adtirent \u00e0 aban\u00addon\u00adner les mili\u00adtants qui, au cours de ces deux jour\u00adn\u00e9es, avaient \u00e9t\u00e9 arr\u00ea\u00adt\u00e9s. Sirolle, Legrand, Hour\u00addeaux, Lev\u00eaque, etc., etc., choi\u00adsis par\u00admi les plus actifs des mili\u00adtants des Syn\u00addi\u00adcats de Che\u00admi\u00adnots avaient \u00e9t\u00e9 emprisonn\u00e9s.&nbsp;<\/p>\n<p>La d\u00e9l\u00e9\u00adga\u00adtion de la F\u00e9d\u00e9\u00adra\u00adtion se conten\u00adta de l\u2019assurance gou\u00adver\u00adne\u00admen\u00adtale que les cas de ces vic\u00adtimes seraient exa\u00admi\u00adn\u00e9s avec bienveillance.<\/p>\n<p>L\u2019accord se fit sur les condi\u00adtions suivantes&nbsp;:<\/p>\n<ol>\n<li> Res\u00adpect des droits syn\u00addi\u00adcaux&nbsp;; (Le pou\u00advoir avait de bonnes rai\u00adsons de savoir qu\u2019il \u00e9tait pr\u00e9\u00adsen\u00adte\u00adment dan\u00adge\u00adreux d\u2019y toucher.)<\/li>\n<li> Appli\u00adca\u00adtion du sta\u00adtut, \u00e9chelles de salaires, dans les d\u00e9lais fix\u00e9s par la F\u00e9d\u00e9ration&nbsp;;<\/li>\n<li> Ins\u00adti\u00adtu\u00adtion de Com\u00admis\u00adsions pari\u00adtaires sp\u00e9\u00adciales aux Com\u00adpa\u00adgnies secondaires&nbsp;;<\/li>\n<li> \u00c9tude imm\u00e9\u00addiate&nbsp;! et en com\u00admun&nbsp;? du futur r\u00e9gime des che\u00admins de&nbsp;fer&nbsp;;<\/li>\n<li> Aucune sanc\u00adtion pour faits de&nbsp;gr\u00e8ve.<\/li>\n<\/ol>\n<p>\u00c0 pro\u00adpos de la qua\u00adtri\u00e8me ques\u00adtion, le Gou\u00adver\u00adne\u00adment <i>\u00e0 la demande des d\u00e9l\u00e9\u00adgu\u00e9s de la F\u00e9d\u00e9\u00adra\u00adtion<\/i> s\u2019engagea, pour l\u2019examen du pro\u00adjet de r\u00e9or\u00adga\u00adni\u00adsa\u00adtion des che\u00admins de fer, \u00e0 consul\u00adter le Conseil \u00c9co\u00adno\u00admique du Tra\u00advail. Les d\u00e9l\u00e9\u00adgu\u00e9s n\u2019avaient ni qua\u00adli\u00adt\u00e9, ni man\u00addat, pour offrir au Gou\u00adver\u00adne\u00adment le Conseil \u00c9co\u00adno\u00admique du Travail.<\/p>\n<p>Celui-ci n\u2019entend pas \u00eatre un nou\u00adveau Conseil Sup\u00e9\u00adrieur du Tra\u00advail qu\u2019on consulte quand on a le temps, sans tenir compte de ses suggestions.<\/p>\n<p>La fa\u00e7on, dont le Conseil \u00c9co\u00adno\u00admique du Tra\u00advail envi\u00adsage le r\u00e9gime futur des grands ser\u00advices publics, ne sera jamais accep\u00adt\u00e9e par la classe bour\u00adgeoise, il lui sera impo\u00ads\u00e9. Il \u00e9li\u00admine dans les grandes entre\u00adprises l\u2019ing\u00e9rence de 1\u2019\u00c9tat et d\u00e9truit le dividende.<\/p>\n<p>Pour consen\u00adtir \u00e0 ces deux conces\u00adsions la bour\u00adgeoi\u00adsie devrait faire sa nuit du 4 ao\u00fbt. Elle ne para\u00eet pas en France y \u00eatre dispos\u00e9e.<\/p>\n<p>La F\u00e9d\u00e9\u00adra\u00adtion des Che\u00admi\u00adnots ayant, selon elle, satis\u00adfac\u00adtion, bien que Cam\u00adpa\u00adnaud reste puni et les mili\u00adtants empri\u00adson\u00adn\u00e9s, lan\u00ad\u00e7a l\u2019ordre de reprise du tra\u00advail qui fut accueilli avec stu\u00adpeur et col\u00e8re.<\/p>\n<p>Mais l\u2019heure \u00e9tait bien pas\u00ads\u00e9e, l\u2019occasion man\u00adqu\u00e9e, mieux valait ren\u00adtrer sans que l\u2019organisation syn\u00addi\u00adcale fut dis\u00adlo\u00adqu\u00e9e, que de la com\u00adpro\u00admettre par une r\u00e9sis\u00adtance sans espoir.<\/p>\n<p>La masse des che\u00admi\u00adnots n\u2019ob\u00e9it qu\u2019en gron\u00addant, et seule la mise en liber\u00adt\u00e9 pro\u00advi\u00adsoire des empri\u00adson\u00adn\u00e9s faci\u00adli\u00adta la reprise du travail.<\/p>\n<p>Les Com\u00adpa\u00adgnies qui n\u2019avaient accep\u00adt\u00e9 la solu\u00adtion du conflit qu\u2019avec r\u00e9pu\u00adgnance essay\u00e8rent, mal\u00adgr\u00e9 l\u2019engagement, de r\u00e9vo\u00adquer cer\u00adtains gr\u00e9\u00advistes choi\u00adsis, mais devant l\u2019attitude r\u00e9so\u00adlue des che\u00admi\u00adnots, devant le risque d\u2019un nou\u00adveau conflit, les mesures furent rap\u00adpor\u00adt\u00e9es et len\u00adte\u00adment l\u2019apaisement se&nbsp;fait.<\/p>\n<p>Ceux qui croi\u00adraient les che\u00admi\u00adnots mat\u00e9s se m\u00e9pren\u00addraient sin\u00adgu\u00adli\u00e8\u00adre\u00adment. Ils ont un tra\u00advail d\u2019\u00e9puration \u00e0 effec\u00adtuer dans leur orga\u00adni\u00adsa\u00adtion, ils ont \u00e0 se d\u00e9bar\u00adras\u00adser des man\u00adda\u00adtaires pusil\u00adla\u00adnimes et inca\u00adpables. Ils le savent, ils le feront.<\/p>\n<p>Ce qui, par-des\u00adsus tout, doit \u00eatre mis en \u00e9vi\u00addence, c\u2019est que les masses ouvri\u00e8res sont tou\u00adjours acces\u00adsibles aux sen\u00adti\u00adments de soli\u00adda\u00adri\u00adt\u00e9 et de justice.<\/p>\n<p>Les bas int\u00e9\u00adr\u00eats s\u2019\u00e9cartent devant ces mani\u00adfes\u00adta\u00adtions qui \u00e9l\u00e8vent les consciences.<\/p>\n<p>La classe ouvri\u00e8re est plus riche, quoi qu\u2019en disent cer\u00adtains, en sen\u00adti\u00adment et en mora\u00adli\u00adt\u00e9, qu\u2019en capa\u00adci\u00adt\u00e9s pra\u00adtiques. Elle acquer\u00adra celles-ci et c\u2019est alors que l\u2019heure de sa puis\u00adsance sonnera.<br>\n&nbsp;<br>\n[\/\u200bCharles <sc>Des\u00adplanques<\/sc>.\/\u200b]<\/p>\n","protected":false},"excerpt":{"rendered":"<p>Les lec\u00adteurs des Temps Nou\u00adveaux savent par la grande presse et aus\u00adsi par les jour\u00adnaux d\u2019avant-garde dont la paru\u00adtion est plus fr\u00e9\u00adquente que notre jour\u00adnal, les motifs qui ont fait se dres\u00adser les che\u00admi\u00adnots contre leurs Com\u00adpa\u00adgnies. Je rap\u00adpel\u00adle\u00adrai bri\u00e8\u00adve\u00adment ces motifs seule\u00adment pour que cet expo\u00ads\u00e9 soit com\u00adplet. Un ouvrier des ate\u00adliers de Villeneuve-Saint-Georges,&nbsp;[\u2026]<\/p>\n","protected":false},"author":1,"featured_media":0,"comment_status":"closed","ping_status":"closed","sticky":false,"template":"","format":"standard","meta":{"wp_typography_post_enhancements_disabled":false,"footnotes":""},"categories":[373],"tags":[],"ppma_author":[540],"class_list":["post-3150","post","type-post","status-publish","format-standard","hentry","category-les-temps-nouveaux-na9-15-mars-1920"],"authors":[{"term_id":540,"user_id":1,"is_guest":0,"slug":"admin_3gikpwyf","display_name":"Vincent Dubuc","avatar_url":"https:\/\/secure.gravatar.com\/avatar\/d015720652c25fd2ced191ade86430094e1f288a17483713e3b34d26dea52507?s=96&d=mm&r=g","author_category":"","user_url":"https:\/\/la-presse-anarchiste.net","last_name":"Dubuc","first_name":"Vincent","job_title":"","description":""}],"_links":{"self":[{"href":"https:\/\/la-presse-anarchiste.net\/index.php\/wp-json\/wp\/v2\/posts\/3150","targetHints":{"allow":["GET"]}}],"collection":[{"href":"https:\/\/la-presse-anarchiste.net\/index.php\/wp-json\/wp\/v2\/posts"}],"about":[{"href":"https:\/\/la-presse-anarchiste.net\/index.php\/wp-json\/wp\/v2\/types\/post"}],"author":[{"embeddable":true,"href":"https:\/\/la-presse-anarchiste.net\/index.php\/wp-json\/wp\/v2\/users\/1"}],"replies":[{"embeddable":true,"href":"https:\/\/la-presse-anarchiste.net\/index.php\/wp-json\/wp\/v2\/comments?post=3150"}],"version-history":[{"count":0,"href":"https:\/\/la-presse-anarchiste.net\/index.php\/wp-json\/wp\/v2\/posts\/3150\/revisions"}],"wp:attachment":[{"href":"https:\/\/la-presse-anarchiste.net\/index.php\/wp-json\/wp\/v2\/media?parent=3150"}],"wp:term":[{"taxonomy":"category","embeddable":true,"href":"https:\/\/la-presse-anarchiste.net\/index.php\/wp-json\/wp\/v2\/categories?post=3150"},{"taxonomy":"post_tag","embeddable":true,"href":"https:\/\/la-presse-anarchiste.net\/index.php\/wp-json\/wp\/v2\/tags?post=3150"},{"taxonomy":"author","embeddable":true,"href":"https:\/\/la-presse-anarchiste.net\/index.php\/wp-json\/wp\/v2\/ppma_author?post=3150"}],"curies":[{"name":"wp","href":"https:\/\/api.w.org\/{rel}","templated":true}]}}