{"id":3152,"date":"2012-05-13T02:18:47","date_gmt":"2012-05-13T02:18:47","guid":{"rendered":"https:\/\/la-presse-anarchiste.net\/index.php\/2012\/05\/13\/mouvement-social-44\/"},"modified":"2012-05-13T02:18:47","modified_gmt":"2012-05-13T02:18:47","slug":"mouvement-social-44","status":"publish","type":"post","link":"https:\/\/la-presse-anarchiste.net\/index.php\/2012\/05\/13\/mouvement-social-44\/","title":{"rendered":"Mouvement social"},"content":{"rendered":"<div class=\"pdfprnt-buttons pdfprnt-buttons-post pdfprnt-top-right\"><a href=\"https:\/\/la-presse-anarchiste.net\/index.php\/wp-json\/wp\/v2\/posts\/3152?print=pdf\" class=\"pdfprnt-button pdfprnt-button-pdf\" target=\"_blank\"><img decoding=\"async\" src=\"https:\/\/la-presse-anarchiste.net\/wp-content\/plugins\/pdf-print\/images\/pdf.png\" alt=\"image_pdf\" title=\"Afficher le PDF\"><\/a><a href=\"https:\/\/la-presse-anarchiste.net\/index.php\/wp-json\/wp\/v2\/posts\/3152?print=print\" class=\"pdfprnt-button pdfprnt-button-print\" target=\"_blank\"><img decoding=\"async\" src=\"https:\/\/la-presse-anarchiste.net\/wp-content\/plugins\/pdf-print\/images\/print.png\" alt=\"image_print\" title=\"Contenu imprim\u00e9\"><\/a><\/div><p>Le Congr\u00e8s d\u2019Arles est peut-\u00eatre le plus frap\u00adpant exemple de la poli\u00adtique de camou\u00adflage du Par\u00adti Com\u00admu\u00adniste. Ce congr\u00e8s qui, selon Mau\u00adrice Tho\u00adrez, avait pour objet d\u2019aug\u00admen\u00adter \u00ab&nbsp;le bon\u00adheur et la gran\u00addeur de la France&nbsp;\u00bb, n\u2019a pas \u00e9t\u00e9 autre chose qu\u2019un ensemble de dis\u00adcours tenus par quelques chefs du Par\u00adti et applau\u00addis par 1.200 d\u00e9l\u00e9gu\u00e9s.<\/p>\n<p>L\u2019as\u00adpect g\u00e9n\u00e9\u00adral du congr\u00e8s \u00e9tait bien celui d\u2019un congr\u00e8s r\u00e9for\u00admiste. On \u00e9tait fier d\u2019\u00eatre Fran\u00ad\u00e7ais et heu\u00adreux de vivre dans une d\u00e9mo\u00adcra\u00adtie presque aus\u00adsi par\u00adfaite que celle de l\u2019U.R.S.S. Les chefs se don\u00adn\u00e8rent beau\u00adcoup de peine pour per\u00adsua\u00adder l\u2019ou\u00advrier qu\u2019il est par\u00adfai\u00adte\u00adment heu\u00adreux, et qu\u2019il a toutes les rai\u00adsons de l\u2019\u00eatre.<\/p>\n<p>On trai\u00adtait sur un m\u00eame plan des ques\u00adtions d\u2019une impor\u00adtance n\u00e9gli\u00adgeable. Mar\u00adcel Git\u00adton a pu par\u00adler pen\u00addant des heures de la grande famille des com\u00admu\u00adnistes, de la n\u00e9ces\u00adsi\u00adt\u00e9 de la bonne san\u00adt\u00e9 des mili\u00adtants. Il a d\u00e9cla\u00adr\u00e9 que le par\u00adti com\u00admu\u00adniste est le par\u00adti \u00ab&nbsp;des humbles&nbsp;\u00bb, ce qui n\u2019est point flat\u00adteur pour un par\u00adti qui pr\u00e9\u00adtend encore \u00eatre celui de la d\u00e9fense des int\u00e9\u00adr\u00eats de la classe ouvri\u00e8re.<\/p>\n<p>Les chefs du P. C. regret\u00adtaient que le pro\u00adgramme du Front popu\u00adlaire ne f\u00fbt pas tota\u00adle\u00adment appli\u00adqu\u00e9. Ils pro\u00adfi\u00adtaient de cette occa\u00adsion pour adres\u00adser des reproches aux ministres socia\u00adlistes. D\u2019autre part, on se r\u00e9jouis\u00adsait des grands pro\u00adgr\u00e8s de la France depuis le gou\u00adver\u00adne\u00adment Front Popu\u00adlaire. Entre autres, on se f\u00e9li\u00adci\u00adtait de l\u2019aug\u00admen\u00adta\u00adtion des prix de vente du bl\u00e9, du lait et du beurre, qui per\u00admet\u00adtra aux pay\u00adsans de r\u00e9a\u00adli\u00adser des b\u00e9n\u00e9\u00adfices sup\u00e9\u00adrieurs. Or, une semaine aupa\u00adra\u00advant, un article, inti\u00adtu\u00adl\u00e9 \u00ab&nbsp;Mamans fran\u00ad\u00e7aises, d\u00e9fen\u00addez-vous contre l\u2019aug\u00admen\u00adta\u00adtion du prix du lait&nbsp;\u00bb, parais\u00adsait dans l\u2019\u00ab&nbsp;Huma&nbsp;\u00bb. Ceci, ain\u00adsi que la main ten\u00addue, est signi\u00adfi\u00adca\u00adtif de cette poli\u00adtique de recru\u00adte\u00adment dans tous les sens, qui explique, en grande par\u00adtie, les actions du P.&nbsp;C.<\/p>\n<p>Duclos par\u00adlait uni\u00adt\u00e9, et sem\u00adblait regret\u00adter le refus du P.C. Or, nous savons que, lors des dis\u00adcus\u00adsions sur l\u2019U\u00adni\u00adt\u00e9, l\u2019\u00ab&nbsp;Huma&nbsp;\u00bb publia un article de Dimi\u00adtrov, \u00e9crit dans le style de jadis, sur le r\u00f4le de la social-d\u00e9mo\u00adcra\u00adtie. La C.A.P. refu\u00adsa, alors, de conti\u00adnuer les n\u00e9go\u00adcia\u00adtions. En r\u00e9ponse, les com\u00admu\u00adnistes dif\u00adfu\u00ads\u00e8rent l\u2019ar\u00adticle de Dimi\u00adtrov en tracts, et la p\u00e9riode des dis\u00adputes recom\u00admen\u00ad\u00e7a. Les Sta\u00adli\u00adniens ayant ren\u00addu presque impos\u00adsible cette uni\u00adt\u00e9, ils font de graves reproches aux diri\u00adgeants socia\u00adlistes tout cela, \u00e9vi\u00addem\u00adment, dans le but de gagner les mili\u00adtants socia\u00adlistes. Il faut, aus\u00adsi, se rap\u00adpe\u00adler l\u2019ac\u00adti\u00advi\u00adt\u00e9 du P.C. en face des der\u00adni\u00e8res gr\u00e8ves. Il semble que le P.C. ait pris une part active \u00e0 l\u2019or\u00adga\u00adni\u00adsa\u00adtion de ces gr\u00e8ves. En tout cas, il salua la gr\u00e8ve et se d\u00e9cla\u00adra soli\u00addaire des gr\u00e9\u00advistes, alors que le \u00ab&nbsp;Popu\u00adlaire&nbsp;\u00bb fit le contraire.<\/p>\n<p>Il faut avouer que cette poli\u00adtique est extr\u00ea\u00adme\u00adment adroite. Le Par\u00adti Com\u00admu\u00adniste semble plus r\u00e9vo\u00adlu\u00adtion\u00adnaire que le P.S., et c\u2019est gr\u00e2ce \u00e0 cette poli\u00adtique que la majo\u00adri\u00adt\u00e9 des ouvriers r\u00e9vo\u00adlu\u00adtion\u00adnaires se trouve encore dans le Par\u00adti Communiste.<\/p>\n<p>[\/G.J.\/]<\/p>\n","protected":false},"excerpt":{"rendered":"<p>Le Congr\u00e8s d\u2019Arles est peut-\u00eatre le plus frap\u00adpant exemple de la poli\u00adtique de camou\u00adflage du Par\u00adti Com\u00admu\u00adniste. Ce congr\u00e8s qui, selon Mau\u00adrice Tho\u00adrez, avait pour objet d\u2019aug\u00admen\u00adter \u00ab&nbsp;le bon\u00adheur et la gran\u00addeur de la France&nbsp;\u00bb, n\u2019a pas \u00e9t\u00e9 autre chose qu\u2019un ensemble de dis\u00adcours tenus par quelques chefs du Par\u00adti et applau\u00addis par 1.200 d\u00e9l\u00e9gu\u00e9s.&nbsp;[\u2026]<\/p>\n","protected":false},"author":1,"featured_media":0,"comment_status":"closed","ping_status":"closed","sticky":false,"template":"","format":"standard","meta":{"wp_typography_post_enhancements_disabled":false,"footnotes":""},"categories":[374],"tags":[],"ppma_author":[540],"class_list":["post-3152","post","type-post","status-publish","format-standard","hentry","category-revision-n1-fevrier-1938"],"authors":[{"term_id":540,"user_id":1,"is_guest":0,"slug":"admin_3gikpwyf","display_name":"Vincent Dubuc","avatar_url":"https:\/\/secure.gravatar.com\/avatar\/d015720652c25fd2ced191ade86430094e1f288a17483713e3b34d26dea52507?s=96&d=mm&r=g","author_category":"","user_url":"https:\/\/la-presse-anarchiste.net","last_name":"Dubuc","first_name":"Vincent","job_title":"","description":""}],"_links":{"self":[{"href":"https:\/\/la-presse-anarchiste.net\/index.php\/wp-json\/wp\/v2\/posts\/3152","targetHints":{"allow":["GET"]}}],"collection":[{"href":"https:\/\/la-presse-anarchiste.net\/index.php\/wp-json\/wp\/v2\/posts"}],"about":[{"href":"https:\/\/la-presse-anarchiste.net\/index.php\/wp-json\/wp\/v2\/types\/post"}],"author":[{"embeddable":true,"href":"https:\/\/la-presse-anarchiste.net\/index.php\/wp-json\/wp\/v2\/users\/1"}],"replies":[{"embeddable":true,"href":"https:\/\/la-presse-anarchiste.net\/index.php\/wp-json\/wp\/v2\/comments?post=3152"}],"version-history":[{"count":0,"href":"https:\/\/la-presse-anarchiste.net\/index.php\/wp-json\/wp\/v2\/posts\/3152\/revisions"}],"wp:attachment":[{"href":"https:\/\/la-presse-anarchiste.net\/index.php\/wp-json\/wp\/v2\/media?parent=3152"}],"wp:term":[{"taxonomy":"category","embeddable":true,"href":"https:\/\/la-presse-anarchiste.net\/index.php\/wp-json\/wp\/v2\/categories?post=3152"},{"taxonomy":"post_tag","embeddable":true,"href":"https:\/\/la-presse-anarchiste.net\/index.php\/wp-json\/wp\/v2\/tags?post=3152"},{"taxonomy":"author","embeddable":true,"href":"https:\/\/la-presse-anarchiste.net\/index.php\/wp-json\/wp\/v2\/ppma_author?post=3152"}],"curies":[{"name":"wp","href":"https:\/\/api.w.org\/{rel}","templated":true}]}}