{"id":3166,"date":"2012-05-15T00:53:24","date_gmt":"2012-05-15T00:53:24","guid":{"rendered":"https:\/\/la-presse-anarchiste.net\/index.php\/2012\/05\/15\/la-conquete-des-usines-en-italie\/"},"modified":"2012-05-15T00:53:24","modified_gmt":"2012-05-15T00:53:24","slug":"la-conquete-des-usines-en-italie","status":"publish","type":"post","link":"https:\/\/la-presse-anarchiste.net\/index.php\/2012\/05\/15\/la-conquete-des-usines-en-italie\/","title":{"rendered":"La conqu\u00eate des usines en Italie"},"content":{"rendered":"<div class=\"pdfprnt-buttons pdfprnt-buttons-post pdfprnt-top-right\"><a href=\"https:\/\/la-presse-anarchiste.net\/index.php\/wp-json\/wp\/v2\/posts\/3166?print=pdf\" class=\"pdfprnt-button pdfprnt-button-pdf\" target=\"_blank\"><img decoding=\"async\" src=\"https:\/\/la-presse-anarchiste.net\/wp-content\/plugins\/pdf-print\/images\/pdf.png\" alt=\"image_pdf\" title=\"Afficher le PDF\"><\/a><a href=\"https:\/\/la-presse-anarchiste.net\/index.php\/wp-json\/wp\/v2\/posts\/3166?print=print\" class=\"pdfprnt-button pdfprnt-button-print\" target=\"_blank\"><img decoding=\"async\" src=\"https:\/\/la-presse-anarchiste.net\/wp-content\/plugins\/pdf-print\/images\/print.png\" alt=\"image_print\" title=\"Contenu imprim\u00e9\"><\/a><\/div><p>Six ann\u00e9es ont pas\u00ads\u00e9 depuis la prise des usines par la classe ouvri\u00e8re d\u2019I\u00adta\u00adlie. Bien des choses ont eu lieu depuis, et il serait peut-\u00eatre bon aujourd\u2019\u00adhui de r\u00e9ca\u00adpi\u00adtu\u00adler les \u00e9v\u00e9\u00adne\u00adments de cette \u00e9poque encore si proche et d\u2019en tirer les conclu\u00adsions sous l\u2019angle de la situa\u00adtion pr\u00e9sente.<\/p>\n<p>La prise des usines\u200a\u2014\u200ac\u2019\u00e9\u00adtait la cons\u00e9\u00adquence d\u2019un d\u00e9ve\u00adlop\u00adpe\u00adment pro\u00adgres\u00adsif de l\u2019ex\u00adp\u00e9\u00adrience ouvri\u00e8re sur le ter\u00adrain pra\u00adtique. Mais on n\u2019au\u00adrait pas pu, natu\u00adrel\u00adle\u00adment, com\u00adprendre ce d\u00e9ve\u00adlop\u00adpe\u00adment sans l\u2019am\u00adbiance d\u2019une atmo\u00adsph\u00e8re char\u00adg\u00e9e d\u2019\u00e9lec\u00adtri\u00adci\u00adt\u00e9, sans un sch\u00e9\u00adma de r\u00e9vo\u00adlu\u00adtion \u00e0 la base des \u00e9v\u00e9\u00adne\u00adments qui allaient se d\u00e9rouler.<\/p>\n<p>La p\u00e9riode d\u2019a\u00adpr\u00e8s-guerre a \u00e9t\u00e9, en effet, en Ita\u00adlie, une p\u00e9riode chauf\u00adf\u00e9e \u00e0 blanc. La guerre avait \u00e9cla\u00adt\u00e9 en 1914, quelques semaines seule\u00adment apr\u00e8s la grande lutte r\u00e9vo\u00adlu\u00adtion\u00adnaire qui avait mis en dan\u00adger l\u2019exis\u00adtence de la monar\u00adchie ita\u00adlienne et qui est res\u00adt\u00e9e connue sous le nom de la Semaine Rouge.<\/p>\n<p>Pour pous\u00adser l\u2019I\u00adta\u00adlie \u00e0 inter\u00adve\u00adnir dans la guerre du c\u00f4t\u00e9 des Alli\u00e9s, les thu\u00adri\u00adf\u00e9\u00adraires de l\u2019in\u00adter\u00adven\u00adtion\u00adnisme n\u2019a\u00advaient par\u00adl\u00e9 que de r\u00e9vo\u00adlu\u00adtion. D\u2019autre part, l\u2019in\u00adfluence de la r\u00e9vo\u00adlu\u00adtion russe et ses for\u00admules liber\u00adtaires \u00e0 son d\u00e9but sou\u00adle\u00advaient au sein des masses des espoirs enthousiastes.<\/p>\n<p>Il faut aus\u00adsi ajou\u00adter que la conduite des socia\u00adlistes ita\u00adliens\u200a\u2014\u200amais comme tou\u00adjours, ces for\u00admules sont dis\u00adcu\u00adtables\u200a\u2014\u200ane fut pas guer\u00adri\u00e8re, ce qui aida aus\u00adsi \u00e0 ce que les masses ouvri\u00e8res res\u00adtassent \u00e9loi\u00adgn\u00e9es de l\u2019in\u00adfluence n\u00e9faste de l\u2019u\u00adnion sacr\u00e9e avec la bourgeoisie.<\/p>\n<p>De leur c\u00f4t\u00e9, anar\u00adchistes et orga\u00adni\u00adsa\u00adtions ouvri\u00e8res influen\u00adc\u00e9s par les anar\u00adchistes et syn\u00addi\u00adca\u00adlistes r\u00e9vo\u00adlu\u00adtion\u00adnaires de l\u2019U\u00adnion Syn\u00addi\u00adcale Ita\u00adlienne, \u00e9taient sor\u00adtis de la guerre avec leur pres\u00adtige moral indemne gr\u00e2ce \u00e0 leur conduite vis-\u00e0-vie de la guerre d\u2019un c\u00f4t\u00e9, de la r\u00e9vo\u00adlu\u00adtion qui sem\u00adblait avoir un com\u00admen\u00adce\u00adment liber\u00adtaire en Rus\u00adsie, de l\u2019autre.<\/p>\n<p>C\u2019est ain\u00adsi que s\u2019\u00e9\u00adtait cr\u00e9\u00e9 en Ita\u00adlie un besoin pro\u00adfond d\u2019une r\u00e9vo\u00adlu\u00adtion. Tout le monde le recon\u00adna\u00eet main\u00adte\u00adnant&nbsp;; et tout le monde recon\u00adna\u00eet que la r\u00e9vo\u00adlu\u00adtion \u00e9tait pos\u00adsible et n\u00e9ces\u00adsaire, car sans elle la r\u00e9ac\u00adtion la plus f\u00e9roce se serait ins\u00adtal\u00adl\u00e9e. Nous seuls \u2015 <i>les uto\u00adpistes<\/i>, l\u2019U\u00adnion Syn\u00addi\u00adcale Ita\u00adlienne et les Anar\u00adchistes,\u200a\u2014\u200al\u2019a\u00advions vue et pr\u00ea\u00adch\u00e9e pen\u00addant ces ann\u00e9es du mer\u00adveilleux \u00e9lan r\u00e9vo\u00adlu\u00adtion\u00adnaire du peuple italien.<\/p>\n<p>[|<b>*  *  *  *<\/b>|]<br>\n<\/p>\n<p>C\u2019\u00e9\u00adtait en juin et juillet 1919. La lutte contre la vie ch\u00e8re est d\u00e9clan\u00adch\u00e9e. Les foules font des Bourses du Tra\u00advail le pivot de leurs batailles. La r\u00e9volte gagne bien\u00adt\u00f4t toute la p\u00e9nin\u00adsule. Les socia\u00adlistes et la C.G.T. ita\u00adlienne\u200a\u2014\u200acette der\u00adni\u00e8re gou\u00adver\u00adn\u00e9e par les pre\u00admiers, de fait et de droit, comme l\u2019at\u00adtestent leurs conven\u00adtions r\u00e9ci\u00adproques\u200a\u2014\u200ase mirent en quatre pour entra\u00adver le mou\u00adve\u00adment et l\u2019ar\u00adr\u00ea\u00adter\u2026 pro\u00admet\u00adtant tou\u00adjours qu\u2019un peu plus tard on aurait \u00e9t\u00e9 mieux pr\u00e9par\u00e9&nbsp;!<\/p>\n<p>En sep\u00adtembre 1920, la gr\u00e8ve des m\u00e9tal\u00adlur\u00adgistes sus\u00adcite le lock-out. Les ouvriers&nbsp;: pr\u00e9\u00adviennent la man\u0153uvre patro\u00adnale <sc>en pre\u00adnant pos\u00adses\u00adsion des usines<\/sc>&nbsp;; ils s\u2019y enferment, tra\u00advaillent et s\u2019arment.<\/p>\n<p>C\u2019est le 31 ao\u00fbt que la prise effec\u00adtive des usines com\u00admence \u00e0 Milan avec l\u2019u\u00adsine Bian\u00adchi. Vingt-quatre heures plus tard, l\u2019exemple est sui\u00advi par toute l\u2019I\u00adta\u00adlie. Tout le mois de sep\u00adtembre est rem\u00adpli de cette lutte. Depuis des mois d\u00e9j\u00e0, l\u2019i\u00add\u00e9e de la conqu\u00eate des usines a \u00e9t\u00e9 lan\u00adc\u00e9e par l\u2019U\u00adnion Syn\u00addi\u00adcale Ita\u00adlienne et par les anar\u00adchistes, sur\u00adtout avec l\u2019aide de leur quo\u00adti\u00addien <i>Uma\u00adni\u00adt\u00e0 Nova<\/i>, qui parais\u00adsait \u00e0 Milan. Il faut dire qu\u2019\u00e0 ce moment-l\u00e0 les forces anar\u00adchistes \u00e9taient assez com\u00adpactes. Les diverses ten\u00addances tra\u00advaillaient, cha\u00adcune dans son r\u00f4le, mais n\u2019\u00e9\u00adtaient pas en guerre entre elles. <i>Uma\u00adni\u00adt\u00e0 Nova<\/i>, diri\u00adg\u00e9e par Mala\u00adtes\u00adta, \u00e9tait le porte-parole de tous les anar\u00adchistes et m\u00eame des forces liber\u00adtaires de l\u2019U\u00adnion Syn\u00addi\u00adcale Italienne.<\/p>\n<p>Il n\u2019y avait pas de liai\u00adson offi\u00adcielle ou de concor\u00addat entre l\u2019U\u00adnion Syn\u00addi\u00adcale Ita\u00adlienne, <i>Uma\u00adni\u00adt\u00e0 Nova<\/i> et l\u2019U\u00adnion Anar\u00adchiste Ita\u00adlienne&nbsp;; mais une entente cor\u00addiale exis\u00adtait entre eux et les efforts de tous, dans la mesure du pos\u00adsible, s\u2019ad\u00addi\u00adtion\u00adnaient. L\u2019U\u00adnion Syn\u00addi\u00adcale Ita\u00adlienne, par son action r\u00e9vo\u00adlu\u00adtion\u00adnaire d\u2019a\u00advant-garde, avait gagn\u00e9 les sym\u00adpa\u00adthies m\u00eame de cer\u00adtains mili\u00adtants ouvriers anar\u00adchistes qui n\u2019\u00e9\u00adtaient pas favo\u00adrables \u00e0 l\u2019or\u00adga\u00adni\u00adsa\u00adtion poli\u00adtique des anarchistes.<\/p>\n<p>S\u2019il n\u2019y avait eu que nos forces m\u00eal\u00e9es \u00e0 la masse, d\u2019un c\u00f4t\u00e9, et les forces de conser\u00adva\u00adtion sociale de l\u2019autre, la lutte aurait cer\u00adtai\u00adne\u00adment eu une solu\u00adtion r\u00e9vo\u00adlu\u00adtion\u00adnaire. M\u00eame si c\u00f4te \u00e0 c\u00f4te avec les conser\u00adva\u00adteurs il n\u2019y avait eu que les r\u00e9for\u00admistes du socia\u00adlisme, les masses auraient tou\u00adjours mar\u00adch\u00e9 jus\u00adqu\u2019au bout. Mais il y avait \u00e0 la t\u00eate du par\u00adti Socia\u00adliste des hommes qui consti\u00adtu\u00e8rent bien\u00adt\u00f4t apr\u00e8s le \u00ab&nbsp;Par\u00adti de la R\u00e9vo\u00adlu\u00adtion&nbsp;\u00bb&nbsp;! Le quo\u00adti\u00addien socia\u00adliste de Milan, 1\u2019<i>Avan\u00adti<\/i>, \u00e9tait lui aus\u00adsi dans les mains des socia\u00adlistes extr\u00e9\u00admistes, deve\u00adnus par la suite les com\u00admu\u00adnistes. Et cela \u00e9tait du plus grand dan\u00adger pour la r\u00e9vo\u00adlu\u00adtion, car ces hommes <sc>pr\u00ea\u00adchaient le calme<\/sc> au nom de la r\u00e9vo\u00adlu\u00adtion qui devait venir par la fata\u00adli\u00adt\u00e9 des choses lors\u00adqu\u2019elle sera bien m\u00fbre\u2026 comme Marx l\u2019a ensei\u00adgn\u00e9 dans ses livres.<\/p>\n<p>Gio\u00adlit\u00adti, lui, avait confiance dans la C.G.T. Il le d\u00e9cla\u00adra lui-m\u00eame dans un dis\u00adcours au S\u00e9nat apr\u00e8s la d\u00e9faite ouvri\u00e8re, ajou\u00adtant&nbsp;: \u00ab&nbsp;<i>Et j\u2019a\u00advais rai\u00adson, car la C.G.T. a m\u00e9ri\u00adt\u00e9 cette confiance<\/i>&nbsp;\u00bb&nbsp;!&nbsp;\u00bb<\/p>\n<p>Certes, Gio\u00adlit\u00adti avait bien rai\u00adson. Il n\u2019o\u00adsa pas atta\u00adquer les ouvriers, arm\u00e9s dans leurs usines. Il pr\u00e9\u00adf\u00e9\u00adra les faire atta\u00adquer par les gaz asphyxiants des pro\u00admesses, des d\u00e9la\u00adtions, des entraves sour\u00adnoises des politiciens\u2026<\/p>\n<p>En effet, les 11 et 12 sep\u00adtembre, la C.G.T. r\u00e9unis\u00adsait \u00e0 Milan toutes ses forces et fai\u00adsait approu\u00adver\u2026 la renon\u00adcia\u00adtion \u00e0 la lutte. Comme prime\u200a\u2014\u200aon pro\u00admet\u00adtait le contr\u00f4le ouvrier dans les usines&nbsp;! C\u2019\u00e9\u00adtait trop, si le pro\u00adl\u00e9\u00adta\u00adriat \u00e9tait vain\u00adcu&nbsp;; trop peu s\u2019il avait\u200a\u2014\u200aet il l\u2019a\u00advait\u200a\u2014\u200ala pos\u00adsi\u00adbi\u00adli\u00adt\u00e9 de mar\u00adcher en&nbsp;avant.<\/p>\n<p>Le contr\u00f4le ouvrier se m\u00e9ta\u00admor\u00adpho\u00adsa bien\u00adt\u00f4t en matraques et che\u00admises noires\u2026<\/p>\n<p>[|<b>*  *  *  *<\/b>|]<br>\n<\/p>\n<p>J\u2019ai dit que les anar\u00adchistes \u00e9taient, en g\u00e9n\u00e9\u00adral, en bons termes entre eux. Il faut tou\u00adte\u00adfois remar\u00adquer qu\u2019au point de vue ouvrier, une par\u00adtie des anar\u00adchistes (la plus grande par\u00adtie) \u00e9tait dans l\u2019U\u00adnion Syn\u00addi\u00adcale Ita\u00adlienne&nbsp;; l\u2019autre par\u00adtie se trou\u00advait dans la C.G.T. r\u00e9for\u00admiste. Ain\u00adsi, l\u2019ex\u00adp\u00e9\u00adrience de l\u2019u\u00adni\u00adt\u00e9 de fait des anar\u00adchistes orga\u00adni\u00adsa\u00adteurs du mou\u00adve\u00adment ouvrier, dans les cadres d\u2019un seul orga\u00adnisme natio\u00adnal, n\u2019a pas encore eu sa r\u00e9a\u00adli\u00adsa\u00adtion en Ita\u00adlie. Et je pense que notre force aurait \u00e9t\u00e9 plus puis\u00adsante s\u2019il n\u2019y avait pas eu dis\u00adper\u00adsion de nos \u00e9l\u00e9ments.<\/p>\n<p>Peut-\u00eatre aurions-nous pu et d\u00fb essayer de cr\u00e9er quelque <i>fait accom\u00adpli<\/i> sans nous sou\u00adcier de l\u2019at\u00adti\u00adtude des poli\u00adti\u00adciens. Mais il est cer\u00adtain que ceux-ci se seraient ajou\u00adt\u00e9s aux r\u00e9ac\u00adtion\u00adnaires contre nous en nous d\u00e9non\u00ad\u00e7ant comme des agents pro\u00advo\u00adca\u00adteurs, et les cama\u00adrades avaient eu rai\u00adson d\u2019en \u00eatre pr\u00e9\u00adoc\u00adcu\u00adp\u00e9s, non pas pour eux-m\u00eames, mais pour le suc\u00adc\u00e8s du mouvement.<\/p>\n<p>Ce fut, du reste, l\u2019at\u00adti\u00adtude de tous les cama\u00adrades mal\u00adgr\u00e9 l\u2019exis\u00adtence de divers \u00e9tats d\u2019es\u00adprit&nbsp;: ceux qui \u00e9taient \u00e0 l\u2019aise dans cette atti\u00adtude et ceux qui ne la regar\u00addaient pas avec une grande sympathie.<\/p>\n<p>La retraite des usines fut l\u2019ar\u00adr\u00eat de l\u2019\u00e9\u00adlan r\u00e9vo\u00adlu\u00adtion\u00adnaire. Mais il faut ajou\u00adter que sans la com\u00adpli\u00adca\u00adtion de Fiume, la r\u00e9ac\u00adtion fas\u00adciste n\u2019au\u00adrait pas eu l\u2019op\u00adpor\u00adtu\u00adni\u00adt\u00e9 de cro\u00eetre jus\u00adqu\u2019\u00e0 deve\u00adnir irr\u00e9\u00adsis\u00adtible. Ce fut pour avoir carte blanche dans la prise de Fiume (on se rap\u00adpelle que ce fut en d\u00e9cembre 1920 que D\u2019An\u00adnun\u00adzio en fut chas\u00ads\u00e9), que Gio\u00adlit\u00adti pac\u00adti\u00adsa avec Mus\u00adso\u00adli\u00adni&nbsp;: \u00ab&nbsp;tu me lais\u00adse\u00adras taper sur D\u2019An\u00adnun\u00adzio&nbsp;\u00bb, dit Gio\u00adlit\u00adti \u00e0 Mus\u00adso\u00adli\u00adni qui crai\u00adgnait une scis\u00adsion dans l\u2019ar\u00adm\u00e9e, \u00ab&nbsp;et moi je te laisse taper sur tes enne\u00admis socia\u00adlistes et prol\u00e9taires&nbsp;\u00bb.<\/p>\n<p>Les r\u00e9sul\u00adtats ne se firent pas long\u00adtemps attendre&nbsp;: l\u2019\u00c9\u00adtat avec toutes ses forces&nbsp;: police, magis\u00adtra\u00adture&nbsp;; arm\u00e9e, etc., plus <i>les bandes en che\u00admises noires<\/i>, se ru\u00e8rent sur le pro\u00adl\u00e9\u00adta\u00adriat en d\u00e9route\u2026<\/p>\n<p>Et mal\u00adgr\u00e9 cette pha\u00adlange bru\u00adtale, le pro\u00adl\u00e9\u00adta\u00adriat r\u00e9sis\u00adta en don\u00adnant des mil\u00adliers de pri\u00adson\u00adniers, de tu\u00e9s et \u2015 par la suite\u200a\u2014\u200ad\u2019\u00e9\u00admi\u00adgr\u00e9s durant presque trois ann\u00e9es d\u2019en\u00adfer et de mas\u00adsacres indescriptibles.<\/p>\n<p>Mais l\u2019es\u00adsai de conqu\u00eate des usines reste un point lumi\u00adneux pour la r\u00e9vo\u00adlu\u00adtion ita\u00adlienne \u00e0 venir. Comme en Rus\u00adsie, o\u00f9 l\u2019i\u00add\u00e9e des Soviets, lan\u00adc\u00e9e en 1905, fut reprise en 1917, ain\u00adsi la r\u00e9vo\u00adlu\u00adtion ita\u00adlienne a d\u00e9j\u00e0 son point de d\u00e9part bien mar\u00adqu\u00e9 sur la route de la <i>lutte de classes<\/i> et de l\u2019ex\u00adpro\u00adpria\u00adtion <sc>directe<\/sc>.<\/p>\n<p>Par la conqu\u00eate de l\u2019\u00c9tat&nbsp;?<\/p>\n<p>Non. Par la des\u00adtruc\u00adtion de l\u2019\u00c9\u00adtat et la conqu\u00eate et l\u2019or\u00adga\u00adni\u00adsa\u00adtion directe des moyens de production.<\/p>\n<p>[\/\u200bArmando <sc>Bor\u00adghi<\/sc>\/\u200b]<\/p>\n","protected":false},"excerpt":{"rendered":"<p>Six ann\u00e9es ont pas\u00ads\u00e9 depuis la prise des usines par la classe ouvri\u00e8re d\u2019I\u00adta\u00adlie. Bien des choses ont eu lieu depuis, et il serait peut-\u00eatre bon aujourd\u2019\u00adhui de r\u00e9ca\u00adpi\u00adtu\u00adler les \u00e9v\u00e9\u00adne\u00adments de cette \u00e9poque encore si proche et d\u2019en tirer les conclu\u00adsions sous l\u2019angle de la situa\u00adtion pr\u00e9\u00adsente. La prise des usines\u200a\u2014\u200ac\u2019\u00e9\u00adtait la cons\u00e9\u00adquence d\u2019un [\u2026]<\/p>\n","protected":false},"author":1,"featured_media":0,"comment_status":"closed","ping_status":"closed","sticky":false,"template":"","format":"standard","meta":{"wp_typography_post_enhancements_disabled":false,"footnotes":""},"categories":[376],"tags":[],"ppma_author":[540],"class_list":["post-3166","post","type-post","status-publish","format-standard","hentry","category-la-voix-du-travail-na3-4-octobre-novembre-1926"],"authors":[{"term_id":540,"user_id":1,"is_guest":0,"slug":"admin_3gikpwyf","display_name":"Vincent Dubuc","avatar_url":"https:\/\/secure.gravatar.com\/avatar\/d015720652c25fd2ced191ade86430094e1f288a17483713e3b34d26dea52507?s=96&d=mm&r=g","author_category":"","user_url":"https:\/\/la-presse-anarchiste.net","last_name":"Dubuc","first_name":"Vincent","job_title":"","description":""}],"_links":{"self":[{"href":"https:\/\/la-presse-anarchiste.net\/index.php\/wp-json\/wp\/v2\/posts\/3166","targetHints":{"allow":["GET"]}}],"collection":[{"href":"https:\/\/la-presse-anarchiste.net\/index.php\/wp-json\/wp\/v2\/posts"}],"about":[{"href":"https:\/\/la-presse-anarchiste.net\/index.php\/wp-json\/wp\/v2\/types\/post"}],"author":[{"embeddable":true,"href":"https:\/\/la-presse-anarchiste.net\/index.php\/wp-json\/wp\/v2\/users\/1"}],"replies":[{"embeddable":true,"href":"https:\/\/la-presse-anarchiste.net\/index.php\/wp-json\/wp\/v2\/comments?post=3166"}],"version-history":[{"count":0,"href":"https:\/\/la-presse-anarchiste.net\/index.php\/wp-json\/wp\/v2\/posts\/3166\/revisions"}],"wp:attachment":[{"href":"https:\/\/la-presse-anarchiste.net\/index.php\/wp-json\/wp\/v2\/media?parent=3166"}],"wp:term":[{"taxonomy":"category","embeddable":true,"href":"https:\/\/la-presse-anarchiste.net\/index.php\/wp-json\/wp\/v2\/categories?post=3166"},{"taxonomy":"post_tag","embeddable":true,"href":"https:\/\/la-presse-anarchiste.net\/index.php\/wp-json\/wp\/v2\/tags?post=3166"},{"taxonomy":"author","embeddable":true,"href":"https:\/\/la-presse-anarchiste.net\/index.php\/wp-json\/wp\/v2\/ppma_author?post=3166"}],"curies":[{"name":"wp","href":"https:\/\/api.w.org\/{rel}","templated":true}]}}