{"id":3167,"date":"2012-05-15T00:53:28","date_gmt":"2012-05-15T00:53:28","guid":{"rendered":"https:\/\/la-presse-anarchiste.net\/index.php\/2012\/05\/15\/c-g-t-unique-ou-3e-c-g-t\/"},"modified":"2012-05-15T00:53:28","modified_gmt":"2012-05-15T00:53:28","slug":"c-g-t-unique-ou-3e-c-g-t","status":"publish","type":"post","link":"https:\/\/la-presse-anarchiste.net\/index.php\/2012\/05\/15\/c-g-t-unique-ou-3e-c-g-t\/","title":{"rendered":"C.G.T. unique ou 3<sup>e<\/sup> C.G.T."},"content":{"rendered":"<div class=\"pdfprnt-buttons pdfprnt-buttons-post pdfprnt-top-right\"><a href=\"https:\/\/la-presse-anarchiste.net\/index.php\/wp-json\/wp\/v2\/posts\/3167?print=pdf\" class=\"pdfprnt-button pdfprnt-button-pdf\" target=\"_blank\"><img decoding=\"async\" src=\"https:\/\/la-presse-anarchiste.net\/wp-content\/plugins\/pdf-print\/images\/pdf.png\" alt=\"image_pdf\" title=\"Afficher le PDF\"><\/a><a href=\"https:\/\/la-presse-anarchiste.net\/index.php\/wp-json\/wp\/v2\/posts\/3167?print=print\" class=\"pdfprnt-button pdfprnt-button-print\" target=\"_blank\"><img decoding=\"async\" src=\"https:\/\/la-presse-anarchiste.net\/wp-content\/plugins\/pdf-print\/images\/print.png\" alt=\"image_print\" title=\"Contenu imprim\u00e9\"><\/a><\/div><p>[(Notre cama\u00adrade Le Pen, \u00e0 qui un cer\u00adtain nombre de ques\u00adtions ont \u00e9t\u00e9 p\u00e9s\u00e9es dans le N\u00b02 de <sc>la Voix du tra\u00advail<\/sc>, nous a deman\u00add\u00e9 d\u2019in\u00ads\u00e9\u00adrer sa r\u00e9ponse. Nous nous fai\u00adsons un plai\u00adsir d\u2019ac\u00adquies\u00adcer \u00e0 sa demande. \u00c0 la suite de son article nous publions la r\u00e9plique du cama\u00adrade Bes\u00adnard, auquel nous avons com\u00admu\u00adni\u00adqu\u00e9 l\u2019ar\u00adticle de Le&nbsp;Pen.<\/p>\n<p>Les lec\u00adteurs, trou\u00adve\u00adront aus\u00adsi, plus loin, une lettre ouverte adres\u00ads\u00e9e au cama\u00adrade Le Pen, ayant trait aux d\u00e9cla\u00adra\u00adtions de ce der\u00adnier a la der\u00adni\u00e8re Assem\u00adbl\u00e9e G\u00e9n\u00e9\u00adrale du S.U.B.)]<br>\n<\/p>\n<h2>Pour une C.G.T. unique<\/h2>\n<p>Dans le num\u00e9\u00adro 2 de <i>La Voix du Tra\u00advail<\/i>, Bes\u00adnard me pose une ques\u00adtion et me demande d\u2019y r\u00e9pondre. Je le fais, esp\u00e9\u00adrant que l\u2019hos\u00adpi\u00adta\u00adli\u00adt\u00e9 de ses colonnes me sera bien accord\u00e9e.<\/p>\n<p>Tout d\u2019a\u00adbord, j\u2019ai la cer\u00adti\u00adtude que Bes\u00adnard n\u2019a jamais cru que je vou\u00adlais entrer \u00e0 la vieille C.G.T. de gaie\u00adt\u00e9 de c\u0153ur et par convic\u00adtion, m\u2019as\u00adsi\u00admi\u00adler les m\u00e9thodes qui y ont cours et par\u00adta\u00adger les res\u00adpon\u00adsa\u00adbi\u00adli\u00adt\u00e9s des actes de Jou\u00adhaux. Il sait que seuls les \u00e9v\u00e9\u00adne\u00adments, la situa\u00adtion, les sou\u00adcis des des\u00adti\u00adn\u00e9es du syn\u00addi\u00adca\u00adlisme et l\u2019in\u00adt\u00e9\u00adr\u00eat ouvrier me guident.<\/p>\n<p>L\u2019u\u00adni\u00adt\u00e9 des orga\u00adnismes cen\u00adtraux \u00e9tant ren\u00addue impos\u00adsible par l\u2019in\u00adtran\u00adsi\u00adgeance, l\u2019or\u00adgueil et l\u2019in\u00adt\u00e9\u00adr\u00eat des diri\u00adgeants, je pense que la ren\u00adtr\u00e9e indi\u00advi\u00adduelle ou col\u00adlec\u00adtive pure et simple, la fusion des syn\u00addi\u00adcats, est l\u2019u\u00adnique moyen pra\u00adtique de r\u00e9a\u00adli\u00adser l\u2019u\u00adni\u00adt\u00e9, de mettre fin \u00e0 la divi\u00adsion des forces ouvri\u00e8res d\u2019o\u00f9 r\u00e9sulte son impuissance.<\/p>\n<p>Abdi\u00adca\u00adtion, dis-tu&nbsp;? Non&nbsp;; r\u00e9flexion, acte d\u00e9ter\u00admi\u00adn\u00e9 par la situa\u00adtion. C\u2019est une fa\u00e7on de voir que tu as long\u00adtemps par\u00adta\u00adg\u00e9e alors que, comme aujourd\u2019\u00adhui, tu connais\u00adsais l\u2019ac\u00adtion et l\u2019\u00e9\u00adtat d\u2019es\u00adprit des diri\u00adgeants de la vieille C.G.T. Sans doute, cette fa\u00e7on d\u2019a\u00adgir ne nous don\u00adne\u00adra pas les garan\u00adties que nous esp\u00e9\u00adrons&nbsp;; nous devrons subir, au moins pen\u00addant quelque temps, la loi du plus fort. Cette contrainte est-elle aus\u00adsi nui\u00adsible que les effets de notre frac\u00adtion\u00adne\u00adment&nbsp;? L\u2019im\u00adpuis\u00adsance due \u00e0 notre divi\u00adsion doit-elle \u00eatre consi\u00add\u00e9\u00adr\u00e9e comme d\u00e9fi\u00adni\u00adtive et sans rem\u00e8de&nbsp;?<\/p>\n<p>S\u00e9pa\u00adr\u00e9s, les hommes s\u2019i\u00adgnorent. L\u2019heure du dan\u00adger ne suf\u00adfit pas tou\u00adjours pour les rap\u00adpro\u00adcher. Ils sont sou\u00advent plus sen\u00adsibles \u00e0 l\u2019es\u00adprit de clan qu\u2019\u00e0 l\u2019in\u00adt\u00e9\u00adr\u00eat de leur situa\u00adtion. L\u2019es\u00adsen\u00adtiel du pro\u00adbl\u00e8me est l\u00e0, dans la situa\u00adtion. Cha\u00adcun de nous le sait. Ce ne sont point, tu le sais, Bes\u00adnard, les prin\u00adcipes qui nous s\u00e9parent, mais seule\u00adment les moyens de les appli\u00adquer avec les meilleurs r\u00e9sul\u00adtats et dans le plus court d\u00e9lai. Les \u00e9v\u00e9\u00adne\u00adments sont graves. Ils peuvent deve\u00adnir tra\u00adgiques. Les tra\u00advailleurs en sont-ils \u00e9mus&nbsp;? Les mili\u00adtants ont-ils ten\u00adt\u00e9, en dehors d\u2019une mince poi\u00adgn\u00e9e, de consi\u00add\u00e9\u00adrer, m\u00eame avec les forces auto\u00adnomes, un Comi\u00adt\u00e9 anti\u00adfas\u00adciste&nbsp;? Non. Alors&nbsp;? Tu veux t\u2019\u00e9\u00adver\u00adtuer \u00e0 convaincre le cercle res\u00adtreint des convain\u00adcus mais inactifs&nbsp;?<\/p>\n<p>Mino\u00adri\u00adt\u00e9 agis\u00adsante, dis-tu&nbsp;? Oui. Belle for\u00admule, mais que d\u00e9ment trop, h\u00e9las&nbsp;! l\u2019i\u00adnac\u00adtion et l\u2019in\u00addif\u00adf\u00e9\u00adrence actuelle. Elle peut \u00eatre admi\u00adrable en cer\u00adtaines cir\u00adcons\u00adtances, mais il lui faut l\u2019en\u00adthou\u00adsiasme et la foi que les Cama\u00adrades, en dehors de quelques-uns, n\u2019ont plus. C\u2019est pour\u00adquoi je suis obli\u00adg\u00e9 de tenir compte des faits, du nombre ain\u00adsi que de l\u2019\u00e9\u00adtat d\u2019esprit.<\/p>\n<p>Au res\u00adtreint, je .pr\u00e9\u00adf\u00e8re l\u2019\u00e9\u00adten\u00addue, le champ d\u2019ac\u00adti\u00advi\u00adt\u00e9 plus vaste et moins st\u00e9\u00adrile que les sen\u00adtiers bat\u00adtus dans les\u00adquels nous pi\u00e9\u00adti\u00adnons sans espoir. \u00c0 l\u2019ex\u00adt\u00e9\u00adrieur fer\u00adm\u00e9, inac\u00adces\u00adsible et hos\u00adtile, je pr\u00e9\u00adf\u00e8re l\u2019in\u00adt\u00e9\u00adrieur, peut-\u00eatre tumul\u00adtueux et froid, mais utile. Crois-tu fer\u00adme\u00adment que mal\u00adgr\u00e9 la haine et le dis\u00adcr\u00e9\u00addit on vien\u00addra entendre la voix de la v\u00e9ri\u00adt\u00e9&nbsp;? J\u2019en doute et je m\u2019en rends compte par l\u2019empressement mani\u00adfeste pour les conf\u00e9\u00adrences r\u00e9centes.<\/p>\n<p>Puisque la mon\u00adtagne ne vient pas \u00e0 nous, je veux ten\u00adter d\u2019al\u00adler vers elle. Cela n\u2019est-il pas pr\u00e9\u00adf\u00e9\u00adrable \u00e0 l\u2019at\u00adtente ind\u00e9finie&nbsp;?<\/p>\n<p>Tu crois qu\u2019il faut s\u00e9pa\u00adrer pour unir&nbsp;? Je crois qu\u2019il faut rap\u00adpro\u00adcher pour confondre et faire bloc. On ne ren\u00adforce pas en mor\u00adce\u00adlant. Comme toi, je vise \u00e0 lib\u00e9\u00adrer le syn\u00addi\u00adca\u00adlisme des par\u00adtis poli\u00adtique, mais je ne fais pas de dis\u00adtinc\u00adtion \u00e0 la r\u00e8gle d\u2019in\u00add\u00e9\u00adpen\u00addance \u00e0 l\u2019\u00e9\u00adgard des sectes phi\u00adlo\u00adso\u00adphiques. Je crains un d\u00e9sir d\u2019emprise de l\u2019a\u00adnar\u00adchie sur le syn\u00addi\u00adca\u00adlisme. Comme exemple, la consti\u00adtu\u00adtion d\u2019un comi\u00adt\u00e9 de d\u00e9fense anar\u00adchiste, alors qu\u2019il existe un Comi\u00adt\u00e9 de d\u00e9fense sociale jus\u00adti\u00adfie ces craintes. Les \u00e9l\u00e9\u00adments et les par\u00adti\u00adsans d\u2019une 3<sup>e<\/sup> C.G.T. sont net\u00adte\u00adment de ten\u00addance anar\u00adchiste. Ils lui don\u00adne\u00adront donc un esprit tel, une forme d\u2019or\u00adga\u00adni\u00adsa\u00adtion telle, qu\u2019elle cor\u00adres\u00adpon\u00addra \u00e0 leur concep\u00adtion et fera du syn\u00addi\u00adca\u00adlisme un orga\u00adnisme d\u2019ex\u00adcep\u00adtion, une s\u00e9lec\u00adtion d\u2019in\u00addi\u00advi\u00addus. Ce grou\u00adpe\u00adment ne sera donc, qu\u2019une secte, en esprit et en forme iden\u00adtique \u00e0 l\u2019U\u00adnion Anar\u00adchiste. Il engen\u00addre\u00adra avec elle la confu\u00adsion ou la dua\u00adli\u00adt\u00e9. Est-ce cela que se pro\u00adpose la 3<sup>e<\/sup> C.G.T.&nbsp;? Si oui, cela n\u2019au\u00adra qu\u2019un loin\u00adtain rap\u00adport avec le v\u00e9ri\u00adtable syn\u00addi\u00adca\u00adlisme, qui a sa pen\u00ads\u00e9e, son action, ses buts propres et qui doit \u00eatre acces\u00adsible \u00e0&nbsp;tous.<\/p>\n<p>Tu as recon\u00adnu publi\u00adque\u00adment, Bes\u00adnard, que l\u2019U.F.S.A. \u00e9tait morte. Cepen\u00addant, tu veux consti\u00adtuer d\u00e9fi\u00adni\u00adti\u00adve\u00adment la 3<sup>e<\/sup> C.G.T. avec les d\u00e9bris de l\u2019or\u00adga\u00adnisme pro\u00advi\u00adsoire&nbsp;? Sau\u00adras-tu accom\u00adplir ce tour de force qu\u2019au\u00adcun magi\u00adcien n\u2019a pu r\u00e9us\u00adsir jusque l\u00e0&nbsp;: redon\u00adner la vie \u00e0 un cadavre&nbsp;? Tu sais fort bien qu\u2019au\u00adcun math\u00e9\u00adma\u00adti\u00adcien n\u2019a jamais pu extraire le chiffre 1 d\u2019une mul\u00adti\u00adtude de&nbsp;z\u00e9ros.<\/p>\n<p>Le prin\u00adci\u00adpal \u00e9l\u00e9\u00adment sur lequel tu penses poser les bases de la 3<sup>e<\/sup> C.G.T., c\u2019est la f\u00e9d\u00e9\u00adra\u00adtion du B\u00e2ti\u00adment auto\u00adnome aux diri\u00adgeants de laquelle tu as su, sans peine, sug\u00adg\u00e9\u00adrer ton point de vue. Tu n\u2019i\u00adgnores point le chiffre r\u00e9duit de ses effec\u00adtifs\u200a\u2014\u200a4 \u00e0 5.000 \u2015 dont une moi\u00adti\u00e9 au moins des adh\u00e9\u00adrents, y com\u00adpris ceux du S.U.B., sont adver\u00adsaires d\u2019une 3<sup>e<\/sup> C.G.T. J\u2019en\u00adtends bien que tu t\u2019ef\u00adfor\u00adce\u00adras de r\u00e9us\u00adsir, que tu ne n\u00e9gli\u00adge\u00adras rien pour cela. Ce n\u2019est pas de ton acti\u00advi\u00adt\u00e9 que je doute, mais bien de l\u2019u\u00adti\u00adli\u00adt\u00e9 de cette 3<sup>e<\/sup> C.G.T. Car tu aurais pu poser le pro\u00adbl\u00e8me sous la forme sui\u00advante&nbsp;: les deux C.G.T. sont-elles bien l\u2019ex\u00adpres\u00adsion du syn\u00addi\u00adca\u00adlisme&nbsp;? Si \u00e0 cela on peut r\u00e9pondre non, il eut fal\u00adlu ajou\u00adter&nbsp;: ne peuvent-elles le deve\u00adnir&nbsp;? L\u2019af\u00adfir\u00admer est aus\u00adsi os\u00e9 que d\u2019af\u00adfir\u00admer que le mal et les imper\u00adfec\u00adtions dont elles souffrent sont ingu\u00e9\u00adris\u00adsables et n\u2019at\u00adtein\u00addront pas la nou\u00advelle C.G.T. S\u2019il fal\u00adlait, selon votre m\u00e9thode, cher\u00adcher le rem\u00e8de en la consti\u00adtu\u00adtion d\u2019une autre C.G.T., jus\u00adqu\u2019o\u00f9 cela peut-il aller&nbsp;?<\/p>\n<p>Ce n\u2019est pas, tu peux m\u2019en croire, de par\u00adti pris, mais apr\u00e8s r\u00e9flexion que je d\u00e9plore qu\u2019un esprit comme le tien puisse encore s\u2019a\u00adbu\u00adser d\u2019une exp\u00e9\u00adrience, condam\u00adn\u00e9e par d\u2019aus\u00adsi d\u00e9sas\u00adtreux r\u00e9sul\u00adtats, et du degr\u00e9 de clair\u00advoyance de cer\u00adtains par\u00adti\u00adsans d\u2019une 3<sup>e<\/sup> C.G.T. Contrai\u00adre\u00adment \u00e0 toi, et sans faire abs\u00adtrac\u00adtion de notre id\u00e9al, sans pi\u00e9\u00adti\u00adner notre doc\u00adtrine, j\u2019es\u00adtime qu\u2019on peut, par des efforts tenaces, rame\u00adner dans la voie ini\u00adtiale le char du syn\u00addi\u00adca\u00adlisme. Ses conduc\u00adteurs actuels peuvent, dans un temps don\u00adn\u00e9, \u00eatre mis en mino\u00adri\u00adt\u00e9 et rem\u00adpla\u00adc\u00e9s. Le mirage du d\u00e9mo\u00adcra\u00adtisme et de la poli\u00adtique me parait avoir lais\u00ads\u00e9 l\u00e0-bas, au c\u0153ur des tra\u00advailleurs, d\u2019a\u00adm\u00e8res d\u00e9s\u00adillu\u00adsions qui peuvent se trans\u00adfor\u00admer en r\u00e9volte. L\u2019ab\u00addi\u00adca\u00adtion des anar\u00adchistes et des liber\u00adtaires dont tu parles peut bien \u00eatre plus appa\u00adrente que r\u00e9elle. L\u2019op\u00adpo\u00adsi\u00adtion, sous la pous\u00ads\u00e9e des \u00e9v\u00e9\u00adne\u00adments et la recru\u00addes\u00adcence d\u2019ac\u00adti\u00advi\u00adt\u00e9, avec des convic\u00adtions plus saines, plus vives, ne peut-elle, enfin, s\u2019af\u00adfir\u00admer et gran\u00addir&nbsp;? Bien os\u00e9 qui dirait&nbsp;: non&nbsp;!<\/p>\n<p>De toute \u00e9vi\u00addence, je ne doute pas qu\u2019un tel r\u00e9sul\u00adtat ne s\u2019ob\u00adtien\u00addra pas sans peine, que mon r\u00f4le et celui de ceux qui m\u2019i\u00admi\u00adte\u00adront ne soit celui de Sisyphe de l\u2019en\u00adfer social. Mais ce sup\u00adplice, com\u00adpa\u00adr\u00e9 \u00e0 celui de Tan\u00adtale, qui t\u2019est sans doute r\u00e9ser\u00adv\u00e9, est-il le plus mauvais&nbsp;?<\/p>\n<p>Et puis, n\u2019est-ce point le lot si com\u00admun r\u00e9ser\u00adv\u00e9 aux mili\u00adtants sin\u00adc\u00e8res, bafou\u00e9s et insul\u00adt\u00e9s par leurs fr\u00e8res de mis\u00e8re d\u00e8s qu\u2019ils ne plaisent plus ou ne pensent plus comme eux&nbsp;? Qu\u2019im\u00adportent ces injus\u00adtices, si de nos efforts peut sor\u00adtir un peu de lumi\u00e8re, de bien-\u00eatre et d\u2019harmonie&nbsp;!<\/p>\n<p>C\u2019est vers cet objec\u00adtif que doivent tendre nos efforts. Et c\u2019est pour cela, que tout en ren\u00addant hom\u00admage \u00e0 ton d\u00e9voue\u00adment, \u00e0 ton acti\u00advi\u00adt\u00e9, je suis convain\u00adcu que tu te trompes en t\u2019en\u00adga\u00adgeant dans la voie d\u2019une 3<sup>e<\/sup> C.G.T. et je ne t\u2019y sui\u00advrai&nbsp;pas.<\/p>\n<p>\u00c0 la pr\u00e9\u00adf\u00e9\u00adrence, \u00e0 l\u2019ins\u00adtinct super\u00adfi\u00adciel du gout j\u2019op\u00adpose le choix, moins brillant mais plus s\u00fbr, que l\u2019exa\u00admen pro\u00adfond et la rai\u00adson imposent.<\/p>\n<p>[\/\u200b<sc>Le Pen<\/sc>\/\u200b]<\/p>\n<p>[|.\u2026.\u2026.\u2026.\u2026.\u2026.\u2026.\u2026.\u2026.\u2026.\u2026.\u2026.\u2026.\u2026.\u2026.\u2026.\u2026.\u2026.\u2026.\u2026.\u2026.\u2026.\u2026.\u2026.\u2026.\u2026.\u2026.\u2026.\u2026..|]<br>\n<\/p>\n<h2>Pour la 3<sup>e<\/sup> C.G.T.h\/h2&gt;\n<p>Le Pen me per\u00admet\u00adtra de lui faire remar\u00adquer qu\u2019il n\u2019ap\u00adporte aucun argu\u00adment nou\u00adveau. Sous une forme plus agr\u00e9able, il repro\u00adduit son point de vue expri\u00adm\u00e9 dans le <i>Semeur<\/i>.<\/p>\n<p>Il lui \u00e9tait d\u2019ailleurs dif\u00adfi\u00adcile de faire autre\u00adment, puisque aus\u00adsi bien, il \u00e9tait all\u00e9 imm\u00e9\u00addia\u00adte\u00adment au fond du probl\u00e8me.<\/p>\n<p>Ma r\u00e9ponse ne pour\u00adra donc \u00eatre autre chose qu\u2019une r\u00e9p\u00e9\u00adti\u00adtion\u200a\u2014\u200aou \u00e0 peu pr\u00e8s \u2015 de celle que je fis \u00e0 son pre\u00admier article.<\/p>\n<p>Je n\u2019ai jamais pen\u00ads\u00e9 que Le Pen \u00e9tait d\u00e9ci\u00add\u00e9, de ga\u00ee\u00adt\u00e9 de c\u0153ur, \u00e0 ren\u00adtrer \u00e0 la vieille C.G.T. Mais, par contre, je pense que Le Pen n\u2019a pas le sens des \u00e9v\u00e9\u00adne\u00adments, qu\u2019il les inter\u00adpr\u00e8te trop tard et \u00e0 faux. Je crois aus\u00adsi qu\u2019il est pri\u00adson\u00adnier de la posi\u00adtion qu\u2019il a prise au Congr\u00e8s F\u00e9d\u00e9\u00adral du B\u00e2ti\u00adment, \u00e0 Lyon, l\u2019an der\u00adnier. Je crains qu\u2019il ne veuille res\u00adter sourd, obs\u00adti\u00adn\u00e9\u00adment, \u00e0 tout rai\u00adson\u00adne\u00adment, qu\u2019il ne repousse sans exa\u00admen, tous les argu\u00adments de fait qu\u2019on lui pr\u00e9sente.<\/p>\n<p>En recon\u00adnais\u00adsant que l\u2019u\u00adni\u00adt\u00e9 est impos\u00adsible entre les orga\u00adnismes cen\u00adtraux exis\u00adtants, il d\u00e9truit imm\u00e9\u00addia\u00adte\u00adment le titre et le fond de son article ci-des\u00adsus. Mieux, en pr\u00e9\u00adco\u00adni\u00adsant la ren\u00adtr\u00e9e indi\u00advi\u00adduelle dans la C.G.T., il adopte le point de vue de la C.G.T. qui d\u00e9clare&nbsp;: <i>la porte est ouverte<\/i>. Or, ce point de vue n\u2019est accep\u00adt\u00e9 ni par la C.G.T.U. ni par les syn\u00addi\u00adca\u00adlistes auto\u00adnomes. La ren\u00adtr\u00e9e de quelques indi\u00advi\u00addua\u00adli\u00adt\u00e9s dans la C.G.T. ne signi\u00adfie donc rien. Elle ne peut aucu\u00adne\u00adment faire ces\u00adser la scis\u00adsion. C\u2019est l\u2019\u00e9\u00advi\u00addence&nbsp;m\u00eame.<\/p>\n<p>Et je r\u00e9p\u00e8te \u00e0 Le Pen que les \u00ab&nbsp;ren\u00adtrants&nbsp;\u00bb n\u2019au\u00adront que deux posi\u00adtions \u00e0 prendre&nbsp;: <i>ou abdi\u00adquer ou s\u2019en aller \u00e0 nou\u00adveau<\/i>.<\/p>\n<p>S\u2019ils n\u2019ab\u00addiquent pas, s\u2019ils cri\u00adtiquent, s\u2019ils veulent \u00ab&nbsp;conqu\u00e9\u00adrir&nbsp;\u00bb la C.G.T., les diri\u00adgeants en place sau\u00adront les \u00ab&nbsp;enfer\u00admer&nbsp;\u00bb, les iso\u00adler, \u00e9touf\u00adfer leur voix, d\u00e9for\u00admer leurs cri\u00adtiques et leurs pro\u00adpo\u00adsi\u00adtions et fina\u00adle\u00adment, s\u2019ils deviennent trop g\u00eanants, ils sau\u00adront les obli\u00adger \u00e0 quit\u00adter l\u2019in\u00adha\u00adbi\u00adtable maison.<\/p>\n<p>Conqu\u00e9\u00adrir la C.G.T., mon cher Le Pen&nbsp;? Com\u00adment peux-tu sou\u00adte\u00adnir cela s\u00e9rieu\u00adse\u00adment, alors que tous ensemble nous n\u2019a\u00advons pu triom\u00adpher&nbsp;? Et vous le feriez seuls, \u00e0 quelques-uns, alors que nulle oppo\u00adsi\u00adtion r\u00e9elle n\u2019existe dans la vieille mai\u00adson endor\u00admie&nbsp;? Allons donc&nbsp;! Ce qu\u2019on vous per\u00admet\u00adtra, ce sera de faire figure d\u2019op\u00adpo\u00adsi\u00adtion \u00ab&nbsp;<i>n\u00e9ces\u00adsaire<\/i>&nbsp;\u00bb. Et ce sera tout, en fait de redres\u00adse\u00adment, ce qu\u2019on tol\u00e8\u00adre\u00adra. \u00c7a ne me suf\u00adfit pas, ni \u00e0 d\u2019autres.<\/p>\n<p>Tu dis qu\u2019\u00e0 un cer\u00adtain moment, pen\u00addant long\u00adtemps, je fus par\u00adti\u00adsan de retour\u00adner \u00e0 la C.G.T. C\u2019est exact. Depuis Saint-\u00c9tienne jus\u00adqu\u2019aux \u00e9lec\u00adtions de mai 1924, j\u2019ai fait l\u2019im\u00adpos\u00adsible pour d\u00e9ci\u00adder \u00e0 cela la mino\u00adri\u00adt\u00e9. Elle n\u2019a pas accep\u00adt\u00e9 ce point de vue qu\u2019elle n\u2019a sans doute jamais com\u00adpris dans son ensemble.<\/p>\n<p>Pour\u00adquoi ai-je eu cette atti\u00adtude&nbsp;? Parce que je savais deux choses&nbsp;: <i>1\u00b0 La route que sui\u00advrait la C.G.T.U.&nbsp;; 2\u00b0 L\u2019en\u00adli\u00adse\u00adment d\u00e9fi\u00adni\u00adtif de la C.G.T. dans le d\u00e9mo\u00adcra\u00adtisme en cas de suc\u00adc\u00e8s du Car\u00adtel des Gauches<\/i>.<\/p>\n<p>Ces deux choses se sont r\u00e9a\u00adli\u00ads\u00e9es. La C.G.T.U. a pi\u00e9\u00adti\u00adn\u00e9 le syn\u00addi\u00adca\u00adlisme et la C.G.T. est deve\u00adnue un orga\u00adnisme gouvernemental.<\/p>\n<p>Je pen\u00adsais qu\u2019une ren\u00adtr\u00e9e <i>en masse<\/i> des syn\u00addi\u00adca\u00adlistes dans la C.G.T. pou\u00advait \u00e9vi\u00adter \u00e0 celle-ci une faillite d\u00e9fi\u00adni\u00adtive, per\u00admettre son redres\u00adse\u00adment et, de proche en proche, ame\u00adner la recons\u00adti\u00adtu\u00adtion d\u2019un mou\u00adve\u00adment vrai\u00adment syn\u00addi\u00adca\u00adliste qui serait deve\u00adnu plus fort au d\u00e9tri\u00adment de la C.G.T.U.<\/p>\n<p>Ce temps est pas\u00ads\u00e9. Ce qui \u00e9tait vrai \u00e0 cette \u00e9poque est faux aujourd\u2019\u00adhui, parce que la situa\u00adtion est tota\u00adle\u00adment <i>inver\u00ads\u00e9e<\/i>. Inter\u00adpr\u00e9\u00adter les \u00e9v\u00e9\u00adne\u00adments de 1926 comme ceux de 1923, alors qu\u2019ils n\u2019ont rien de com\u00admun, c\u2019est com\u00admettre la plus gros\u00adsi\u00e8re erreur. C\u2019est cepen\u00addant ce que tu fais. Voyons, rai\u00adsonne un peu, que diable&nbsp;! et tu ver\u00adras que tu fais fausse route.<\/p>\n<p>Les par\u00adti\u00adsans de la 3<sup>e<\/sup> C.G.T. ne rai\u00adsonnent pas, n\u2019a\u00adgissent pas par esprit de&nbsp;clan.<\/p>\n<p>Ils abou\u00adtissent \u00e0 une solu\u00adtion logique qui leur dicte toutes les don\u00adn\u00e9es du pro\u00adbl\u00e8me. Ils veulent aller vite, pr\u00e9\u00adci\u00ads\u00e9\u00adment parce qu\u2019ils craignent d\u2019\u00eatre pris de vitesse par les \u00e9v\u00e9\u00adne\u00adments, parce qu\u2019ils veulent confier au mou\u00adve\u00adment syn\u00addi\u00adcal auto\u00adnome orga\u00adni\u00ads\u00e9 et non \u00e0 un vague Comi\u00adt\u00e9 la t\u00e2che de lut\u00adter contre le fascisme.<\/p>\n<p>Tu sembles reje\u00adter aujourd\u2019\u00adhui la th\u00e9o\u00adrie des mino\u00adri\u00adt\u00e9s agis\u00adsantes. Pour\u00adtant, l\u2019his\u00adtoire enseigne que tous les bou\u00adle\u00adver\u00adse\u00adments furent leurs \u0153uvres Et le der\u00adnier, le plus grand, n\u2019est d\u00fb qu\u2019\u00e0 l\u2019ac\u00adti\u00advi\u00adt\u00e9 d\u2019une poi\u00adgn\u00e9e d\u2019hommes har\u00addis grou\u00adp\u00e9s autour de L\u00e9nine. Si la for\u00adtune ne sou\u00adrit pas tou\u00adjours aux auda\u00adcieux, les hommes les suivent cepen\u00addant plus sou\u00advent que les inactifs.<\/p>\n<p>Tu sembles vou\u00adloir faire croire que la 3<sup>e<\/sup> C.G.T. est une \u00ab&nbsp;cr\u00e9a\u00adtion de mon esprit&nbsp;\u00bb. Du tout. Le cou\u00adrant qui s\u2019est des\u00adsi\u00adn\u00e9 en sa faveur, qui s\u2019ac\u00adcen\u00adtue chaque jour,\u200a\u2014\u200aj\u2019en ai la preuve\u200a\u2014\u200aest la cons\u00e9\u00adquence de faits dont les tra\u00advailleurs tirent en ce moment la conclu\u00adsion. Aujourd\u2019\u00adhui, tous les syn\u00addi\u00adca\u00adlistes, ou presque, sont convain\u00adcus, apr\u00e8s les exp\u00e9\u00adriences aus\u00adsi r\u00e9centes que r\u00e9p\u00e9\u00adt\u00e9es, qu\u2019il n\u2019y a plus d\u2019u\u00adni\u00adt\u00e9 pos\u00adsible. Il est donc logique qu\u2019\u00e0 d\u00e9faut de l\u2019u\u00adni\u00adt\u00e9 totale impos\u00adsible, ils cherchent \u00e0 faire la&nbsp;leur.<\/p>\n<p>Leur convic\u00adtion est encore for\u00adti\u00adfi\u00e9e, parce qu\u2019ils ont com\u00adpris l\u2019op\u00adpo\u00adsi\u00adtion sociale des buts pour\u00adsui\u00advis par les deux C.G.T. et par&nbsp;eux.<\/p>\n<p>Ils savent que, d\u00e9sor\u00admais, il serait st\u00e9\u00adrile de pour\u00adsuivre, d\u2019une part, la chi\u00adm\u00e8re de l\u2019u\u00adni\u00adt\u00e9 et que, d\u2019autre part, le syn\u00addi\u00adca\u00adlisme, ind\u00e9\u00adpen\u00addant et libre, doit s\u2019op\u00adpo\u00adser aux Par\u00adtis, \u00e0 tous les Par\u00adtis et \u00e0 leurs C.G.T. respectives.<\/p>\n<p>Et ils ont opt\u00e9 pour d\u00e9fendre le syn\u00addi\u00adca\u00adlisme par le seul moyen qui leur reste encore&nbsp;: consti\u00adtuer une 3<sup>e<\/sup> C.G.T. ou plu\u00adt\u00f4t <i>don\u00adner une conti\u00adnua\u00adtion \u00e0 la C.G.T. d\u2019a\u00advant-guerre<\/i>. C\u2019est ce qu\u2019ils appellent, eux, aller \u00e0 la mon\u00adtagne. Est-elle si loin&nbsp;? L\u2019a\u00adve\u00adnir nous le&nbsp;dira.<\/p>\n<p>Loin de \u00ab&nbsp;s\u00e9pa\u00adrer pour unir&nbsp;\u00bb, je veux unir ce qui est s\u00e9pa\u00adr\u00e9&nbsp;: les <i>forces auto\u00adnomes<\/i>&nbsp;; mais je ne tente d\u2019u\u00adnir que ce qui peut l\u2019\u00eatre et non ce qui ne peut pas l\u2019\u00eatre. Je cherche le pos\u00adsible. Tu tentes l\u2019im\u00adpos\u00adsible, l\u00e0 est toute la dif\u00adf\u00e9\u00adrence. Elle est essentielle.<\/p>\n<p>Quant aux craintes que tu mani\u00adfestes, en ce qui concerne la nou\u00advelle C.G.T. que tu vois d\u00e9j\u00e0 sous le contr\u00f4le de l\u2019U\u00adnion Anar\u00adchiste-Com\u00admu\u00adniste, elles sont pour le moins pr\u00e9\u00adma\u00adtu\u00adr\u00e9es. J\u2019a\u00adjoute qu\u2019elles sont vaines, parce qu\u2019\u00e0 aucun moment nous n\u2019a\u00advons tol\u00e9\u00adr\u00e9 que qui\u00adconque empi\u00e8te \u00e0 son pro\u00adfit sur l\u2019in\u00add\u00e9\u00adpen\u00addance du syn\u00addi\u00adca\u00adlisme&nbsp;; parce que je crois, aus\u00adsi, que nos cama\u00adrades anar\u00adchistes n\u2019ont jamais nour\u00adri de telles ambi\u00adtions&nbsp;; parce qu\u2019ils com\u00adprennent cer\u00adtai\u00adne\u00adment que la 3<sup>e<\/sup> C.G.T. doit \u00eatre un grand orga\u00adnisme o\u00f9 tous les tra\u00advailleurs, et pas seule\u00adment les anar\u00adchistes, doivent trou\u00adver leur place, parce que la 3<sup>e<\/sup> C.G.T. apr\u00e8s l\u2019ex\u00adp\u00e9\u00adrience des deux autres n\u2019est viable qu\u2019\u00e0 cette condition.<\/p>\n<p>Lorsque Le Pen d\u00e9clare que j\u2019ai recon\u00adnu publi\u00adque\u00adment que l\u2019U.F.S.A. \u00e9tait morte, il exa\u00adg\u00e8re un peu. J\u2019ai recon\u00adnu\u200a\u2014\u200aet c\u2019est la v\u00e9ri\u00adt\u00e9\u200a\u2014\u200aqu\u2019elle ne pro\u00adgres\u00adsait pas. C\u2019est dif\u00adf\u00e9\u00adrent. J\u2019a\u00adjoute, pour l\u2019\u00e9\u00addi\u00adfi\u00adca\u00adtion de Le Pen, que je connais les rai\u00adsons de cette stag\u00adna\u00adtion. On ne vient pas \u00e0 un orga\u00adnisme pro\u00advi\u00adsoire comme l\u2019U.F.S.A., mais on va \u00e0 un orga\u00adnisme d\u00e9fi\u00adni\u00adtif, qui d\u00e9clare net\u00adte\u00adment ce qu\u2019il veut \u00eatre, qui indique clai\u00adre\u00adment ses buts, qui affirme cat\u00e9\u00adgo\u00adri\u00adque\u00adment son pro\u00adgramme. Si, au lieu de consti\u00adtuer l\u2019in\u00adcon\u00adsis\u00adtante U.F.S.A. en 1924, on avait mis debout imm\u00e9\u00addia\u00adte\u00adment la C.G.T., troi\u00adsi\u00e8me du nom, nous serions loin aujourd\u2019hui.<\/p>\n<p>L\u2019er\u00adreur est l\u00e0. Nous avons per\u00addu 3 ans. Voi\u00adl\u00e0 la v\u00e9ri\u00adt\u00e9. Nos adver\u00adsaires l\u2019ont com\u00adpris, eux. Allons-nous le com\u00adprendre enfin&nbsp;?<\/p>\n<p>Je ne sais ce que repr\u00e9\u00adsente exac\u00adte\u00adment la F\u00e9d\u00e9\u00adra\u00adtion du B\u00e2ti\u00adment, mais j\u2019af\u00adfirme qu\u2019elle est trop jalouse de ses pr\u00e9\u00adro\u00adga\u00adtives, de son ind\u00e9\u00adpen\u00addance pour m\u2019a\u00advoir \u00ab&nbsp;sui\u00advi&nbsp;\u00bb. Et tu le sais&nbsp;bien.<\/p>\n<p>Elle sera une grande force de la 3<sup>e<\/sup> C.G.T. C\u2019est enten\u00addu, mais elle y ren\u00adcon\u00adtre\u00adra d\u2019autres forces qui, d\u2019ores et d\u00e9j\u00e0, ne sont pas n\u00e9gli\u00adgeables. Cela, je puis, main\u00adte\u00adnant, te l\u2019assurer.<\/p>\n<p>Quoi que tu en penses, j\u2019af\u00adfirme aus\u00adsi que les deux C.G.T. souffrent, \u00e0 nos yeux, d\u2019un mal ingu\u00e9\u00adris\u00adsable. Jamais elles ne d\u00e9fen\u00addront \u00e0 nou\u00adveau le syn\u00addi\u00adca\u00adlisme. Leurs buts, leurs pro\u00adgrammes, leur inter\u00addisent de se d\u00e9ju\u00adger. C\u2019est leur rai\u00adson d\u2019\u00eatre et ce ne sont point les \u00ab&nbsp;anar\u00adchistes d\u00e9mo\u00adcrates&nbsp;\u00bb\u200a\u2014\u200adont <i>le som\u00admeil est r\u00e9el et non fic\u00adtif<\/i>\u200a\u2014\u200aque la C.G.T. peut pos\u00ads\u00e9\u00adder dans son sein qui la ram\u00e8\u00adne\u00adrait dans la voie \u00e0 jamais aban\u00addon\u00adn\u00e9e. Quant \u00e0 la C.G.T.U., tu es fix\u00e9, je&nbsp;pense.<\/p>\n<p>Il faut, aujourd\u2019\u00adhui, <i>ou d\u00e9fendre le syn\u00addi\u00adca\u00adlisme ou signer sa faillite<\/i>. On ne peut le d\u00e9fendre qu\u2019a\u00advec une arme bien trem\u00adp\u00e9e, qu\u2019a\u00advec une force saine et orga\u00adni\u00ads\u00e9e. Le reste n\u2019est qu\u2019illusions.<\/p>\n<p>Je ne m\u2019a\u00adbuse pas, crois-le. Je n\u2019en\u00addu\u00adre\u00adrai pas le sup\u00adplice de Tan\u00adtale. Je savais que t\u00f4t ou tard, l\u2019heure de la r\u00e9union des forces syn\u00addi\u00adca\u00adlistes fran\u00ad\u00e7aises vien\u00addrait. Je l\u2019ai atten\u00addue patiem\u00adment, sans me d\u00e9cou\u00adra\u00adger, Et je suis d\u00e9ci\u00add\u00e9, pour peu qu\u2019on m\u2019y aide, \u00e0 ne pas la lais\u00adser passer.<\/p>\n<p>Ce n\u2019est ni par go\u00fbt ni par sen\u00adti\u00adment, que j\u2019a\u00adgis dans cette direc\u00adtion. J\u2019au\u00adrais pr\u00e9\u00adf\u00e9\u00adr\u00e9, comme toi, revoir un mou\u00adve\u00adment unique. C\u2019est impos\u00adsible, je me r\u00e9signe et je cherche le salut par une autre voie, la seule qui nous reste&nbsp;: <i>la consti\u00adtu\u00adtion d\u2019une 3<sup>e<\/sup> C.G.T., cons\u00e9\u00adquence m\u00eame des \u00e9v\u00e9\u00adne\u00adments et outil de lib\u00e9\u00adra\u00adtion n\u00e9ces\u00adsaire, plus que jamais, aux travailleurs.<\/i><\/p>\n<p>C\u2019est cela qu\u2019im\u00adposent vrai\u00adment et la rai\u00adson et l\u2019exa\u00admen pro\u00adfond de la situa\u00adtion pr\u00e9sente.<\/p>\n<p>T\u2019en convain\u00adcras-tu, Le&nbsp;Pen&nbsp;?<\/p>\n<p>[\/\u200bPierre <sc>Bes\u00adnard<\/sc>\/\u200b]<\/p>\n<\/h2>","protected":false},"excerpt":{"rendered":"<p>[(Notre cama\u00adrade Le Pen, \u00e0 qui un cer\u00adtain nombre de ques\u00adtions ont \u00e9t\u00e9 p\u00e9s\u00e9es dans le N\u00b02 de la Voix du tra\u00advail, nous a deman\u00add\u00e9 d\u2019in\u00ads\u00e9\u00adrer sa r\u00e9ponse. Nous nous fai\u00adsons un plai\u00adsir d\u2019ac\u00adquies\u00adcer \u00e0 sa demande. \u00c0 la suite de son article nous publions la r\u00e9plique du cama\u00adrade Bes\u00adnard, auquel nous avons com\u00admu\u00adni\u00adqu\u00e9 l\u2019ar\u00adticle [\u2026]<\/p>\n","protected":false},"author":1,"featured_media":0,"comment_status":"closed","ping_status":"closed","sticky":false,"template":"","format":"standard","meta":{"wp_typography_post_enhancements_disabled":false,"footnotes":""},"categories":[376],"tags":[],"ppma_author":[540],"class_list":["post-3167","post","type-post","status-publish","format-standard","hentry","category-la-voix-du-travail-na3-4-octobre-novembre-1926"],"authors":[{"term_id":540,"user_id":1,"is_guest":0,"slug":"admin_3gikpwyf","display_name":"Vincent Dubuc","avatar_url":"https:\/\/secure.gravatar.com\/avatar\/d015720652c25fd2ced191ade86430094e1f288a17483713e3b34d26dea52507?s=96&d=mm&r=g","author_category":"","user_url":"https:\/\/la-presse-anarchiste.net","last_name":"Dubuc","first_name":"Vincent","job_title":"","description":""}],"_links":{"self":[{"href":"https:\/\/la-presse-anarchiste.net\/index.php\/wp-json\/wp\/v2\/posts\/3167","targetHints":{"allow":["GET"]}}],"collection":[{"href":"https:\/\/la-presse-anarchiste.net\/index.php\/wp-json\/wp\/v2\/posts"}],"about":[{"href":"https:\/\/la-presse-anarchiste.net\/index.php\/wp-json\/wp\/v2\/types\/post"}],"author":[{"embeddable":true,"href":"https:\/\/la-presse-anarchiste.net\/index.php\/wp-json\/wp\/v2\/users\/1"}],"replies":[{"embeddable":true,"href":"https:\/\/la-presse-anarchiste.net\/index.php\/wp-json\/wp\/v2\/comments?post=3167"}],"version-history":[{"count":0,"href":"https:\/\/la-presse-anarchiste.net\/index.php\/wp-json\/wp\/v2\/posts\/3167\/revisions"}],"wp:attachment":[{"href":"https:\/\/la-presse-anarchiste.net\/index.php\/wp-json\/wp\/v2\/media?parent=3167"}],"wp:term":[{"taxonomy":"category","embeddable":true,"href":"https:\/\/la-presse-anarchiste.net\/index.php\/wp-json\/wp\/v2\/categories?post=3167"},{"taxonomy":"post_tag","embeddable":true,"href":"https:\/\/la-presse-anarchiste.net\/index.php\/wp-json\/wp\/v2\/tags?post=3167"},{"taxonomy":"author","embeddable":true,"href":"https:\/\/la-presse-anarchiste.net\/index.php\/wp-json\/wp\/v2\/ppma_author?post=3167"}],"curies":[{"name":"wp","href":"https:\/\/api.w.org\/{rel}","templated":true}]}}