{"id":3169,"date":"2012-05-15T00:51:00","date_gmt":"2012-05-15T00:51:00","guid":{"rendered":"https:\/\/la-presse-anarchiste.net\/index.php\/2012\/05\/15\/une-mise-au-point-de-la-c-e-federale\/"},"modified":"2012-05-15T00:51:00","modified_gmt":"2012-05-15T00:51:00","slug":"une-mise-au-point-de-la-c-e-federale","status":"publish","type":"post","link":"https:\/\/la-presse-anarchiste.net\/index.php\/2012\/05\/15\/une-mise-au-point-de-la-c-e-federale\/","title":{"rendered":"Une mise au point de la C.E. F\u00e9d\u00e9rale"},"content":{"rendered":"<div class=\"pdfprnt-buttons pdfprnt-buttons-post pdfprnt-top-right\"><a href=\"https:\/\/la-presse-anarchiste.net\/index.php\/wp-json\/wp\/v2\/posts\/3169?print=pdf\" class=\"pdfprnt-button pdfprnt-button-pdf\" target=\"_blank\"><img decoding=\"async\" src=\"https:\/\/la-presse-anarchiste.net\/wp-content\/plugins\/pdf-print\/images\/pdf.png\" alt=\"image_pdf\" title=\"Afficher le PDF\"><\/a><a href=\"https:\/\/la-presse-anarchiste.net\/index.php\/wp-json\/wp\/v2\/posts\/3169?print=print\" class=\"pdfprnt-button pdfprnt-button-print\" target=\"_blank\"><img decoding=\"async\" src=\"https:\/\/la-presse-anarchiste.net\/wp-content\/plugins\/pdf-print\/images\/print.png\" alt=\"image_print\" title=\"Contenu imprim\u00e9\"><\/a><\/div><p>La Com\u00admis\u00adsion Ex\u00e9\u00adcu\u00adtive de la F\u00e9d\u00e9\u00adra\u00adtion Natio\u00adnale du B\u00e2ti\u00adment et des Tra\u00advaux Publics de France, pla\u00adc\u00e9e face \u00e0 la cam\u00adpagne de d\u00e9ma\u00adgo\u00adgie et de calom\u00adnie d\u00e9clen\u00adch\u00e9e \u00e0 l\u2019en\u00adcontre des d\u00e9ci\u00adsions prises par le der\u00adnier Comi\u00adt\u00e9 Natio\u00adnal F\u00e9d\u00e9\u00adral tenu \u00e0 Paris les 17 et 18 juillet 1926, tient \u00e0 pro\u00adtes\u00adter contre les\u00addites man\u0153uvres concr\u00e9\u00adti\u00ads\u00e9es par divers articles de presse, ten\u00addant \u00e0 d\u00e9na\u00adtu\u00adrer l\u2019ob\u00adjec\u00adtif de la r\u00e9so\u00adlu\u00adtion Barthe-Boudoux-Jouve.<\/p>\n<p>Elle en rap\u00adpelle, \u00e0 titre docu\u00admen\u00adtaire, et ceci afin de faire ces\u00adser la confu\u00adsion cr\u00e9\u00e9e, le pas\u00adsage essen\u00adtiel\u2026 \u00ab&nbsp;Au cas o\u00f9 le d\u00e9sir des syn\u00addi\u00adcats auto\u00adnomes \u00e0 tous les points de vue, refl\u00e9\u00adte\u00adrait un pro\u00adfond d\u00e9sir d\u2019or\u00adga\u00adni\u00adsa\u00adtion, sur les bases cit\u00e9es plus haut, donne man\u00addat au Bureau F\u00e9d\u00e9\u00adral et \u00e0 la C.E., ceci apr\u00e8s en avoir pr\u00e9a\u00adla\u00adble\u00adment avi\u00ads\u00e9 les syn\u00addi\u00adqu\u00e9s et les syn\u00addi\u00adcats com\u00adpo\u00adsant la F\u00e9d\u00e9\u00adra\u00adtion, de convo\u00adquer un Congr\u00e8s extra\u00ador\u00addi\u00adnaire de ses syn\u00addi\u00adcats pour envi\u00adsa\u00adger et prendre toutes mesures d\u2019or\u00adga\u00adni\u00adsa\u00adtion, de d\u00e9fense syn\u00addi\u00adca\u00adliste et de regroupement\u2026&nbsp;\u00bb<\/p>\n<p>Consi\u00add\u00e9\u00adrant que cette r\u00e9so\u00adlu\u00adtion est conforme \u00e0 l\u2019es\u00adprit f\u00e9d\u00e9\u00adra\u00adliste en vigueur dans les milieux syn\u00addi\u00adca\u00adlistes-r\u00e9vo\u00adlu\u00adtion\u00adnaires et laisse toute lati\u00adtude aux syn\u00addi\u00adqu\u00e9s et aux syn\u00addi\u00adcats grou\u00adp\u00e9s \u00e0 la F\u00e9d\u00e9\u00adra\u00adtion de prendre en toute liber\u00adt\u00e9 leurs d\u00e9cisions.<\/p>\n<p>S\u2019en rap\u00adpor\u00adtant \u00e0 l\u2019\u00e9\u00adpar\u00adpille\u00adment des forces auto\u00adnomes qui sont dans le pays, situa\u00adtion qui est la cause ini\u00adtiale de l\u2019af\u00adfai\u00adblis\u00adse\u00adment des effec\u00adtifs, se r\u00e9f\u00e9\u00adrant \u00e0 la Charte d\u2019A\u00admiens, met\u00adtant ceux-ci dans l\u2019im\u00adpos\u00adsi\u00adbi\u00adli\u00adt\u00e9 de d\u00e9fendre le syn\u00addi\u00adca\u00adlisme r\u00e9vo\u00adlu\u00adtion\u00adnaire ind\u00e9\u00adpen\u00addant, mena\u00adc\u00e9 par le nou\u00adveau syn\u00addi\u00adca\u00adlisme de Par\u00adti&nbsp;; regret\u00adtant ce manque d\u2019u\u00adni\u00adt\u00e9 id\u00e9o\u00adlo\u00adgique qui va \u00e0 l\u2019en\u00adcontre de l\u2019u\u00adni\u00adt\u00e9 \u00e0 la base, estime le moment venu d\u2019exa\u00admi\u00adner le pro\u00adbl\u00e8me \u00e0 fond, \u00e0 savoir les rai\u00adsons qui font que l\u2019au\u00adto\u00adno\u00admie pro\u00advi\u00adsoire n\u2019a pas don\u00adn\u00e9 les r\u00e9sul\u00adtats esp\u00e9\u00adr\u00e9s, de ce fait exa\u00admi\u00adner la nou\u00advelle posi\u00adtion \u00e0 prendre.<\/p>\n<p>Consta\u00adtant l\u2019\u00e9\u00adchec des dif\u00adf\u00e9\u00adrentes ten\u00adta\u00adtives d\u2019U\u00adni\u00adt\u00e9, tant \u00e0 la base qu\u2019au som\u00admet, moti\u00adv\u00e9 par le pro\u00adgramme de col\u00adla\u00adbo\u00adra\u00adtion de classe de la C.G.T., de la subor\u00addi\u00adna\u00adtion com\u00adpl\u00e8te de la C.G.T.U., contr\u00f4\u00adl\u00e9e par le Par\u00adti dit \u00ab&nbsp;Com\u00admu\u00adniste&nbsp;\u00bb et l\u2019en\u00adtr\u00e9e des Secr\u00e9\u00adtaires conf\u00e9\u00add\u00e9\u00adraux ou de ses prin\u00adci\u00adpaux, mili\u00adtants au Comi\u00adt\u00e9 Direc\u00adteur dudit Par\u00adti, qui consacre sa subordination&nbsp;;<\/p>\n<p>L\u2019\u00e9\u00adchec de la der\u00adni\u00e8re ten\u00adta\u00adtive d\u2019U\u00adni\u00adt\u00e9 indus\u00adtrielle, celui de la Ligue d\u2019Ac\u00adtion du B\u00e2ti\u00adment, tor\u00adpill\u00e9e par ordre du Par\u00adti, dit \u00ab&nbsp;Com\u00admu\u00adniste&nbsp;\u00bb, les \u00e9checs suc\u00adces\u00adsifs de front unique, man\u0153uvre vou\u00adlue sp\u00e9\u00adcia\u00adle\u00adment pour noyau\u00adter les orga\u00adnismes divers et tirer \u00e0 soi la cou\u00adver\u00adture,&nbsp;etc.<\/p>\n<p>D\u00e9clare n\u00e9an\u00admoins, mal\u00adgr\u00e9 tous ces obs\u00adtacles, vou\u00adloir se poser en cham\u00adpion de l\u2019U\u00adni\u00adt\u00e9 ouvri\u00e8re tant d\u00e9si\u00adr\u00e9e par ceux qui peinent et souffrent cour\u00adb\u00e9s sous le joug du capi\u00adta\u00adlisme. Pour ce faire, la C.E. indique qu\u2019a\u00adfin d\u2019\u00e9\u00adclai\u00adrer tous les tra\u00advailleurs sur la valeur des sen\u00adti\u00adments d\u2019U\u00adni\u00adt\u00e9 de cha\u00adcun, il sera fait appel \u00e0 l\u2019oc\u00adca\u00adsion du Congr\u00e8s Extra\u00ador\u00addi\u00adnaire de la F\u00e9d\u00e9\u00adra\u00adtion, si tou\u00adte\u00adfois les syn\u00addi\u00adcats en d\u00e9cident ain\u00adsi, ceci pour la der\u00adni\u00e8re fois, \u00e0 un ora\u00adteur d\u00fbment man\u00adda\u00adt\u00e9 de chaque F\u00e9d\u00e9\u00adra\u00adtion du B\u00e2ti\u00adment actuel\u00adle\u00adment exis\u00adtantes, pour venir expo\u00adser le point de vue de leur orga\u00adnisme aux d\u00e9l\u00e9\u00adgu\u00e9s du Congr\u00e8s, ceci sur l\u2019U\u00adni\u00adt\u00e9 et avant que ceux-ci se prononcent.<\/p>\n<p>D\u2019autre part, consi\u00add\u00e9\u00adrant que le syn\u00addi\u00adca\u00adlisme r\u00e9vo\u00adlu\u00adtion\u00adnaire et lutte de classe doit vivre mal\u00adgr\u00e9 ses bles\u00adsures momen\u00adta\u00adn\u00e9es, fid\u00e8le \u00e0 la teneur et \u00e0 l\u2019es\u00adprit de la Charte d\u2019A\u00admiens, comme en 1906, dont la vieille F\u00e9d\u00e9\u00adra\u00adtion du B\u00e2ti\u00adment s\u2019est tou\u00adjours r\u00e9cla\u00adm\u00e9e, la C.E. n\u2019en d\u00e9clare pas moins s\u2019en\u00adga\u00adger \u00e0 tra\u00advailler pour l\u2019U\u00adnion de toutes les forces auto\u00adnomes du pays en atten\u00addant l\u2019U\u00adni\u00adt\u00e9 totale qui trou\u00adve\u00adra tou\u00adjours dans la vieille F\u00e9d\u00e9\u00adra\u00adtion du B\u00e2ti\u00adment une adepte convain\u00adcue de la n\u00e9ces\u00adsi\u00adt\u00e9 imp\u00e9\u00adrieuse de celle-ci.<\/p>\n<p>La C.E. pense que cette mise au point n\u00e9ces\u00adsaire en l\u2019es\u00adp\u00e8ce, met\u00adtra fin aux calom\u00adnies int\u00e9\u00adres\u00ads\u00e9es et cou\u00adpe\u00adra court \u00e0 toutes les man\u0153uvres qui font le jeu des divi\u00adseurs et vont \u00e0 l\u2019en\u00adcontre de l\u2019en\u00adtente de tous les travailleurs.<\/p>\n<p>[\/\u200bLa Com\u00admis\u00adsion Ex\u00e9\u00adcu\u00adtive F\u00e9d\u00e9rale.\/]<\/p>\n","protected":false},"excerpt":{"rendered":"<p>La Com\u00admis\u00adsion Ex\u00e9\u00adcu\u00adtive de la F\u00e9d\u00e9\u00adra\u00adtion Natio\u00adnale du B\u00e2ti\u00adment et des Tra\u00advaux Publics de France, pla\u00adc\u00e9e face \u00e0 la cam\u00adpagne de d\u00e9ma\u00adgo\u00adgie et de calom\u00adnie d\u00e9clen\u00adch\u00e9e \u00e0 l\u2019en\u00adcontre des d\u00e9ci\u00adsions prises par le der\u00adnier Comi\u00adt\u00e9 Natio\u00adnal F\u00e9d\u00e9\u00adral tenu \u00e0 Paris les 17 et 18 juillet 1926, tient \u00e0 pro\u00adtes\u00adter contre les\u00addites man\u0153uvres concr\u00e9\u00adti\u00ads\u00e9es par divers&nbsp;[\u2026]<\/p>\n","protected":false},"author":1,"featured_media":0,"comment_status":"closed","ping_status":"closed","sticky":false,"template":"","format":"standard","meta":{"wp_typography_post_enhancements_disabled":false,"footnotes":""},"categories":[376],"tags":[],"ppma_author":[540],"class_list":["post-3169","post","type-post","status-publish","format-standard","hentry","category-la-voix-du-travail-na3-4-octobre-novembre-1926"],"authors":[{"term_id":540,"user_id":1,"is_guest":0,"slug":"admin_3gikpwyf","display_name":"Vincent Dubuc","avatar_url":"https:\/\/secure.gravatar.com\/avatar\/d015720652c25fd2ced191ade86430094e1f288a17483713e3b34d26dea52507?s=96&d=mm&r=g","author_category":"","user_url":"https:\/\/la-presse-anarchiste.net","last_name":"Dubuc","first_name":"Vincent","job_title":"","description":""}],"_links":{"self":[{"href":"https:\/\/la-presse-anarchiste.net\/index.php\/wp-json\/wp\/v2\/posts\/3169","targetHints":{"allow":["GET"]}}],"collection":[{"href":"https:\/\/la-presse-anarchiste.net\/index.php\/wp-json\/wp\/v2\/posts"}],"about":[{"href":"https:\/\/la-presse-anarchiste.net\/index.php\/wp-json\/wp\/v2\/types\/post"}],"author":[{"embeddable":true,"href":"https:\/\/la-presse-anarchiste.net\/index.php\/wp-json\/wp\/v2\/users\/1"}],"replies":[{"embeddable":true,"href":"https:\/\/la-presse-anarchiste.net\/index.php\/wp-json\/wp\/v2\/comments?post=3169"}],"version-history":[{"count":0,"href":"https:\/\/la-presse-anarchiste.net\/index.php\/wp-json\/wp\/v2\/posts\/3169\/revisions"}],"wp:attachment":[{"href":"https:\/\/la-presse-anarchiste.net\/index.php\/wp-json\/wp\/v2\/media?parent=3169"}],"wp:term":[{"taxonomy":"category","embeddable":true,"href":"https:\/\/la-presse-anarchiste.net\/index.php\/wp-json\/wp\/v2\/categories?post=3169"},{"taxonomy":"post_tag","embeddable":true,"href":"https:\/\/la-presse-anarchiste.net\/index.php\/wp-json\/wp\/v2\/tags?post=3169"},{"taxonomy":"author","embeddable":true,"href":"https:\/\/la-presse-anarchiste.net\/index.php\/wp-json\/wp\/v2\/ppma_author?post=3169"}],"curies":[{"name":"wp","href":"https:\/\/api.w.org\/{rel}","templated":true}]}}