{"id":3170,"date":"2012-05-15T00:53:20","date_gmt":"2012-05-15T00:53:20","guid":{"rendered":"https:\/\/la-presse-anarchiste.net\/index.php\/2012\/05\/15\/lettre-ouverte-au-camarade-le-pen\/"},"modified":"2012-05-15T00:53:20","modified_gmt":"2012-05-15T00:53:20","slug":"lettre-ouverte-au-camarade-le-pen","status":"publish","type":"post","link":"https:\/\/la-presse-anarchiste.net\/index.php\/2012\/05\/15\/lettre-ouverte-au-camarade-le-pen\/","title":{"rendered":"Lettre ouverte au camarade Le&nbsp;Pen"},"content":{"rendered":"<div class=\"pdfprnt-buttons pdfprnt-buttons-post pdfprnt-top-right\"><a href=\"https:\/\/la-presse-anarchiste.net\/index.php\/wp-json\/wp\/v2\/posts\/3170?print=pdf\" class=\"pdfprnt-button pdfprnt-button-pdf\" target=\"_blank\"><img decoding=\"async\" src=\"https:\/\/la-presse-anarchiste.net\/wp-content\/plugins\/pdf-print\/images\/pdf.png\" alt=\"image_pdf\" title=\"Afficher le PDF\"><\/a><a href=\"https:\/\/la-presse-anarchiste.net\/index.php\/wp-json\/wp\/v2\/posts\/3170?print=print\" class=\"pdfprnt-button pdfprnt-button-print\" target=\"_blank\"><img decoding=\"async\" src=\"https:\/\/la-presse-anarchiste.net\/wp-content\/plugins\/pdf-print\/images\/print.png\" alt=\"image_print\" title=\"Contenu imprim\u00e9\"><\/a><\/div><p>Ayant assis\u00adt\u00e9 \u00e0 l\u2019As\u00adsem\u00adbl\u00e9e g\u00e9n\u00e9\u00adrale du S.U.B., \u00e0 Paris, le 16 sep\u00adtembre 1926, j\u2019ai \u00e9cou\u00adt\u00e9 reli\u00adgieu\u00adse\u00adment ton expo\u00ads\u00e9, avec beau\u00adcoup de dou\u00adleur, ain\u00adsi que de nom\u00adbreux cama\u00adrades. Ton plai\u00addoyer a \u00e9t\u00e9 tr\u00e8s m\u00e9chant envers les amis de la C.E. f\u00e9d\u00e9\u00adrale et tr\u00e8s all\u00e9\u00adchant pour les gens que tu appe\u00adlais \u00e0, Dijon \u00ab&nbsp;avoir d\u00een\u00e9 chez le Mar\u00adquis de Polignac&nbsp;\u00bb.<\/p>\n<p>Toute ton amer\u00adtume va \u00e0 ceux qui res\u00adtent eux m\u00eames, C\u2019est-\u00e0-dire aux syn\u00addi\u00adca\u00adlistes r\u00e9vo\u00adlu\u00adtion\u00adnaires en dehors des deux C.G.T. qui subissent les influences ext\u00e9rieures.<\/p>\n<p>Notre ami Cou\u00adture, en quelques mots, t\u2019a r\u00e9pon\u00addu en te disant que \u00ab&nbsp;c\u2019est en 1921 qu\u2019il fal\u00adlait par\u00adler&nbsp;ainsi&nbsp;\u00bb.<\/p>\n<p>Notre ami Bou\u00addoux, en quelques phrases, a d\u00e9mo\u00adli ton article paru sur \u00ab&nbsp;Le Semeur&nbsp;\u00bb, sur l\u2019op\u00adpor\u00adtu\u00adni\u00adt\u00e9 d\u2019une troi\u00adsi\u00e8me C.G.T.<\/p>\n<p>\u00c0 quoi pen\u00adsais-tu \u00e0 la tri\u00adbune quand tu bran\u00addis\u00adsais le spectre de l\u2019a\u00adnar\u00adchie, apr\u00e8s avoir \u00e9t\u00e9 si content de trou\u00adver l\u2019hos\u00adpi\u00adta\u00adli\u00adt\u00e9 dans les colonnes de ce jour\u00adnal anarchiste&nbsp;?<\/p>\n<p>Pour\u00adquoi te reven\u00addiques-tu de Pel\u00adlou\u00adtier, Prou\u00addhon, etc\u2026&nbsp;? Mieux que qui\u00adconque, tu sais que les anar\u00adchistes apportent leur d\u00e9voue\u00adment sans jamais recher\u00adcher une r\u00e9com\u00adpense. Ils sont au syn\u00addi\u00adca\u00adlisme ce que ne sont pas les poli\u00adti\u00adciens&nbsp;: des vic\u00adtimes de toutes les heures pour d\u00e9fendre le patri\u00admoine de leur id\u00e9al, fait de bon\u00adt\u00e9 et de jus\u00adtice, n\u2019at\u00adten\u00addant rien que des coups des imb\u00e9\u00adciles qui ont encore un ban\u00addeau de pr\u00e9\u00adju\u00adg\u00e9s devant les&nbsp;yeux.<\/p>\n<p>Il faut les plaindre, ces imb\u00e9ciles&nbsp;!<\/p>\n<p>Tu accuses la faillite d\u2019un c\u0153ur l\u00e9ger. Attends-tu notre suc\u00adces\u00adsion&nbsp;? La chose te sera facile, tout le Bureau f\u00e9d\u00e9\u00adral sera d\u00e9mis\u00adsion\u00adnaire au Congr\u00e8s extra\u00ador\u00addi\u00adnaire. Si tu as l\u2019i\u00add\u00e9e, comme en 1923, de remettre \u00e7a, cela te sera bien facile&nbsp;; nous, nous pr\u00e9\u00adf\u00e9\u00adrons le chan\u00adtier au Bureau&nbsp;; cela ne nous emp\u00ea\u00adche\u00adra pas de conti\u00adnuer la lutte que nous pour\u00adsui\u00advons depuis vingt&nbsp;ans.<\/p>\n<p>Tu m\u2019as repro\u00adch\u00e9 mon audace de secr\u00e9\u00adtaire f\u00e9d\u00e9\u00adral. Le 1<sup>er<\/sup> mars, tu as \u00e9t\u00e9 bien content de celle-ci pour nous repr\u00e9\u00adsen\u00adter \u00e0 la tri\u00adbune. Mais la vie n\u2019est-elle, pas faite toute d\u2019au\u00addace&nbsp;? Est-ce que nos pr\u00e9\u00adcur\u00adseurs n\u2019ont pas sacri\u00adfi\u00e9 leur per\u00adson\u00adna\u00adli\u00adt\u00e9 \u00e0 la dure bataille des&nbsp;id\u00e9es&nbsp;?<\/p>\n<p>N\u2019as-tu pas pr\u00e9\u00adsi\u00add\u00e9 les conf\u00e9\u00adrences de l\u2019U.F.S.A., \u00e0 Saint-Ouen, que tu com\u00adbats aujourd\u2019\u00adhui parce qu\u2019elle n\u2019a pas r\u00e9ussi&nbsp;?<\/p>\n<p>C\u2019est ton droit d\u2019\u00eatre fati\u00adgu\u00e9, \u00e9c\u0153u\u00adr\u00e9, mais l\u00e0 o\u00f9 tu te trompes, c\u2019est d\u2019in\u00adfluen\u00adcer les cama\u00adrades pour les faire ren\u00adtrer \u00e0 un orga\u00adnisme que tu as condam\u00adn\u00e9 d\u2019une fa\u00e7on impi\u00adtoyable, toi plus que tout autre. Chas\u00adser les mau\u00advais ber\u00adgers du temple&nbsp;? Tu oublies que ce sont les ap\u00f4tres qui sont chas\u00ads\u00e9s par les admi\u00adnis\u00adtra\u00adteurs. Regarde autour de toi tous ceux qui sont res\u00adt\u00e9s, et ceux qui y sont retour\u00adn\u00e9s, qu\u2019ont-ils fait&nbsp;?&nbsp;Rien.<\/p>\n<p>Tu as eu la belle aubaine de d\u00e9cor\u00adti\u00adquer une par\u00adtie de la phrase du d\u00e9l\u00e9\u00adgu\u00e9 de l\u2019A.I.T. pour essayer par sen\u00adti\u00admen\u00adta\u00adlisme de trom\u00adper tes audi\u00adteurs. Tu n\u2019as pas r\u00e9us\u00adsi, tant mieux&nbsp;; la v\u00e9ri\u00adt\u00e9 a encore une fois triom\u00adph\u00e9 de l\u2019er\u00adreur. Quand on cri\u00adtique quelque chose, on apporte quelque chose. Soyons nets, voi\u00adci ce qu\u2019a dit le d\u00e9l\u00e9\u00adgu\u00e9 de l\u2019A.I.T. au Comi\u00adt\u00e9 National&nbsp;:<\/p>\n<p>\u00ab&nbsp;Au-point de vue de l\u2019u\u00adni\u00adt\u00e9, j\u2019ai remar\u00adqu\u00e9 que les r\u00e9ponses deviennent de plus en plus homo\u00adg\u00e8nes&nbsp;; on r\u00e9pond que l\u2019U\u00adni\u00adt\u00e9 n\u2019est pas pos\u00adsible. J\u2019au\u00adrais vou\u00adlu qu\u2019on dise non seule\u00adment que l\u2019U\u00adni\u00adt\u00e9 n\u2019est pas pos\u00adsible, mais qu\u2019<i>aujourd\u2019\u00adhui<\/i> elle n\u2019est pas d\u00e9si\u00adrable&nbsp;; c\u2019est quelque chose de ris\u00adqu\u00e9, mais en ce moment nous sommes en p\u00e9riode de d\u00e9ve\u00adlop\u00adpe\u00adment r\u00e9vo\u00adlu\u00adtion\u00adnaire&nbsp;; cette uni\u00adt\u00e9 fic\u00adtive, qui a pu sem\u00adbler si attrayante, devient dan\u00adge\u00adreuse au moment d\u2019une p\u00e9riode r\u00e9vo\u00adlu\u00adtion\u00adnaire. Ce qu\u2019il faut, c\u2019est la \u00ab&nbsp;dif\u00adf\u00e9\u00adren\u00adcia\u00adtion&nbsp;\u00bb au sein du mou\u00adve\u00adment ouvrier&nbsp;; l\u2019u\u00adni\u00adt\u00e9 se fera le jour de la r\u00e9vo\u00adlu\u00adtion, dans les rues, pour balayer le vieux r\u00e9gime. Mais le len\u00adde\u00admain de la r\u00e9vo\u00adlu\u00adtion des rues, nous ne serons plus uni\u00adtaires parce que nous aurons <i>nos<\/i> m\u00e9thodes, <i>nos<\/i> prin\u00adcipes, <i>notre<\/i> tac\u00adtique, et d\u00e8s aujourd\u2019\u00adhui nous devons dire que l\u2019u\u00adni\u00adt\u00e9, comme on la com\u00adprend aujourd\u2019\u00adhui, est une chose dan\u00adge\u00adreuse en p\u00e9riode r\u00e9volutionnaire.&nbsp;\u00bb<\/p>\n<p>Tu vois d\u2019i\u00adci la nuance entre ton appr\u00e9\u00adcia\u00adtion et celle qu\u2019il lui a donn\u00e9e.<\/p>\n<p>Tu as jou\u00e9 avec le feu et tu as br\u00fb\u00adl\u00e9 tes ailes&nbsp;; ton vol pla\u00adn\u00e9 au-des\u00adsus de la C.G.T., si inno\u00adcente d\u2019a\u00adpr\u00e8s toi, pleine de ver\u00adtus, d\u2019hon\u00adn\u00ea\u00adte\u00adt\u00e9, cette suc\u00adcur\u00adsale de la rue de Gre\u00adnelle \u00e0 la Soci\u00e9\u00adt\u00e9 des Nations, sans en oublier l\u2019en\u00adtre\u00advue Poin\u00adca\u00adr\u00e9-Jou\u00adhaux. Tu as beau t\u2019en faire le com\u00admis-voya\u00adgeur, la clien\u00adt\u00e8le est bien minime.<\/p>\n<p>Com\u00adment oublies-tu les \u2011\u00e9checs. des gr\u00e8ves du 19 juillet 1919, mai 1920&nbsp;; les exclu\u00adsions pour le d\u00e9lit de ten\u00addances, etc&nbsp;?\u2026<\/p>\n<p>Toi, le pol\u00e9\u00admiste d\u00e9cha\u00ee\u00adn\u00e9 contre eux, aller faire amende hono\u00adrable \u00e0 ces gens-l\u00e0, nous ne pou\u00advons pas le croire&nbsp;!\u2026<\/p>\n<p>On nous offre une exp\u00e9\u00adrience pour sau\u00adver le v\u00e9ri\u00adtable syn\u00addi\u00adca\u00adlisme r\u00e9vo\u00adlu\u00adtion\u00adnaire&nbsp;; nous n\u2019a\u00advons pas le droit de nous d\u00e9ju\u00adger, mal\u00adgr\u00e9 que nous sachions qu\u2019a la C.G.T. il y a des tra\u00advailleurs qui ne pensent pas comme les&nbsp;chefs.<\/p>\n<p>La pau\u00advre\u00adt\u00e9 n\u2019est pas un crime, Le Pen, et il vaut mieux, lors\u00adqu\u2019on croit avoir rai\u00adson, conti\u00adnuer plu\u00adt\u00f4t que d\u2019a\u00adban\u00addon\u00adner. Plan\u00adter son dra\u00adpeau de r\u00e9volte au milieu des mis\u00e9\u00adreux est plus hono\u00adrable que d\u2019al\u00adler le plan\u00adter dans le fumier, au milieu de la Soci\u00e9\u00adt\u00e9 des Nations.<\/p>\n<p>Je me r\u00e9sume, car j\u2019au\u00adrais beau\u00adcoup \u00e0 dire sur tes contra\u00addic\u00adtions de ces quelques ann\u00e9es.<\/p>\n<p>Sans ran\u00adcune, cher&nbsp;ami.<\/p>\n<p>[\/\u200bL. <sc>Bois\u00adson<\/sc>.\/\u200b]<\/p>\n","protected":false},"excerpt":{"rendered":"<p>Ayant assis\u00adt\u00e9 \u00e0 l\u2019As\u00adsem\u00adbl\u00e9e g\u00e9n\u00e9\u00adrale du S.U.B., \u00e0 Paris, le 16 sep\u00adtembre 1926, j\u2019ai \u00e9cou\u00adt\u00e9 reli\u00adgieu\u00adse\u00adment ton expo\u00ads\u00e9, avec beau\u00adcoup de dou\u00adleur, ain\u00adsi que de nom\u00adbreux cama\u00adrades. Ton plai\u00addoyer a \u00e9t\u00e9 tr\u00e8s m\u00e9chant envers les amis de la C.E. f\u00e9d\u00e9\u00adrale et tr\u00e8s all\u00e9\u00adchant pour les gens que tu appe\u00adlais \u00e0, Dijon \u00ab&nbsp;avoir d\u00een\u00e9 chez&nbsp;le&nbsp;[\u2026]<\/p>\n","protected":false},"author":1,"featured_media":0,"comment_status":"closed","ping_status":"closed","sticky":false,"template":"","format":"standard","meta":{"wp_typography_post_enhancements_disabled":false,"footnotes":""},"categories":[376],"tags":[],"ppma_author":[540],"class_list":["post-3170","post","type-post","status-publish","format-standard","hentry","category-la-voix-du-travail-na3-4-octobre-novembre-1926"],"authors":[{"term_id":540,"user_id":1,"is_guest":0,"slug":"admin_3gikpwyf","display_name":"Vincent Dubuc","avatar_url":"https:\/\/secure.gravatar.com\/avatar\/d015720652c25fd2ced191ade86430094e1f288a17483713e3b34d26dea52507?s=96&d=mm&r=g","author_category":"","user_url":"https:\/\/la-presse-anarchiste.net","last_name":"Dubuc","first_name":"Vincent","job_title":"","description":""}],"_links":{"self":[{"href":"https:\/\/la-presse-anarchiste.net\/index.php\/wp-json\/wp\/v2\/posts\/3170","targetHints":{"allow":["GET"]}}],"collection":[{"href":"https:\/\/la-presse-anarchiste.net\/index.php\/wp-json\/wp\/v2\/posts"}],"about":[{"href":"https:\/\/la-presse-anarchiste.net\/index.php\/wp-json\/wp\/v2\/types\/post"}],"author":[{"embeddable":true,"href":"https:\/\/la-presse-anarchiste.net\/index.php\/wp-json\/wp\/v2\/users\/1"}],"replies":[{"embeddable":true,"href":"https:\/\/la-presse-anarchiste.net\/index.php\/wp-json\/wp\/v2\/comments?post=3170"}],"version-history":[{"count":0,"href":"https:\/\/la-presse-anarchiste.net\/index.php\/wp-json\/wp\/v2\/posts\/3170\/revisions"}],"wp:attachment":[{"href":"https:\/\/la-presse-anarchiste.net\/index.php\/wp-json\/wp\/v2\/media?parent=3170"}],"wp:term":[{"taxonomy":"category","embeddable":true,"href":"https:\/\/la-presse-anarchiste.net\/index.php\/wp-json\/wp\/v2\/categories?post=3170"},{"taxonomy":"post_tag","embeddable":true,"href":"https:\/\/la-presse-anarchiste.net\/index.php\/wp-json\/wp\/v2\/tags?post=3170"},{"taxonomy":"author","embeddable":true,"href":"https:\/\/la-presse-anarchiste.net\/index.php\/wp-json\/wp\/v2\/ppma_author?post=3170"}],"curies":[{"name":"wp","href":"https:\/\/api.w.org\/{rel}","templated":true}]}}