{"id":3172,"date":"2012-05-15T00:51:24","date_gmt":"2012-05-15T00:51:24","guid":{"rendered":"https:\/\/la-presse-anarchiste.net\/index.php\/2012\/05\/15\/le-travail-du-comite-demigration\/"},"modified":"2012-05-15T00:51:24","modified_gmt":"2012-05-15T00:51:24","slug":"le-travail-du-comite-demigration","status":"publish","type":"post","link":"https:\/\/la-presse-anarchiste.net\/index.php\/2012\/05\/15\/le-travail-du-comite-demigration\/","title":{"rendered":"Le travail du Comit\u00e9 d\u2019\u00c9migration"},"content":{"rendered":"<div class=\"pdfprnt-buttons pdfprnt-buttons-post pdfprnt-top-right\"><a href=\"https:\/\/la-presse-anarchiste.net\/index.php\/wp-json\/wp\/v2\/posts\/3172?print=pdf\" class=\"pdfprnt-button pdfprnt-button-pdf\" target=\"_blank\"><img decoding=\"async\" src=\"https:\/\/la-presse-anarchiste.net\/wp-content\/plugins\/pdf-print\/images\/pdf.png\" alt=\"image_pdf\" title=\"Afficher le PDF\"><\/a><a href=\"https:\/\/la-presse-anarchiste.net\/index.php\/wp-json\/wp\/v2\/posts\/3172?print=print\" class=\"pdfprnt-button pdfprnt-button-print\" target=\"_blank\"><img decoding=\"async\" src=\"https:\/\/la-presse-anarchiste.net\/wp-content\/plugins\/pdf-print\/images\/print.png\" alt=\"image_print\" title=\"Contenu imprim\u00e9\"><\/a><\/div><p>Comme nos lec\u00adteurs le savent d\u00e9j\u00e0, l\u2019As\u00adso\u00adcia\u00adtion Inter\u00adna\u00adtio\u00adnale des Tra\u00advailleurs avait pris l\u2019i\u00adni\u00adtia\u00adtive, au der\u00adnier pl\u00e9\u00adnum de son Bureau admi\u00adnis\u00adtra\u00adtif tenu \u00e0 Paris en mai der\u00adnier et \u00e0 la sug\u00adges\u00adtion de cer\u00adtaines cen\u00adtrales, dont beau\u00adcoup de membres avaient \u00e9t\u00e9 obli\u00adg\u00e9s d\u2019\u00e9\u00admi\u00adgrer en France, de cr\u00e9er \u00e0 Paris un Comi\u00adt\u00e9 d\u2019\u00e9\u00admi\u00adgra\u00adtion qui tra\u00advaille\u00adrait en com\u00adplet accord avec les orga\u00adni\u00adsa\u00adtions ouvri\u00e8res fran\u00ad\u00e7aises les plus rap\u00adpro\u00adch\u00e9es, id\u00e9o\u00adlo\u00adgi\u00adque\u00adment, de l\u2019A.I.T.<\/p>\n<p>Le Comi\u00adt\u00e9 d\u2019\u00c9\u00admi\u00adgra\u00adtion avait un double but&nbsp;:<\/p>\n<p>En pre\u00admier lieu, il devait rap\u00adpro\u00adcher la grande masse de tra\u00advailleurs \u00e9mi\u00adgr\u00e9s des orga\u00adni\u00adsa\u00adtions fran\u00ad\u00e7aises, de leur faire com\u00adprendre l\u2019im\u00adpor\u00adtance qu\u2019il y a pour eux d\u2019adh\u00e9\u00adrer aux orga\u00adnismes syn\u00addi\u00adcaux, de ne pas se d\u00e9s\u00adin\u00adt\u00e9\u00adres\u00adser de la lutte quo\u00adti\u00addienne et de ne pas entra\u00adver celle que leurs fr\u00e8res fran\u00ad\u00e7ais m\u00e8nent contre le patronat.<\/p>\n<p>En second lieu, le Comi\u00adt\u00e9 d\u2019\u00c9\u00admi\u00adgra\u00adtion devait tenir grou\u00adp\u00e9s ensemble les tra\u00advailleurs \u00e9tran\u00adgers autour du dra\u00adpeau de leur mou\u00adve\u00adment natio\u00adnal, de ne pas les lais\u00adser se dis\u00adper\u00adser et leur don\u00adner la pos\u00adsi\u00adbi\u00adli\u00adt\u00e9 de conti\u00adnuer leur pro\u00adpa\u00adgande, \u00e9crite ou orale, dans la langue de leur pays, afin de faci\u00adli\u00adter l\u2019\u0153uvre de regrou\u00adpe\u00adment des forces r\u00e9vo\u00adlu\u00adtion\u00adnaires du syn\u00addi\u00adca\u00adlisme, soit en France, soit dans les autres pays le jour o\u00f9 les \u00e9mi\u00adgr\u00e9s seront en mesure de retour\u00adner chez eux et d\u2019y recons\u00adtruire les orga\u00adnismes d\u00e9truits par la r\u00e9action.<\/p>\n<p>La cr\u00e9a\u00adtion de ce Comi\u00adt\u00e9 a \u00e9t\u00e9 re\u00e7ue avec une appro\u00adba\u00adtion cor\u00addiale non seule\u00adment par les \u00e9mi\u00adgr\u00e9s membres des orga\u00adni\u00adsa\u00adtions syn\u00addi\u00adca\u00adlistes de leurs pays res\u00adpec\u00adtifs, mais aus\u00adsi par les syn\u00addi\u00adcats auto\u00adnomes de France.<\/p>\n<p>C\u2019est ain\u00adsi qu\u2019au\u00adjourd\u2019\u00adhui le Comi\u00adt\u00e9 d\u2019\u00c9\u00admi\u00adgra\u00adtion est com\u00adpo\u00ads\u00e9 de repr\u00e9\u00adsen\u00adtants des orga\u00adni\u00adsa\u00adtions suivantes&nbsp;:<br> \u2013 Conf\u00e9\u00add\u00e9\u00adra\u00adtion Natio\u00adnale du Tra\u00advail d\u2019Espagne&nbsp;;<br> \u2013 Conf\u00e9\u00add\u00e9\u00adra\u00adtion G\u00e9n\u00e9\u00adrale du Tra\u00advail du Portugal&nbsp;;<br> \u2013 Union Syn\u00addi\u00adcale Italienne&nbsp;;<br> \u2013 Comi\u00adt\u00e9 Anar\u00adcho-Syn\u00addi\u00adca\u00adliste Polonais&nbsp;;<br> \u2013 Union F\u00e9d\u00e9\u00adra\u00adtive des Syn\u00addi\u00adcats Auto\u00adnomes de France&nbsp;;<br> \u2013 F\u00e9d\u00e9\u00adra\u00adtion Natio\u00adnale des Tra\u00advailleurs de l\u2019In\u00addus\u00adtrie du B\u00e2ti\u00adment et des Tra\u00advaux Publics&nbsp;;<br> \u2013 Syn\u00addi\u00adcat Unique du B\u00e2ti\u00adment de la&nbsp;Seine&nbsp;;<br> \u2013 XIII<sup>e<\/sup> R\u00e9gion du B\u00e2timent.<\/p>\n<p>Les trois pre\u00admi\u00e8res orga\u00adni\u00adsa\u00adtions sont affi\u00adli\u00e9es \u00e0 l\u2019A.I.T.&nbsp;; le Comi\u00adt\u00e9 polo\u00adnais, tout en n\u2019\u00e9\u00adtant pas un orga\u00adnisme syn\u00addi\u00adcal, \u0153uvre n\u00e9an\u00admoins en plein accord avec les prin\u00adcipes et le pro\u00adgramme de l\u2019A.I.T.&nbsp;; les orga\u00adni\u00adsa\u00adtions fran\u00ad\u00e7aises \u00e9nu\u00adm\u00e9\u00adr\u00e9es plus haut n\u2019ont aucune affi\u00adlia\u00adtion inter\u00adna\u00adtio\u00adnale. Comme l\u2019a expli\u00adqu\u00e9 le Bureau F\u00e9d\u00e9\u00adral de la F\u00e9d\u00e9\u00adra\u00adtion du B\u00e2ti\u00adment dans le \u00ab&nbsp;Libertaire&nbsp;\u00bb&nbsp;:<\/p>\n<p>\u00ab&nbsp;Nous sommes bien dans l\u2019axe de cette pro\u00adpa\u00adgande inter\u00adna\u00adtio\u00adna\u00adliste, que nous avons tou\u00adjours dif\u00adfu\u00ads\u00e9e dans notre F\u00e9d\u00e9\u00adra\u00adtion. L\u2019A.I.T. nous aide, devons-nous reje\u00adter un orga\u00adnisme parce que cer\u00adtains l\u2019ont bap\u00adti\u00ads\u00e9 \u00ab&nbsp;anar\u00adchiste&nbsp;\u00bb&nbsp;? Ceux qui la calom\u00adnient connaissent-ils sa v\u00e9ri\u00adtable struc\u00adture, et ses sta\u00adtuts publi\u00e9s dans le n\u00b02 de la \u00ab&nbsp;Voix du Travail&nbsp;\u00bb&nbsp;?<\/p>\n<p>L\u2019A.I.T. lutte contre le patro\u00adnat et l\u2019\u00c9tat. Que disons-nous de plus depuis des ann\u00e9es, que l\u2019\u00c9tat et le patron ne font&nbsp;qu\u2019un.<\/p>\n<p>Les b\u00e2ti\u00admen\u00adteux seront avec nous parce qu\u2019ils pensent comme nous, c\u2019est-\u00e0-dire que le tra\u00advail sera libre lorsque ces deux dogmes seront abolis.&nbsp;\u00bb<\/p>\n<p>Le Comi\u00adt\u00e9 n\u2019existe que depuis deux mois. Il a pu, durant cette p\u00e9riode, r\u00e9a\u00adli\u00adser l\u2019\u0153uvre de res\u00adser\u00adre\u00adment entre les divers tron\u00ad\u00e7ons du syn\u00addi\u00adca\u00adlisme r\u00e9vo\u00adlu\u00adtion\u00adnaire mon\u00addial \u00e9chou\u00e9 sur la terre de France et le syn\u00addi\u00adca\u00adlisme auto\u00adnome de ce pays. En outre, il a publi\u00e9 deux tracts. L\u2019un, en langue fran\u00ad\u00e7aise, au nombre de cent mille, adres\u00ads\u00e9 tant aux ouvriers fran\u00ad\u00e7ais qu\u2019aux ouvriers \u00e9tran\u00adgers, place devant eux le pro\u00adbl\u00e8me de l\u2019or\u00adga\u00adni\u00adsa\u00adtion ration\u00adnelle de la main\u2011d\u2019\u0153uvre \u00e9tran\u00adg\u00e8re, et la n\u00e9ces\u00adsi\u00adt\u00e9 plus qu\u2019ur\u00adgente \u00e0 s\u2019en\u00adtr\u2019ai\u00adder afin de ren\u00adfor\u00adcer, d\u2019un c\u00f4t\u00e9, les syn\u00addi\u00adcats fran\u00ad\u00e7ais et \u00e0 regrou\u00adper, de l\u2019autre, les \u00e9ner\u00adgies et \u00e9l\u00e9\u00adments syn\u00addi\u00adca\u00adlistes dis\u00ads\u00e9\u00admi\u00adn\u00e9s dans l\u2019\u00e9\u00admi\u00adgra\u00adtion. Ce tract a \u00e9t\u00e9 envoy\u00e9 \u00e0 tous les syn\u00addi\u00adcats auto\u00adnomes afin que ceux-ci puissent le dis\u00adtri\u00adbuer par\u00adtout o\u00f9 ouvriers fran\u00ad\u00e7ais et \u00e9tran\u00adgers tra\u00advaillent ensemble. Un second tract en langue ita\u00adlienne, publi\u00e9 en quan\u00adti\u00adt\u00e9 plus res\u00adtreinte, s\u2019a\u00addresse sp\u00e9\u00adci\u00adfi\u00adque\u00adment aux mili\u00adtants qui ont d\u00fb fuir l\u2019I\u00adta\u00adlie, les enjoi\u00adgnant de ne pas res\u00adter pla\u00adcides devant les pro\u00adbl\u00e8mes que la classe ouvri\u00e8re fran\u00ad\u00e7aise t\u00e2che de r\u00e9soudre, de don\u00adner leurs \u00e9ner\u00adgies \u00e0 l\u2019\u0153uvre du Comi\u00adt\u00e9 d\u2019\u00c9migration.<\/p>\n<p>Un troi\u00adsi\u00e8me tract, en langue polo\u00adnaise, est en pr\u00e9\u00adpa\u00adra\u00adtion pour dis\u00ads\u00e9\u00admi\u00adna\u00adtion par\u00admi la grande masse d\u2019ou\u00advriers polo\u00adnais inor\u00adga\u00adni\u00ads\u00e9s qui tra\u00advaillent en France, sur\u00adtout dans le bas\u00adsin minier du Nord et du Pas-de-Calais.<\/p>\n<p>\u00c9tant don\u00adn\u00e9 que paral\u00adl\u00e8\u00adle\u00adment avec ce tra\u00advail tr\u00e8s impor\u00adtant du Comi\u00adt\u00e9 d\u2019\u00c9migration, le mou\u00adve\u00adment auto\u00adnome fran\u00ad\u00e7ais est en train de faire un effort d\u00e9fi\u00adni\u00adtif et s\u00e9rieux pour regrou\u00adper ses propres forces, il est d\u2019au\u00adtant plus urgent que tous ceux qui se pro\u00adclament du syn\u00addi\u00adca\u00adlisme r\u00e9vo\u00adlu\u00adtion\u00adnaire f\u00e9d\u00e9\u00adra\u00adliste et anti-\u00e9ta\u00adtiste viennent \u00e0 la res\u00adcousse et donnent un coup d\u2019\u00e9\u00adpaule au double tra\u00advail entrepris.<\/p>\n<p>Les cama\u00adrades et syn\u00addi\u00adcats d\u00e9si\u00adrant obte\u00adnir des tracts pour dis\u00adtri\u00adbu\u00adtion ou des ren\u00adsei\u00adgne\u00adments sup\u00adpl\u00e9\u00admen\u00adtaires sur l\u2019ac\u00adti\u00advi\u00adt\u00e9 du Comi\u00adt\u00e9 d\u2019\u00c9migration sont pri\u00e9s d\u2019\u00e9\u00adcrire au cama\u00adrade Fau\u00addry, Secr\u00e9\u00adtaire du S.U.B., pour le Comi\u00adt\u00e9 d\u2019\u00c9migration, Bourse du Tra\u00advail, 4<sup>e<\/sup> \u00e9tage, bureau 10, 3, rue du Ch\u00e2\u00adteau-d\u2019Eau, Paris 10<sup>e<\/sup>.<\/p>\n","protected":false},"excerpt":{"rendered":"<p>Comme nos lec\u00adteurs le savent d\u00e9j\u00e0, l\u2019As\u00adso\u00adcia\u00adtion Inter\u00adna\u00adtio\u00adnale des Tra\u00advailleurs avait pris l\u2019i\u00adni\u00adtia\u00adtive, au der\u00adnier pl\u00e9\u00adnum de son Bureau admi\u00adnis\u00adtra\u00adtif tenu \u00e0 Paris en mai der\u00adnier et \u00e0 la sug\u00adges\u00adtion de cer\u00adtaines cen\u00adtrales, dont beau\u00adcoup de membres avaient \u00e9t\u00e9 obli\u00adg\u00e9s d\u2019\u00e9\u00admi\u00adgrer en France, de cr\u00e9er \u00e0 Paris un Comi\u00adt\u00e9 d\u2019\u00e9\u00admi\u00adgra\u00adtion qui tra\u00advaille\u00adrait en com\u00adplet accord&nbsp;[\u2026]<\/p>\n","protected":false},"author":1,"featured_media":0,"comment_status":"closed","ping_status":"closed","sticky":false,"template":"","format":"standard","meta":{"wp_typography_post_enhancements_disabled":false,"footnotes":""},"categories":[376],"tags":[],"ppma_author":[540],"class_list":["post-3172","post","type-post","status-publish","format-standard","hentry","category-la-voix-du-travail-na3-4-octobre-novembre-1926"],"authors":[{"term_id":540,"user_id":1,"is_guest":0,"slug":"admin_3gikpwyf","display_name":"Vincent Dubuc","avatar_url":"https:\/\/secure.gravatar.com\/avatar\/d015720652c25fd2ced191ade86430094e1f288a17483713e3b34d26dea52507?s=96&d=mm&r=g","author_category":"","user_url":"https:\/\/la-presse-anarchiste.net","last_name":"Dubuc","first_name":"Vincent","job_title":"","description":""}],"_links":{"self":[{"href":"https:\/\/la-presse-anarchiste.net\/index.php\/wp-json\/wp\/v2\/posts\/3172","targetHints":{"allow":["GET"]}}],"collection":[{"href":"https:\/\/la-presse-anarchiste.net\/index.php\/wp-json\/wp\/v2\/posts"}],"about":[{"href":"https:\/\/la-presse-anarchiste.net\/index.php\/wp-json\/wp\/v2\/types\/post"}],"author":[{"embeddable":true,"href":"https:\/\/la-presse-anarchiste.net\/index.php\/wp-json\/wp\/v2\/users\/1"}],"replies":[{"embeddable":true,"href":"https:\/\/la-presse-anarchiste.net\/index.php\/wp-json\/wp\/v2\/comments?post=3172"}],"version-history":[{"count":0,"href":"https:\/\/la-presse-anarchiste.net\/index.php\/wp-json\/wp\/v2\/posts\/3172\/revisions"}],"wp:attachment":[{"href":"https:\/\/la-presse-anarchiste.net\/index.php\/wp-json\/wp\/v2\/media?parent=3172"}],"wp:term":[{"taxonomy":"category","embeddable":true,"href":"https:\/\/la-presse-anarchiste.net\/index.php\/wp-json\/wp\/v2\/categories?post=3172"},{"taxonomy":"post_tag","embeddable":true,"href":"https:\/\/la-presse-anarchiste.net\/index.php\/wp-json\/wp\/v2\/tags?post=3172"},{"taxonomy":"author","embeddable":true,"href":"https:\/\/la-presse-anarchiste.net\/index.php\/wp-json\/wp\/v2\/ppma_author?post=3172"}],"curies":[{"name":"wp","href":"https:\/\/api.w.org\/{rel}","templated":true}]}}