{"id":3183,"date":"2012-05-15T00:52:13","date_gmt":"2012-05-15T00:52:13","guid":{"rendered":"https:\/\/la-presse-anarchiste.net\/index.php\/2012\/05\/15\/au-japon-creation-dune-federation-libre-des-syndicats\/"},"modified":"2012-05-15T00:52:13","modified_gmt":"2012-05-15T00:52:13","slug":"au-japon-creation-dune-federation-libre-des-syndicats","status":"publish","type":"post","link":"https:\/\/la-presse-anarchiste.net\/index.php\/2012\/05\/15\/au-japon-creation-dune-federation-libre-des-syndicats\/","title":{"rendered":"Au Japon, cr\u00e9ation d\u2019une f\u00e9d\u00e9ration libre des syndicats"},"content":{"rendered":"<div class=\"pdfprnt-buttons pdfprnt-buttons-post pdfprnt-top-right\"><a href=\"https:\/\/la-presse-anarchiste.net\/index.php\/wp-json\/wp\/v2\/posts\/3183?print=pdf\" class=\"pdfprnt-button pdfprnt-button-pdf\" target=\"_blank\"><img decoding=\"async\" src=\"https:\/\/la-presse-anarchiste.net\/wp-content\/plugins\/pdf-print\/images\/pdf.png\" alt=\"image_pdf\" title=\"Afficher le PDF\"><\/a><a href=\"https:\/\/la-presse-anarchiste.net\/index.php\/wp-json\/wp\/v2\/posts\/3183?print=print\" class=\"pdfprnt-button pdfprnt-button-print\" target=\"_blank\"><img decoding=\"async\" src=\"https:\/\/la-presse-anarchiste.net\/wp-content\/plugins\/pdf-print\/images\/print.png\" alt=\"image_print\" title=\"Contenu imprim\u00e9\"><\/a><\/div><p>Un Congr\u00e8s des Syn\u00addi\u00adcats du Japon s\u2019est tenu \u00e0 Tokyo le 24 mai, au cours de ce Congr\u00e8s, il fut d\u00e9ci\u00add\u00e9 de cr\u00e9er la F\u00e9d\u00e9\u00adra\u00adtion Libre des Syn\u00addi\u00adcats du&nbsp;Japon.<\/p>\n<p>On se rap\u00adpel\u00adle\u00adra que d\u00e9j\u00e0 en 1922, \u00e0 la suite du Congr\u00e8s d\u2019O\u00adsa\u00adka, une f\u00e9d\u00e9\u00adra\u00adtion avait \u00e9t\u00e9 fon\u00add\u00e9e, unis\u00adsant les grands syn\u00addi\u00adcats du pays. Mais les intrigues des com\u00admu\u00adnistes qui entre\u00adprirent leur \u0153uvre per\u00adma\u00adnente de scis\u00adsion ame\u00adn\u00e8rent le d\u00e9mem\u00adbre\u00adment du jeune organisme.<\/p>\n<p>Nos cama\u00adrades f\u00e9d\u00e9\u00adra\u00adlistes ne se tinrent pas pour bat\u00adtus. Convain\u00adcus que la seule base d\u2019une orga\u00adni\u00adsa\u00adtion stable \u00e9tait le f\u00e9d\u00e9\u00adra\u00adlisme liber\u00adtaire, ils se remirent an tra\u00advail et leur acti\u00advi\u00adt\u00e9 fut cou\u00adron\u00adn\u00e9e de suc\u00adc\u00e8s au Congr\u00e8s de&nbsp;Mai.<\/p>\n<p>Les prin\u00adcipes sur les\u00adquels la nou\u00advelle F\u00e9d\u00e9\u00adra\u00adtion est b\u00e2tie sont les suivants&nbsp;:<\/p>\n<ol>\n<li> Nous menons la lutte de classes sur la base du d\u00e9ve\u00adlop\u00adpe\u00adment libre des ouvriers et des paysans.<\/li>\n<li> Ce d\u00e9ve\u00adlop\u00adpe\u00adment por\u00adte\u00adra un carac\u00adt\u00e8re \u00e9co\u00adno\u00admique \u00e0 l\u2019ex\u00adclu\u00adsion de toute ten\u00addance politique.<\/li>\n<li> Nous pro\u00adcla\u00admons la F\u00e9d\u00e9\u00adra\u00adtion liber\u00adtaire \u00e0 base indus\u00adtrielle et sommes adver\u00adsaires de tout centralisme.<\/li>\n<li> Nous sommes contre l\u2019in\u00adva\u00adsion imp\u00e9\u00adria\u00adliste et nous nous pro\u00adcla\u00admons en faveur d\u2019une asso\u00adcia\u00adtion inter\u00adna\u00adtio\u00adnale de la classe ouvri\u00e8re.<\/li>\n<\/ol>\n<p>Les orga\u00adni\u00adsa\u00adtions sui\u00advantes ont don\u00adn\u00e9 leur adh\u00e9\u00adsion \u00e0 la nou\u00advelle F\u00e9d\u00e9ration&nbsp;:<\/p>\n<ol>\n<li> La F\u00e9d\u00e9\u00adra\u00adtion Libre des Syn\u00addi\u00adcats de Can\u00adton, com\u00adpo\u00ads\u00e9e de treize orga\u00adni\u00adsa\u00adtions ouvri\u00e8res et d\u2019une orga\u00adni\u00adsa\u00adtion paysanne&nbsp;;<\/li>\n<li> La F\u00e9d\u00e9\u00adra\u00adtion Libre des Syn\u00addi\u00adcats de Kan\u00adsi, avec quatre organisations&nbsp;;<\/li>\n<li> La F\u00e9d\u00e9\u00adra\u00adtion libre des Syn\u00addi\u00adcats de Chang-Kon, aven quatre organisations&nbsp;;<\/li>\n<li> La F\u00e9d\u00e9\u00adra\u00adtion Libre des Syn\u00addi\u00adcats de Hiro\u00adchi\u00adma, avec cinq organisations&nbsp;;<\/li>\n<li> Deux Syn\u00addi\u00adcats du Livre de Hokaido.<\/li>\n<\/ol>\n<p>Ceci donne un total de vingt-neuf syn\u00addi\u00adcats appar\u00adte\u00adnant aux indus\u00adtries sui\u00advantes&nbsp;: livre, gaz, bou\u00adlan\u00adge\u00adrie, m\u00e9ca\u00adni\u00adciens, man\u0153uvres, pay\u00adsans, tex\u00adtile et v\u00eate\u00adment. Des d\u00e9l\u00e9\u00adgu\u00e9s, nom\u00adm\u00e9s par les Unions Locales, ont pour devoir de cr\u00e9er au plus t\u00f4t des F\u00e9d\u00e9\u00adra\u00adtions d\u2019in\u00addus\u00adtrie et de pr\u00e9\u00adpa\u00adrer le ter\u00adrain pour une affi\u00adlia\u00adtion inter\u00adna\u00adtio\u00adnale deman\u00add\u00e9e par le Congr\u00e8s. On pro\u00adjette aus\u00adsi la convo\u00adca\u00adtion d\u2019une conf\u00e9\u00adrence des syn\u00addi\u00adcats \u00e0 hase f\u00e9d\u00e9\u00adra\u00adliste de l\u2019Extr\u00eame-Orient.<\/p>\n<p>Depuis juin para\u00eet \u00e0 Tokyo l\u2019or\u00adgane offi\u00adciel du nou\u00advel orga\u00adnisme&nbsp;: <i>La Libre F\u00e9d\u00e9\u00adra\u00adtion<\/i>.<\/p>\n","protected":false},"excerpt":{"rendered":"<p>Un Congr\u00e8s des Syn\u00addi\u00adcats du Japon s\u2019est tenu \u00e0 Tokyo le 24 mai, au cours de ce Congr\u00e8s, il fut d\u00e9ci\u00add\u00e9 de cr\u00e9er la F\u00e9d\u00e9\u00adra\u00adtion Libre des Syn\u00addi\u00adcats du&nbsp;Japon. On se rap\u00adpel\u00adle\u00adra que d\u00e9j\u00e0 en 1922, \u00e0 la suite du Congr\u00e8s d\u2019O\u00adsa\u00adka, une f\u00e9d\u00e9\u00adra\u00adtion avait \u00e9t\u00e9 fon\u00add\u00e9e, unis\u00adsant les grands syn\u00addi\u00adcats du pays. Mais&nbsp;les&nbsp;[\u2026]<\/p>\n","protected":false},"author":1,"featured_media":0,"comment_status":"closed","ping_status":"closed","sticky":false,"template":"","format":"standard","meta":{"wp_typography_post_enhancements_disabled":false,"footnotes":""},"categories":[376],"tags":[],"ppma_author":[540],"class_list":["post-3183","post","type-post","status-publish","format-standard","hentry","category-la-voix-du-travail-na3-4-octobre-novembre-1926"],"authors":[{"term_id":540,"user_id":1,"is_guest":0,"slug":"admin_3gikpwyf","display_name":"Vincent Dubuc","avatar_url":"https:\/\/secure.gravatar.com\/avatar\/d015720652c25fd2ced191ade86430094e1f288a17483713e3b34d26dea52507?s=96&d=mm&r=g","author_category":"","user_url":"https:\/\/la-presse-anarchiste.net","last_name":"Dubuc","first_name":"Vincent","job_title":"","description":""}],"_links":{"self":[{"href":"https:\/\/la-presse-anarchiste.net\/index.php\/wp-json\/wp\/v2\/posts\/3183","targetHints":{"allow":["GET"]}}],"collection":[{"href":"https:\/\/la-presse-anarchiste.net\/index.php\/wp-json\/wp\/v2\/posts"}],"about":[{"href":"https:\/\/la-presse-anarchiste.net\/index.php\/wp-json\/wp\/v2\/types\/post"}],"author":[{"embeddable":true,"href":"https:\/\/la-presse-anarchiste.net\/index.php\/wp-json\/wp\/v2\/users\/1"}],"replies":[{"embeddable":true,"href":"https:\/\/la-presse-anarchiste.net\/index.php\/wp-json\/wp\/v2\/comments?post=3183"}],"version-history":[{"count":0,"href":"https:\/\/la-presse-anarchiste.net\/index.php\/wp-json\/wp\/v2\/posts\/3183\/revisions"}],"wp:attachment":[{"href":"https:\/\/la-presse-anarchiste.net\/index.php\/wp-json\/wp\/v2\/media?parent=3183"}],"wp:term":[{"taxonomy":"category","embeddable":true,"href":"https:\/\/la-presse-anarchiste.net\/index.php\/wp-json\/wp\/v2\/categories?post=3183"},{"taxonomy":"post_tag","embeddable":true,"href":"https:\/\/la-presse-anarchiste.net\/index.php\/wp-json\/wp\/v2\/tags?post=3183"},{"taxonomy":"author","embeddable":true,"href":"https:\/\/la-presse-anarchiste.net\/index.php\/wp-json\/wp\/v2\/ppma_author?post=3183"}],"curies":[{"name":"wp","href":"https:\/\/api.w.org\/{rel}","templated":true}]}}