{"id":3184,"date":"2012-05-15T00:53:17","date_gmt":"2012-05-15T00:53:17","guid":{"rendered":"https:\/\/la-presse-anarchiste.net\/index.php\/2012\/05\/15\/linternationale-du-batiment\/"},"modified":"2012-05-15T00:53:17","modified_gmt":"2012-05-15T00:53:17","slug":"linternationale-du-batiment","status":"publish","type":"post","link":"https:\/\/la-presse-anarchiste.net\/index.php\/2012\/05\/15\/linternationale-du-batiment\/","title":{"rendered":"L\u2019Internationale du B\u00e2timent"},"content":{"rendered":"<div class=\"pdfprnt-buttons pdfprnt-buttons-post pdfprnt-top-right\"><a href=\"https:\/\/la-presse-anarchiste.net\/index.php\/wp-json\/wp\/v2\/posts\/3184?print=pdf\" class=\"pdfprnt-button pdfprnt-button-pdf\" target=\"_blank\"><img decoding=\"async\" src=\"https:\/\/la-presse-anarchiste.net\/wp-content\/plugins\/pdf-print\/images\/pdf.png\" alt=\"image_pdf\" title=\"Afficher le PDF\"><\/a><a href=\"https:\/\/la-presse-anarchiste.net\/index.php\/wp-json\/wp\/v2\/posts\/3184?print=print\" class=\"pdfprnt-button pdfprnt-button-print\" target=\"_blank\"><img decoding=\"async\" src=\"https:\/\/la-presse-anarchiste.net\/wp-content\/plugins\/pdf-print\/images\/print.png\" alt=\"image_print\" title=\"Contenu imprim\u00e9\"><\/a><\/div><p>Le Congr\u00e8s extra\u00ador\u00addi\u00adnaire du B\u00e2ti\u00adment, qui se tien\u00addra \u00e0 Lyon les 13 et 14 novembre, aura \u00e0 se situer sur la ques\u00adtion de l\u2019or\u00adga\u00adni\u00adsa\u00adtion d\u2019une F\u00e9d\u00e9\u00adra\u00adtion Inter\u00adna\u00adtio\u00adnale du B\u00e2ti\u00adment \u00e0 prin\u00adcipes syn\u00addi\u00adca\u00adlistes r\u00e9vo\u00adlu\u00adtion\u00adnaires, f\u00e9d\u00e9\u00adra\u00adlistes et anti-\u00e9tatistes.<\/p>\n<p>\u00c0 cet effet, nous croyons utile de don\u00adner la lettre d\u2019in\u00advi\u00adta\u00adtion envoy\u00e9e par la Com\u00admis\u00adsion Pro\u00advi\u00adsoire, char\u00adg\u00e9e de convo\u00adquer une Conf\u00e9\u00adrence Inter\u00adna\u00adtio\u00adnale des F\u00e9d\u00e9\u00adra\u00adtions du B\u00e2ti\u00adment de divers pays, ain\u00adsi que le pro\u00adjet des sta\u00adtuts d\u2019une Inter\u00adna\u00adtio\u00adnale du B\u00e2ti\u00adment et l\u2019ordre du jour de la Conf\u00e9\u00adrence Inter\u00adna\u00adtio\u00adnale. De cette fa\u00e7on, les Syn\u00addi\u00adcats du B\u00e2ti\u00adment pour\u00adront en prendre connais\u00adsance au pr\u00e9a\u00adlable, et pour\u00adront man\u00adda\u00adter leurs d\u00e9l\u00e9\u00adgu\u00e9s en pleine connais\u00adsance de&nbsp;cause.<\/p>\n<p>[|<b>Aux orga\u00adni\u00adsa\u00adtion syndicalistes<br>\n<br>du B\u00e2ti\u00adment de tous les pays&nbsp;!<\/b>|]<br>\n<\/p>\n<p>Cama\u00adrades,<\/p>\n<p>Depuis plu\u00adsieurs ann\u00e9es d\u00e9j\u00e0 que les ouvriers syn\u00addi\u00adca\u00adlistes r\u00e9vo\u00adlu\u00adtion\u00adnaires du B\u00e2ti\u00adment avaient ten\u00adt\u00e9 de s\u2019u\u00adnir inter\u00adna\u00adtio\u00adna\u00adle\u00adment de fa\u00e7on \u00e0 pou\u00advoir mener avec plus de suc\u00adc\u00e8s la lutte contre l\u2019ex\u00adploi\u00adta\u00adtion mondiale.<\/p>\n<p>C\u2019est jus\u00adte\u00adment nous, les syn\u00addi\u00adca\u00adlistes du B\u00e2ti\u00adment, qui appar\u00adte\u00adnons dans tous les pays \u00e0 l\u2019a\u00advant-garde de la classe ouvri\u00e8re orga\u00adni\u00ads\u00e9e. D\u2019au\u00adtant plus est-ce \u00e0 notre propre honte de n\u2019a\u00advoir pas encore mis en pra\u00adtique les id\u00e9es de l\u2019\u00e9\u00adman\u00adci\u00adpa\u00adtion inter\u00adna\u00adtio\u00adnale de la classe ouvri\u00e8re. Il est vrai que plu\u00adsieurs ren\u00adcontres inter\u00adna\u00adtio\u00adnales s\u2019\u00e9\u00adtaient d\u00e9j\u00e0 tenues entre ouvriers du B\u00e2ti\u00adment, mais mal\u00adgr\u00e9 les d\u00e9ci\u00adsions prises pour l\u2019or\u00adga\u00adni\u00adsa\u00adtion d\u2019un tra\u00advail en com\u00admun, rien n\u2019a \u00e9t\u00e9 r\u00e9a\u00adli\u00ads\u00e9 jusqu\u2019aujourd\u2019hui.<\/p>\n<p>Cama\u00adrades,<\/p>\n<p>Il faut que cela change. Le deuxi\u00e8me Congr\u00e8s de l\u2019A.I.T., tenu \u00e0 Amster\u00addam, a d\u00e9ci\u00add\u00e9 de cr\u00e9er des Secr\u00e9\u00adta\u00adriats Indus\u00adtriels. Le Pl\u00e9\u00adnum de l\u2019A.I.T. tenu en mai a char\u00adg\u00e9 la F\u00e9d\u00e9\u00adra\u00adtion du B\u00e2ti\u00adment de l\u2019Al\u00adle\u00admagne (F.A.U.D.) et la F\u00e9d\u00e9\u00adra\u00adtion Syn\u00addi\u00adca\u00adliste du B\u00e2ti\u00adment de la Hol\u00adlande, de pr\u00e9\u00adpa\u00adrer les bases d\u2019une F\u00e9d\u00e9\u00adra\u00adtion Inter\u00adna\u00adtio\u00adnale du B\u00e2timent.<\/p>\n<p>D\u2019ac\u00adcord avec nos cama\u00adrades hol\u00adlan\u00addais, une Com\u00admis\u00adsion pro\u00advi\u00adsoire a \u00e9t\u00e9 nom\u00adm\u00e9e par nos deux F\u00e9d\u00e9\u00adra\u00adtions&nbsp;; elle a d\u00e9j\u00e0 com\u00admen\u00adc\u00e9 ses tra\u00advaux et, \u00e0 une pre\u00admi\u00e8re r\u00e9union de la Com\u00admis\u00adsion tenue \u00e0 D\u00fcs\u00adsel\u00addorf les 3 et 4 juillet, il fut d\u00e9ci\u00add\u00e9 de convo\u00adquer par un appel adres\u00ads\u00e9 \u00e0 toutes les orga\u00adni\u00adsa\u00adtions syn\u00addi\u00adca\u00adlistes du B\u00e2ti\u00adment de tous les pays une Conf\u00e9\u00adrence Inter\u00adna\u00adtio\u00adnale dont le but serait de cr\u00e9er la F\u00e9d\u00e9\u00adra\u00adtion Inter\u00adna\u00adtio\u00adnale, d\u2019\u00e9\u00adla\u00adbo\u00adrer ses sta\u00adtuts et de fixer le si\u00e8ge du Secr\u00e9\u00adta\u00adriat, le taux des coti\u00adsa\u00adtions, etc.<\/p>\n<p>La Com\u00admis\u00adsion pro\u00advi\u00adsoire vous invite, par la pr\u00e9\u00adsente \u00e0 par\u00adti\u00adci\u00adper \u00e0 cette Conf\u00e9\u00adrence qui se tien\u00addra aux lieu et date qui seront fix\u00e9s ult\u00e9rieurement.<\/p>\n<p>La Com\u00admis\u00adsion a d\u00e9j\u00e0 \u00e9la\u00adbo\u00adr\u00e9 un pro\u00adjet de sta\u00adtuts et un ordre du jour pro\u00advi\u00adsoire de la Conf\u00e9\u00adrence. Les deux docu\u00adments sont ci-inclus pour \u00eatre por\u00adt\u00e9s \u00e0 la connais\u00adsance de votre F\u00e9d\u00e9\u00adra\u00adtion qui les pren\u00addra en urgente consi\u00add\u00e9\u00adra\u00adtion. Nous vous prions de vou\u00adloir bien noti\u00adfier le Secr\u00e9\u00adta\u00adriat Pro\u00advi\u00adsoire de v\u00f4tre accep\u00adta\u00adtion ou des amen\u00adde\u00adments que vous vou\u00addriez y introduire.<\/p>\n<p>Nous esp\u00e9\u00adrons cama\u00adrades que, comme nous, vous vous ren\u00addez compte de la grande  impor\u00adtance que doit avoir pour nous tous la r\u00e9a\u00adli\u00adsa\u00adtion d\u2019une liai\u00adson inter\u00adna\u00adtio\u00adnale plus \u00e9troite entre les orga\u00adni\u00adsa\u00adtions syn\u00addi\u00adca\u00adlistes du B\u00e2timent.<\/p>\n<p>Aujourd\u2019\u00adhui sur\u00adtout, quand la r\u00e9ac\u00adtion mon\u00addiale capi\u00adta\u00adliste, mili\u00adta\u00adriste et fas\u00adciste opprime plus que jamais les masses ouvri\u00e8res&nbsp;; quand elle a atteint un point de culmi\u00adna\u00adtion de l\u2019ex\u00adploi\u00adta\u00adtion ouvri\u00e8re jamais encore connu&nbsp;; quand la classe domi\u00adnante m\u00e8ne inter\u00adna\u00adtio\u00adna\u00adle\u00adment avec une f\u00e9ro\u00adci\u00adt\u00e9 \u00e9hon\u00adt\u00e9e sa cam\u00adpagne pour la dimi\u00adnu\u00adtion des salaires et la p\u00e9jo\u00adra\u00adtion des condi\u00adtions de tra\u00advail&nbsp;; quand des syn\u00addi\u00adcats r\u00e9for\u00admistes cherchent de plus en plus, au moyen de contrats et de col\u00adla\u00adbo\u00adra\u00adtion avec le patro\u00adnat, \u00e0 \u00e9loi\u00adgner les ouvriers de l\u2019ac\u00adtion directe r\u00e9vo\u00adlu\u00adtion\u00adnaire plus que jamais n\u00e9ces\u00adsaire&nbsp;; quand les syn\u00addi\u00adcats com\u00admu\u00adnistes sont enti\u00e8\u00adre\u00adment \u00e0 la remorque du doc\u00adtri\u00adna\u00adrisme poli\u00adtique du Par\u00adti Com\u00admu\u00adniste&nbsp;; c\u2019est aujourd\u2019\u00adhui que nous, syn\u00addi\u00adca\u00adlistes r\u00e9vo\u00adlu\u00adtion\u00adnaires, devons ser\u00adrer plus \u00e9troi\u00adte\u00adment que jamais, natio\u00adna\u00adle\u00adment, ain\u00adsi qu\u2019in\u00adter\u00adna\u00adtio\u00adna\u00adle\u00adment, les rangs de nos orga\u00adni\u00adsa\u00adtions pro\u00adfes\u00adsion\u00adnelles et indus\u00adtrielles. Ce n\u2019est qu\u2019a\u00adlors que nous pour\u00adrons oppo\u00adser \u00e0 la r\u00e9ac\u00adtion capi\u00adta\u00adliste et \u00e0 l\u2019ac\u00adtion n\u00e9faste des syn\u00addi\u00adcats r\u00e9for\u00admistes, notre pha\u00adlange syn\u00addi\u00adca\u00adliste r\u00e9vo\u00adlu\u00adtion\u00adnaire \u00e9troi\u00adte\u00adment&nbsp;unie.<\/p>\n<p>Cama\u00adrades&nbsp;! En avant pour le Syn\u00addi\u00adca\u00adlisme R\u00e9volutionnaire&nbsp;!<\/p>\n<p>Unis\u00adsons nos orga\u00adni\u00adsa\u00adtions dans la F\u00e9d\u00e9\u00adra\u00adtion Syn\u00addi\u00adca\u00adliste Inter\u00adna\u00adtio\u00adnale des Tra\u00advailleurs du B\u00e2timent&nbsp;!<\/p>\n<p>[\/\u200bLa Com\u00admis\u00adsion Provisoire&nbsp;:<br>\n<br>Robert <sc>Buth<\/sc> (pour la F\u00e9d\u00e9\u00adra\u00adtion du B\u00e2ti\u00adment de l\u2019Allemagne)&nbsp;;<br>\n<br>B. <sc>Lan\u00adsink<\/sc> Jr (pour la F\u00e9d\u00e9\u00adra\u00adtion du B\u00e2ti\u00adment de la Hollande).\/]<\/p>\n<p>[|<\/p>\n<h2>Projet de statuts de la F\u00e9d\u00e9ration Internationale du B\u00e2timent<\/h2>\n<p>|]<\/p>\n<h2>I. Principes<\/h2>\n<p>La F\u00e9d\u00e9\u00adra\u00adtion Inter\u00adna\u00adtio\u00adnale du B\u00e2ti\u00adment se place sur le ter\u00adrain du syn\u00addi\u00adca\u00adlisme r\u00e9vo\u00adlu\u00adtion\u00adnaire de lutte inter\u00adna\u00adtio\u00adnale de classes, tel qu\u2019il est \u00e9non\u00adc\u00e9 dans la d\u00e9cla\u00adra\u00adtion de prin\u00adcipes de l\u2019A.I.T.<\/p>\n<p>Dans la r\u00e9a\u00adli\u00adsa\u00adtion de son but, la F\u00e9d\u00e9\u00adra\u00adtion se tien\u00addra en contact le plus \u00e9troit avec l\u2019A.I.T.<\/p>\n<h2>II. Nom de la F\u00e9d\u00e9ration Internationale<\/h2>\n<p>La F\u00e9d\u00e9\u00adra\u00adtion por\u00adte\u00adra le nom de F\u00e9d\u00e9\u00adra\u00adtion Syn\u00addi\u00adca\u00adliste Inter\u00adna\u00adtio\u00adnale du B\u00e2ti\u00adment (F.I.B.).<\/p>\n<h2>III. Buts et attributs de la F.I.B.<\/h2>\n<p>1\u00b0 Les orga\u00adni\u00adsa\u00adtions adh\u00e9\u00adrentes \u00e0 la F.I.B. luttent, en accord, avec les d\u00e9ci\u00adsions de l\u2019A.I.T., pour la jour\u00adn\u00e9e de 6 heures et pour l\u2019a\u00adm\u00e9\u00adlio\u00adra\u00adtion des salaires et des condi\u00adtions de travail&nbsp;;<\/p>\n<p>2\u00b0 Les orga\u00adni\u00adsa\u00adtions adh\u00e9\u00adrentes auront pour devoir de culti\u00adver des rela\u00adtions assi\u00addues avec la F.I.B. au moyen d\u2019un \u00e9change de vues mutuel sur les condi\u00adtions \u00e9co\u00adno\u00admiques dans l\u2019in\u00addus\u00adtrie du B\u00e2ti\u00adment, et de ren\u00adfor\u00adcer les orga\u00adni\u00adsa\u00adtions exis\u00adtantes, ou d\u2019en cr\u00e9er de nou\u00advelles, bas\u00e9es sur la des\u00adtruc\u00adtion du capi\u00adta\u00adlisme et de l\u2019\u00c9tat&nbsp;;<\/p>\n<p>3\u00b0 En cas de luttes de salaires et de ch\u00f4\u00admage, les orga\u00adni\u00adsa\u00adtions de la F.I.B. pren\u00addront toutes les mesures pour emp\u00ea\u00adcher l\u2019en\u00adtr\u00e9e de mat\u00e9\u00adriaux ou de main\u2011d\u2019\u0153uvre au pays o\u00f9 le conflit a \u00e9clat\u00e9&nbsp;;<\/p>\n<p>4\u00b0 Le but prin\u00adci\u00adpal de la F.I.B. est de pro\u00adpa\u00adger dans tous les pays et, en par\u00adti\u00adcu\u00adlier par\u00admi les ouvriers du B\u00e2ti\u00adment, les id\u00e9es du syn\u00addi\u00adca\u00adlisme r\u00e9vo\u00adlu\u00adtion\u00adnaire, appro\u00adfon\u00addis\u00adsant par l\u00e0 l\u2019i\u00add\u00e9e de la soli\u00adda\u00adri\u00adt\u00e9 inter\u00adna\u00adtio\u00adnale de fa\u00e7on \u00e0 pou\u00advoir g\u00e9rer l\u2019in\u00addus\u00adtrie du B\u00e2ti\u00adment par la classe ouvri\u00e8re occu\u00adp\u00e9e dans cette indus\u00adtrie au moment de la r\u00e9vo\u00adlu\u00adtion sociale qui balaye\u00adra le sys\u00adt\u00e8me capi\u00adta\u00adliste de nos&nbsp;temps.<\/p>\n<p>Ce sera aus\u00adsi le devoir de la F.I.B. d\u2019ob\u00adte\u00adnir la docu\u00admen\u00adta\u00adtion sur les condi\u00adtions de tra\u00advail  dans l\u2019in\u00addus\u00adtrie du B\u00e2ti\u00adment des divers pays et de mettre cette docu\u00admen\u00adta\u00adtion \u00e0 la dis\u00adpo\u00adsi\u00adtion de toutes les orga\u00adni\u00adsa\u00adtions adh\u00e9\u00adrentes, de r\u00e9agir contre l\u2019in\u00adtru\u00adsion d\u2019\u00e9l\u00e9\u00adments poli\u00adtiques et de par\u00adti dans les orga\u00adni\u00adsa\u00adtions et de lut\u00adter \u00e9ner\u00adgi\u00adque\u00adment contre toute ten\u00adta\u00adtive de subor\u00addi\u00adna\u00adtion \u00e0 un par\u00adti poli\u00adtique quelconque.<\/p>\n<p>La F.I.B. ne peut s\u2019in\u00adg\u00e9\u00adrer dans l\u2019ac\u00adti\u00advi\u00adt\u00e9 d\u2019une des orga\u00adni\u00adsa\u00adtions y adh\u00e9\u00adrant que si celle-ci fait appel \u00e0 elle ou quand elle agit contre les sta\u00adtuts de la F.I.B.<\/p>\n<h2>IV. Colnditions d\u2019admission<\/h2>\n<p>Peut \u00eatre admise comme membre de la F.I.B. toute orga\u00adni\u00adsa\u00adtion du B\u00e2ti\u00adment qui, par l\u2019in\u00adter\u00adm\u00e9\u00addiaire de sa cen\u00adtrale natio\u00adnale, est affi\u00adli\u00e9e \u00e0 l\u2019A.I.T.<\/p>\n<p>En cas o\u00f9 une orga\u00adni\u00adsa\u00adtion du B\u00e2ti\u00adment d\u2019un pays o\u00f9 il n\u2019existe pas de sec\u00adtion natio\u00adnale de l\u2019A.I.T. d\u00e9si\u00adre\u00adrait adh\u00e9\u00adrer \u00e0 la F.I.B., une telle admis\u00adsion ne pour\u00adrait \u00eatre consom\u00adm\u00e9e que par d\u00e9ci\u00adsion d\u2019une Conf\u00e9\u00adrence de la F.I.B. De m\u00eame pour les mino\u00adri\u00adt\u00e9s orga\u00adni\u00ads\u00e9es au sein d\u2019or\u00adga\u00adni\u00adsa\u00adtions du B\u00e2ti\u00adment affi\u00adli\u00e9es \u00e0 une autre Internationale.<\/p>\n<h2>Conf\u00e9rences internationales<\/h2>\n<p>Les Conf\u00e9\u00adrences Inter\u00adna\u00adtio\u00adnales seront, autant que pos\u00adsible, convo\u00adqu\u00e9es simul\u00adta\u00adn\u00e9\u00adment et dans la m\u00eame ville que les Congr\u00e8s Inter\u00adna\u00adtio\u00adnaux de l\u2019A.I.T. (c\u2019est-\u00e0-dire une fois tous les deux&nbsp;ans).<\/p>\n<p>Les d\u00e9ci\u00adsions des Conf\u00e9\u00adrences sont obli\u00adga\u00adtoires pour toutes les orga\u00adni\u00adsa\u00adtions adh\u00e9\u00adrentes. Les d\u00e9ci\u00adsions des Congr\u00e8s de l\u2019A.I.T. donnent les direc\u00adtives g\u00e9n\u00e9\u00adrales. Le mode de vota\u00adtion est fix\u00e9 chaque fois par la Conf\u00e9\u00adrence elle-m\u00eame.<\/p>\n<p>Les orga\u00adni\u00adsa\u00adtions adh\u00e9\u00adrentes doivent envoyer leurs pro\u00adpo\u00adsi\u00adtions pour l\u2019ordre du jour de la Conf\u00e9\u00adrence six mois avant la tenue de celle-ci.<\/p>\n<h2>VI. Organe administratif<\/h2>\n<p>Pour coor\u00addon\u00adner l\u2019ac\u00adti\u00advi\u00adt\u00e9 de la F.I.B. et pour ex\u00e9\u00adcu\u00adter les d\u00e9ci\u00adsions des Conf\u00e9\u00adrences Inter\u00adna\u00adtio\u00adnales, un Bureau sera \u00e9lu. Ce Bureau sera com\u00adpo\u00ads\u00e9 d\u2019un membre de chaque orga\u00adni\u00adsa\u00adtion adh\u00e9\u00adrente \u00e0 voix d\u00e9li\u00adb\u00e9\u00adra\u00adtive. Ne pour\u00adra \u00eatre membre du Bureau qui\u00adconque rem\u00adplit des fonc\u00adtions poli\u00adtiques ou de par\u00adti. Un secr\u00e9\u00adta\u00adriat de trois membres est \u00e9lu par chaque Conf\u00e9\u00adrence qui d\u00e9cide aus\u00adsi de son&nbsp;si\u00e8ge.<\/p>\n<h2>VII. Transfert International<\/h2>\n<p>Tout membre de l\u2019A.I.T. peut, en tant qu\u2019il appar\u00adtient \u00e0 une orga\u00adni\u00adsa\u00adtion affi\u00adli\u00e9e \u00e0 la F.I.B., deve\u00adnir membre de toute orga\u00adni\u00adsa\u00adtion adh\u00e9\u00adrente \u00e0 la F.I.B. Sans avoir \u00e0 payer les droits d\u2019en\u00adtr\u00e9e&nbsp;; il y jouit de tous les droits pour\u00advu qu\u2019il ait rem\u00adpli toutes les obli\u00adga\u00adtions envers son Organisation.<\/p>\n<h2>VIII. Publications<\/h2>\n<p>Le Secr\u00e9\u00adta\u00adriat fait par\u00adve\u00adnir toute la docu\u00admen\u00adta\u00adtion por\u00adtant un carac\u00adt\u00e8re inter\u00adna\u00adtio\u00adnal aux orga\u00adni\u00adsa\u00adtions adh\u00e9\u00adrentes. Celles-ci auront le devoir de por\u00adter les faits \u00e0 la connais\u00adsance de leurs membres en les publiant dans leurs organes corporatifs.<\/p>\n<h2>IX. Finances<\/h2>\n<p>Pour sup\u00adpl\u00e9er aux d\u00e9penses du Secr\u00e9\u00adta\u00adriat, chaque orga\u00adni\u00adsa\u00adtion adh\u00e9\u00adrente paye\u00adra une coti\u00adsa\u00adtion tri\u00admes\u00adtrielle \u00e9gale \u00e0\t% du total des sommes re\u00e7ues par chaque orga\u00adni\u00adsa\u00adtion \u00e0 titre de cotisation.<\/p>\n<h2>X. Commission de contr\u00f4le<\/h2>\n<p>La Conf\u00e9\u00adrence \u00e9lit une Com\u00admis\u00adsion de Contr\u00f4le et de R\u00e9vi\u00adsion dont le but est de v\u00e9ri\u00adfier la fa\u00e7on dont les sommes, \u00e0 la dis\u00adpo\u00adsi\u00adtion du Bureau, sont d\u00e9pen\u00ads\u00e9es par lui, et d\u2019en faire un rap\u00adport d\u00e9taill\u00e9 \u00e0 la Conf\u00e9\u00adrence Internationale.<\/p>\n<h2>Ordre du jour de la Conf\u00e9rence Internationale<\/h2>\n<ol>\n<li> \u00c9lec\u00adtion du Bureau de la Conf\u00e9rence&nbsp;;&nbsp;<\/li>\n<li> \u00c9lec\u00adtion de la Com\u00admis\u00adsion de V\u00e9ri\u00adfi\u00adca\u00adtion des Mandats&nbsp;;<\/li>\n<li> Rap\u00adport de la Com\u00admis\u00adsion Provisoire&nbsp;;<\/li>\n<li> Rap\u00adport des d\u00e9l\u00e9\u00adgu\u00e9s sur la situa\u00adtion dans les divers pays&nbsp;;<\/li>\n<li> Consti\u00adtu\u00adtion de la F\u00e9d\u00e9\u00adra\u00adtion Inter\u00adna\u00adtio\u00adnale du B\u00e2timent&nbsp;;<\/li>\n<li> Sta\u00adtuts de la F.I.B.&nbsp;;<\/li>\n<li> \u00c9lec\u00adtion du Secr\u00e9\u00adta\u00adriat International.<\/li>\n<\/ol>\n<p>La Com\u00admis\u00adsion Pro\u00advi\u00adsoire prie en m\u00eame temps les dif\u00adf\u00e9\u00adrentes F\u00e9d\u00e9\u00adra\u00adtions du B\u00e2ti\u00adment de vou\u00adloir bien r\u00e9pondre au ques\u00adtion\u00adnaire suivant&nbsp;:<\/p>\n<ol>\n<li> Nom de votre organisation&nbsp;;<\/li>\n<li> \u00cates-vous pr\u00eats \u00e0 par\u00adti\u00adci\u00adper \u00e0 une Conf\u00e9\u00adrence Syn\u00addi\u00adca\u00adliste Inter\u00adna\u00adtio\u00adnale du B\u00e2timent&nbsp;?<\/li>\n<li> Com\u00adbien de membres pos\u00ads\u00e8de votre organisation&nbsp;?<\/li>\n<li> Depuis quand existe votre organisation&nbsp;?<\/li>\n<li> Existe-t-il d\u2019autres orga\u00adni\u00adsa\u00adtions du B\u00e2ti\u00adment dans votre&nbsp;pays&nbsp;?<\/li>\n<li> Quels sont les effec\u00adtifs de ces organisations&nbsp;?<\/li>\n<li> Quel est le salaire r\u00e9el (par&nbsp;heure)&nbsp;?<\/li>\n<li> Le tra\u00advail par pi\u00e8ce existe-t-il&nbsp;?<\/li>\n<li> Les salaires des ouvriers du B\u00e2ti\u00adment sont-ils plus \u00e9le\u00adv\u00e9s que ceux des ouvriers des autres industries&nbsp;?<\/li>\n<li> Dur\u00e9e de la jour\u00adn\u00e9e de tra\u00advail (8 heures)&nbsp;?<\/li>\n<li> Existe-t-il un ch\u00f4\u00admage dans l\u2019in\u00addus\u00adtrie du B\u00e2ti\u00adment de votre&nbsp;pays&nbsp;?<\/li>\n<\/ol>\n","protected":false},"excerpt":{"rendered":"<p>Le Congr\u00e8s extra\u00ador\u00addi\u00adnaire du B\u00e2ti\u00adment, qui se tien\u00addra \u00e0 Lyon les 13 et 14 novembre, aura \u00e0 se situer sur la ques\u00adtion de l\u2019or\u00adga\u00adni\u00adsa\u00adtion d\u2019une F\u00e9d\u00e9\u00adra\u00adtion Inter\u00adna\u00adtio\u00adnale du B\u00e2ti\u00adment \u00e0 prin\u00adcipes syn\u00addi\u00adca\u00adlistes r\u00e9vo\u00adlu\u00adtion\u00adnaires, f\u00e9d\u00e9\u00adra\u00adlistes et anti-\u00e9ta\u00adtistes. \u00c0 cet effet, nous croyons utile de don\u00adner la lettre d\u2019in\u00advi\u00adta\u00adtion envoy\u00e9e par la Com\u00admis\u00adsion Pro\u00advi\u00adsoire, char\u00adg\u00e9e de convoquer&nbsp;[\u2026]<\/p>\n","protected":false},"author":1,"featured_media":0,"comment_status":"closed","ping_status":"closed","sticky":false,"template":"","format":"standard","meta":{"wp_typography_post_enhancements_disabled":false,"footnotes":""},"categories":[376],"tags":[],"ppma_author":[540],"class_list":["post-3184","post","type-post","status-publish","format-standard","hentry","category-la-voix-du-travail-na3-4-octobre-novembre-1926"],"authors":[{"term_id":540,"user_id":1,"is_guest":0,"slug":"admin_3gikpwyf","display_name":"Vincent Dubuc","avatar_url":"https:\/\/secure.gravatar.com\/avatar\/d015720652c25fd2ced191ade86430094e1f288a17483713e3b34d26dea52507?s=96&d=mm&r=g","author_category":"","user_url":"https:\/\/la-presse-anarchiste.net","last_name":"Dubuc","first_name":"Vincent","job_title":"","description":""}],"_links":{"self":[{"href":"https:\/\/la-presse-anarchiste.net\/index.php\/wp-json\/wp\/v2\/posts\/3184","targetHints":{"allow":["GET"]}}],"collection":[{"href":"https:\/\/la-presse-anarchiste.net\/index.php\/wp-json\/wp\/v2\/posts"}],"about":[{"href":"https:\/\/la-presse-anarchiste.net\/index.php\/wp-json\/wp\/v2\/types\/post"}],"author":[{"embeddable":true,"href":"https:\/\/la-presse-anarchiste.net\/index.php\/wp-json\/wp\/v2\/users\/1"}],"replies":[{"embeddable":true,"href":"https:\/\/la-presse-anarchiste.net\/index.php\/wp-json\/wp\/v2\/comments?post=3184"}],"version-history":[{"count":0,"href":"https:\/\/la-presse-anarchiste.net\/index.php\/wp-json\/wp\/v2\/posts\/3184\/revisions"}],"wp:attachment":[{"href":"https:\/\/la-presse-anarchiste.net\/index.php\/wp-json\/wp\/v2\/media?parent=3184"}],"wp:term":[{"taxonomy":"category","embeddable":true,"href":"https:\/\/la-presse-anarchiste.net\/index.php\/wp-json\/wp\/v2\/categories?post=3184"},{"taxonomy":"post_tag","embeddable":true,"href":"https:\/\/la-presse-anarchiste.net\/index.php\/wp-json\/wp\/v2\/tags?post=3184"},{"taxonomy":"author","embeddable":true,"href":"https:\/\/la-presse-anarchiste.net\/index.php\/wp-json\/wp\/v2\/ppma_author?post=3184"}],"curies":[{"name":"wp","href":"https:\/\/api.w.org\/{rel}","templated":true}]}}