{"id":3186,"date":"2012-05-15T00:53:33","date_gmt":"2012-05-15T00:53:33","guid":{"rendered":"https:\/\/la-presse-anarchiste.net\/index.php\/2012\/05\/15\/materiaux-pour-le-congres-des-syndicats-autonomes-de-france-lyon-15-16-novembre-1926-2\/"},"modified":"2012-05-15T00:53:33","modified_gmt":"2012-05-15T00:53:33","slug":"materiaux-pour-le-congres-des-syndicats-autonomes-de-france-lyon-15-16-novembre-1926-2","status":"publish","type":"post","link":"https:\/\/la-presse-anarchiste.net\/index.php\/2012\/05\/15\/materiaux-pour-le-congres-des-syndicats-autonomes-de-france-lyon-15-16-novembre-1926-2\/","title":{"rendered":"Mat\u00e9riaux pour le congr\u00e8s des syndicats Autonomes de France (Lyon, 15\u200a\u2013\u200a16 novembre 1926)"},"content":{"rendered":"<div class=\"pdfprnt-buttons pdfprnt-buttons-post pdfprnt-top-right\"><a href=\"https:\/\/la-presse-anarchiste.net\/index.php\/wp-json\/wp\/v2\/posts\/3186?print=pdf\" class=\"pdfprnt-button pdfprnt-button-pdf\" target=\"_blank\"><img decoding=\"async\" src=\"https:\/\/la-presse-anarchiste.net\/wp-content\/plugins\/pdf-print\/images\/pdf.png\" alt=\"image_pdf\" title=\"Afficher le PDF\"><\/a><a href=\"https:\/\/la-presse-anarchiste.net\/index.php\/wp-json\/wp\/v2\/posts\/3186?print=print\" class=\"pdfprnt-button pdfprnt-button-print\" target=\"_blank\"><img decoding=\"async\" src=\"https:\/\/la-presse-anarchiste.net\/wp-content\/plugins\/pdf-print\/images\/print.png\" alt=\"image_print\" title=\"Contenu imprim\u00e9\"><\/a><\/div><p>S\u2019ins\u00adpi\u00adrant des n\u00e9ces\u00adsi\u00adt\u00e9s pr\u00e9\u00adsentes, la Com\u00admis\u00adsion a vou\u00adlu rompre avec un pas\u00ads\u00e9 r\u00e9cent. L\u2019a\u00addop\u00adtion par la C.G.T.U. du plan dres\u00ads\u00e9 par l\u2019an\u00adcienne C.A. pro\u00advi\u00adsoire en ce qui concerne les unions r\u00e9gio\u00adnales est une preuve que ces Unions, fonc\u00adtion\u00adnant sui\u00advant nos prin\u00adcipes, sont d\u2019im\u00adpor\u00adtance vitale pour le mou\u00adve\u00adment syndicaliste.<\/p>\n<p>Par\u00adtant de ce point de vue que le syn\u00addi\u00adca\u00adlisme sera dans l\u2019ordre nou\u00adveau ce qu\u2019est le capi\u00adta\u00adlisme dans l\u2019ordre actuel, c\u2019est-\u00e0-dire le ges\u00adtion\u00adnaire de la chose publique, la Com\u00admis\u00adsion a pen\u00ads\u00e9 qu\u2019il conve\u00adnait que, sans plus attendre, le syn\u00addi\u00adca\u00adlisme se pr\u00e9\u00adpa\u00adr\u00e2t \u00e0 jouer le r\u00f4le qui lui est d\u00e9vo\u00adlu&nbsp;: L\u2019ad\u00admi\u00adnis\u00adtra\u00adtion et la ges\u00adtion d\u2019une soci\u00e9\u00adt\u00e9 repo\u00adsant sur le travail.<\/p>\n<p>Il est tout de suite appa\u00adru \u00e0 la Com\u00admis\u00adsion que les cadres et les rouages fonc\u00adtion\u00adnels du syn\u00addi\u00adca\u00adlisme sont vieillis et us\u00e9s, qu\u2019ils ne cor\u00adres\u00adpondent plus \u00e0 la besogne qui leur incombe au triple point de vue&nbsp;: pro\u00adpa\u00adgande, action pr\u00e9\u00adsente et pr\u00e9\u00adpa\u00adra\u00adtion \u00e0 la ges\u00adtion prol\u00e9tarienne.<\/p>\n<p>Sur quoi reposent donc, en effet, les cadres de notre mou\u00adve\u00adment syn\u00addi\u00adcal&nbsp;? Sur la d\u00e9li\u00admi\u00adta\u00adtion ter\u00adri\u00adto\u00adriale en d\u00e9par\u00adte\u00adments effec\u00adtu\u00e9e en 1790 par la Constituante.<\/p>\n<p>Nul ne nie\u00adra qu\u2019\u00e0 cette \u00e9poque, l\u2019in\u00addus\u00adtrie \u00e9tait presque inexis\u00adtante, que les grands cou\u00adrants d\u2019ap\u00adpro\u00advi\u00adsion\u00adne\u00adments et d\u2019\u00e9\u00adchange, de m\u00eame que les voies de com\u00admu\u00adni\u00adca\u00adtion \u00e9taient rudi\u00admen\u00adtaires ou embryonnaires.<\/p>\n<p>On peut dire, sans exa\u00adg\u00e9\u00adra\u00adtion, qu\u2019\u00e0 ce moment, le capi\u00adta\u00adlisme moderne avec ses exploi\u00adta\u00adtions gigan\u00adtesques, ses car\u00adtels, ses consor\u00adtiums et ses trusts, sa for\u00admi\u00addable orga\u00adni\u00adsa\u00adtion ban\u00adcaire, n\u2019\u00e9\u00adtait pas n\u00e9. L\u2019ex\u00adploi\u00adta\u00adtion des richesses natu\u00adrelles \u00e9tait presque nulle. Les immenses gise\u00adments de fer, de houille, de p\u00e9trole, de m\u00e9taux de toutes sortes n\u2019\u00e9\u00adtaient que fort peu uti\u00adli\u00ads\u00e9s ou incon\u00adnus. En outre, la pro\u00adduc\u00adtion avait plu\u00adt\u00f4t pour base l\u2019ar\u00adti\u00adsa\u00adnat que l\u2019u\u00adsine&nbsp;; les centres indus\u00adtriels qui acca\u00adparent aujourd\u2019\u00adhui toute l\u2019ac\u00adti\u00advi\u00adt\u00e9 d\u2019une r\u00e9gion, qui la sp\u00e9\u00adcia\u00adlisent, \u00e9taient tota\u00adle\u00adment inexis\u00adtants \u00e0 cette \u00e9poque de m\u00eame qu\u2019en 1805, lors de la r\u00e9vi\u00adsion des d\u00e9partements.<\/p>\n<p>Bien que les g\u00e9o\u00adm\u00e8tres qui ont effec\u00adtu\u00e9 ces d\u00e9li\u00admi\u00adta\u00adtions aient cer\u00adtai\u00adne\u00adment tenu compte des condi\u00adtions \u00e9co\u00adno\u00admiques de l\u2019\u00e9\u00adpoque, il est per\u00admis de d\u00e9cla\u00adrer qu\u2019ils se sont sur\u00adtout atta\u00adch\u00e9s \u00e0 par\u00adta\u00adger le ter\u00adri\u00adtoire en un cer\u00adtain nombre de d\u00e9par\u00adte\u00adments ayant, \u00e0 peu pr\u00e8s, une \u00e9ten\u00addue \u00e9gale. Il est ind\u00e9\u00adniable qu\u2019ils visaient plu\u00adt\u00f4t \u00e0 effec\u00adtuer une divi\u00adsion poli\u00adtique et admi\u00adnis\u00adtra\u00adtive r\u00e9pon\u00addant \u00e0 des n\u00e9ces\u00adsi\u00adt\u00e9s d\u2019ordre gou\u00adver\u00adne\u00admen\u00adtal qu\u2019\u00e0 d\u00e9ter\u00admi\u00adner une clas\u00adsi\u00adfi\u00adca\u00adtion pure\u00adment \u00e9co\u00adno\u00admique. La p\u00e9riode qui s\u2019est \u00e9cou\u00adl\u00e9e depuis cette date jus\u00adqu\u2019\u00e0 nos jours le d\u00e9montre sur\u00adabon\u00addam\u00adment. Ce n\u2019est gu\u00e8re que depuis ces der\u00adni\u00e8res ann\u00e9es, au moment o\u00f9, par son d\u00e9ve\u00adlop\u00adpe\u00adment extra\u00ador\u00addi\u00adnaire, le capi\u00adta\u00adlisme a \u00e0 peu pr\u00e8s \u00e9li\u00admi\u00adn\u00e9 l\u2019\u00c9tat, en met\u00adtant l\u2019\u00e9\u00adco\u00adno\u00admie \u00e0 sa v\u00e9ri\u00adtable place et en rel\u00e9\u00adguant les ques\u00adtions d\u2019ordre poli\u00adtique, et admi\u00adnis\u00adtra\u00adtif au second plan, que les grandes r\u00e9gions \u00e9co\u00adno\u00admiques, les grands centres indus\u00adtriels ten\u00adta\u00adcu\u00adlaires sont apparus.<\/p>\n<p>Si l\u2019an\u00adcien sys\u00adt\u00e8me poli\u00adti\u00adqu\u00e9 de l\u2019\u00c9tat conti\u00adnue \u00e0 exis\u00adter en face du sys\u00adt\u00e8me \u00e9co\u00adno\u00admique capi\u00adta\u00adliste, c\u2019est incon\u00adtes\u00adta\u00adble\u00adment parce que ce der\u00adnier n\u2019en \u00e9prouve que fort peu d\u2019in\u00adcon\u00adv\u00e9\u00adnients et que la dis\u00adpa\u00adri\u00adtion du pre\u00admier n\u2019est plus qu\u2019une ques\u00adtion de temps. La Com\u00admis\u00adsion est d\u2019ailleurs convain\u00adcue que ce sys\u00adt\u00e8me aurait v\u00e9cu, si, demain, la bour\u00adgeoi\u00adsie, \u00e0 la faveur d\u2019un bou\u00adle\u00adver\u00adse\u00adment quel\u00adconque, par\u00adve\u00adnait \u00e0 asseoir le r\u00e9gime qui a la faveur de la par\u00adtie la plus \u00e9clai\u00adr\u00e9e des capi\u00adta\u00adlistes actuels&nbsp;: <i>la d\u00e9mo\u00adcra\u00adtie \u00e9co\u00adno\u00admique<\/i>, ou si les adeptes de la vio\u00adlence, du triomphe de la finance r\u00e9us\u00adsis\u00adsaient \u00e0 ins\u00adtau\u00adrer le fascisme.<\/p>\n<p>Cette bour\u00adgeoi\u00adsie .ne disait-elle pas, d\u00e8s 1869, \u00e0 Nan\u00adcy, dans son pro\u00adgramme&nbsp;: <i>ce qui est com\u00admu\u00adnal est \u00e0 la com\u00admune&nbsp;; ce qui est r\u00e9gio\u00adnal est \u00e0 la r\u00e9gion&nbsp;; ce qui est natio\u00adnal est \u00e0 l\u2019\u00c9tat<\/i>. Bien enten\u00addu, par l\u00e0, elle vou\u00adlait dire&nbsp;: ce qui est natio\u00adnal est \u00e0 la nation, \u00e0 l\u2019en\u00adsemble du&nbsp;pays.<\/p>\n<p>Ain\u00adsi, elle indi\u00adquait son d\u00e9sir for\u00admel de d\u00e9cen\u00adtra\u00adli\u00adser&nbsp;; de sp\u00e9\u00adcia\u00adli\u00adser, de coor\u00addon\u00adner sui\u00advant des n\u00e9ces\u00adsi\u00adt\u00e9s \u00e9co\u00adno\u00admiques, pour s\u2019op\u00adpo\u00adser \u00e0 l\u2019Em\u00adpire qui vou\u00adlait cen\u00adtra\u00adli\u00adser poli\u00adti\u00adque\u00adment. Elle ajou\u00adtait&nbsp;: <i>\u00e9lar\u00adgir le cadre trop \u00e9troit dans lequel se meut la vie locale, des\u00adser\u00adrer les liens de la cen\u00adtra\u00adli\u00adsa\u00adtion<\/i>. Tels sont les deux objets que veut atteindre le mou\u00adve\u00adment r\u00e9gionaliste.<\/p>\n<p>Com\u00adpre\u00adnant toute la valeur de ce qui pr\u00e9\u00adc\u00e8de, la bour\u00adgeoi\u00adsie n\u2019a ces\u00ads\u00e9, depuis cette \u00e9poque, de pour\u00adsuivre les objec\u00adtifs impo\u00ads\u00e9s en&nbsp;1869.<\/p>\n<p>Le d\u00e9ve\u00adlop\u00adpe\u00adment du capi\u00adta\u00adlisme, l\u2019\u00e9\u00adclo\u00adsion des grands trusts indus\u00adtriels et des grandes banques lui ont fait un devoir d\u2019at\u00adteindre au plus t\u00f4t les r\u00e9sul\u00adtats cher\u00adch\u00e9s qui sont indis\u00adpen\u00adsables pour assu\u00adrer la vie de l\u2019ordre \u00e9co\u00adno\u00admique, deve\u00adnu de plus en plus, par l\u2019\u00e9\u00advin\u00adce\u00adment gra\u00adduel mais conti\u00adnuel de l\u2019\u00c9tat, le fac\u00adteur essen\u00adtiel de l\u2019exis\u00adtence du r\u00e9gime actuel.<\/p>\n<p>Les grandes r\u00e9gions indus\u00adtrielles sont n\u00e9es de ces n\u00e9ces\u00adsi\u00adt\u00e9s \u00e9co\u00adno\u00admiques. Leur coop\u00e9\u00adra\u00adtion, leur soli\u00adda\u00adri\u00adt\u00e9 en ont fait non seule\u00adment de for\u00admi\u00addables organes de ges\u00adtion, mais encore de ter\u00adribles adver\u00adsaires dis\u00adpo\u00adsant, dans l\u2019of\u00adfen\u00adsive comme dans la d\u00e9fen\u00adsive, de moyens d\u2019ac\u00adtion redou\u00adtables, souples et vari\u00e9s. Ce sont \u00e0 la fois des appa\u00adreils de pro\u00adduc\u00adtion extra\u00ador\u00addi\u00adnai\u00adre\u00adment puis\u00adsants et des for\u00adte\u00adresses v\u00e9ri\u00adta\u00adble\u00adment arm\u00e9es pour s\u2019op\u00adpo\u00adser \u00e0 la r\u00e9a\u00adli\u00adsa\u00adtion des d\u00e9si\u00adrs des tra\u00advailleurs et pour per\u00adp\u00e9\u00adtuer les pri\u00advi\u00adl\u00e8ges \u00e9tablis.<\/p>\n<p>Tel est le capi\u00adta\u00adlisme d\u2019au\u00adjourd\u2019\u00adhui. Soli\u00addaire dans l\u2019ex\u00adploi\u00adta\u00adtion des richesses et dans la d\u00e9fense de ses int\u00e9\u00adr\u00eats&nbsp;; dis\u00adpo\u00adsant des moyens de com\u00admu\u00adni\u00adca\u00adtion qu\u2019il exploite ou qu\u2019il contr\u00f4le, il repr\u00e9\u00adsente un rival ter\u00adri\u00adble\u00adment dan\u00adge\u00adreux pour le Syn\u00addi\u00adca\u00adlisme qui, lui, n\u2019a sui\u00advi que de fort loin la concen\u00adtra\u00adtion indus\u00adtrielle et n\u2019a pas su adap\u00adter ses organes aux exi\u00adgences des n\u00e9ces\u00adsi\u00adt\u00e9s de la&nbsp;lutte.<\/p>\n<p>C\u2019est l\u00e0 la rai\u00adson domi\u00adnante des \u00e9checs suc\u00adces\u00adsifs qu\u2019a subi le Syn\u00addi\u00adca\u00adlisme au cours de ces der\u00adni\u00e8res ann\u00e9es. Pla\u00adc\u00e9 en face d\u2019un adver\u00adsaire orga\u00adni\u00ads\u00e9 \u00ab&nbsp;en pro\u00adfon\u00addeur et en lar\u00adgeur&nbsp;\u00bb, capable d\u2019a\u00adgir \u00e0 sa guise et sui\u00advant les condi\u00adtions de la lutte, soit loca\u00adle\u00adment, r\u00e9gio\u00adna\u00adle\u00adment ou natio\u00adna\u00adle\u00adment, le Syn\u00addi\u00adca\u00adlisme a d\u00fb bais\u00adser pavillon devant un adver\u00adsaire plus scien\u00adti\u00adfique et mieux outill\u00e9. La mul\u00adti\u00adpli\u00adci\u00adt\u00e9 de ses organes soli\u00addaires et conju\u00adgu\u00e9s, pou\u00advant entrer en action \u00e0 tout ins\u00adtant dans l\u2019u\u00adsine, dans le chan\u00adtier, dans la loca\u00adli\u00adt\u00e9, etc., a per\u00admis au capi\u00adta\u00adlisme de venir \u00e0 bout de toutes les ten\u00adta\u00adtives faites par le Syn\u00addi\u00adca\u00adlisme pour rompre \u00e0 son pro\u00adfit l\u2019\u00e9\u00adqui\u00adlibre \u00e9co\u00adno\u00admique bour\u00adgeois. Et, chose para\u00addoxale, \u00e0 mesure que les exp\u00e9\u00adriences suc\u00adc\u00e9\u00addaient aux exp\u00e9\u00adriences, que les ensei\u00adgne\u00adments qui s\u2019en d\u00e9ga\u00adgeaient \u00e9taient plus pr\u00e9\u00adcis, le capi\u00adta\u00adlisme <i>ren\u00adfor\u00ad\u00e7ait ses organes de ges\u00adtion et de d\u00e9fense<\/i> pen\u00addant que le Syn\u00addi\u00adca\u00adlisme ne tirait aucune le\u00e7on des d\u00e9faites qui lui \u00e9taient infli\u00adg\u00e9es d\u2019une fa\u00e7on presque conti\u00adnue et avec une pr\u00e9\u00adci\u00adsion math\u00e9matique.<\/p>\n<p>Toutes ces consta\u00adta\u00adtions, tous ces faits nous obligent \u00e0 recon\u00adna\u00eetre que pour \u00eatre, dans tous les domaines, \u00e0 la hau\u00adteur de sa mis\u00adsion, le Syn\u00addi\u00adca\u00adlisme doit modi\u00adfier et trans\u00adfor\u00admer ses organes, les adap\u00adter et les faire mou\u00advoir d\u2019une fa\u00e7on nou\u00advelle. C\u2019est ce que nous avons ten\u00adt\u00e9 de faire en indi\u00adquant que, comme le capi\u00adta\u00adlisme, <i>le Syn\u00addi\u00adca\u00adlisme devait avoir ses bases et ses fon\u00adde\u00adments dans l\u2019a\u00adte\u00adlier, dans l\u2019u\u00adsine, dans la com\u00admune ou la loca\u00adli\u00adt\u00e9 et dans la r\u00e9gion<\/i>.<\/p>\n<p>En pr\u00e9\u00adci\u00adsant que son action, qui doit \u00eatre \u00e9co\u00adno\u00admique, comme celle du capi\u00adta\u00adlisme&nbsp;; qui doit s\u2019exer\u00adcer, comme celle de son adver\u00adsaire, sur le plan de la pro\u00adduc\u00adtion, mais pour des fins et des buts dif\u00adf\u00e9\u00adrents, nous avons enten\u00addu par l\u00e0 qu\u2019il conve\u00adnait de ces\u00adser de faire cadrer cette action sur les d\u00e9li\u00admi\u00adta\u00adtions ter\u00adri\u00adto\u00adriales poli\u00adtiques et admi\u00adnis\u00adtra\u00adtives d\u2019un r\u00e9gime \u00e9co\u00adno\u00admique disparu.<\/p>\n<p>Le but du Syn\u00addi\u00adca\u00adlisme \u00e9tant&nbsp;: <i>la prise des moyens de pro\u00adduc\u00adtion et d\u2019\u00e9\u00adchange et leur exploi\u00adta\u00adtion par le Pro\u00adl\u00e9\u00adta\u00adriat<\/i>, il nous a sem\u00adbl\u00e9 que les rouages fonc\u00adtion\u00adnels du mou\u00adve\u00adment ouvrier devaient \u00eatre orga\u00adni\u00ads\u00e9s, dis\u00adtri\u00adbu\u00e9s et uti\u00adli\u00ads\u00e9s sur ce&nbsp;plan.<\/p>\n<p>Si le <i><syndicat groupement de veut pouvoir r\u00e9ellement \u00eatre production et base la r\u00e9organisation i>, il faut qu\u2019il se pr\u00e9\u00adpare \u00e0 cette&nbsp;t\u00e2che.<\/syndicat><\/i><\/p>\n<p>Il est donc de toute uti\u00adli\u00adt\u00e9 que toute sa pro\u00adpa\u00adgande, toute son action soient diri\u00adg\u00e9es en vue des fonc\u00adtions de ges\u00adtion future.<\/p>\n<p>Si nous ne pen\u00adsons pas que les U.R. doivent \u00eatre consti\u00adtu\u00e9es par la r\u00e9union de plu\u00adsieurs U.D. prises au hasard, sans consi\u00add\u00e9\u00adra\u00adtion des n\u00e9ces\u00adsi\u00adt\u00e9s \u00e9co\u00adno\u00admiques, nous pen\u00adsons, par contre, que, dans leur pre\u00admi\u00e8re phase d\u2019ac\u00adti\u00advi\u00adt\u00e9, il est par\u00adfai\u00adte\u00adment pos\u00adsible qu\u2019elles ne soient, au d\u00e9but, que des centres de propagande.<\/p>\n<p>Recher\u00adchons donc les meilleures r\u00e8gles de divi\u00adsion r\u00e9gio\u00adnale. Quelle sera la gran\u00addeur de la R\u00e9gion&nbsp;? Elle sera telle que la ou les formes d\u2019ac\u00adti\u00advi\u00adt\u00e9 qui la carac\u00adt\u00e9\u00adrisent soient enti\u00e8\u00adre\u00adment conte\u00adnues dans sa super\u00adfi\u00adcie. Par exemple, la r\u00e9gion du Nord est sur\u00adtout r\u00e9gion houill\u00e8re, la pr\u00e9\u00adsence de la houille y a concen\u00adtr\u00e9 la m\u00e9tal\u00adlur\u00adgie. Elle contient aus\u00adsi un fort grou\u00adpe\u00adment tex\u00adtile. Cet ensemble est conte\u00adnu dans les deux d\u00e9par\u00adte\u00adments du Nord et du Pas-de-Calais. Les m\u00eames m\u00e9thodes indus\u00adtrielles doivent \u00eatre appli\u00adqu\u00e9es dans les deux, l\u2019ac\u00adtion syn\u00addi\u00adcale doit y \u00eatre commune.<\/p>\n<p>La r\u00e9gion doit-elle conte\u00adnir deux ou plu\u00adsieurs d\u00e9par\u00adte\u00adments&nbsp;? La r\u00e8gle sera variable, fonc\u00adtion de l\u2019ac\u00adti\u00advi\u00adt\u00e9 locale. Dans cer\u00adtaines par\u00adties du pays, il faut grou\u00adper un grand nombre de d\u00e9par\u00adte\u00adments pour y trou\u00adver plus d\u2019un centre vrai\u00adment ani\u00adm\u00e9. Com\u00adbien de pr\u00e9\u00adfec\u00adtures ne sont que de gros villages&nbsp;!<\/p>\n<p>Sui\u00advra-t-on les contours des d\u00e9par\u00adte\u00adments ou, en d\u2019autres termes, la r\u00e9gion contien\u00addra-t-elle un nombre exact de d\u00e9par\u00adte\u00adments&nbsp;? En prin\u00adcipe, oui, parce que <i>si nous tra\u00ad\u00e7ons d\u2019autres limites, nous fai\u00adsons sur\u00adgir des consta\u00adta\u00adtions infi\u00adnies<\/i> qui ne man\u00adque\u00adraient pas d\u2019ar\u00adr\u00ea\u00adter tout tra\u00advail. Cher\u00adchons plu\u00adt\u00f4t \u00e0 r\u00e9a\u00adli\u00adser une r\u00e8gle de grou\u00adpe\u00adment qui per\u00admette tou\u00adjours, \u00e0 l\u2019a\u00adve\u00adnir, des per\u00admu\u00adta\u00adtions amiables. Cela sera r\u00e9a\u00adli\u00ads\u00e9 si nous sup\u00adpri\u00admons quelques-uns des groupes inter\u00adm\u00e9\u00addiaires. Dans l\u2019exemple de d\u00e9cou\u00adpage don\u00adn\u00e9 plus loin, nous avons, en g\u00e9n\u00e9\u00adral, sui\u00advi des d\u00e9li\u00admi\u00adta\u00adtions d\u00e9j\u00e0 \u00e9ta\u00adblies, sauf \u00e0 dis\u00adtraire quelques ter\u00adri\u00adtoires d\u2019ar\u00adron\u00addis\u00adse\u00adments de leur d\u00e9par\u00adte\u00adment d\u2019origine.<\/p>\n<p>Nous pro\u00adpo\u00adsons, apr\u00e8s d\u2019autres per\u00adsonnes qui,ont \u00e9tu\u00addi\u00e9 s\u00e9rieu\u00adse\u00adment le pro\u00adbl\u00e8me, de prendre comme point de d\u00e9part un choix de villes impor\u00adtantes par les acti\u00advi\u00adt\u00e9 indus\u00adtrielle, intel\u00adlec\u00adtuelle, com\u00admer\u00adciale et par leur situa\u00adtion g\u00e9o\u00adgra\u00adphique natu\u00adrelle ou arti\u00adfi\u00adcielle. Il suf\u00adfit alors de cher\u00adcher leurs limites d\u2019at\u00adtrac\u00adtion. Il se trouve for\u00adc\u00e9\u00adment que l\u2019ac\u00adti\u00advi\u00adt\u00e9 de ces villes est repr\u00e9\u00adsen\u00adta\u00adtive de l\u2019ac\u00adti\u00advi\u00adt\u00e9 r\u00e9gio\u00adnale. Nous Pren\u00addrons comme \u00e9l\u00e9\u00adments d\u2019ap\u00adpr\u00e9\u00adcia\u00adtion le chiffre de popu\u00adla\u00adtion, les diverses formes d\u2019ac\u00adti\u00advi\u00adt\u00e9, la posi\u00adtion, la pr\u00e9\u00adsence d\u2019une voie navi\u00adgable, d\u2019un port, d\u2019un n\u0153ud de voies fer\u00adr\u00e9es, celle d\u2019une Uni\u00adver\u00adsi\u00adt\u00e9 ou d\u2019un groupe impor\u00adtant d\u2019\u00e9\u00adcoles, le voi\u00adsi\u00adnage d\u2019une riche r\u00e9gion agri\u00adcole, d\u2019un gise\u00adment de mines, de sources natu\u00adrelles de forces.<\/p>\n<p>L\u2019im\u00adpor\u00adtance d\u2019un centre peut gran\u00adde\u00adment se modi\u00adfier au cours des si\u00e8cles, mais il ne s\u2019a\u00adgit pas du tout de faire \u0153uvre \u00e9ter\u00adnelle&nbsp;; en tous cas, c\u2019est cepen\u00addant l\u2019\u00e9l\u00e9\u00adment le plus stable que nous trou\u00advions. Qu\u2019un centre nou\u00adveau gran\u00addisse, il devien\u00addra \u00e0 son tour capi\u00adtale. Qu\u2019une r\u00e9gion enti\u00e8re se d\u00e9ve\u00adloppe sp\u00e9\u00adcia\u00adle\u00adment, elle\td\u00e9dou\u00adble\u00adra. Qu\u2019elle P\u00e9ri\u00adclite au contraire, elle s\u2019ag\u00adglo\u00adm\u00e9\u00adre\u00adra alors \u00e0 une r\u00e9gion plus riche. Nous ne cher\u00adchons pas l\u2019\u00e9\u00adqui\u00adlibre abso\u00adlu entre r\u00e9gions. Nous ne cher\u00adchons pas \u00e0 cr\u00e9er des r\u00e9gions qui se suf\u00adfisent enti\u00e8\u00adre\u00adment \u00e0 elles-m\u00eames. Nous ne le vou\u00adlons m\u00eame pas. Il est d\u00e9si\u00adrable que, com\u00adpl\u00e8tes en un sens, cha\u00adcune d\u2019elles d\u00e9pende des autres pour divers besoins, comme nous vou\u00addrions que toute les nations d\u00e9pendent les unes des autres \u00e0 un point tel qu\u2019elles ne puissent ou n\u2019osent entrer en lutte. Les r\u00e9gions se sp\u00e9\u00adcia\u00adli\u00adse\u00adront, selon leur richesse mat\u00e9\u00adrielle, leur cli\u00admat et la r\u00e9par\u00adti\u00adtion d\u00e8s pro\u00adduits entre elles sera assu\u00adr\u00e9e \u2011par la direc\u00adtion g\u00e9n\u00e9\u00adrale d\u2019\u00e9\u00adco\u00adno\u00admie natio\u00adnale, pou\u00advoir cen\u00adtral des travailleurs.<\/p>\n<p>Au-des\u00adsous \u2018de la r\u00e9gion, qu\u2019au\u00adrons-nous&nbsp;? Dans l\u2019ordre admi\u00adnis\u00adtra\u00adtif nous pro\u00adpo\u00adsons de sup\u00adpri\u00admer com\u00adpl\u00e8\u00adte\u00adment, non seule\u00adment le d\u00e9par\u00adte\u00adment, mais aus\u00adsi l\u2019ar\u00adron\u00addis\u00adse\u00adment et le can\u00adton. Selon les besoins, on envi\u00adsa\u00adge\u00adra des grou\u00adpe\u00adments de com\u00admunes variables, n\u00e9ces\u00adsaires dans cer\u00adtains cas&nbsp;: cr\u00e9a\u00adtion d\u2019h\u00f4\u00adpi\u00adtal inter\u00adcom\u00admu\u00adnal, d\u2019\u00e9\u00adcole secon\u00addaire, de sta\u00adtions d\u2019es\u00adsais agri\u00adcoles ou indus\u00adtriels par exemple. Les diverses admi\u00adnis\u00adtra\u00adtions de la r\u00e9gion auront des suc\u00adcur\u00adsales dis\u00ads\u00e9\u00admi\u00adn\u00e9es selon les besoins, mais ceci ne n\u00e9ces\u00adsite en rien la cr\u00e9a\u00adtion de s\u00e9ries infi\u00adnies de bureau\u00adcrates plus ou moins galonn\u00e9s.<\/p>\n<p>L\u2019ex\u00adp\u00e9\u00adrience montre que l\u00e0 o\u00f9 il y a trop grand nombre d\u2019\u00e9\u00adche\u00adlons, il en appa\u00adra\u00eet d\u2019i\u00adnu\u00adtiles. L\u2019u\u00adsage conserve le m\u00e8tre et le kilo\u00adm\u00e8tre, il oublie le d\u00e9ca\u00adm\u00e8tre et l\u2019hec\u00adto\u00adm\u00e8tre. L\u2019exemple absurde est don\u00adn\u00e9 par l\u2019in\u00adter\u00admi\u00adnable hi\u00e9\u00adrar\u00adchie  militaire.<\/p>\n<p>Nous aurons le clas\u00adse\u00adment suivant&nbsp;:<br>\n<br>l\u2019in\u00addi\u00advi\u00addu<br>\n<br>la famille,<br>\n<br>la com\u00admune,<br>\n<br>la r\u00e9gion,<br>\n<br>la nation,<br>\n<br>le monde.<\/p>\n<p>Si nous trans\u00adpor\u00adtons cette suite dans le plan syn\u00addi\u00adcal, nous aurons, en l\u2019\u00e9\u00adtat actuel ou imm\u00e9\u00addia\u00adte\u00adment r\u00e9alisable&nbsp;:<br>\n<br>l\u2019ou\u00advrier, ,<br>\n<br>l\u2019a\u00adte\u00adlier (et sa com\u00admis\u00adsion d\u2019atelier),<br>\n<br>le syn\u00addi\u00adcat&nbsp;local<br>\n<br>(s\u2019il y a plu\u00adsieurs indus\u00adtries dans la com\u00admune, la com\u00admis\u00adsion intersyndicale),<br>\n<br>la f\u00e9d\u00e9\u00adra\u00adtion, r\u00e9gionale,<br>\n<br>l\u2019u\u00adnion, r\u00e9gio\u00adnale intersyndicale<br>\n<br>(avec la com\u00admis\u00adsion r\u00e9gio\u00adnale de contr\u00f4le et de statistique),<br>\n<br>la f\u00e9d\u00e9\u00adra\u00adtion nationale,<br>\n<br>la conf\u00e9\u00add\u00e9\u00adra\u00adtion (ser\u00advices centraux),<br>\n<br>l\u2019u\u00adnion inter\u00adna\u00adtio\u00adnale syndicale.<\/p>\n<p>On voit qu\u2019il y a cor\u00adres\u00adpon\u00addance directe \u00e0 tous les degr\u00e9s.<\/p>\n<p>\u00c0 l\u2019ob\u00adjec\u00adtion qu\u2019il est d\u00e9j\u00e0 dif\u00adfi\u00adcile de faire vivre cer\u00adtains orga\u00adnismes d\u00e9par\u00adte\u00admen\u00adtaux et qu\u2019ils p\u00e9ri\u00adront sous une t\u00e2che plus lourde, il est facile de r\u00e9pondre d\u2019a\u00adbord que jus\u00adte\u00adment l\u2019ac\u00adcrois\u00adse\u00adment de tra\u00advail est une assu\u00adrance de vie, et ensuite qu\u2019il est facile de ren\u00adfor\u00adcer des orga\u00adnismes moins nom\u00adbreux. Avec les centres dis\u00adpa\u00adrus ne dis\u00adpa\u00adra\u00ee\u00adtront pas tous ceux qui les ani\u00admaient puis\u00adqu\u2019on en aura besoin dans un centre plus&nbsp;fort.<\/p>\n<p>Comme nous avons dit qu\u2019il faut ins\u00adcrire dans la r\u00e8gle le droit qu\u2019au\u00adront les com\u00admunes de  faire des alliances tem\u00adpo\u00adraires entre elles, droit qu\u2019au\u00adront de m\u00eame les syn\u00addi\u00adcats locaux, on ins\u00adcri\u00adra le m\u00eame droit pour les r\u00e9gions. Plus loin encore, sans rien abdi\u00adquer bien enten\u00addu des pou\u00advoirs des com\u00admis\u00adsions natio\u00adnales, on \u2018ins\u00adcri\u00adra le droit, pour les r\u00e9gions fron\u00adti\u00e8res, d\u2019en\u00adtrer en rela\u00adtions avec les orga\u00adni\u00adsa\u00adtions voi\u00adsines \u00e9tran\u00adg\u00e8res. Nous voyons tr\u00e8s bien les cama\u00adrades lil\u00adlois en contact avec Bruxelles, ceux de Gre\u00adnoble avec Gen\u00e8ve, de Stras\u00adbourg avec Franc\u00adfort, de Mont\u00adpel\u00adlier avec Bar\u00adce\u00adlone, du Havre avec les Anglais. Il fau\u00addra encou\u00adra\u00adger les affi\u00adni\u00adt\u00e9s, gage de paix (notre paix).<\/p>\n<p>Nous pr\u00e9\u00adsen\u00adtons sur\u00adtout \u00e0 titre d\u2019exemple, un essai de divi\u00adsion. II nous conduit \u00e0 un nombre (29) plus \u00e9le\u00adv\u00e9 que celui du d\u00e9cret Cl\u00e9\u00admen\u00adtel (grou\u00adpe\u00adment des Chambres de com\u00admerce) cal\u00adqu\u00e9 \u00e0 peu pr\u00e8s par la F\u00e9d\u00e9\u00adra\u00adtion Natio\u00adnale des Coop\u00e9\u00adra\u00adtives, plus grand aus\u00adsi que celui de la F\u00e9d\u00e9\u00adra\u00adtion du B\u00e2ti\u00adment (25 sans l\u2019Al\u00adg\u00e9\u00adrie). Les diver\u00adgences, quant au choix des centres, ne sont pas tr\u00e8s grandes.<\/p>\n<p>Pour tra\u00adcer les contours, il fau\u00addra agir avec une grande pru\u00addence. Si l\u2019on heurte les ten\u00addances de quelques syn\u00addi\u00adcats, leur attrac\u00adtion vers un cer\u00adtain p\u00f4le, on sou\u00adl\u00e8\u00adve\u00adra chez eux d\u2019ar\u00addentes r\u00e9sis\u00adtances qui, c\u2019est \u00e0 craindre, absor\u00adbe\u00adront f\u00e2cheu\u00adse\u00adment toute leur action, au grand d\u00e9tri\u00adment de leurs objec\u00adtifs r\u00e9guliers.<\/p>\n<p>Nous pr\u00e9\u00adsen\u00adtons, dans le tableau qui suit, un clas\u00adse\u00adment, une s\u00e9lec\u00adtion des villes impor\u00adtantes non pas pour les ran\u00adger dans un ordre g\u00e9n\u00e9\u00adral, mais pour d\u00e9ter\u00admi\u00adner les r\u00e9gions bien carac\u00adt\u00e9\u00adri\u00ads\u00e9es par la for\u00adma\u00adtion, plus ou moins ancienne, d\u2019une m\u00e9tro\u00adpole,\tet aus\u00adsi pour choi\u00adsir entre les villes qui, dans une r\u00e9gion peu d\u00e9ve\u00adlop\u00adp\u00e9e, pour\u00adraient pr\u00e9\u00adtendre en \u00eatre le chef-lieu.<\/p>\n<p><img decoding=\"async\" src=\"IMG\/png\/tableau.png\" alt=\"tableau.png\" data-description=\"Cliquer pour agrandir\" align=\"center\"><\/p>\n<p>Nous avons don\u00adn\u00e9 \u00e0 chaque ville des cotes arbi\u00adtraires en valeur abso\u00adlue, mais en rap\u00adport rela\u00adtif de l\u2019une \u00e0 l\u2019autre.<\/p>\n<p>Nous avons consi\u00add\u00e9\u00adr\u00e9 sou\u00advent des couples de villes ayant entre elles des \u00e9changes intenses.<\/p>\n<p>Nous pro\u00adpo\u00adsons donc les r\u00e9gions suivantes&nbsp;:<\/p>\n<ol>\n<li> Lille (Nord et Pas-de-Calais).<\/li>\n<\/ol>\n<ol>\n<li> Reims (cou\u00adpl\u00e9e avec Ch\u00e2\u00adlons et Eper\u00adnay) (Aisne, Marne, Ardennes et arron\u00addis\u00adse\u00adment de Bar-le-Duc).<\/li>\n<li> Nan\u00adcy-Metz (Meuse- moins Bar-le-Duc, Moselle, Meurthe, Vosges).<\/li>\n<li> Stras\u00adbourg (Bas-Rhin, Haut-Rhin avec Belfort).<\/li>\n<li> Besan\u00ad\u00e7on. (Haute-Sa\u00f4ne, Doubs moins D\u00f4le,&nbsp;Jura).<\/li>\n<li> Lyon (Rh\u00f4ne, Loire, Ain, Ard\u00e8che, et arron\u00addis\u00adse\u00adment de Vienne et La Tour-du-Pin).<\/li>\n<li> Gre\u00adnoble (Is\u00e8re sans Vienne ni La Tour-du-Pin, Hautes-Alpes, Savoie et Haute-Savoie).<\/li>\n<li> Mar\u00adseille (Basses-Alpes, Vau\u00adcluse, Bouches-du-Rh\u00f4ne&nbsp;; Var et Alpes-Maritimes).<\/li>\n<li> Mont\u00adpel\u00adlier (Gard, H\u00e9rault, Aude, Pyr\u00e9n\u00e9es-Orientales).<\/li>\n<li> Tou\u00adlouse (Haute-Garonne, Ari\u00e8ge, Tarn-et-Garonne, Gers moins Mirande).<\/li>\n<li> Bayonne (Basses-Pyr\u00e9\u00adn\u00e9es, Hautes-Pyr\u00e9\u00adn\u00e9es, arron\u00addis\u00adse\u00adment de Mirande et sud du d\u00e9par\u00adte\u00adment des Landes).<\/li>\n<li> Bor\u00addeaux (Nord du d\u00e9par\u00adte\u00adment des Landes, Gironde, Lot, Lot-et-Garonne, Dor\u00addogne, arron\u00addis\u00adse\u00adment de Jonzac).<\/li>\n<li> Poi\u00adtiers (Vienne, Deux-S\u00e8vres, Cha\u00adrente moins Confo\u00adlens, Cha\u00adrente-Inf\u00e9\u00adrieure moins Jon\u00adzac. Ces deux der\u00adniers d\u00e9par\u00adte\u00adments pour\u00adront \u00eatre s\u00e9par\u00e9s).<\/li>\n<li> Nantes-Saint-Nazaire (Ven\u00add\u00e9e, Maine-et-Loire, Loire-Inf\u00e9rieure).<\/li>\n<li> Lorient (Mor\u00adbi\u00adhan, Finis\u00adt\u00e8re, C\u00f4tes-du-Nord).<\/li>\n<li> Rennes (Ille-et-Vilaine, Mayenne).<\/li>\n<li> Caen (Manche, Cal\u00adva\u00addos,&nbsp;Orne).<\/li>\n<li> Rouen-Havre (Eure, Seine-Inf\u00e9rieure).<\/li>\n<li> Amiens (Somme, Oise).<\/li>\n<li> Paris (Seine, Seine-et-Marne, Seine-et-Oise).<\/li>\n<li> Troyes (Yonne, Aube, Haute-Marne, arr. de Ch\u00e2\u00adtillon et&nbsp;Semur).<\/li>\n<li> Dijon (C\u00f4te-d\u2019Or sans Semur ni Ch\u00e2\u00adtillon, Sa\u00f4ne-et-Loire).&nbsp;.<\/li>\n<li> Cler\u00admont (Puy-de-D\u00f4me, Haute-Loire, Cantal).<\/li>\n<li> Albi (Tarn, Avey\u00adron, Loz\u00e8re).<\/li>\n<li> Limoges (Haute-Vienne, Creuse, Cor\u00adr\u00e8ze, arr. de Confolens).<\/li>\n<li> Tours (Sarthe, Indre-et-Loire, Indre).<\/li>\n<li> Orl\u00e9ans (Eure-et-Loir, Loir-et-Cher, Loiret).<\/li>\n<li> Nevers (ou Mont\u00adlu\u00ad\u00e7on) (Ni\u00e8vre, Cher, Allier).<\/li>\n<li> Corse.<\/li>\n<\/ol>\n<h2>Conclusion<\/h2>\n<p>Le Syn\u00addi\u00adca\u00adlisme et le Capi\u00adta\u00adlisme dis\u00adposent de forces iden\u00adtiques qui se meuvent de la m\u00eame fa\u00e7on sur des plans dif\u00adf\u00e9\u00adrents, pour des buts oppo\u00ads\u00e9s. Ils ne peuvent que s\u2019or\u00adga\u00adni\u00adser d\u2019une fa\u00e7on sem\u00adblable, sui\u00advant les m\u00eames r\u00e8gles, pour abou\u00adtir \u00e0 une m\u00eame fin&nbsp;:l\u2019or\u00adga\u00adni\u00adsa\u00adtion de la production.<\/p>\n<p>Avec ses puis\u00adsantes assises, l\u2019U.R. pour\u00adra faire face \u00e0 toute l\u2019ac\u00adtion offen\u00adsive et d\u00e9fen\u00adsive qui lui incom\u00adbe\u00adra. Unie \u00e0 une autre ou \u00e0 d\u2019autres r\u00e9gions si l\u2019ac\u00adtion sou\u00adte\u00adnue ou enga\u00adg\u00e9e l\u2019exige, elle sera en mesure de r\u00e9sis\u00adter vic\u00adto\u00adrieu\u00adse\u00adment ou de lut\u00adter vic\u00adto\u00adrieu\u00adse\u00adment aux attaques inter-r\u00e9gio\u00adnales du Capitalisme.<\/p>\n<p>La lutte sera ain\u00adsi repla\u00adc\u00e9e sur son v\u00e9ri\u00adtable ter\u00adrain et le Syn\u00addi\u00adca\u00adlisme aura com\u00adbl\u00e9 le retard qu\u2019il a actuel\u00adle\u00adment sur le Capi\u00adta\u00adlisme. Il pour\u00adra lui faire face en toute occasion.<\/p>\n<p>La cr\u00e9a\u00adtion des U.R., avec le carac\u00adt\u00e8re que la Com\u00admis\u00adsion leur donne, obli\u00adge\u00adra \u00e0 cr\u00e9er par\u00adtout o\u00f9 elles n\u2019existent pas les U.L. ou com\u00admunes, cel\u00adlules com\u00adpl\u00e8tes de la vie sociale.<\/p>\n<p>La vie r\u00e9gu\u00adli\u00e8re de ces U.L. am\u00e8\u00adne\u00adra la consti\u00adtu\u00adtion nor\u00admale des Conseils d\u2019u\u00adsines et des Comi\u00adt\u00e9s d\u2019a\u00adte\u00adliers qui per\u00admet\u00adtront d\u2019ins\u00adtal\u00adler dans chaque lieu de pro\u00adduc\u00adtion le contr\u00f4le syn\u00addi\u00adcal au moyen duquel il sera pos\u00adsible \u00e0 la classe ouvri\u00e8re de faire, sans com\u00adpro\u00admis\u00adsion avec le Patro\u00adnat, l\u2019ap\u00adpren\u00adtis\u00adsage de la gestion.<\/p>\n<p>La r\u00e9no\u00adva\u00adtion du Syn\u00addi\u00adca\u00adlisme ne s\u2019o\u00adp\u00e9\u00adre\u00adra qu\u2019au\u00adtant que nous com\u00adpren\u00addrons la n\u00e9ces\u00adsi\u00adt\u00e9 de toutes ces modi\u00adfi\u00adca\u00adtions et trans\u00adfor\u00adma\u00adtions profondes.<\/p>\n<p>Pour cela, il est indis\u00adpen\u00adsable de rompre avec les erre\u00adments du pas\u00ads\u00e9, de bous\u00adcu\u00adler bien des pr\u00e9\u00adju\u00adg\u00e9s, de s\u2019\u00e9\u00adle\u00adver une fois pour toutes au niveau de la situa\u00adtion actuelle et de com\u00adprendre, enfin, que ce n\u2019est qu\u2019\u00e0 ce prix que le Syn\u00addi\u00adca\u00adlisme pour\u00adra accom\u00adplir sa mission.<\/p>\n<p>S\u2019il en \u00e9tait autre\u00adment, les dif\u00adfi\u00adcul\u00adt\u00e9s res\u00adte\u00adraient insur\u00admon\u00adtables pour lui&nbsp;; il ne serait pas la grande force d\u2019af\u00adfran\u00adchis\u00adse\u00adment qu\u2019il doit repr\u00e9\u00adsen\u00adter. Le Syn\u00addi\u00adca\u00adlisme ne sera libre qu\u2019au\u00adtant qu\u2019il sau\u00adra se lib\u00e9\u00adrer et s\u2019im\u00adpo\u00adser \u00e0 toutes les autres forces. Si le d\u00e9ve\u00adlop\u00adpe\u00adment de ces der\u00adni\u00e8res ann\u00e9es \u00e9tait plus rapide que le sien, nous pour\u00adrions faire encore bien des r\u00e9vo\u00adlu\u00adtions poli\u00adtiques avant de pou\u00advoir faire la v\u00e9ri\u00adtable r\u00e9vo\u00adlu\u00adtion pro\u00adl\u00e9\u00adta\u00adrienne et lib\u00e9\u00adra\u00adtrice&nbsp;: l\u2019<sc>\u00e9co\u00adno\u00admique<\/sc>.<\/p>\n<p>Tel est l\u2019a\u00advis de la Com\u00admis\u00adsion. Elle veut croire que le Congr\u00e8s, com\u00adpre\u00adnant la grande t\u00e2che qu\u2019il a \u00e0 rem\u00adplir, la sui\u00advra dans la d\u00e9mons\u00adtra\u00adtion et d\u00e9ci\u00adde\u00adra, dans une mani\u00adfes\u00adta\u00adtion \u00e9clai\u00adr\u00e9e, la cr\u00e9a\u00adtion des Unions r\u00e9gio\u00adnales et locales, des Comi\u00adt\u00e9s d\u2019u\u00adsines et des Conseils d\u2019a\u00adte\u00adlier, bases solides d\u2019un Syn\u00addi\u00adca\u00adlisme qui pour\u00adra orga\u00adni\u00adser la pro\u00adduc\u00adtion et la r\u00e9par\u00adti\u00adtion, la ges\u00adtion et l\u2019ad\u00admi\u00adnis\u00adtra\u00adtion de l\u2019ordre nouveau.<\/p>\n","protected":false},"excerpt":{"rendered":"<p>S\u2019ins\u00adpi\u00adrant des n\u00e9ces\u00adsi\u00adt\u00e9s pr\u00e9\u00adsentes, la Com\u00admis\u00adsion a vou\u00adlu rompre avec un pas\u00ads\u00e9 r\u00e9cent. L\u2019a\u00addop\u00adtion par la C.G.T.U. du plan dres\u00ads\u00e9 par l\u2019an\u00adcienne C.A. pro\u00advi\u00adsoire en ce qui concerne les unions r\u00e9gio\u00adnales est une preuve que ces Unions, fonc\u00adtion\u00adnant sui\u00advant nos prin\u00adcipes, sont d\u2019im\u00adpor\u00adtance vitale pour le mou\u00adve\u00adment syn\u00addi\u00adca\u00adliste. Par\u00adtant de ce point de vue&nbsp;que&nbsp;[\u2026]<\/p>\n","protected":false},"author":1,"featured_media":0,"comment_status":"closed","ping_status":"closed","sticky":false,"template":"","format":"standard","meta":{"wp_typography_post_enhancements_disabled":false,"footnotes":""},"categories":[376],"tags":[],"ppma_author":[540],"class_list":["post-3186","post","type-post","status-publish","format-standard","hentry","category-la-voix-du-travail-na3-4-octobre-novembre-1926"],"authors":[{"term_id":540,"user_id":1,"is_guest":0,"slug":"admin_3gikpwyf","display_name":"Vincent Dubuc","avatar_url":"https:\/\/secure.gravatar.com\/avatar\/d015720652c25fd2ced191ade86430094e1f288a17483713e3b34d26dea52507?s=96&d=mm&r=g","author_category":"","user_url":"https:\/\/la-presse-anarchiste.net","last_name":"Dubuc","first_name":"Vincent","job_title":"","description":""}],"_links":{"self":[{"href":"https:\/\/la-presse-anarchiste.net\/index.php\/wp-json\/wp\/v2\/posts\/3186","targetHints":{"allow":["GET"]}}],"collection":[{"href":"https:\/\/la-presse-anarchiste.net\/index.php\/wp-json\/wp\/v2\/posts"}],"about":[{"href":"https:\/\/la-presse-anarchiste.net\/index.php\/wp-json\/wp\/v2\/types\/post"}],"author":[{"embeddable":true,"href":"https:\/\/la-presse-anarchiste.net\/index.php\/wp-json\/wp\/v2\/users\/1"}],"replies":[{"embeddable":true,"href":"https:\/\/la-presse-anarchiste.net\/index.php\/wp-json\/wp\/v2\/comments?post=3186"}],"version-history":[{"count":0,"href":"https:\/\/la-presse-anarchiste.net\/index.php\/wp-json\/wp\/v2\/posts\/3186\/revisions"}],"wp:attachment":[{"href":"https:\/\/la-presse-anarchiste.net\/index.php\/wp-json\/wp\/v2\/media?parent=3186"}],"wp:term":[{"taxonomy":"category","embeddable":true,"href":"https:\/\/la-presse-anarchiste.net\/index.php\/wp-json\/wp\/v2\/categories?post=3186"},{"taxonomy":"post_tag","embeddable":true,"href":"https:\/\/la-presse-anarchiste.net\/index.php\/wp-json\/wp\/v2\/tags?post=3186"},{"taxonomy":"author","embeddable":true,"href":"https:\/\/la-presse-anarchiste.net\/index.php\/wp-json\/wp\/v2\/ppma_author?post=3186"}],"curies":[{"name":"wp","href":"https:\/\/api.w.org\/{rel}","templated":true}]}}