{"id":3190,"date":"2012-05-16T13:21:39","date_gmt":"2012-05-16T13:21:39","guid":{"rendered":"https:\/\/la-presse-anarchiste.net\/index.php\/2012\/05\/16\/lutte-des-classes-ou-lutte-nationale\/"},"modified":"2012-05-16T13:21:39","modified_gmt":"2012-05-16T13:21:39","slug":"lutte-des-classes-ou-lutte-nationale","status":"publish","type":"post","link":"https:\/\/la-presse-anarchiste.net\/index.php\/2012\/05\/16\/lutte-des-classes-ou-lutte-nationale\/","title":{"rendered":"Lutte des classes ou lutte nationale"},"content":{"rendered":"<div class=\"pdfprnt-buttons pdfprnt-buttons-post pdfprnt-top-right\"><a href=\"https:\/\/la-presse-anarchiste.net\/index.php\/wp-json\/wp\/v2\/posts\/3190?print=pdf\" class=\"pdfprnt-button pdfprnt-button-pdf\" target=\"_blank\"><img decoding=\"async\" src=\"https:\/\/la-presse-anarchiste.net\/wp-content\/plugins\/pdf-print\/images\/pdf.png\" alt=\"image_pdf\" title=\"Afficher le PDF\"><\/a><a href=\"https:\/\/la-presse-anarchiste.net\/index.php\/wp-json\/wp\/v2\/posts\/3190?print=print\" class=\"pdfprnt-button pdfprnt-button-print\" target=\"_blank\"><img decoding=\"async\" src=\"https:\/\/la-presse-anarchiste.net\/wp-content\/plugins\/pdf-print\/images\/print.png\" alt=\"image_print\" title=\"Contenu imprim\u00e9\"><\/a><\/div><p>\u00ab&nbsp;La France est un pays de 90 mil\u00adlions d\u2019\u00e2mes.&nbsp;\u00bb Ce sont les paroles consa\u00adcr\u00e9es, les mots que pro\u00adnoncent tous les bons patriotes afin de mon\u00adtrer l\u2019at\u00adta\u00adche\u00adment sen\u00adti\u00admen\u00adtal, d\u2019ailleurs fort rela\u00adtif, qu\u2019ils \u00e9prouvent. pour les colo\u00adnies, pour \u00ab&nbsp;notre plus grande France d\u2019outre-mer&nbsp;\u00bb.<\/p>\n<p>La France est donc un pays de 90 mil\u00adlions d\u2019ha\u00adbi\u00adtants, habi\u00adtants noirs de l\u2019A\u00adfrique \u00c9qua\u00adto\u00adriale et des Antilles, habi\u00adtants arabes et ber\u00adb\u00e8res de l\u2019A\u00adfrique du Nord, habi\u00adtants jaunes de l\u2019In\u00addo\u00adchine&nbsp;; et 50 mil\u00adlions de colo\u00adniaux qui semblent sou\u00advent ne pas \u00e9prou\u00adver beau\u00adcoup de joie \u00e0 \u00eatre sujets de la France, s\u2019a\u00adgitent, se r\u00e9voltent contre les exploi\u00adteurs comme ils se sont jadis agi\u00adt\u00e9s et r\u00e9vol\u00adt\u00e9s contre les envahisseurs.<\/p>\n<p>L\u2019es\u00adprit de la lutte est-il res\u00adt\u00e9 le m\u00eame&nbsp;? Les com\u00adbats actuels conti\u00adnuent-ils la guerre natio\u00adnale d\u2019au\u00adtre\u00adfois&nbsp;? Un nou\u00adveau fac\u00adteur s\u2019est intro\u00adduit dan la lutte&nbsp;: le d\u00e9ve\u00adlop\u00adpe\u00adment du pro\u00adl\u00e9\u00adta\u00adriat colo\u00adnial&nbsp;; ce nou\u00adveau fac\u00adteur va-t-il sup\u00adplan\u00adter l\u2019es\u00adprit natio\u00adnal&nbsp;? Va-t-il se jux\u00adta\u00adpo\u00adser \u00e0 lui&nbsp;? En un mot y a\u2011t-il eu aux colo\u00adnies, plus exac\u00adte\u00adment y a\u2011t-il eu dans les colo\u00adnies qui peuvent sou\u00adte\u00adnir une lutte de classes, ou les imp\u00e9\u00adria\u00adlismes, pas\u00adsage de la lutte natio\u00adnale \u00e0 la lutte de classes, ou bien est-ce la lutte natio\u00adnale qui se conti\u00adnue sous une forme plus moderne et men\u00e9e par un pro\u00adl\u00e9\u00adta\u00adriat m\u00e9content&nbsp;?<\/p>\n<p>D\u2019autre part, il serait int\u00e9\u00adres\u00adsant de savoir quelle posi\u00adtion doit prendre le pro\u00adl\u00e9\u00adta\u00adriat m\u00e9tro\u00adpo\u00adli\u00adtain devant les formes de lutte aux colonies.<\/p>\n<p>Il est impos\u00adsible de faire une d\u00e9mar\u00adca\u00adtion nette entre lutte de classes et lutte natio\u00adnale sans \u00e9tu\u00addier dans chaque colo\u00adnie s\u00e9pa\u00adr\u00e9\u00adment les mou\u00adve\u00adments indi\u00adg\u00e8nes qui s\u2019op\u00adposent actuel\u00adle\u00adment \u00e0 l\u2019ex\u00adploi\u00adta\u00adtion fran\u00ad\u00e7aise&nbsp;; en effet, les formes de lutte peuvent varier beau\u00adcoup d\u2019une colo\u00adnie \u00e0 l\u2019autre, et ces dif\u00adf\u00e9\u00adrences rendent fort dif\u00adfi\u00adciles une \u00e9tude g\u00e9n\u00e9\u00adrale du probl\u00e8me.<\/p>\n<p>[|<b>*  *  *  *<\/b><br>\n<\/p>\n<p>L\u2019empire colo\u00adnial fran\u00ad\u00e7ais est rela\u00adti\u00adve\u00adment neuf&nbsp;; c\u2019est sous la Troi\u00adsi\u00e8me R\u00e9pu\u00adblique que s\u2019a\u00adch\u00e8vent les grandes conqu\u00eates&nbsp;; c\u2019est seule\u00adment en 1912 qu\u2019est recon\u00adnu, par la conven\u00adtion de Fez, le pro\u00adtec\u00adto\u00adrat de la France au Maroc. Entre 1871 et 1912, se placent les conqu\u00eates de la Tuni\u00adsie, de l\u2019In\u00addo\u00adchine, de l\u2019A\u00adfrique \u00c9qua\u00adto\u00adriale et Occi\u00adden\u00adtale, de \u2018Mada\u00adgas\u00adcar. C\u2019est donc \u00e0 la fin du <sc>xix<\/sc><sup>e<\/sup> si\u00e8cle et au d\u00e9but du <sc>xx<\/sc><sup>e<\/sup> que la France va conqu\u00e9\u00adrir ses plus grandes colo\u00adnies, l\u2019Al\u00adg\u00e9\u00adrie mise \u00e0&nbsp;part.&nbsp;<\/p>\n<p>La conqu\u00eate, la com\u00adpo\u00adsi\u00adtion de l\u2019Em\u00adpire fran\u00ad\u00e7ais fut assez longue. Elle por\u00adta aus\u00adsi sur des pays tota\u00adle\u00adment dif\u00adf\u00e9\u00adrents. Les peuples for\u00admant l\u2019A.E.F. et l\u2019A.O.F., par exemple, n\u2019a\u00advaient jamais for\u00adm\u00e9 de nations. \u00ab&nbsp;<i>Aucun sen\u00adti\u00adment natio\u00adnal d\u2019in\u00add\u00e9\u00adpen\u00addance ne les ani\u00admait&nbsp;; ils se sont vite habi\u00adtu\u00e9s \u00e0 ob\u00e9ir aux offi\u00adciers fran\u00ad\u00e7ais.<\/i>&nbsp;\u00bb (Sei\u00adgno\u00adbos.) D\u2019autre part, la nature sau\u00advage de ces pays, leur faible den\u00adsi\u00adt\u00e9, le d\u00e9ve\u00adlop\u00adpe\u00adment encore minime des voies de com\u00admu\u00adni\u00adca\u00adtion rendent dif\u00adfi\u00adciles les contacts entre indi\u00adg\u00e8nes, et par suite, l\u2019or\u00adga\u00adni\u00adsa\u00adtion d\u2019une r\u00e9volte quelconque.<\/p>\n<p>Si les don\u00adn\u00e9es du pro\u00adbl\u00e8me sont dif\u00adf\u00e9\u00adrentes pour les Antilles, la solu\u00adtion est la m\u00eame. La Gua\u00adde\u00adloupe et la Mar\u00adti\u00adnique sont bien trop petites pour pou\u00advoir orga\u00adni\u00adser un mou\u00adve\u00adment s\u00e9rieux, et il ne peut s\u2019a\u00adgir de lutte natio\u00adnale, les habi\u00adtants actuels du pays des\u00adcen\u00addant de n\u00e8gres afri\u00adcains. Notons pour m\u00e9moire l\u2019exis\u00adtence d\u2019une ten\u00adsion per\u00adp\u00e9\u00adtuelle entre noirs et blancs, qui r\u00e9git toute la lutte poli\u00adtique. Les colo\u00adnies o\u00f9 la lutte s\u2019est le mieux d\u00e9ve\u00adlop\u00adp\u00e9e, o\u00f9 elle a pris une forme impor\u00adtante sont l\u2019A\u00adfrique du Nord et l\u2019In\u00addo\u00adchine. C\u2019est sur elles que nous allons main\u00adte\u00adnant cen\u00adtrer cette&nbsp;\u00e9tude.<\/p>\n<p>Il est facile de com\u00adprendre pour\u00adquoi dans ces deux pays la lutte est deve\u00adnue si forte. Ce sont d\u2019a\u00adbord les colo\u00adnies les plus peu\u00adpl\u00e9es. L\u2019A\u00adfrique du Nord compte 17 mil\u00adlions d\u2019ha\u00adbi\u00adtants, l\u2019In\u00addo\u00adchine en compte 20 mil\u00adlions. \u00c0 elles deux, ces colo\u00adnies forment donc plus des deux tiers de la popu\u00adla\u00adtion colo\u00adniale fran\u00ad\u00e7aise. D\u2019autre part, ce sont celles qui ont exci\u00adt\u00e9 le plus t\u00f4t les convoi\u00adtises des capi\u00adta\u00adlistes, culture de la vigne et de l\u2019o\u00adli\u00advier en Alg\u00e9\u00adrie, phos\u00adphate dans toute l\u2019A\u00adfrique du Nord, fer en Alg\u00e9\u00adrie. En Indo\u00adchine, riz cochin\u00adchi\u00adnois, fer et houille du Ton\u00adkin, sans comp\u00adter d\u2019autres res\u00adsources moins impor\u00adtantes mais cepen\u00addant appr\u00e9\u00adciables. Dans ces deux pays, exis\u00adtait une culture d\u00e9ve\u00adlop\u00adp\u00e9e, une uni\u00adt\u00e9 natio\u00adnale d\u00e9j\u00e0 assez forte, des reli\u00adgions qui rat\u00adta\u00adchaient l\u2019A\u00adfrique du Nord \u00e0 tout le bloc isla\u00admique. Le boud\u00addhisme et le culte de Confu\u00adcius rat\u00adta\u00adchaient au point de vue cultu\u00adrel le Viet-Nam \u00e0 la Chine. Dans des pays si dif\u00adf\u00e9\u00adren\u00adci\u00e9s et civi\u00adli\u00ads\u00e9s, les conqu\u00eates furent longues, Apr\u00e8s les conqu\u00eates, les r\u00e9voltes furent pro\u00adfondes. Elles durent encore. Elles ont pris des formes dif\u00adf\u00e9\u00adrentes. C\u2019est sous ces formes qu\u2019il convient de les consi\u00add\u00e9\u00adrer pour poser net\u00adte\u00adment le pro\u00adbl\u00e8me&nbsp;: <i>lutte de classes ou lutte natio\u00adnale<\/i>.<\/p>\n<p>[|<b>*  *  *  *<\/b>|]<br>\n<\/p>\n<p>Il n\u2019y a pas de mou\u00adve\u00adment com\u00admun \u00e0 la Tuni\u00adsie, au Maroc, \u00e0 l\u2019Al\u00adg\u00e9\u00adrie. Au Maroc, notons l\u2019exis\u00adtence d\u2019un mou\u00adve\u00adment natio\u00adnal qui groupe les forces indi\u00adg\u00e8nes autour de jour\u00adnaux tels que <i>l\u2019Ac\u00adtion Popu\u00adlaire<\/i>, <i>l\u2019Ac\u00adtion<\/i>, <i>El Atlas<\/i>. En Alg\u00e9\u00adrie, \u00e0 c\u00f4t\u00e9 des par\u00adtis com\u00admu\u00adniste et socia\u00adliste, le peuple va au Par\u00adti popu\u00adlaire alg\u00e9\u00adrien. Ce par\u00adti a suc\u00adc\u00e9\u00add\u00e9 \u00e0 l\u2019\u00c9toile Nord-Afri\u00adcaine dis\u00adsoute par le Front popu\u00adlaire, cepen\u00addant ses ten\u00addances sont moins s\u00e9pa\u00adra\u00adtistes. L\u2019\u00c9toile r\u00e9cla\u00admait un Par\u00adle\u00adment alg\u00e9\u00adrien \u00e9lu au suf\u00adfrage uni\u00adver\u00adsel, la sup\u00adpres\u00adsion, de la jus\u00adtice admi\u00adnis\u00adtra\u00adtive, la consti\u00adtu\u00adtion d\u2019une arm\u00e9e natio\u00adnale, le res\u00adpect de la petite pro\u00adpri\u00e9\u00adt\u00e9, la langue arabe recon\u00adnue comme langue prin\u00adci\u00adpale. Les indi\u00adg\u00e8nes seuls avaient le droit d\u2019y adh\u00e9\u00adrer. Le P.P.A. r\u00e9clame l\u2019in\u00add\u00e9\u00adpen\u00addance dans le cadre de la l\u00e9ga\u00adli\u00adt\u00e9. Il sou\u00adhaite la consti\u00adtu\u00adtion d\u2019un Par\u00adle\u00adment fran\u00adco-musul\u00adman. Il semble bien d\u2019a\u00adpr\u00e8s le r\u00e9sul\u00adtat des der\u00adni\u00e8res \u00e9lec\u00adtions can\u00adto\u00adnales qui virent Mes\u00adsa\u00adli Hadj arri\u00adver en t\u00eate du scru\u00adtin que le P.P.A. a pris une tr\u00e8s grosse impor\u00adtance en Alg\u00e9rie.<\/p>\n<p>En Tuni\u00adsie, la lutte est sur\u00adtout men\u00e9e par le N\u00e9o-Des\u00adtour. C\u2019est ce par\u00adti qui r\u00e9unit le pro\u00adl\u00e9\u00adta\u00adriat indi\u00adg\u00e8ne avec les \u00e9tu\u00addiants et les bour\u00adgeois. Ce N\u00e9o-Des\u00adtour tra\u00advaille \u00e0 c\u00f4t\u00e9 du vieux par\u00adti Des\u00adtour, plus reli\u00adgieux, et dont le chef, le cheik Tal\u00adbi sou\u00adhaite l\u2019u\u00adnion des dif\u00adf\u00e9\u00adrents mou\u00adve\u00adments musul\u00admans du monde (Pales\u00adtine, \u00c9gypte, etc.).<\/p>\n<p>Le N\u00e9o-Des\u00adtour qui a pris le nom de Par\u00adti lib\u00e9\u00adral consti\u00adtu\u00adtio\u00adna\u00adliste tuni\u00adsien se montre plus pro\u00adgres\u00adsiste. Il t\u00e2che d\u2019en\u00adglo\u00adber, et d\u2019ailleurs, il y r\u00e9us\u00adsit, la majo\u00adri\u00adt\u00e9 des ouvriers. Ben Yous\u00adsef d\u00e9clare un jour dans une r\u00e9union&nbsp;: \u00ab&nbsp;Notre par\u00adti groupe dans son sein tous les \u00e9l\u00e9\u00adments de la popu\u00adla\u00adtion, les ouvriers y ont une place et m\u00eame une place pr\u00e9\u00adpon\u00add\u00e9\u00adrante parce qu\u2019ils sont encore plus exploi\u00adt\u00e9s que les autres, \u00e9tant exploi\u00adt\u00e9s deux fois&nbsp;: une pre\u00admi\u00e8re fois en tant que colo\u00adni\u00ads\u00e9s, une deuxi\u00e8me fois en tant que pro\u00adl\u00e9\u00adtaires\u2026&nbsp;\u00bb Il ajoute plus loin&nbsp;: \u00ab&nbsp;<i>Chez nous, il ne doit pas y avoir de lutte de classes<\/i>.&nbsp;\u00bb D\u2019ailleurs, la tache de ceux qui rabattent vers le Des\u00adtour les ouvriers est faci\u00adli\u00adt\u00e9e par l\u2019ex\u00adploi\u00adta\u00adtion qu\u2019ils subissent et par les avan\u00adtages accor\u00add\u00e9s aux m\u00e9tro\u00adpo\u00adli\u00adtains. Il faut consi\u00add\u00e9\u00adrer cette remarque comme valable pour le P.P.A. Cet \u00e9tat de choses per\u00admet \u00e0 Noui\u00adra de dire&nbsp;: \u00ab&nbsp;Mes amis, vous \u00eates d\u2019un tiers colo\u00adnial patro\u00adnal qui se mani\u00adfeste par un salaire plus \u00e9le\u00adv\u00e9 des ouvriers fran\u00ad\u00e7ais, ita\u00adliens ou autres. Ain\u00adsi, avec vos reven\u00addi\u00adca\u00adtions d\u2019ordre cor\u00adpo\u00adra\u00adtifs vous en avez d\u2019autres aus\u00adsi urgentes, sinon plus&nbsp;: les reven\u00addi\u00adca\u00adtions poli\u00adtiques qui sont celles du peuple dont vous faites par\u00adtie, vous ne devez pas l\u2019ou\u00adblier. Un seul par\u00adti peut les taire abou\u00adtir&nbsp;: notre par\u00adti, votre par\u00adti, le Des\u00adtour.&nbsp;\u00bb De telles paroles, la pro\u00admesse d\u2019un Par\u00adle\u00adment \u00e9lu, au suf\u00adfrage uni\u00adver\u00adsel, ma\u00eetre de son ordre du jour, ayant la pl\u00e9\u00adni\u00adtude du pou\u00advoir l\u00e9gis\u00adla\u00adtif, l\u2019ins\u00adtruc\u00adtion obli\u00adga\u00adtoire, attirent le pro\u00adl\u00e9\u00adta\u00adriat \u00e0 ce par\u00adti qui veut assu\u00adrer la place de la Tuni\u00adsie \u00ab&nbsp;dans le concert des nations civi\u00adli\u00ads\u00e9es, ma\u00ee\u00adtresses de leurs des\u00adti\u00adn\u00e9es&nbsp;\u00bb et qui d\u00e9sire \u00ab&nbsp;un gou\u00adver\u00adne\u00adment natio\u00adnal issu du peuple et <i>pla\u00adc\u00e9 sous l\u2019\u00e9\u00adgide de notre sou\u00adve\u00adrain bien-aim\u00e9<\/i>&nbsp;\u00bb (doc\u00adteur Ben-Slimane).<\/p>\n<p>L\u2019a\u00adna\u00adlyse de la situa\u00adtion en Afrique du Nord nous montre bien une forte action natio\u00adnale avec des ten\u00addances plus ou mains lib\u00e9\u00adrales. Seule la C.G.T. tuni\u00adsienne, r\u00e9cem\u00adment dis\u00adsoute, pou\u00advait se per\u00admettre une action de classe assez forte, mais elle \u00e9tait tiraill\u00e9e par la lutte des par\u00adtis indig\u00e8nes.<\/p>\n<p>[|<b>*  *  *  *<\/b>|]<br>\n<\/p>\n<p>En Indo\u00adchine, depuis 1930 (apr\u00e8s la r\u00e9volte de Yen-Bay) la lutte s\u2019est pro\u00adfon\u00add\u00e9\u00adment modi\u00adfi\u00e9e. L\u2019an\u00adcien mou\u00adve\u00adment natio\u00adnal \u00e9tait le mou\u00adve\u00adment des \u00ab&nbsp;Let\u00adtr\u00e9s&nbsp;\u00bb qui, s\u2019ins\u00adpi\u00adrant de la phi\u00adlo\u00adso\u00adphie de Confu\u00adcius tra\u00advaillait plu\u00adt\u00f4t \u00e0 une \u00e9man\u00adci\u00adpa\u00adtion cultu\u00adrelle qu\u2019\u00e0 une \u00e9man\u00adci\u00adpa\u00adtion sociale. La lutte prit un carac\u00adt\u00e8re plus \u00e2pre sous l\u2019in\u00adfluence du par\u00adti natio\u00adna\u00adliste indo\u00adchi\u00adnois dont le chef prin\u00adci\u00adpal \u00e9tait Nguyen-Thai-Hoc. Ce par\u00adti vou\u00adlait la mise \u00e0 la porte des Fran\u00ad\u00e7ais, une r\u00e9vo\u00adlu\u00adtion \u00e9co\u00adno\u00admique tr\u00e8s lib\u00e9\u00adrale, <i>par la natio\u00adna\u00adli\u00adsa\u00adtion des grandes entre\u00adprises<\/i> et se d\u00e9cla\u00adrait l\u2019a\u00admi de tous les peuples oppri\u00adm\u00e9s. Le par\u00adti natio\u00adna\u00adliste joua un r\u00f4le pr\u00e9\u00adpon\u00add\u00e9\u00adrant avant 1930 et il grou\u00adpait \u00e0 c\u00f4t\u00e9 du par\u00adti com\u00admu\u00adniste (qui n\u2019\u00e9\u00adtait pas encore sous l\u2019\u00e9\u00adgide de Mos\u00adcou) la majo\u00adri\u00adt\u00e9 des pro\u00adl\u00e9\u00adtaires indo\u00adchi\u00adnois. Apr\u00e8s la r\u00e9volte de Yen-Bay, ses prin\u00adci\u00adpaux membres ayant \u00e9t\u00e9 condam\u00adn\u00e9s \u00e0 mort et ex\u00e9\u00adcu\u00adt\u00e9s, le par\u00adti per\u00addit la plus grande part de son influence.<\/p>\n<p>Pour com\u00adprendre ce qui se passe main\u00adte\u00adnant en Indo\u00adchine, il faut faire une dif\u00adf\u00e9\u00adrence entre le groupe Annam-Ton\u00adkin, d\u2019une parte, et la Cochin\u00adchine d\u2019autre part. En. effet, si dans l\u2019An\u00adnam, il faut signa\u00adler un mou\u00adve\u00adment natio\u00adnal-d\u00e9mo\u00adcrate, autour de Thuc-Khang, et au Ton\u00adkin un mou\u00adve\u00adment de m\u00eame nature, avec cepen\u00addant une ten\u00addance appuy\u00e9e vers la classe ouvri\u00e8re, sous la direc\u00adtion de Tien-Phu, dont l\u2019or\u00adgane est <i>Le Tra\u00advail<\/i>, en Cochin\u00adchine la lutte a pris un carac\u00adt\u00e8re plus \u00e2pre et s\u2019est orga\u00adni\u00ads\u00e9e dans un sens tr\u00e8s pro\u00adl\u00e9\u00adta\u00adrien. Il y a bien en effet un par\u00adti indo\u00adchi\u00adnois, le par\u00adti consti\u00adtu\u00adtio\u00adna\u00adliste, n\u00e9 en 1925, qui pr\u00e9\u00adco\u00adnise le pro\u00adgr\u00e8s social sous l\u2019\u00e9\u00adgide de la France. Ce par\u00adti r\u00e9unis\u00adsait autour de Bui-Quang-Chien et Ngyen-Phen-Lang, la majo\u00adri\u00adt\u00e9 des petits-bour\u00adgeois. Le der\u00adnier chef nomi\u00adn\u00e9 s\u2019a\u00adper\u00adce\u00advant du manque d\u2019in\u00adfluence du par\u00adti et voyant que les intel\u00adlec\u00adtuels com\u00admen\u00ad\u00e7aient \u00e0 s\u2019in\u00adt\u00e9\u00adres\u00adser \u00e0 la lutte ouvri\u00e8re, a pro\u00adpo\u00ads\u00e9 une r\u00e9vi\u00adsion tac\u00adtique, et essay\u00e9 d\u2019ob\u00adte\u00adnir de \u00ab&nbsp;<i>La Lutte<\/i>&nbsp;\u00bb, dont nous par\u00adle\u00adrons tout \u00e0 l\u2019heure la for\u00adma\u00adtion d\u2019un congr\u00e8s popu\u00adlaire natio\u00adnal, afin de pr\u00e9\u00adsen\u00adter un cahier de reven\u00addi\u00adca\u00adtions \u00e0 la com\u00admis\u00adsion d\u2019en\u00adqu\u00eate. Il y eut scis\u00adsion entre les deux chefs. Le pre\u00admier garde pr\u00e8s de lui la majo\u00adri\u00adt\u00e9 du par\u00adti. Le deuxi\u00e8me dirige un organe natio\u00adnal, <i>Le Flam\u00adbeau d\u2019An\u00adnam<\/i>. Les par\u00adtis natio\u00adna\u00adliste donc, s\u2019a\u00adper\u00ad\u00e7oivent de leur manque d\u2019in\u00adfluence, et tentent un rap\u00adpro\u00adche\u00adment avec le mou\u00adve\u00adment ouvrier, c\u2019est-\u00e0-dire le par\u00adti com\u00admu\u00adniste et la <sc>iv<\/sc><sup>e<\/sup> Internationale.<\/p>\n<p>Le par\u00adti com\u00admu\u00adniste indo\u00adchi\u00adnois est depuis 1931 seule\u00adment sous l\u2019\u00e9\u00adgide de Mos\u00adcou. Il groupe sous la direc\u00adtion de deux chefs&nbsp;: Guyen Van Thao qui dirige <i>l\u2019A\u00advant-Garde<\/i>, et Duang Bach Mai qui dirige <i>Le Peuple<\/i>, la majo\u00adri\u00adt\u00e9 du pro\u00adl\u00e9\u00adta\u00adriat. Une autre par\u00adtie des ouvriers suit les trots\u00adkistes sous la direc\u00adtion de Ta-Tu-Thau, dont l\u2019or\u00adgane est <i>La Lutte<\/i>.<\/p>\n<p>Le com\u00adbat ouvrier \u00e9tait tr\u00e8s bien orga\u00adni\u00ads\u00e9, il avait atteint son apo\u00adg\u00e9e avec l\u2019i\u00adnat\u00adten\u00addu et for\u00admi\u00addable front unique qui durait depuis 1931, mais \u00e0 l\u2019a\u00adv\u00e8\u00adne\u00adment du Front popu\u00adlaire, les dis\u00adsen\u00adsions com\u00admen\u00adc\u00e8rent au sein des groupes apr\u00e8s un voyage de Duang Bach Mai en France, Thau s\u2019ef\u00adfor\u00ad\u00e7a de main\u00adte\u00adnir le front unique, mais il ne put y par\u00adve\u00adnir et quelque temps apr\u00e8s, un voyage du d\u00e9pu\u00adt\u00e9  com\u00admu\u00adniste Honel consa\u00adcrait la scission.<\/p>\n<p>De toute fa\u00e7on, en Cochin\u00adchine, la lutte a pris un carac\u00adt\u00e8re tr\u00e8s net\u00adte\u00adment ouvrier.<\/p>\n<p>Nous avons mon\u00adtr\u00e9 la pro\u00adfonde dif\u00adf\u00e9\u00adrence exis\u00adtant entre l\u2019A\u00adfrique du Nord et l\u2019In\u00addo\u00adchine. En Afrique du Nord, il semble bien qu\u2019il y ait une bour\u00adgeoi\u00adsie essayant d\u2019en\u00adtra\u00ee\u00adner le pro\u00adl\u00e9\u00adta\u00adriat dans une lutte natio\u00adnale. En Indo\u00adchine, les mou\u00adve\u00adments natio\u00adnaux ne sont pas si d\u00e9ve\u00adlop\u00adp\u00e9s et le mou\u00adve\u00adment ouvrier a trou\u00adv\u00e9 en Cochin\u00adchine un ter\u00adrain de d\u00e9ve\u00adlop\u00adpe\u00adment d\u2019o\u00f9 il essaye de s\u2019\u00e9\u00adtendre dans toute l\u2019In\u00addo\u00adchine. Cepen\u00addant, la situa\u00adtion est loin d\u2019\u00eatre excel\u00adlente. Il y a encore dans les colo\u00adnies fran\u00ad\u00e7aises pr\u00e9\u00adpon\u00add\u00e9\u00adrance de la lutte natio\u00adnale sur la lutte de classes, tant la dif\u00adf\u00e9\u00adrence entre les peuples colo\u00adni\u00ads\u00e9s et colo\u00adni\u00adsa\u00adteurs est res\u00adt\u00e9e grande.<\/p>\n<p>[|<b>*  *  *  *<\/b>|]<br>\n<\/p>\n<p>Il me semble qu\u2019en gros, l\u2019on peut com\u00adpa\u00adrer avec jus\u00adtesse, la situa\u00adtion des colo\u00adnies avan\u00adc\u00e9es avec celles de dif\u00adf\u00e9\u00adrentes nations en 1848, au moment de la grande vague des r\u00e9vo\u00adlu\u00adtions natio\u00adnales. Ce sont les m\u00eames forces sou\u00advent lib\u00e9\u00adrales, tou\u00adjours natio\u00adna\u00adlistes&nbsp;; lib\u00e9\u00adrales par r\u00e9ac\u00adtion contre l\u2019ab\u00adso\u00adlu\u00adtisme outran\u00adcier des pos\u00ads\u00e9\u00addants, mais sur\u00adtout natio\u00adnales&nbsp;: c\u2019est l\u2019I\u00adta\u00adlie qui s\u2019\u00e9\u00adl\u00e8ve contre l\u2019Au\u00adtriche&nbsp;; ce sont les com\u00adpli\u00adca\u00adtions natio\u00adnales et reli\u00adgieuses au sein de l\u2019Au\u00adtriche m\u00eame.<\/p>\n<p>Les r\u00e9vo\u00adlu\u00adtions natio\u00adnales furent longues, dif\u00adfi\u00adciles, subirent maints \u00e9checs avant la r\u00e9us\u00adsite finale. Le peuple en tira un pro\u00adfit plus id\u00e9o\u00adlo\u00adgique que mat\u00e9\u00adriel et si l\u2019on regarde main\u00adte\u00adnant, pro\u00adje\u00adt\u00e9s dans notre \u00e9poque, les abou\u00adtis\u00adsants de la poli\u00adtique natio\u00adna\u00adliste, on assiste \u00e0 l\u2019ap\u00adpa\u00adri\u00adtion du fas\u00adcisme dans cer\u00adtains des \u00c9tats ayant fait \u00ab&nbsp;leur r\u00e9vo\u00adlu\u00adtion natio\u00adnale&nbsp;\u00bb&nbsp;: Ita\u00adlie, Alle\u00admagne, par exemple. Ces r\u00e9vo\u00adlu\u00adtions sont mal d\u00e9fi\u00adnies, elles exa\u00adcerbent le natio\u00adna\u00adlisme du peuple, au grand pro\u00adfit des bour\u00adgeois et elles risquent sou\u00advent d\u2019en\u00adtra\u00ee\u00adner le fas\u00adcisme sous une forme au sous une&nbsp;autre.<\/p>\n<p>Cepen\u00addant, la situa\u00adtion aux colo\u00adnies n\u2019est pas tout \u00e0 fait la m\u00eame. \u00c0 c\u00f4t\u00e9 de la r\u00e9ac\u00adtion natio\u00adnale existe une r\u00e9ac\u00adtion anti\u00adca\u00adpi\u00adta\u00adliste et les peuples colo\u00adniaux ont pu m\u00eame par\u00adfois prendre net\u00adte\u00adment conscience de leur classe. Nous avons d\u00e9j\u00e0, vu les avances des ora\u00adteurs des\u00adtou\u00adriens au pro\u00adl\u00e9\u00adta\u00adriat. Nous avons vu le d\u00e9ve\u00adlop\u00adpe\u00adment des par\u00adtis pro\u00adl\u00e9\u00adta\u00adriens en Cochin\u00adchine. Il nous faut par\u00adler main\u00adte\u00adnant d\u2019un \u00e9norme mou\u00adve\u00adment pro\u00adl\u00e9\u00adta\u00adrien, d\u2019un mou\u00adve\u00adment qui montre bien \u00e0 quel point peut aller le r\u00e9veil d\u2019une classe \u00ab&nbsp;les gr\u00e8ves de 1936 en Afrique du Nord et en Indochine&nbsp;\u00bb.<\/p>\n<p>En Afrique du Nord, d\u00e8s juin 1936, <i>cor\u00adres\u00adpon\u00addant au mou\u00adve\u00adment de leurs cama\u00adrades fran\u00ad\u00e7ais<\/i>, un mou\u00adve\u00adment indi\u00adg\u00e8ne est d\u00e9clen\u00adch\u00e9. Ce sont les ouvriers du b\u00e2ti\u00adment et de la m\u00e9tal\u00adlur\u00adgie qui ouvrent la lutte. Les autres suivent. Fait rare&nbsp;: <i>le pro\u00adl\u00e9\u00adta\u00adriat agri\u00adcole lui-m\u00eame se met en gr\u00e8ve<\/i>. Les pro\u00adl\u00e9\u00adtaires alg\u00e9\u00adriens lut\u00adt\u00e8rent avec cou\u00adrage. Il fal\u00adlut envoyer contre les gr\u00e9\u00advistes la garde mobile. Des autos-mitrailleuses par\u00adcou\u00adraient le Sahel. On arr\u00ea\u00adtait les meneurs. Quand la lutte fut ter\u00admi\u00adn\u00e9e en_\u200bFrance, elle s\u2019ar\u00adr\u00ea\u00adta aus\u00adsi en Afrique du Nord. Un peu plus tard, c\u2019\u00e9\u00adtait le pro\u00adl\u00e9\u00adta\u00adriat indo\u00adchi\u00adnois qui entrait en lutte. Il faut d\u2019ailleurs remar\u00adquer qu\u2019il fut tou\u00adjours tr\u00e8s com\u00adba\u00adtif. L\u00e0-bas, en 1929, en Cochin\u00adchine et pour la pre\u00admi\u00e8re fois au Ton\u00adkin (Hai\u00adphong) des gr\u00e8ves s\u2019or\u00adga\u00adnisent sur le ter\u00adrain de classe. P\u00e9ra pou\u00advait dire dans la <i>R.P.<\/i>&nbsp;: \u00ab&nbsp;Mal\u00adgr\u00e9 le r\u00e9gime d\u2019es\u00adcla\u00advage, <i>la lutte de classe<\/i> sous des formes qui se rap\u00adprochent <i>\u00e9nor\u00adm\u00e9\u00adment<\/i> de celles des pro\u00adl\u00e9\u00adta\u00adriats euro\u00adp\u00e9ens, et avec des reven\u00addi\u00adca\u00adtions iden\u00adtiques, a fait son appa\u00adri\u00adtion dans le fief des grands n\u00e9griers&nbsp;\u00bb. En 1936, un immense mou\u00adve\u00adment se d\u00e9clenche avec des reven\u00addi\u00adca\u00adtions pure\u00adment sociales&nbsp;: appli\u00adca\u00adtion des lois sociales, <i>r\u00e9duc\u00adtion des amendes, inter\u00addic\u00adtion des s\u00e9vices cor\u00adpo\u00adrels<\/i>, aug\u00admen\u00adta\u00adtion des salaires de 25&nbsp;% en moyenne. Les gr\u00e8ves s\u00e9virent du Nord au Sud, le gou\u00adver\u00adneur Pag\u00e8s dut prendre des mesures \u00ab&nbsp;\u00e9ner\u00adgiques&nbsp;\u00bb pour les \u00e9touf\u00adfer. Voi\u00adl\u00e0 qui prouve bien la force que peuvent mal\u00adgr\u00e9 tout prendre les reven\u00addi\u00adca\u00adtions du pro\u00adl\u00e9\u00adta\u00adriat indi\u00adg\u00e8ne sur le ter\u00adrain de classe.<\/p>\n<p>[|<b>*  *  *  *<\/b>|]<br>\n<\/p>\n<p>Les mou\u00adve\u00adments d\u2019\u00e9\u00adman\u00adci\u00adpa\u00adtion colo\u00adniale com\u00admencent \u00e0 \u00eatre connus. La lutte des indi\u00adg\u00e8nes est sui\u00advie favo\u00adra\u00adble\u00adment par une par\u00adtie du pro\u00adl\u00e9\u00adta\u00adriat fran\u00ad\u00e7ais. Des mee\u00adtings r\u00e9unissent dans les salles pari\u00adsiennes bon nombre de pro\u00adl\u00e9\u00adtaires. \u00c0 ces mee\u00adtings prennent la parole des per\u00adson\u00adna\u00adli\u00adt\u00e9s du mou\u00adve\u00adment ouvrier. Aux mee\u00adtings qui eurent lieu, on pou\u00advait noter l\u2019adh\u00e9\u00adsion de Rous\u00adset du P.O.I., de Gu\u00e9\u00adrin de la G.R., de l\u2019U.A., des \u00e9tu\u00addiants socia\u00adlistes. Il importe main\u00adte\u00adnant de faire le point et de d\u00e9ga\u00adger l\u2019at\u00adti\u00adtude du pro\u00adl\u00e9\u00adta\u00adriat devant les par\u00adtis natio\u00adnaux indi\u00adg\u00e8nes. Ceci se rat\u00adtache tr\u00e8s inti\u00adme\u00adment au pro\u00adbl\u00e8me des luttes natio\u00adnales&nbsp;; en ver\u00adtu du fameux \u00ab&nbsp;droit qu\u2019ont les peuples \u00e0 dis\u00adpo\u00adser d\u2019eux-m\u00eames&nbsp;\u00bb beau\u00adcoup de mili\u00adtants regardent d\u2019un bon \u0153il les mou\u00adve\u00adments d\u2019in\u00add\u00e9\u00adpen\u00addance. Il est inutile de rap\u00adpe\u00adler que le par\u00adti com\u00admu\u00adniste sou\u00adtint assez long\u00adtemps les mou\u00adve\u00adments d\u2019\u00e9\u00adman\u00adci\u00adpa\u00adtion colo\u00adniale. L\u00e9nine pre\u00adnant posi\u00adtion, \u00e9cri\u00advait \u00ab&nbsp;Dans une guerre r\u00e9el\u00adle\u00adment natio\u00adnale, les mots \u201c\u00ab&nbsp;d\u00e9fense de la patrie\u201d ne seraient pas une trom\u00adpe\u00adrie et je n\u2019en suis pas adver\u00adsaire&nbsp;\u00bb (Tome <sc>xii<\/sc> des \u0153uvres com\u00adpl\u00e8tes). En face de cette atti\u00adtude s\u2019\u00e9\u00adle\u00adv\u00e8rent d\u2019une part les anar\u00adchistes et Rosa Luxem\u00adbourg aus\u00adsi qui prit net\u00adte\u00adment par\u00adti contre la th\u00e8se du droit des peuples sou\u00adte\u00adnue par L\u00e9nine. Dans sa bro\u00adchure sur la R\u00e9vo\u00adlu\u00adtion, elle \u00e9crit&nbsp;: \u00ab&nbsp;Mais, et nous tou\u00adchons ici le n\u0153ud du pro\u00adbl\u00e8me, le carac\u00adt\u00e8re uto\u00adpique, petit-bour\u00adgeois de ce mot d\u2019ordre <i>natio\u00adna\u00adliste<\/i>, consiste pr\u00e9\u00adci\u00ads\u00e9\u00adment en ceci&nbsp;: <i>que dans la dure r\u00e9a\u00adli\u00adt\u00e9 de la soci\u00e9\u00adt\u00e9 de classes, res\u00adtant dans une p\u00e9riode d\u2019an\u00adta\u00adgo\u00adnismes extr\u00eames, il se trans\u00adforme en un moyen de domi\u00adna\u00adtion de la classe bour\u00adgeoise<\/i>&nbsp;\u00bb.<\/p>\n<p>Le pro\u00adbl\u00e8me se trouve net\u00adte\u00adment pos\u00e9&nbsp;: faut-il sou\u00adte\u00adnir en ver\u00adtu du droit des peuples les luttes natio\u00adnales, ou faut-il prendre par\u00adti contre-elles&nbsp;? Nous n\u2019al\u00adlons pas nous \u00e9tendre sur cette ques\u00adtion&nbsp;; nous essaie\u00adrons seule\u00adment d\u2019a\u00advoir une posi\u00adtion claire.<\/p>\n<p>On ne peut dis\u00adcu\u00adter dans l\u2019ab\u00adso\u00adlu sur les posi\u00adtions du pro\u00adl\u00e9\u00adta\u00adriat envers les luttes natio\u00adnales. Il faut tenir compte de plu\u00adsieurs faits pr\u00e9\u00adcis&nbsp;: d\u2019une part, les mou\u00adve\u00adments colo\u00adniaux existent. Cer\u00adtains sont tr\u00e8s forts et groupent une grande par\u00adtie des indi\u00adg\u00e8nes, d\u2019autre part la lutte du pro\u00adl\u00e9\u00adta\u00adriat r\u00e9vo\u00adlu\u00adtion\u00adnaire se fait, doit se faire sur le ter\u00adrain inter\u00adna\u00adtio\u00adnal de la lutte de classes et non sur un ter\u00adrain natio\u00adnal. Recon\u00adnais\u00adsons que sou\u00adte\u00adnir la lutte des indi\u00adg\u00e8nes contre l\u2019im\u00adp\u00e9\u00adria\u00adlisme est un moyen de com\u00adbat int\u00e9\u00adrieur contre le capi\u00adta\u00adlisme fran\u00ad\u00e7ais. En effet, en cas d\u2019a\u00adbou\u00adtis\u00adse\u00adment d\u2019une lutte natio\u00adnale un rude coup serait por\u00adt\u00e9 aux grands trusts dans la recherche de leurs mati\u00e8res pre\u00admi\u00e8res. Mais il serait vain de croire qu\u2019une telle lutte suf\u00adfi\u00adrait \u00e0 \u00e9li\u00admi\u00adner \u00e0 tour jamais le pro\u00adbl\u00e8me du capi\u00adta\u00adlisme colo\u00adnial. Il est \u00e0 craindre que les colo\u00adnies ne pou\u00advant vivre en \u00e9co\u00adno\u00admie fer\u00adm\u00e9e (aucun pays ne le peut) ne retombent sous une oppres\u00adsion capi\u00adta\u00adliste, soit indi\u00adg\u00e8ne, soit et plu\u00adt\u00f4t, inter\u00adna\u00adtio\u00adnale. D\u00e9li\u00advrer le pro\u00adl\u00e9\u00adta\u00adriat indi\u00adg\u00e8ne de l\u2019op\u00adpres\u00adsion fran\u00ad\u00e7aise n\u2019est pas tout. Il faut le d\u00e9bar\u00adras\u00adser du capi\u00adta\u00adlisme. Chal\u00adlaye a bien vu le pro\u00adbl\u00e8me quand il \u00e9crit dans sa pr\u00e9\u00adface \u00e0 une bro\u00adchure des\u00adtou\u00adrienne \u00ab&nbsp;le v\u00e9ri\u00adtable int\u00e9\u00adr\u00eat et le devoir du peuple de France c\u2019est d\u2019u\u00adnir son effort \u00e0 celui du peuple tuni\u00adsien contre les exploi\u00adteurs des deux peuples&nbsp;\u00bb.<\/p>\n<p>En un mot, il faut inten\u00adsi\u00adfier par\u00adtout la lutte sur le ter\u00adrain de classes. Les grands par\u00adtis popu\u00adlaires ont failli \u00e0 leur t\u00e2che. Les pro\u00adl\u00e9\u00adtaires fran\u00ad\u00e7ais ne doit pas faillir \u00e0 la leur. Il faut encou\u00adra\u00adger et sou\u00adte\u00adnir par tous les moyens les mou\u00adve\u00adments pro\u00adl\u00e9\u00adta\u00adriens indo\u00adchi\u00adnois, il faut encou\u00adra\u00adger les pro\u00adl\u00e9\u00adtaires afri\u00adcains ayant tra\u00advaill\u00e9 en France et repar\u00adtant l\u00e0-bas \u00e0, mon\u00adtrer \u00e0 leurs cama\u00adrades indi\u00adg\u00e8nes le vrai sens de la lutte. Il faut se trou\u00adver tou\u00adjours pr\u00eats \u00e0 sou\u00adte\u00adnir les mou\u00adve\u00adments pro\u00adl\u00e9\u00adta\u00adriens qu\u2019ils pour\u00adront d\u00e9clencher.<\/p>\n<p>Sou\u00adte\u00adnir la lutte natio\u00adnale n\u2019est qu\u2019une par\u00adtie de la grande t\u00e2che. Le but que nous essayons de pour\u00adsuivre mal\u00adgr\u00e9 tout est une \u00e9man\u00adci\u00adpa\u00adtion de tous les pro\u00adl\u00e9\u00adtaires. Il appar\u00adtient aux mili\u00adtants res\u00adt\u00e9s sin\u00adc\u00e8res de grou\u00adper leurs efforts dans ce sens. Alors peut-\u00eatre arri\u00adve\u00adrons-nous un jour au but pour\u00adsui\u00advi. Il importe de se sou\u00adve\u00adnir tou\u00adjours de la phrase de Marx&nbsp;: <i>Pro\u00adl\u00e9\u00adtaires de tous les pays unis\u00adsez-vous<\/i>.<\/p>\n<p>[\/\u200b<sc>Mares\u00adter<\/sc>\/\u200b]<\/p>\n","protected":false},"excerpt":{"rendered":"<p>\u00ab&nbsp;La France est un pays de 90 mil\u00adlions d\u2019\u00e2mes.&nbsp;\u00bb Ce sont les paroles consa\u00adcr\u00e9es, les mots que pro\u00adnoncent tous les bons patriotes afin de mon\u00adtrer l\u2019at\u00adta\u00adche\u00adment sen\u00adti\u00admen\u00adtal, d\u2019ailleurs fort rela\u00adtif, qu\u2019ils \u00e9prouvent. pour les colo\u00adnies, pour \u00ab&nbsp;notre plus grande France d\u2019outre-mer&nbsp;\u00bb. La France est donc un pays de 90 mil\u00adlions d\u2019ha\u00adbi\u00adtants, habi\u00adtants noirs de l\u2019A\u00adfrique [\u2026]<\/p>\n","protected":false},"author":1,"featured_media":0,"comment_status":"closed","ping_status":"closed","sticky":false,"template":"","format":"standard","meta":{"wp_typography_post_enhancements_disabled":false,"footnotes":""},"categories":[377],"tags":[],"ppma_author":[540],"class_list":["post-3190","post","type-post","status-publish","format-standard","hentry","category-revision-n2-mars-1938"],"authors":[{"term_id":540,"user_id":1,"is_guest":0,"slug":"admin_3gikpwyf","display_name":"Vincent Dubuc","avatar_url":"https:\/\/secure.gravatar.com\/avatar\/d015720652c25fd2ced191ade86430094e1f288a17483713e3b34d26dea52507?s=96&d=mm&r=g","author_category":"","user_url":"https:\/\/la-presse-anarchiste.net","last_name":"Dubuc","first_name":"Vincent","job_title":"","description":""}],"_links":{"self":[{"href":"https:\/\/la-presse-anarchiste.net\/index.php\/wp-json\/wp\/v2\/posts\/3190","targetHints":{"allow":["GET"]}}],"collection":[{"href":"https:\/\/la-presse-anarchiste.net\/index.php\/wp-json\/wp\/v2\/posts"}],"about":[{"href":"https:\/\/la-presse-anarchiste.net\/index.php\/wp-json\/wp\/v2\/types\/post"}],"author":[{"embeddable":true,"href":"https:\/\/la-presse-anarchiste.net\/index.php\/wp-json\/wp\/v2\/users\/1"}],"replies":[{"embeddable":true,"href":"https:\/\/la-presse-anarchiste.net\/index.php\/wp-json\/wp\/v2\/comments?post=3190"}],"version-history":[{"count":0,"href":"https:\/\/la-presse-anarchiste.net\/index.php\/wp-json\/wp\/v2\/posts\/3190\/revisions"}],"wp:attachment":[{"href":"https:\/\/la-presse-anarchiste.net\/index.php\/wp-json\/wp\/v2\/media?parent=3190"}],"wp:term":[{"taxonomy":"category","embeddable":true,"href":"https:\/\/la-presse-anarchiste.net\/index.php\/wp-json\/wp\/v2\/categories?post=3190"},{"taxonomy":"post_tag","embeddable":true,"href":"https:\/\/la-presse-anarchiste.net\/index.php\/wp-json\/wp\/v2\/tags?post=3190"},{"taxonomy":"author","embeddable":true,"href":"https:\/\/la-presse-anarchiste.net\/index.php\/wp-json\/wp\/v2\/ppma_author?post=3190"}],"curies":[{"name":"wp","href":"https:\/\/api.w.org\/{rel}","templated":true}]}}