{"id":3206,"date":"2012-05-19T16:44:48","date_gmt":"2012-05-19T16:44:48","guid":{"rendered":"https:\/\/la-presse-anarchiste.net\/index.php\/2012\/05\/19\/mouvement-social-48\/"},"modified":"2012-05-19T16:44:48","modified_gmt":"2012-05-19T16:44:48","slug":"mouvement-social-48","status":"publish","type":"post","link":"https:\/\/la-presse-anarchiste.net\/index.php\/2012\/05\/19\/mouvement-social-48\/","title":{"rendered":"Mouvement social"},"content":{"rendered":"<div class=\"pdfprnt-buttons pdfprnt-buttons-post pdfprnt-top-right\"><a href=\"https:\/\/la-presse-anarchiste.net\/index.php\/wp-json\/wp\/v2\/posts\/3206?print=pdf\" class=\"pdfprnt-button pdfprnt-button-pdf\" target=\"_blank\"><img decoding=\"async\" src=\"https:\/\/la-presse-anarchiste.net\/wp-content\/plugins\/pdf-print\/images\/pdf.png\" alt=\"image_pdf\" title=\"Afficher le PDF\"><\/a><a href=\"https:\/\/la-presse-anarchiste.net\/index.php\/wp-json\/wp\/v2\/posts\/3206?print=print\" class=\"pdfprnt-button pdfprnt-button-print\" target=\"_blank\"><img decoding=\"async\" src=\"https:\/\/la-presse-anarchiste.net\/wp-content\/plugins\/pdf-print\/images\/print.png\" alt=\"image_print\" title=\"Contenu imprim\u00e9\"><\/a><\/div><p><b>Naples.<\/b>\u200a\u2014\u200aVous savez d\u00e9j\u00e0 que Cris\u00adpi n\u2019a pas vou\u00adlu se d\u00e9fendre contre le \u00ab&nbsp;dos\u00adsier&nbsp;\u00bb Caval\u00adlo\u00adti. Ain\u00adsi, il reste sous l\u2019ac\u00adcu\u00adsa\u00adtion de faux, de concus\u00adsion et de chan\u00adtage. Ce der\u00adnier \u00ab&nbsp;crime&nbsp;\u00bb\u200a\u2014\u200al\u2019affaire Rei\u00adnach-Herz\u200a\u2014\u200aseule\u00adment, suf\u00adfi\u00adrait pour faire infli\u00adger \u00e0 un citoyen quel\u00adconque une for\u00admi\u00addable condam\u00adna\u00adtion. Pour Cris\u00adpi, chef-ministre et cou\u00adsin du roi, la jus\u00adtice bour\u00adgeoise se tait, tan\u00addis que sa presse crie au scan\u00addale&nbsp;! Ce serait ridi\u00adcule, si ce n\u2019\u00e9tait pas sim\u00adple\u00adment inf\u00e2me.<\/p>\n<p>[|<b>*  *  *  *<\/b>|]<br>\n<\/p>\n<p>Tous les jour\u00adnaux\u200a\u2014\u200asin\u00adc\u00e8\u00adre\u00adment ou non\u200a\u2014\u200as\u2019occupent de l\u2019am\u00adnis\u00adtie pour les condam\u00adn\u00e9s mili\u00adtaires. Le gou\u00adver\u00adne\u00adment se tait. On indique aus\u00adsi des dates contradictoires.<\/p>\n<p>En atten\u00addant, on fait sur toute la ligne des pro\u00adc\u00e8s aux anar\u00adchistes. Et comme pour r\u00e9pu\u00addier toute dis\u00adpo\u00adsi\u00adtion en faveur de l\u2019am\u00adnis\u00adtie, le 26 du mois pas\u00ads\u00e9, on condam\u00adna encore une fois les anar\u00adchistes sici\u00adliens Guly, Cas\u00adto\u00adri\u00adna et d\u2019autres\u200a\u2014\u200ad\u00e9j\u00e0 vic\u00adtimes des tri\u00adbu\u00adnaux mili\u00adtaires\u200a\u2014\u200a\u00e0 un an de r\u00e9clusion.<\/p>\n<p>Au pro\u00adc\u00e8s assis\u00adtait, d\u00e9so\u00adl\u00e9e, Mme&nbsp;Guly et son&nbsp;fils.<\/p>\n<p>[|<b>*  *  *  *<\/b>|]<br>\n<\/p>\n<p>Pour vous conso\u00adler de ces nou\u00advelles, \u00e9cou\u00adtez ce qu\u2019on lit dans le <i>Gior\u00addao Bru\u00adno<\/i>&nbsp;:<\/p>\n<p>\u00ab&nbsp;Notre <i>gra\u00adzio\u00adsis\u00adsi\u00adma<\/i> sou\u00adve\u00adraine a une pr\u00e9\u00addi\u00adlec\u00adtion sp\u00e9\u00adciale pour les fraises, qu\u2019on lui sert tous les jours \u00e0 la fin du d\u00eener. Sa pr\u00e9\u00addi\u00adlec\u00adtion est grande aus\u00adsi pour les fraises qui sont conser\u00adv\u00e9es, m\u00eame en hiver, dans les serres annex\u00e9es \u00e0 tous les palais et \u00e0 toutes les vil\u00adlas royales.<\/p>\n<p>\u00ab&nbsp;Eh bien&nbsp;! savez-vous com\u00adbien co\u00fbte envi\u00adron cette pr\u00e9\u00addi\u00adlec\u00adtion sou\u00adve\u00adraine&nbsp;? Elle co\u00fbte <i>qua\u00adtorze mille francs par an<\/i>, c\u2019est-\u00e0-dire qua\u00adrante francs par jour&nbsp;! Une petite somme, avec laquelle vivraient vingt ouvriers \u00e0 2 francs par jour, ou, si on \u00e9tait dans la Pol\u00e9\u00adsine, 40 ouvriers.<\/p>\n<p>\u00ab&nbsp;Il est vrai, du reste, que les ouvriers ne mangent pas des fraises comme la&nbsp;reine&nbsp;!&nbsp;\u00bb<\/p>\n<p>[\/\u200bRoberto <sc>D\u2019Angi\u00f3<\/sc>\/\u200b]<\/p>\n","protected":false},"excerpt":{"rendered":"<p>Naples.\u200a\u2014\u200aVous savez d\u00e9j\u00e0 que Cris\u00adpi n\u2019a pas vou\u00adlu se d\u00e9fendre contre le \u00ab&nbsp;dos\u00adsier&nbsp;\u00bb Caval\u00adlo\u00adti. Ain\u00adsi, il reste sous l\u2019ac\u00adcu\u00adsa\u00adtion de faux, de concus\u00adsion et de chan\u00adtage. Ce der\u00adnier \u00ab&nbsp;crime&nbsp;\u00bb\u200a\u2014\u200al\u2019affaire Rei\u00ad\u00adnach-Herz\u200a\u2014\u200aseule\u00adment, suf\u00adfi\u00adrait pour faire infli\u00adger \u00e0 un citoyen quel\u00adconque une for\u00admi\u00addable condam\u00adna\u00adtion. Pour Cris\u00adpi, chef-ministre et cou\u00adsin du roi, la jus\u00adtice bour\u00adgeoise se tait, tan\u00addis&nbsp;que&nbsp;[\u2026]<\/p>\n","protected":false},"author":1,"featured_media":0,"comment_status":"closed","ping_status":"closed","sticky":false,"template":"","format":"standard","meta":{"wp_typography_post_enhancements_disabled":false,"footnotes":""},"categories":[380],"tags":[],"ppma_author":[540],"class_list":["post-3206","post","type-post","status-publish","format-standard","hentry","category-les-temps-nouveaux-n15-10-16-aout-1895"],"authors":[{"term_id":540,"user_id":1,"is_guest":0,"slug":"admin_3gikpwyf","display_name":"Vincent Dubuc","avatar_url":"https:\/\/secure.gravatar.com\/avatar\/d015720652c25fd2ced191ade86430094e1f288a17483713e3b34d26dea52507?s=96&d=mm&r=g","author_category":"","user_url":"https:\/\/la-presse-anarchiste.net","last_name":"Dubuc","first_name":"Vincent","job_title":"","description":""}],"_links":{"self":[{"href":"https:\/\/la-presse-anarchiste.net\/index.php\/wp-json\/wp\/v2\/posts\/3206","targetHints":{"allow":["GET"]}}],"collection":[{"href":"https:\/\/la-presse-anarchiste.net\/index.php\/wp-json\/wp\/v2\/posts"}],"about":[{"href":"https:\/\/la-presse-anarchiste.net\/index.php\/wp-json\/wp\/v2\/types\/post"}],"author":[{"embeddable":true,"href":"https:\/\/la-presse-anarchiste.net\/index.php\/wp-json\/wp\/v2\/users\/1"}],"replies":[{"embeddable":true,"href":"https:\/\/la-presse-anarchiste.net\/index.php\/wp-json\/wp\/v2\/comments?post=3206"}],"version-history":[{"count":0,"href":"https:\/\/la-presse-anarchiste.net\/index.php\/wp-json\/wp\/v2\/posts\/3206\/revisions"}],"wp:attachment":[{"href":"https:\/\/la-presse-anarchiste.net\/index.php\/wp-json\/wp\/v2\/media?parent=3206"}],"wp:term":[{"taxonomy":"category","embeddable":true,"href":"https:\/\/la-presse-anarchiste.net\/index.php\/wp-json\/wp\/v2\/categories?post=3206"},{"taxonomy":"post_tag","embeddable":true,"href":"https:\/\/la-presse-anarchiste.net\/index.php\/wp-json\/wp\/v2\/tags?post=3206"},{"taxonomy":"author","embeddable":true,"href":"https:\/\/la-presse-anarchiste.net\/index.php\/wp-json\/wp\/v2\/ppma_author?post=3206"}],"curies":[{"name":"wp","href":"https:\/\/api.w.org\/{rel}","templated":true}]}}