{"id":3209,"date":"2012-05-19T16:44:44","date_gmt":"2012-05-19T16:44:44","guid":{"rendered":"https:\/\/la-presse-anarchiste.net\/index.php\/2012\/05\/19\/colonisation\/"},"modified":"2012-05-19T16:44:44","modified_gmt":"2012-05-19T16:44:44","slug":"colonisation","status":"publish","type":"post","link":"https:\/\/la-presse-anarchiste.net\/index.php\/2012\/05\/19\/colonisation\/","title":{"rendered":"Colonisation"},"content":{"rendered":"<div class=\"pdfprnt-buttons pdfprnt-buttons-post pdfprnt-top-right\"><a href=\"https:\/\/la-presse-anarchiste.net\/index.php\/wp-json\/wp\/v2\/posts\/3209?print=pdf\" class=\"pdfprnt-button pdfprnt-button-pdf\" target=\"_blank\"><img decoding=\"async\" src=\"https:\/\/la-presse-anarchiste.net\/wp-content\/plugins\/pdf-print\/images\/pdf.png\" alt=\"image_pdf\" title=\"Afficher le PDF\"><\/a><a href=\"https:\/\/la-presse-anarchiste.net\/index.php\/wp-json\/wp\/v2\/posts\/3209?print=print\" class=\"pdfprnt-button pdfprnt-button-print\" target=\"_blank\"><img decoding=\"async\" src=\"https:\/\/la-presse-anarchiste.net\/wp-content\/plugins\/pdf-print\/images\/print.png\" alt=\"image_print\" title=\"Contenu imprim\u00e9\"><\/a><\/div><p>\u00ab&nbsp;\u2026 Je vous par\u00adlais tout \u00e0 l\u2019heure de l\u2019esclavage, conti\u00adnue M.&nbsp;Isaac. \u00c0 M\u00e9dine, ville fran\u00ad\u00e7aise, fonc\u00adtion\u00adnait encore il y a peu de temps un mar\u00adch\u00e9 d\u2019esclaves. De mal\u00adheu\u00adreux noirs, des n\u00e9gresses \u00e9taient expo\u00ads\u00e9s en&nbsp;vente&nbsp;!<\/p>\n<p>\u00ab&nbsp;Lais\u00adsez-moi, pour ter\u00admi\u00adner, vous racon\u00adter bri\u00e8\u00adve\u00adment cer\u00adtaine exp\u00e9\u00addi\u00adtion qui a eu lieu l\u2019an\u00adn\u00e9e der\u00adni\u00e8re. Ce r\u00e9cit vous mon\u00adtre\u00adra de quelle fa\u00e7on on va por\u00adter la civi\u00adli\u00adsa\u00adtion aux pr\u00e9\u00adten\u00addues \u00ab&nbsp;races inf\u00e9rieures&nbsp;\u00bb.<\/p>\n<p>\u00ab&nbsp;Le 5 juin, M.&nbsp;Ostyn, admi\u00adnis\u00adtra\u00adteur du Matam (S\u00e9n\u00e9\u00adgal), accom\u00adpa\u00adgn\u00e9 de Malik-Tau\u00adr\u00e9, chef du Boun\u00addou, se mettent en route \u00e0 la t\u00eate de plu\u00adsieurs cen\u00adtaines d\u2019hommes et se dirigent vers les ter\u00adri\u00adtoires ind\u00e9pendants.<\/p>\n<p>\u00ab&nbsp;Ils pillent d\u2019a\u00adbord le vil\u00adlage de Meh\u00addi\u00adna, du cercle de Kayes (Sou\u00addan), enl\u00e8vent 53 mou\u00adtons, 244 paniers de mil, de ma\u00efs, etc. Ils exigent le paie\u00adment de l\u2019imp\u00f4t que les habi\u00adtants payaient ordi\u00adnai\u00adre\u00adment \u00e0&nbsp;Kayes.<\/p>\n<p>\u00ab&nbsp;De l\u00e0, ils passent dans le Nico\u00adlo, ter\u00adri\u00adtoire \u00e0 peu pr\u00e8s ind\u00e9\u00adpen\u00addant situ\u00e9 entre la Gui\u00adn\u00e9e et le Soudan.<\/p>\n<p>\u00ab&nbsp;Les habi\u00adtants de Minia fuient \u00e0 leur approche. Le chef, un vieillard aveugle, sort de sa mai\u00adson et, levant les bras au ciel, il s\u2019\u00e9crie \u00ab&nbsp;Qu\u2019avons-nous donc fait pour m\u00e9ri\u00adter un tel&nbsp;sort&nbsp;?&nbsp;\u00bb<\/p>\n<p>\u00ab&nbsp;On s\u2019empare de lui, on le tra\u00eene dans un coin et on lui ouvre le ventre \u00e0 coups de sabre. Puis on met le feu au village.<\/p>\n<p>\u00ab&nbsp;Il y a 13 tu\u00e9s, 5 br\u00fb\u00adl\u00e9s, dont une vieille femme malade et 3 enfants.<\/p>\n<p>\u00ab&nbsp;Les habi\u00adtants qu\u2019on par\u00advient \u00e0 sai\u00adsir sont emme\u00adn\u00e9s comme captifs.<\/p>\n<p>\u00ab&nbsp;Ils sont au nombre de 346. On enl\u00e8ve 103 b\u0153ufs, 152 mou\u00adtons ou ch\u00e8vres, de l\u2019or, des gui\u00adn\u00e9es. Sur 478 cases, 413 sont la proie des flammes&nbsp;!<\/p>\n<p>\u00ab&nbsp;De l\u00e0, la bande se rend \u00e0 Sila-Cou\u00adta, o\u00f9 a lieu une nou\u00advelle raz\u00adzia de 222 captifs.<\/p>\n<p>\u00ab&nbsp;Les pri\u00adson\u00adniers et les pri\u00adson\u00adni\u00e8res emme\u00adn\u00e9s \u00e0 Nico\u00adlo sont par\u00adta\u00adg\u00e9s entre les tirailleurs, don\u00adn\u00e9s <b>ou ven\u00addus<\/b>.<\/p>\n<p>\u00ab&nbsp;L\u2019ad\u00admi\u00adnis\u00adtra\u00adteur dit&nbsp;: \u00ab&nbsp;Moi, je ne prends pas de cap\u00adtifs, mais, je prends les b\u0153ufs pour ma&nbsp;part.&nbsp;\u00bb<\/p>\n<p>\u00ab&nbsp;Je puis garan\u00adtir l\u2019authenticit\u00e9 de tous ces faits, et j\u2019ai l\u2019in\u00adten\u00adtion de les d\u00e9non\u00adcer \u00e0 la tri\u00adbune du S\u00e9nat lorsque nous aurons \u00e0 dis\u00adcu\u00adter, \u00e0 notre tour, le bud\u00adget des colonies.<\/p>\n<p>\u00ab&nbsp;Fran\u00adche\u00adment, est-ce par de sem\u00adblables moyens que l\u2019on esp\u00e8re paci\u00adfier les domaines colo\u00adniaux de la France&nbsp;? Et n\u2019est-on pas en droit de s\u2019\u00e9tonner qu\u2019a\u00advec de pareils pro\u00adc\u00e9\u00add\u00e9s, les insur\u00adrec\u00adtions ne soient pas plus fr\u00e9quentes&nbsp;?&nbsp;\u00bb<\/p>\n<p>[\/\u200b<i>Intran\u00adsi\u00adgeant<\/i>, mars&nbsp;1895)\/]<\/p>\n<h2>Comment nous colonisons<\/h2>\n<p>La soci\u00e9\u00adt\u00e9 des agri\u00adcul\u00adteurs de France a re\u00e7u com\u00admu\u00adni\u00adca\u00adtion d\u2019une note fort int\u00e9\u00adres\u00adsante sur la Tuni\u00adsie&nbsp;: on y rel\u00e8ve que, sur dix mille colons fran\u00ad\u00e7ais, trois mille sont fonc\u00adtion\u00adnaires. Si l\u2019on songe que l\u2019ad\u00admi\u00adnis\u00adtra\u00adtion tuni\u00adsienne sub\u00adsiste, on ne peut s\u2019emp\u00eacher de pen\u00adser que trois mille fonc\u00adtion\u00adnaires fran\u00ad\u00e7ais repr\u00e9\u00adsentent un chiffre quelque peu excessif.<\/p>\n<p>Et l\u2019on dit que la Tuni\u00adsie est bien admi\u00adnis\u00adtr\u00e9e&nbsp;! Il est vrai qu\u2019en Cochin\u00adchine, notam\u00adment, la pro\u00adpor\u00adtion des fonc\u00adtion\u00adnaires est encore plus forte. Que dire du Sou\u00addan et de la C\u00f4te d\u2019Ivoire&nbsp;?<\/p>\n<p>Et voi\u00adl\u00e0 pour\u00adquoi nous fai\u00adsons des exp\u00e9\u00addi\u00adtions coloniales&nbsp;!<\/p>\n<p>[\/\u200b<i>Jus\u00adtice<\/i>, 13 juillet\/]<\/p>\n","protected":false},"excerpt":{"rendered":"<p>\u00ab&nbsp;\u2026 Je vous par\u00adlais tout \u00e0 l\u2019heure de l\u2019esclavage, conti\u00adnue M.&nbsp;Isaac. \u00c0 M\u00e9dine, ville fran\u00ad\u00e7aise, fonc\u00adtion\u00adnait encore il y a peu de temps un mar\u00adch\u00e9 d\u2019esclaves. De mal\u00adheu\u00adreux noirs, des n\u00e9gresses \u00e9taient expo\u00ads\u00e9s en&nbsp;vente&nbsp;! \u00ab&nbsp;Lais\u00ad\u00adsez-moi, pour ter\u00admi\u00adner, vous racon\u00adter bri\u00e8\u00adve\u00adment cer\u00adtaine exp\u00e9\u00addi\u00adtion qui a eu lieu l\u2019an\u00adn\u00e9e der\u00adni\u00e8re. Ce r\u00e9cit vous mon\u00adtre\u00adra de quelle fa\u00e7on&nbsp;[\u2026]<\/p>\n","protected":false},"author":1,"featured_media":0,"comment_status":"closed","ping_status":"closed","sticky":false,"template":"","format":"standard","meta":{"wp_typography_post_enhancements_disabled":false,"footnotes":""},"categories":[380],"tags":[],"ppma_author":[540],"class_list":["post-3209","post","type-post","status-publish","format-standard","hentry","category-les-temps-nouveaux-n15-10-16-aout-1895"],"authors":[{"term_id":540,"user_id":1,"is_guest":0,"slug":"admin_3gikpwyf","display_name":"Vincent Dubuc","avatar_url":"https:\/\/secure.gravatar.com\/avatar\/d015720652c25fd2ced191ade86430094e1f288a17483713e3b34d26dea52507?s=96&d=mm&r=g","author_category":"","user_url":"https:\/\/la-presse-anarchiste.net","last_name":"Dubuc","first_name":"Vincent","job_title":"","description":""}],"_links":{"self":[{"href":"https:\/\/la-presse-anarchiste.net\/index.php\/wp-json\/wp\/v2\/posts\/3209","targetHints":{"allow":["GET"]}}],"collection":[{"href":"https:\/\/la-presse-anarchiste.net\/index.php\/wp-json\/wp\/v2\/posts"}],"about":[{"href":"https:\/\/la-presse-anarchiste.net\/index.php\/wp-json\/wp\/v2\/types\/post"}],"author":[{"embeddable":true,"href":"https:\/\/la-presse-anarchiste.net\/index.php\/wp-json\/wp\/v2\/users\/1"}],"replies":[{"embeddable":true,"href":"https:\/\/la-presse-anarchiste.net\/index.php\/wp-json\/wp\/v2\/comments?post=3209"}],"version-history":[{"count":0,"href":"https:\/\/la-presse-anarchiste.net\/index.php\/wp-json\/wp\/v2\/posts\/3209\/revisions"}],"wp:attachment":[{"href":"https:\/\/la-presse-anarchiste.net\/index.php\/wp-json\/wp\/v2\/media?parent=3209"}],"wp:term":[{"taxonomy":"category","embeddable":true,"href":"https:\/\/la-presse-anarchiste.net\/index.php\/wp-json\/wp\/v2\/categories?post=3209"},{"taxonomy":"post_tag","embeddable":true,"href":"https:\/\/la-presse-anarchiste.net\/index.php\/wp-json\/wp\/v2\/tags?post=3209"},{"taxonomy":"author","embeddable":true,"href":"https:\/\/la-presse-anarchiste.net\/index.php\/wp-json\/wp\/v2\/ppma_author?post=3209"}],"curies":[{"name":"wp","href":"https:\/\/api.w.org\/{rel}","templated":true}]}}