{"id":3211,"date":"2012-05-19T16:44:57","date_gmt":"2012-05-19T16:44:57","guid":{"rendered":"https:\/\/la-presse-anarchiste.net\/index.php\/2012\/05\/19\/ou-menent-les-palliatifs\/"},"modified":"2012-05-19T16:44:57","modified_gmt":"2012-05-19T16:44:57","slug":"ou-menent-les-palliatifs","status":"publish","type":"post","link":"https:\/\/la-presse-anarchiste.net\/index.php\/2012\/05\/19\/ou-menent-les-palliatifs\/","title":{"rendered":"O\u00f9 m\u00e8nent les palliatifs&nbsp;?"},"content":{"rendered":"<div class=\"pdfprnt-buttons pdfprnt-buttons-post pdfprnt-top-right\"><a href=\"https:\/\/la-presse-anarchiste.net\/index.php\/wp-json\/wp\/v2\/posts\/3211?print=pdf\" class=\"pdfprnt-button pdfprnt-button-pdf\" target=\"_blank\"><img decoding=\"async\" src=\"https:\/\/la-presse-anarchiste.net\/wp-content\/plugins\/pdf-print\/images\/pdf.png\" alt=\"image_pdf\" title=\"Afficher le PDF\"><\/a><a href=\"https:\/\/la-presse-anarchiste.net\/index.php\/wp-json\/wp\/v2\/posts\/3211?print=print\" class=\"pdfprnt-button pdfprnt-button-print\" target=\"_blank\"><img decoding=\"async\" src=\"https:\/\/la-presse-anarchiste.net\/wp-content\/plugins\/pdf-print\/images\/print.png\" alt=\"image_print\" title=\"Contenu imprim\u00e9\"><\/a><\/div><p>Ce que nous avons dit dans l\u2019ar\u00adticle pr\u00e9\u00adc\u00e9\u00addent sur les asso\u00adcia\u00adtions de consom\u00adma\u00adtion et de pro\u00adduc\u00adtion s\u2019ap\u00adplique aus\u00adsi \u00e0 tous les pal\u00adlia\u00adtifs \u00e9co\u00adno\u00admiques, sur les\u00adquels on s\u2019est essay\u00e9 dans le cou\u00adrant de ce si\u00e8cle.<\/p>\n<p>Que pou\u00advait-on choi\u00adsir de mieux\u200a\u2014\u200ade plus humain et de plus social\u200a\u2014\u200aque le prin\u00adcipe de l\u2019as\u00adso\u00adcia\u00adtion&nbsp;? Par l\u2019as\u00adso\u00adcia\u00adtion, le monde ani\u00admal, y com\u00adpris l\u2019homme, r\u00e9us\u00adsit \u00e0 pro\u00adt\u00e9\u00adger l\u2019es\u00adp\u00e8ce contre les forces hos\u00adtiles de la nature inani\u00adm\u00e9es et ani\u00adm\u00e9es. Par elle, l\u2019homme d\u00e9cuple ses forces. Dans elle il d\u00e9ve\u00adloppe son intel\u00adli\u00adgence, accu\u00admule le savoir, cr\u00e9e les habi\u00adtudes sociables\u200a\u2014\u200ases armes les plus pr\u00e9\u00adcieuses pour la conser\u00adva\u00adtion et le d\u00e9ve\u00adlop\u00adpe\u00adment de l\u2019esp\u00e8ce.<\/p>\n<p>Plus que cela. Com\u00adment pou\u00advons-nous conce\u00advoir la soci\u00e9\u00adt\u00e9 future, si ce n\u2019est sous forme de mille et mille asso\u00adcia\u00adtions, sur\u00adgis\u00adsant selon les besoins du moment, vivant ce qu\u2019elles peuvent vivre, s\u2019en\u00adche\u00adv\u00ea\u00adtrant et se cou\u00advrant les unes les autres de mille mani\u00e8res, comme un r\u00e9seau aux mailles ser\u00adr\u00e9es et fils infi\u00adni\u00adment nom\u00adbreux\u200a\u2014\u200as\u2019alliant, s\u2019u\u00adnis\u00adsant, se grou\u00adpant et se dis\u00adsol\u00advant selon les besoins, les go\u00fbts et les caprices per\u00adson\u00adnels et col\u00adlec\u00adtifs, cher\u00adchant l\u2019har\u00admo\u00adnie dans la diver\u00adsi\u00adt\u00e9 et dans la satis\u00adfac\u00adtion des besoins, des go\u00fbts et des caprices infi\u00adni\u00adment vari\u00e9s des hommes&nbsp;?<\/p>\n<p>Puis\u00adsance et meilleur \u00e9l\u00e9\u00adment de pro\u00adgr\u00e8s dans le pas\u00ads\u00e9, forme de l\u2019a\u00adve\u00adnir\u200a\u2014\u200avoi\u00adl\u00e0 l\u2019association.<\/p>\n<p>Pour\u00adquoi a\u2011t-elle donc abou\u00adti \u00e0 ces r\u00e9sul\u00adtats piteux&nbsp;? Pour\u00adquoi n\u2019a-t-elle pas pu seule\u00adment d\u00e9ve\u00adlop\u00adper ce cou\u00adrant d\u2019i\u00add\u00e9es que le socia\u00adlisme en g\u00e9n\u00e9\u00adral et l\u2019a\u00adnar\u00adchie en par\u00adti\u00adcu\u00adlier ont d\u00fb cr\u00e9er \u00e0 c\u00f4t\u00e9, en s\u2019en tenant \u00e0 l\u2019\u00e9\u00adcart, en se garant m\u00eame de l\u2019association&nbsp;?<\/p>\n<p>[|<b>*  *  *  *<\/b>|]<br>\n<\/p>\n<p>Parce qu\u2019elle a cher\u00adch\u00e9 \u00e0 com\u00adbi\u00adner deux prin\u00adcipes oppo\u00ads\u00e9s\u200a\u2014\u200ale com\u00admu\u00adnisme et l\u2019\u00e9\u00adgo\u00efsme \u00e9troit, mal pen\u00ads\u00e9, de l\u2019in\u00addi\u00advi\u00addu,\u200a\u2014\u200ace qui l\u2019a fait suc\u00adcom\u00adber fata\u00adle\u00adment sous le poids de celui-ci.<\/p>\n<p>Parce qu\u2019elle \u00e9tait un groupe fer\u00adm\u00e9, qui cher\u00adchait <i>son<\/i> \u00e9man\u00adci\u00adpa\u00adtion sans s\u2019oc\u00adcu\u00adper de l\u2019\u00e9\u00adman\u00adci\u00adpa\u00adtion de&nbsp;tous.<\/p>\n<p>Parce qu\u2019elle s\u2019est bas\u00e9e sur le prin\u00adcipe du salaire, la r\u00e9tri\u00adbu\u00adtion selon les \u0153uvres, et la satis\u00adfac\u00adtion des besoins selon la force d\u2019a\u00adchat des salaires.<\/p>\n<p>Au d\u00e9but, le com\u00admu\u00adnisme et l\u2019as\u00adso\u00adcia\u00adtion, n\u00e9s d\u2019un m\u00eame d\u00e9sir, par\u00adtaient du m\u00eame point. Mais l\u2019un res\u00adta uni\u00adver\u00adsel. Pour tous, il d\u00e9cla\u00adra le droit de satis\u00adfaire leurs besoins, sans autre limi\u00adta\u00adtion que la pro\u00adduc\u00adti\u00advi\u00adt\u00e9 du tra\u00advail humain. Il jeta par-des\u00adsus bord le salaire, ain\u00adsi que les \u00ab&nbsp;bons de tra\u00advail&nbsp;\u00bb, parce qu\u2019il com\u00adpre\u00adnait que le salaire fut le point de d\u00e9part de la ser\u00advi\u00adtude. Il nia la pos\u00adses\u00adsion par quelques-uns de tout ce qui sert \u00e0 pro\u00adduire, soit comme lieu ou ins\u00adtru\u00adment de tra\u00advail, soit comme n\u00e9ces\u00adsaire pour main\u00adte\u00adnir la vie et le tra\u00advail (mai\u00adson, loge\u00adment, v\u00eatement).<\/p>\n<p>L\u2019autre\u200a\u2014\u200al\u2019as\u00adso\u00adcia\u00adtion\u200a\u2014\u200agar\u00adda tout cela. Elle ne visa pas \u00e0 l\u2019u\u00adni\u00adver\u00adsa\u00adli\u00adt\u00e9, elle s\u2019ac\u00adcom\u00admo\u00adda avec le salaire, elle accep\u00adta la pro\u00adpri\u00e9\u00adt\u00e9 pri\u00adv\u00e9e de ce qui sert pour produire.<\/p>\n<p>Et, for\u00adc\u00e9\u00adment, quoique par\u00adtis du m\u00eame point, ils mar\u00adch\u00e8rent dans deux direc\u00adtions diver\u00adgentes, se s\u00e9pa\u00adrant de plus en plus,\u200a\u2014\u200al\u2019as\u00adso\u00adcia\u00adtion ver\u00adsant de plus en plus dans le cou\u00adrant, bour\u00adgeois, tan\u00addis que le com\u00admu\u00adnisme, se d\u00e9ve\u00adlop\u00adpant tou\u00adjours, ajou\u00adta une nou\u00advelle n\u00e9ga\u00adtion\u200a\u2014\u200al\u2019\u00c9tat\u200a\u2014\u200aaux pr\u00e9\u00adc\u00e9\u00addentes, un nou\u00advel id\u00e9al\u200a\u2014\u200ala soci\u00e9\u00adt\u00e9 sans gou\u00adver\u00adne\u00adment\u200a\u2014\u200a\u00e0 son id\u00e9al de soci\u00e9\u00adt\u00e9 sans capitalistes.<\/p>\n<p>Et alors seule\u00adment que le cou\u00adrant de la pen\u00ads\u00e9e du si\u00e8cle eut com\u00admen\u00adc\u00e9 \u00e0 enta\u00admer jus\u00adqu\u2019\u00e0 la classe bour\u00adgeoise elle-m\u00eame\u200a\u2014\u200al\u2019as\u00adso\u00adcia\u00adtion se vit aus\u00adsi for\u00adc\u00e9e de ren\u00adtrer timi\u00adde\u00adment dans le m\u00eame cou\u00adrant, ain\u00adsi que nous l\u2019a\u00advons racon\u00adt\u00e9 dans le pr\u00e9\u00adc\u00e9\u00addent num\u00e9ro.<\/p>\n<p>[|<b>*  *  *  *<\/b>|]<br>\n<\/p>\n<p>Ces quelques r\u00e9flexions per\u00admettent de mieux appr\u00e9\u00adcier tous les autres pal\u00adlia\u00adtifs en vogue \u00e0 ce moment&nbsp;: caisses de retraite pour la vieillesse, taux des salaires fix\u00e9s par l\u2019\u00c9\u00adtat, socia\u00adlisme com\u00admu\u00adnal et le&nbsp;reste.<\/p>\n<p>Non seule\u00adment tous ils tendent \u00e0 ren\u00adfor\u00adcer l\u2019\u00c9\u00adtat, c\u2019est-\u00e0-dire \u00e0 per\u00adp\u00e9\u00adtuer la domi\u00adna\u00adtion de quelques-uns et l\u2019en\u00adri\u00adchis\u00adse\u00adment des mino\u00adri\u00adt\u00e9s par le bud\u00adget, aux d\u00e9pens des majo\u00adri\u00adt\u00e9s payant l\u2019im\u00adp\u00f4t&nbsp;; non seule\u00adment ils ren\u00adforcent ain\u00adsi la for\u00adte\u00adresse du capi\u00adtal\u200a\u2014\u200al\u2019\u00c9\u00adtat\u200a\u2014\u200aet rendent d\u2019au\u00adtant plus dif\u00adfi\u00adcile la lutte sur le ter\u00adrain poli\u00adtique&nbsp;; mais tous ces pal\u00adlia\u00adtifs sont fata\u00adle\u00adment vou\u00e9s \u00e0 ver\u00adser, comme l\u2019as\u00adso\u00adcia\u00adtion, dans le cou\u00adrant bour\u00adgeois, si le cou\u00adrant com\u00admu\u00adniste (et anar\u00adchiste) ne se d\u00e9ve\u00adloppe pas \u00e0 c\u00f4t\u00e9\u200a\u2014\u200apur et simple, aus\u00adt\u00e8re et refu\u00adsant tout com\u00adpro\u00admis, intrai\u00adtable et uni\u00adver\u00adsel\u200a\u2014\u200acomme il l\u2019a fait jusqu\u2019aujourd\u2019hui.<\/p>\n<p>Seul, ce cou\u00adrant, que l\u2019on aime \u00e0 appe\u00adler \u00ab&nbsp;th\u00e9o\u00adrique&nbsp;\u00bb (pro\u00adba\u00adble\u00adment parce qu\u2019il m\u00e8ne plus pra\u00adti\u00adque\u00adment au but, en for\u00ad\u00e7ant jus\u00adqu\u2019aux ama\u00adteurs de pal\u00adlia\u00adtifs de venir le rejoindre, apr\u00e8s avoir fait une excur\u00adsion dans le monde bour\u00adgeois), seul ce cou\u00adrant peut modi\u00adfier les id\u00e9es de fa\u00e7on \u00e0 ame\u00adner au but que l\u2019on se pro\u00adpose d\u2019at\u00adteindre. Tous les autres, b\u00e2tis sur deux prin\u00adcipes oppo\u00ads\u00e9s, dont l\u2019un est emprun\u00adt\u00e9 au com\u00admu\u00adnisme, et l\u2019autre au monde bour\u00adgeois, sont ame\u00adn\u00e9s par la force des choses, par la puis\u00adsance du monde bour\u00adgeois dans lequel ils vivent, \u00e0 \u00eatre vain\u00adcus par ce cou\u00adrant, \u00e0 en prendre le masque et la substance.<\/p>\n<p>[|<b>*  *  *  *<\/b>|]<br>\n<\/p>\n<p>C\u2019est ce qui est arri\u00adv\u00e9 \u00e0 l\u2019association et qui se voit d\u00e9j\u00e0 dans le socia\u00adlisme communal.<\/p>\n<p>Quoi de plus juste, semble-t-il de prime abord, que de voir la com\u00admune (au fond, le conseil muni\u00adci\u00adpal) se char\u00adger de four\u00adnir aux habi\u00adtants, au prix de revient, les tram\u00adways, les bains, le gaz, l\u2019eau, et puis les mai\u00adsons, le pain, la viande et le reste&nbsp;? Quoi de plus juste th\u00e9o\u00adri\u00adque\u00adment&nbsp;? En th\u00e9o\u00adrie on irait m\u00eame tr\u00e8s loin&nbsp;: on fini\u00adrait par croire que de cette fa\u00e7on on arri\u00adve\u00adra \u00e0 \u00e9car\u00adter tous les inter\u00adm\u00e9\u00addiaires et jus\u00adqu\u2019\u00e0 \u00e9li\u00admi\u00adner les capi\u00adta\u00adlistes de l\u2019in\u00addus\u00adtrie et de l\u2019a\u00adgri\u00adcul\u00adture. N\u2019est-il pas prou\u00adv\u00e9, en effet, par l\u2019ex\u00adp\u00e9\u00adrience de tant de villes anglaises, qu\u2019i\u00adci le gaz, l\u00e0 les tram\u00adways, ailleurs les mai\u00adsons, sont four\u00adnis \u00e0 bien meilleur prix par la muni\u00adci\u00adpa\u00adli\u00adt\u00e9 que par les com\u00adpa\u00adgnies pri\u00adv\u00e9es et les conces\u00adsions&nbsp;? C\u2019est prou\u00adv\u00e9, chiffres en mains, par l\u2019exp\u00e9rience.<\/p>\n<p>[|<b>*  *  *  *<\/b>|]<br>\n<\/p>\n<p>Et, cepen\u00addant, quoique n\u00e9 d\u2019hier seule\u00adment, quoique s\u2019es\u00adsayant \u00e0 peine \u00e0 ses pre\u00admi\u00e8res \u00e9bauches, le socia\u00adlisme muni\u00adci\u00adpal verse d\u00e9j\u00e0 en plein dans le r\u00e9gime bour\u00adgeois. Il en prend toutes les allures, il se p\u00e9n\u00e8tre de ses prin\u00adcipes. Il boit \u00e0 la m\u00eame source, et on en aper\u00ad\u00e7oit d\u00e9j\u00e0 les suites. Il parle et agit en bourgeois.<\/p>\n<p>En effet, comme l\u2019as\u00adso\u00adcia\u00adtion, il cherche le com\u00adpro\u00admis entre les prin\u00adcipes bour\u00adgeois et auto\u00adri\u00adtaires et ceux du com\u00admu\u00adnisme anar\u00adchiste. Il veut faire du com\u00admu\u00adnisme, mais il le fera en main\u00adte\u00adnant les salaires, en contrac\u00adtant des emprunts comme les bour\u00adgeois en contractent, en trai\u00adtant ses ouvriers comme les bour\u00adgeois les traitent et en main\u00adte\u00adnant en m\u00eame temps tout le reste&nbsp;: la pro\u00adpri\u00e9\u00adt\u00e9 fon\u00adci\u00e8re, l\u2019in\u00adt\u00e9\u00adr\u00eat sur le capi\u00adtal, l\u2019autorit\u00e9.<\/p>\n<p>Plus que cela&nbsp;: il consa\u00adcre\u00adra ces prin\u00adcipes par son autorit\u00e9.<\/p>\n<p>Et il arrive bien\u00adt\u00f4t que pour rache\u00adter, par exemple, les ter\u00adrains sur les\u00adquels la com\u00admune vou\u00addra b\u00e2tir des bains ou des mai\u00adsons, elle devra payer le bour\u00adgeois dans des pro\u00adpor\u00adtions si folles que la ville se trou\u00adve\u00adra man\u00adg\u00e9e par ses cr\u00e9an\u00adciers comme Paris l\u2019est encore par les cr\u00e9an\u00adciers de Hauss\u00admann. Force sera donc de r\u00e9duire les am\u00e9\u00adlio\u00adra\u00adtions. Et comme chaque am\u00e9\u00adlio\u00adra\u00adtion fait mon\u00adter les prix des loyers et rel\u00e8gue de plus en plus l\u2019ouvrier dans les fau\u00adbourgs \u00e9loi\u00adgn\u00e9s ou mal\u00adsains, il fau\u00addra b\u00e2tir de nou\u00adveaux tram\u00adways, des m\u00e9tro\u00adpo\u00adli\u00adtains, etc., faire de nou\u00adveaux emprunts, sans jamais arri\u00adver \u00e0 com\u00adbler ce ton\u00adneau des Dana\u00efdes.<\/p>\n<p>Pour faire \u00e0 bon mar\u00adch\u00e9, la com\u00admune doit aus\u00adsi choi\u00adsir les meilleurs ouvriers, et elle le fait si bien que l\u2019homme de qua\u00adrante ans pas\u00ads\u00e9s ne trouve plus d\u2019ou\u00advrage dans les chan\u00adtiers de la com\u00admune. Sur quoi, de nou\u00advelles d\u00e9penses doivent \u00eatre faites pour employer ou nour\u00adrir les d\u00e9s\u00ad\u0153u\u00advr\u00e9s. Et ain\u00adsi de&nbsp;suite.<\/p>\n<p>Bref, quoique encore dans sa lune de miel, le socia\u00adlisme muni\u00adci\u00adpal prend d\u00e9j\u00e0 toutes les allures, le lan\u00adgage, le mode de pen\u00adser du monde bour\u00adgeois. Il cr\u00e9e de l\u2019ou\u00advrier un fonc\u00adtion\u00adnaire en plus, il mul\u00adti\u00adplie d\u2019une fa\u00e7on effroyable le nombre de ceux qui vivent aux d\u00e9pens des pro\u00adduc\u00adteurs manuels\u2026 Il est for\u00adc\u00e9 de ver\u00adser tou\u00adjours dans la m\u00eame orni\u00e8re.<\/p>\n<p>[|<b>*  *  *  *<\/b>|]<br>\n<\/p>\n<p>S\u2019il pou\u00advait seule\u00adment \u00e9par\u00adgner les frais d\u2019une r\u00e9vo\u00adlu\u00adtion&nbsp;! Mais c\u2019est pr\u00e9\u00adci\u00ads\u00e9\u00adment ce qu\u2019il ne peut pas. Mat\u00e9\u00adriel\u00adle\u00adment, il ne peut faire que des petites sur une \u00e9chelle micro\u00adsco\u00adpique. Et dans l\u2019ordre des id\u00e9es, il tra\u00advaille au main\u00adtien de l\u2019id\u00e9e bour\u00adgeoise en lui don\u00adnant la sanc\u00adtion de l\u2019\u00e9tiquette socialiste.<\/p>\n<p>La r\u00e9vo\u00adlu\u00adtion reste tou\u00adjours \u00e0 faire dans les id\u00e9es et dans les faits, et elle devra \u00eatre faite, dans toute son \u00e9ten\u00addue, dans toute sa gran\u00addeur, dans toute sa force irr\u00e9sistible.<\/p>\n<p>Autant vaut la pr\u00e9\u00adpa\u00adrer hon\u00adn\u00ea\u00adte\u00adment, sans se lais\u00adser ber\u00adner par les ber\u00adceuses des vieilles bonnes d\u2019enfants. Autant vaut tra\u00advailler \u00e0 la pro\u00adpa\u00adga\u00adtion de l\u2019id\u00e9e com\u00admu\u00adniste et anar\u00adchiste pure et simple.<\/p>\n<p>C\u2019est la force et la ter\u00adreur ins\u00adpi\u00adr\u00e9e par cette id\u00e9e, tou\u00adjours gran\u00addis\u00adsante, qui a fait na\u00eetre tous les pal\u00adlia\u00adtifs. Sans elle, ils ces\u00adse\u00adraient m\u00eame d\u2019\u00eatre des pal\u00adlia\u00adtifs, et devien\u00addraient de simples accom\u00admo\u00adda\u00adtions aux maux du r\u00e9gime bour\u00adgeois. Et, par elle seule\u00adment, une fin peut \u00eatre mise \u00e0 ces&nbsp;maux.<\/p>\n<p>[\/\u200bP. <sc>Kro\u00adpot\u00adkine<\/sc>\/\u200b]<\/p>\n","protected":false},"excerpt":{"rendered":"<p>Ce que nous avons dit dans l\u2019ar\u00adticle pr\u00e9\u00adc\u00e9\u00addent sur les asso\u00adcia\u00adtions de consom\u00adma\u00adtion et de pro\u00adduc\u00adtion s\u2019ap\u00adplique aus\u00adsi \u00e0 tous les pal\u00adlia\u00adtifs \u00e9co\u00adno\u00admiques, sur les\u00adquels on s\u2019est essay\u00e9 dans le cou\u00adrant de ce si\u00e8cle. Que pou\u00ad\u00advait-on choi\u00adsir de mieux\u200a\u2014\u200ade plus humain et de plus social\u200a\u2014\u200aque le prin\u00adcipe de l\u2019as\u00adso\u00adcia\u00adtion&nbsp;? Par l\u2019as\u00adso\u00adcia\u00adtion, le monde ani\u00admal,&nbsp;y&nbsp;[\u2026]<\/p>\n","protected":false},"author":1,"featured_media":0,"comment_status":"closed","ping_status":"closed","sticky":false,"template":"","format":"standard","meta":{"wp_typography_post_enhancements_disabled":false,"footnotes":""},"categories":[380],"tags":[],"ppma_author":[540],"class_list":["post-3211","post","type-post","status-publish","format-standard","hentry","category-les-temps-nouveaux-n15-10-16-aout-1895"],"authors":[{"term_id":540,"user_id":1,"is_guest":0,"slug":"admin_3gikpwyf","display_name":"Vincent Dubuc","avatar_url":"https:\/\/secure.gravatar.com\/avatar\/d015720652c25fd2ced191ade86430094e1f288a17483713e3b34d26dea52507?s=96&d=mm&r=g","author_category":"","user_url":"https:\/\/la-presse-anarchiste.net","last_name":"Dubuc","first_name":"Vincent","job_title":"","description":""}],"_links":{"self":[{"href":"https:\/\/la-presse-anarchiste.net\/index.php\/wp-json\/wp\/v2\/posts\/3211","targetHints":{"allow":["GET"]}}],"collection":[{"href":"https:\/\/la-presse-anarchiste.net\/index.php\/wp-json\/wp\/v2\/posts"}],"about":[{"href":"https:\/\/la-presse-anarchiste.net\/index.php\/wp-json\/wp\/v2\/types\/post"}],"author":[{"embeddable":true,"href":"https:\/\/la-presse-anarchiste.net\/index.php\/wp-json\/wp\/v2\/users\/1"}],"replies":[{"embeddable":true,"href":"https:\/\/la-presse-anarchiste.net\/index.php\/wp-json\/wp\/v2\/comments?post=3211"}],"version-history":[{"count":0,"href":"https:\/\/la-presse-anarchiste.net\/index.php\/wp-json\/wp\/v2\/posts\/3211\/revisions"}],"wp:attachment":[{"href":"https:\/\/la-presse-anarchiste.net\/index.php\/wp-json\/wp\/v2\/media?parent=3211"}],"wp:term":[{"taxonomy":"category","embeddable":true,"href":"https:\/\/la-presse-anarchiste.net\/index.php\/wp-json\/wp\/v2\/categories?post=3211"},{"taxonomy":"post_tag","embeddable":true,"href":"https:\/\/la-presse-anarchiste.net\/index.php\/wp-json\/wp\/v2\/tags?post=3211"},{"taxonomy":"author","embeddable":true,"href":"https:\/\/la-presse-anarchiste.net\/index.php\/wp-json\/wp\/v2\/ppma_author?post=3211"}],"curies":[{"name":"wp","href":"https:\/\/api.w.org\/{rel}","templated":true}]}}