{"id":3212,"date":"2012-05-21T12:04:46","date_gmt":"2012-05-21T12:04:46","guid":{"rendered":"https:\/\/la-presse-anarchiste.net\/index.php\/2012\/05\/21\/echos-et-nouvelles-3\/"},"modified":"2012-05-21T12:04:46","modified_gmt":"2012-05-21T12:04:46","slug":"echos-et-nouvelles-3","status":"publish","type":"post","link":"https:\/\/la-presse-anarchiste.net\/index.php\/2012\/05\/21\/echos-et-nouvelles-3\/","title":{"rendered":"\u00c9chos et nouvelles"},"content":{"rendered":"<div class=\"pdfprnt-buttons pdfprnt-buttons-post pdfprnt-top-right\"><a href=\"https:\/\/la-presse-anarchiste.net\/index.php\/wp-json\/wp\/v2\/posts\/3212?print=pdf\" class=\"pdfprnt-button pdfprnt-button-pdf\" target=\"_blank\"><img decoding=\"async\" src=\"https:\/\/la-presse-anarchiste.net\/wp-content\/plugins\/pdf-print\/images\/pdf.png\" alt=\"image_pdf\" title=\"Afficher le PDF\"><\/a><a href=\"https:\/\/la-presse-anarchiste.net\/index.php\/wp-json\/wp\/v2\/posts\/3212?print=print\" class=\"pdfprnt-button pdfprnt-button-print\" target=\"_blank\"><img decoding=\"async\" src=\"https:\/\/la-presse-anarchiste.net\/wp-content\/plugins\/pdf-print\/images\/print.png\" alt=\"image_print\" title=\"Contenu imprim\u00e9\"><\/a><\/div><p><b>Amiens<\/b>\u200a\u2014\u200aUn groupe d\u2019\u00c9\u00adtudes sociales est en for\u00adma\u00adtion chez Dumont, 15, rue Saint-Roch. Tous les mer\u00adcre\u00addis soir, \u00e0 8 heures tr\u00e8s pr\u00e9cises.<\/p>\n<p><b>Mont\u00adpel\u00adlier<\/b>\u200a\u2014\u200aApr\u00e8s bien des t\u00e2ton\u00adne\u00adments, nous avons r\u00e9us\u00adsi \u00e0 fon\u00adder un groupe d\u2019\u00e9\u00adtudes liber\u00adtaires \u00e0 Mont\u00adpel\u00adlier. Le groupe re\u00e7oit dans son sein tous ceux, par\u00adti\u00adsan ou non, du com\u00admu\u00adnisme liber\u00adtaire, qui veulent bien venir expli\u00adquer leurs id\u00e9es sur la ques\u00adtion sociale.<\/p>\n<p>Ces per\u00adsonnes, lorsque les cir\u00adcons\u00adtances l\u2019exigent, sont com\u00adbat\u00adtues, mais tou\u00adjours \u00e9cou\u00adt\u00e9es. On voit par l\u00e0 que les liber\u00adtaires ne sont pas \u00ab&nbsp;des sau\u00advages&nbsp;\u00bb, ni \u00ab&nbsp;des par\u00adti\u00adsans de la force quand m\u00eame&nbsp;\u00bb, comme le dit Jules Ler\u00admi\u00adna dans le <i>Radi\u00adcal<\/i>.<\/p>\n<p>En atten\u00addant, cama\u00adrades, si vous vou\u00adlez en savoir plus long sur la fa\u00e7on de pro\u00adc\u00e9\u00adder dans notre groupe, venez\u2011y.<\/p>\n<p>[\/\u200b<sc>Devic<\/sc><br>\n<br>12, rue Saint-Denis, Montpellier\/]<\/p>\n<p><b>Gen\u00e8ve<\/b>\u200a\u2014\u200aLes <i>Pion\u00adniers du bien-\u00eatre imm\u00e9\u00addiat<\/i> met\u00adtront \u00e0 l\u2019\u00e9\u00adtude pour cet hiver la t\u00e2che sui\u00advante&nbsp;: \u00ab&nbsp;La science de la vie indi\u00advi\u00adduelle et sociale&nbsp;\u00bb.<\/p>\n<p>Avec l\u2019ap\u00adpui mutuel des par\u00adti\u00adci\u00adpants, ils essaye\u00adront, avec la cer\u00adti\u00adtude acquise par l\u2019\u00e9\u00adtude, de r\u00e9a\u00adli\u00adser le bien-\u00eatre mat\u00e9\u00adriel, phy\u00adsique, intel\u00adlec\u00adtuel et moral de tous les adh\u00e9\u00adrents, en \u00e9bau\u00adchant une esquisse de la soci\u00e9\u00adt\u00e9 future, bas\u00e9e sur la liber\u00adt\u00e9, la jus\u00adtice et la v\u00e9ri\u00adt\u00e9. Ils font appel \u00e0 toutes les \u00e9ner\u00adgies de bonne volon\u00adt\u00e9 qui veulent tra\u00advailler pour la r\u00e9a\u00adli\u00adsa\u00adtion de la soci\u00e9\u00adt\u00e9 future et les prient de s\u2019a\u00addres\u00adser aux Pion\u00adniers culti\u00adva\u00adteurs de bien-\u00eatre indi\u00advi\u00adduel et social, 5, rue de l\u2019\u00c9\u00adv\u00ea\u00adch\u00e9, Gen\u00e8ve.<\/p>\n<p>[\/\u200b<i>Le secr\u00e9\u00adtaire<\/i><br>\n<br>J. <sc>Liwen\u00adtaal<\/sc>\/\u200b]<\/p>\n","protected":false},"excerpt":{"rendered":"<p>Amiens\u200a\u2014\u200aUn groupe d\u2019\u00c9\u00adtudes sociales est en for\u00adma\u00adtion chez Dumont, 15, rue Saint-Roch. Tous les mer\u00adcre\u00addis soir, \u00e0 8 heures tr\u00e8s pr\u00e9\u00adcises. Mont\u00adpel\u00adlier\u200a\u2014\u200aApr\u00e8s bien des t\u00e2ton\u00adne\u00adments, nous avons r\u00e9us\u00adsi \u00e0 fon\u00adder un groupe d\u2019\u00e9\u00adtudes liber\u00adtaires \u00e0 Mont\u00adpel\u00adlier. Le groupe re\u00e7oit dans son sein tous ceux, par\u00adti\u00adsan ou non, du com\u00admu\u00adnisme liber\u00adtaire, qui veulent bien venir expliquer&nbsp;[\u2026]<\/p>\n","protected":false},"author":1,"featured_media":0,"comment_status":"closed","ping_status":"closed","sticky":false,"template":"","format":"standard","meta":{"wp_typography_post_enhancements_disabled":false,"footnotes":""},"categories":[383],"tags":[],"ppma_author":[540],"class_list":["post-3212","post","type-post","status-publish","format-standard","hentry","category-les-temps-nouveaux-n16-17-23-aout-1895"],"authors":[{"term_id":540,"user_id":1,"is_guest":0,"slug":"admin_3gikpwyf","display_name":"Vincent Dubuc","avatar_url":"https:\/\/secure.gravatar.com\/avatar\/d015720652c25fd2ced191ade86430094e1f288a17483713e3b34d26dea52507?s=96&d=mm&r=g","author_category":"","user_url":"https:\/\/la-presse-anarchiste.net","last_name":"Dubuc","first_name":"Vincent","job_title":"","description":""}],"_links":{"self":[{"href":"https:\/\/la-presse-anarchiste.net\/index.php\/wp-json\/wp\/v2\/posts\/3212","targetHints":{"allow":["GET"]}}],"collection":[{"href":"https:\/\/la-presse-anarchiste.net\/index.php\/wp-json\/wp\/v2\/posts"}],"about":[{"href":"https:\/\/la-presse-anarchiste.net\/index.php\/wp-json\/wp\/v2\/types\/post"}],"author":[{"embeddable":true,"href":"https:\/\/la-presse-anarchiste.net\/index.php\/wp-json\/wp\/v2\/users\/1"}],"replies":[{"embeddable":true,"href":"https:\/\/la-presse-anarchiste.net\/index.php\/wp-json\/wp\/v2\/comments?post=3212"}],"version-history":[{"count":0,"href":"https:\/\/la-presse-anarchiste.net\/index.php\/wp-json\/wp\/v2\/posts\/3212\/revisions"}],"wp:attachment":[{"href":"https:\/\/la-presse-anarchiste.net\/index.php\/wp-json\/wp\/v2\/media?parent=3212"}],"wp:term":[{"taxonomy":"category","embeddable":true,"href":"https:\/\/la-presse-anarchiste.net\/index.php\/wp-json\/wp\/v2\/categories?post=3212"},{"taxonomy":"post_tag","embeddable":true,"href":"https:\/\/la-presse-anarchiste.net\/index.php\/wp-json\/wp\/v2\/tags?post=3212"},{"taxonomy":"author","embeddable":true,"href":"https:\/\/la-presse-anarchiste.net\/index.php\/wp-json\/wp\/v2\/ppma_author?post=3212"}],"curies":[{"name":"wp","href":"https:\/\/api.w.org\/{rel}","templated":true}]}}