{"id":3215,"date":"2012-05-21T12:06:39","date_gmt":"2012-05-21T12:06:39","guid":{"rendered":"https:\/\/la-presse-anarchiste.net\/index.php\/2012\/05\/21\/mouvement-social-52\/"},"modified":"2012-05-21T12:06:39","modified_gmt":"2012-05-21T12:06:39","slug":"mouvement-social-52","status":"publish","type":"post","link":"https:\/\/la-presse-anarchiste.net\/index.php\/2012\/05\/21\/mouvement-social-52\/","title":{"rendered":"Mouvement social"},"content":{"rendered":"<div class=\"pdfprnt-buttons pdfprnt-buttons-post pdfprnt-top-right\"><a href=\"https:\/\/la-presse-anarchiste.net\/index.php\/wp-json\/wp\/v2\/posts\/3215?print=pdf\" class=\"pdfprnt-button pdfprnt-button-pdf\" target=\"_blank\"><img decoding=\"async\" src=\"https:\/\/la-presse-anarchiste.net\/wp-content\/plugins\/pdf-print\/images\/pdf.png\" alt=\"image_pdf\" title=\"Afficher le PDF\"><\/a><a href=\"https:\/\/la-presse-anarchiste.net\/index.php\/wp-json\/wp\/v2\/posts\/3215?print=print\" class=\"pdfprnt-button pdfprnt-button-print\" target=\"_blank\"><img decoding=\"async\" src=\"https:\/\/la-presse-anarchiste.net\/wp-content\/plugins\/pdf-print\/images\/print.png\" alt=\"image_print\" title=\"Contenu imprim\u00e9\"><\/a><\/div><p>Nous ne rece\u00advons pas direc\u00adte\u00adment de nou\u00advelles ni de jour\u00adnaux venant de Cuba, nous avons dit pour\u00adquoi. Sur cette \u00eele, nous sommes ren\u00adsei\u00adgn\u00e9s prin\u00adci\u00adpa\u00adle\u00adment par <i>El Escla\u00advo<\/i>, qui para\u00eet \u00e0 Tam\u00adpa, port de Flo\u00adride o\u00f9 abou\u00adtit le c\u00e2ble de La Havane et o\u00f9 sont recueillies les nou\u00advelles de Cuba qui nous par\u00adviennent par voie am\u00e9\u00adri\u00adcaine. Au prin\u00adtemps, l\u2019in\u00adsur\u00adrec\u00adtion \u00e9tait bor\u00adn\u00e9e dans le mas\u00adsif de mon\u00adtagnes de l\u2019Est, autour de San\u00adtia\u00adgo de Cuba. On sait qu\u2019elle s\u2019\u00e9\u00adtend vers le centre et que Mar\u00adti\u00adnez Cam\u00adpos vient de se faire battre en essayant d\u2019at\u00adta\u00adquer les r\u00e9vol\u00adt\u00e9s. Je n\u2019ai pas \u00e0 rap\u00adpe\u00adler ces \u00e9v\u00e9\u00adne\u00adments dont cha\u00adcun se sou\u00advient, mais \u00e0 d\u00e9m\u00ea\u00adler ce qui nous int\u00e9\u00adresse direc\u00adte\u00adment dans les \u00e9v\u00e9\u00adne\u00adments de Cuba. Ce n\u2019est pas la pro\u00adcla\u00adma\u00adtion des chefs insur\u00adg\u00e9s, publi\u00e9e \u00e0 New York au mois de mai&nbsp;; ce ne sont pas non plus les sym\u00adpa\u00adthies int\u00e9\u00adres\u00ads\u00e9es des poli\u00adti\u00adciens des \u00c9tats-Unis m\u00e9ri\u00addio\u00adnaux en faveur du mou\u00adve\u00adment, contre les Espa\u00adgnols. Les chefs de ce mou\u00adve\u00adment Maceo, et Maxi\u00admo Gomez, se d\u00e9clarent seule\u00adment natio\u00adna\u00adlistes&nbsp;; ils veulent un gou\u00adver\u00adne\u00adment cubain com\u00adpo\u00ads\u00e9 d\u2019eux et de leurs amis m\u00e9tis ou cr\u00e9oles, \u00e0 la place du gou\u00adver\u00adne\u00adment espa\u00adgnol. Leur r\u00e9volte est le der\u00adnier acte de ce qu\u2019on est conve\u00adnu d\u2019ap\u00adpe\u00adler l\u2019\u00e9\u00adman\u00adci\u00adpa\u00adtion des colo\u00adnies espa\u00adgnoles, et de ce qui fut tout sim\u00adple\u00adment la conqu\u00eate des pou\u00advoirs publics par les nobles et les bour\u00adgeois indi\u00adg\u00e8nes sur les nobles et les bour\u00adgeois euro\u00adp\u00e9ens. Les ambi\u00adtieux et les com\u00admer\u00ad\u00e7ants des \u00c9tats-Unis du Sud donnent leur appui aux s\u00e9pa\u00adra\u00adtistes cubains, parce qu\u2019ils esp\u00e8rent obte\u00adnir, apr\u00e8s leur vic\u00adtoire, la sup\u00adpres\u00adsion des droits de douane, et, apr\u00e8s, pro\u00adba\u00adble\u00adment une adh\u00e9\u00adsion \u00e0 l\u2019U\u00adnion am\u00e9\u00adri\u00adcaine, qui don\u00adne\u00adrait un \u00c9tat de plus au groupe des f\u00e9d\u00e9\u00adra\u00adlistes (soi-disant <i>d\u00e9mo\u00adcrates<\/i>).<\/p>\n<p>Il n\u2019y a rien l\u00e0 qui nous attire, et, l\u2019on serait ten\u00adt\u00e9 d\u2019ap\u00adprou\u00adver l\u2019ar\u00adticle qu\u2019<i>El Des\u00adper\u00adtar<\/i> a publi\u00e9 sous le titre de&nbsp;: \u00ab&nbsp;Cuba et l\u2019a\u00adnar\u00adchie&nbsp;\u00bb, pour enga\u00adger les r\u00e9vo\u00adlu\u00adtion\u00adnaires am\u00e9\u00adri\u00adcains \u00e0 ne pas se sou\u00adcier de la lutte entre Gomez et Cam\u00adpos. Pour\u00adtant, avec com\u00adbien de rai\u00adson <i>El Archi\u00advo Social<\/i> de La Havane bl\u00e2me cet abs\u00adten\u00adtion\u00adnisme&nbsp;: \u00ab&nbsp;Ce ne sont pas les s\u00e9pa\u00adra\u00adtistes, dit <i>El Archi\u00advo Social<\/i>, qui peuvent invi\u00adter les tra\u00advailleurs \u00e0 venir lut\u00adter pour la prise de la terre et des ins\u00adtru\u00adments de tra\u00advail, pour la sup\u00adpres\u00adsion des imp\u00f4ts et de toutes les rede\u00advances&nbsp;! C\u2019est nous-m\u00eames qui devons lut\u00adter pour ce r\u00e9sul\u00adtat, qui devons faire entrer les prin\u00adcipes r\u00e9vo\u00adlu\u00adtion\u00adnaires dans l\u2019in\u00adsur\u00adrec\u00adtion&nbsp;!&nbsp;\u00bb  On ne sau\u00adrait mieux dire. Oui, nous ferons sor\u00adtir la r\u00e9vo\u00adlu\u00adtion sociale des \u00e9v\u00e9\u00adne\u00adments, nous ne trou\u00adve\u00adrons jamais toute pr\u00e9\u00adpa\u00adr\u00e9e. C\u2019est ce qu\u2019An\u00adto\u00adnio Agres\u00adti, dans une \u00e9tude sur l\u2019\u00e9\u00admeute sici\u00adlienne, publi\u00e9e par la <i>Soci\u00e9\u00adt\u00e9 Nou\u00advelle<\/i>, d\u00e9mon\u00adtrait clai\u00adre\u00adment aux d\u00e9go\u00fb\u00adt\u00e9s qui fai\u00adsaient la petite bouche devant les aspi\u00adra\u00adtions confuses et par\u00adfois contra\u00addic\u00adtoires des \u00ab&nbsp;fais\u00adceaux des tra\u00advailleurs sici\u00adliens&nbsp;\u00bb. Il y a vingt mille ouvriers sans tra\u00advail \u00e0 La Havane&nbsp;; on en trouve autant dans le reste de l\u2019\u00eele. Mar\u00adti\u00adnez Cam\u00adpos leur pro\u00admet du tra\u00advail, demande des fonds pour leur faire l\u2019au\u00adm\u00f4ne. On ne doit pas lais\u00adser pas\u00adser l\u2019oc\u00adca\u00adsion de les agi\u00adter. Nous approu\u00advons donc, ain\u00adsi qu\u2019<i>El Escla\u00advo<\/i>, le mani\u00adfeste du com\u00adpa\u00adgnon Cr\u00e9\u00adci, paru dans <i>El Archi\u00advo Social<\/i> sous le titre sui\u00advant&nbsp;: \u00ab&nbsp;Aux tra\u00advailleurs de La Havane.&nbsp;\u00bb Cr\u00e9\u00adci prouve aux ouvriers que la neu\u00adtra\u00adli\u00adt\u00e9 est impos\u00adsible dans la lutte actuelle, que gar\u00adder une atti\u00adtude paci\u00adfique, c\u2019est don\u00adner son appui aux fonc\u00adtion\u00adnaires et aux mili\u00adtaires espa\u00adgnols. Ne vaut-il pas mieux entrer dans l\u2019in\u00adsur\u00adrec\u00adtion pour essayer d\u2019en faire la r\u00e9volution&nbsp;?<\/p>\n<p>Apr\u00e8s la publi\u00adca\u00adtion de ce mani\u00adfeste, la police de La Havane a fait des per\u00adqui\u00adsi\u00adtions aux bureaux d\u2019<i>El Archi\u00advo Social<\/i>, et en plu\u00adsieurs autres endroits, pour trou\u00adver Cr\u00e9\u00adci qui a \u00e9chap\u00adp\u00e9 aux recherches.<\/p>\n<p>[\/\u200bCX\/\u200b]<\/p>\n","protected":false},"excerpt":{"rendered":"<p>Nous ne rece\u00advons pas direc\u00adte\u00adment de nou\u00advelles ni de jour\u00adnaux venant de Cuba, nous avons dit pour\u00adquoi. Sur cette \u00eele, nous sommes ren\u00adsei\u00adgn\u00e9s prin\u00adci\u00adpa\u00adle\u00adment par El Escla\u00advo, qui para\u00eet \u00e0 Tam\u00adpa, port de Flo\u00adride o\u00f9 abou\u00adtit le c\u00e2ble de La Havane et o\u00f9 sont recueillies les nou\u00advelles de Cuba qui nous par\u00adviennent par voie am\u00e9ricaine.&nbsp;[\u2026]<\/p>\n","protected":false},"author":1,"featured_media":0,"comment_status":"closed","ping_status":"closed","sticky":false,"template":"","format":"standard","meta":{"wp_typography_post_enhancements_disabled":false,"footnotes":""},"categories":[383],"tags":[],"ppma_author":[540],"class_list":["post-3215","post","type-post","status-publish","format-standard","hentry","category-les-temps-nouveaux-n16-17-23-aout-1895"],"authors":[{"term_id":540,"user_id":1,"is_guest":0,"slug":"admin_3gikpwyf","display_name":"Vincent Dubuc","avatar_url":"https:\/\/secure.gravatar.com\/avatar\/d015720652c25fd2ced191ade86430094e1f288a17483713e3b34d26dea52507?s=96&d=mm&r=g","author_category":"","user_url":"https:\/\/la-presse-anarchiste.net","last_name":"Dubuc","first_name":"Vincent","job_title":"","description":""}],"_links":{"self":[{"href":"https:\/\/la-presse-anarchiste.net\/index.php\/wp-json\/wp\/v2\/posts\/3215","targetHints":{"allow":["GET"]}}],"collection":[{"href":"https:\/\/la-presse-anarchiste.net\/index.php\/wp-json\/wp\/v2\/posts"}],"about":[{"href":"https:\/\/la-presse-anarchiste.net\/index.php\/wp-json\/wp\/v2\/types\/post"}],"author":[{"embeddable":true,"href":"https:\/\/la-presse-anarchiste.net\/index.php\/wp-json\/wp\/v2\/users\/1"}],"replies":[{"embeddable":true,"href":"https:\/\/la-presse-anarchiste.net\/index.php\/wp-json\/wp\/v2\/comments?post=3215"}],"version-history":[{"count":0,"href":"https:\/\/la-presse-anarchiste.net\/index.php\/wp-json\/wp\/v2\/posts\/3215\/revisions"}],"wp:attachment":[{"href":"https:\/\/la-presse-anarchiste.net\/index.php\/wp-json\/wp\/v2\/media?parent=3215"}],"wp:term":[{"taxonomy":"category","embeddable":true,"href":"https:\/\/la-presse-anarchiste.net\/index.php\/wp-json\/wp\/v2\/categories?post=3215"},{"taxonomy":"post_tag","embeddable":true,"href":"https:\/\/la-presse-anarchiste.net\/index.php\/wp-json\/wp\/v2\/tags?post=3215"},{"taxonomy":"author","embeddable":true,"href":"https:\/\/la-presse-anarchiste.net\/index.php\/wp-json\/wp\/v2\/ppma_author?post=3215"}],"curies":[{"name":"wp","href":"https:\/\/api.w.org\/{rel}","templated":true}]}}