{"id":3218,"date":"2012-05-21T12:05:07","date_gmt":"2012-05-21T12:05:07","guid":{"rendered":"https:\/\/la-presse-anarchiste.net\/index.php\/2012\/05\/21\/mouvement-social-55\/"},"modified":"2012-05-21T12:05:07","modified_gmt":"2012-05-21T12:05:07","slug":"mouvement-social-55","status":"publish","type":"post","link":"https:\/\/la-presse-anarchiste.net\/index.php\/2012\/05\/21\/mouvement-social-55\/","title":{"rendered":"Mouvement social"},"content":{"rendered":"<div class=\"pdfprnt-buttons pdfprnt-buttons-post pdfprnt-top-right\"><a href=\"https:\/\/la-presse-anarchiste.net\/index.php\/wp-json\/wp\/v2\/posts\/3218?print=pdf\" class=\"pdfprnt-button pdfprnt-button-pdf\" target=\"_blank\"><img decoding=\"async\" src=\"https:\/\/la-presse-anarchiste.net\/wp-content\/plugins\/pdf-print\/images\/pdf.png\" alt=\"image_pdf\" title=\"Afficher le PDF\"><\/a><a href=\"https:\/\/la-presse-anarchiste.net\/index.php\/wp-json\/wp\/v2\/posts\/3218?print=print\" class=\"pdfprnt-button pdfprnt-button-print\" target=\"_blank\"><img decoding=\"async\" src=\"https:\/\/la-presse-anarchiste.net\/wp-content\/plugins\/pdf-print\/images\/print.png\" alt=\"image_print\" title=\"Contenu imprim\u00e9\"><\/a><\/div><p><b>Car\u00admaux.<\/b>\u200a\u2014\u200aOn conna\u00eet par ce qu\u2019en ont dit les jour\u00adnaux quo\u00adti\u00addiens, l\u2019his\u00adto\u00adrique de la gr\u00e8ve de Car\u00admaux, l\u2019acte de soli\u00adda\u00adri\u00adt\u00e9 des ver\u00adriers de Car\u00admaux et du Bous\u00adquer d\u2019Orb, refu\u00adsant de reprendre le tra\u00advail parce que Bau\u00addot, et Pel\u00adle\u00adtier, secr\u00e9\u00adtaires des syn\u00addi\u00adcats de ces deux loca\u00adli\u00adt\u00e9s, avaient \u00e9t\u00e9 ren\u00advoy\u00e9s sous le pr\u00e9\u00adtexte qu\u2019ils s\u2019\u00e9\u00adtaient absen\u00adt\u00e9s pour assis\u00adter au congr\u00e8s de Mar\u00adseille, mais en r\u00e9a\u00adli\u00adt\u00e9 parce qu\u2019il avait plu a leurs cama\u00adrades de les \u00e9lire au conseil d\u2019ar\u00adron\u00addis\u00adse\u00adment. On conna\u00eet le refus abso\u00adlu oppo\u00ads\u00e9 par la Com\u00adpa\u00adgnie \u00e0 tout essai de conci\u00adlia\u00adtion et le ch\u00f4\u00admage for\u00adc\u00e9 impo\u00ads\u00e9 par elle \u00e0 1700 ouvriers, c\u2019est-\u00e0-dire \u00e0 3000 per\u00adsonnes envi\u00adron, par le bon plai\u00adsir d\u2019une poi\u00adgn\u00e9e de capitalistes.<\/p>\n<p>De ces faits se d\u00e9gagent plu\u00adsieurs ensei\u00adgne\u00adments. Les socia\u00adlistes pr\u00e9\u00adco\u00adnisent comme moyen d\u2019af\u00adfran\u00adchis\u00adse\u00adment la conqu\u00eate des pou\u00advoirs publics. Que les ouvriers, disent-ils, \u00e9lisent de leurs cama\u00adrades aux fonc\u00adtions l\u00e9gis\u00adla\u00adtives, et quand ils seront la majo\u00adri\u00adt\u00e9, ils feront la loi au capi\u00adtal. Les tra\u00advailleurs peuvent voir par ce qui se passe dans le Tarn com\u00adbien il leur sera facile d\u2019ar\u00adri\u00adver \u00e0 ce r\u00e9sul\u00adtat, dont l\u2019ef\u00adfi\u00adca\u00adci\u00adt\u00e9 est d\u2019ailleurs bien pro\u00adbl\u00e9\u00adma\u00adtique, puisque quand leurs suf\u00adfrages d\u00e9si\u00adgnent un des leurs pour les repr\u00e9\u00adsen\u00adter, ils se voient refu\u00adser le pain \u00e0 eux et \u00e0 leurs familles.<\/p>\n<p>Ensuite le lan\u00adgage employ\u00e9 par la Com\u00adpa\u00adgnie des ver\u00adre\u00adries du Tarn doit les \u00e9di\u00adfier sur la fa\u00e7on dont les capi\u00adta\u00adlistes com\u00adprennent la situa\u00adtion res\u00adpec\u00adtive d\u2019employeur et d\u2019employ\u00e9s. Il n\u2019est ques\u00adtion dans leurs notes que \u00ab&nbsp;d\u2019au\u00adto\u00adri\u00adsa\u00adtion&nbsp;\u00bb, de \u00ab&nbsp;bonne dis\u00adci\u00adpline&nbsp;\u00bb, etc. De pareils termes prouvent le plus clai\u00adre\u00adment du monde que ces gens-l\u00e0, parce qu\u2019ils ont l\u2019or en poche, consi\u00add\u00e8rent ceux qui le leur ont pro\u00adcu\u00adr\u00e9 comme des esclaves, des serfs, des sujets qui leur doivent ob\u00e9is\u00adsance et aux\u00adquels il est inter\u00addit de s\u2019oc\u00adcu\u00adper de leurs int\u00e9\u00adr\u00eats sans en avoir au pr\u00e9a\u00adlable sol\u00adli\u00adci\u00adt\u00e9 la per\u00admis\u00adsion. O\u00f9 donc sont les \u00ab&nbsp;grands prin\u00adcipes&nbsp;\u00bb d\u2019\u00e9\u00adga\u00adli\u00adt\u00e9 tant pro\u00adcla\u00adm\u00e9s par la R\u00e9pu\u00adblique, \u00ab&nbsp;cette fille de la grande R\u00e9vo\u00adlu\u00adtion dont elle conserve pieu\u00adse\u00adment les tra\u00addi\u00adtions&nbsp;\u00bb&nbsp;? O\u00f9 est cette pr\u00e9\u00adten\u00addue liber\u00adt\u00e9 du contrat entre capi\u00adtal et tra\u00advail tant pr\u00f4\u00adn\u00e9e par les \u00e9co\u00adno\u00admistes bour\u00adgeois&nbsp;? On croit r\u00eaver \u00e0 la lec\u00adture de la r\u00e9ponse de la Com\u00adpa\u00adgnie, r\u00e9ponse que l\u2019on dirait r\u00e9di\u00adg\u00e9e par un de ces sei\u00adgneurs f\u00e9o\u00addaux que la bour\u00adgeoi\u00adsie guillo\u00adti\u00adna en&nbsp;1793.<\/p>\n<p>Enfin, voi\u00adci, d\u2019une part, un outillage en ce moment sans uti\u00adli\u00adt\u00e9, et, d\u2019autre part, une masse de tra\u00advailleurs sachant l\u2019u\u00adti\u00adli\u00adser, mais souf\u00adfrant de la faim par le mau\u00advais vou\u00adloir de gens qui \u00ab&nbsp;peuvent attendre&nbsp;\u00bb. Si ces affa\u00adm\u00e9s, n\u2019\u00e9\u00adcou\u00adtant que l\u2019ins\u00adtinct de la conser\u00adva\u00adtion, s\u2019emparaient de l\u2019ou\u00adtillage et s\u2019en ser\u00advaient pour sau\u00adver de la mort leurs femmes et leurs enfants, le gou\u00adver\u00adne\u00adment aurait h\u00e2te de faire inter\u00adve\u00adnir la force arm\u00e9e dont il dis\u00adpose pour r\u00e9ta\u00adblir ce qu\u2019il appel\u00adle\u00adrait \u00ab&nbsp;l\u2019ordre&nbsp;!&nbsp;\u00bb Et pour\u00adtant, l\u2019ins\u00adtinct de la conser\u00adva\u00adtion entre-t-il en balance avec l\u2019a\u00admour de l\u2019or pour lui-m\u00eame&nbsp;?<\/p>\n<p>Les gou\u00adver\u00adnants qui fusillent les tra\u00advailleurs un peu par\u00adtout, \u00e0 Aubin, \u00e0 la Rica\u00adma\u00adrie, \u00e0 Four\u00admies, etc., pour assu\u00adrer, disent-ils, \u00ab&nbsp;la liber\u00adt\u00e9 du tra\u00advail&nbsp;\u00bb, ont une excel\u00adlente occa\u00adsion de prou\u00adver la fameuse sym\u00adpa\u00adthie qu\u2019ils pro\u00adfessent \u00e0 tout pro\u00adpos pour la classe ouvri\u00e8re, et de leur assu\u00adrer cette fois-ci \u00ab&nbsp;la liber\u00adt\u00e9 du tra\u00advail&nbsp;\u00bb en fusillant les admi\u00adnis\u00adtra\u00adteurs qui emp\u00eachent sans motif toute une popu\u00adla\u00adtion de vivre en travaillant.<\/p>\n<p>Le feront-ils&nbsp;? Ce serait peine per\u00addue que de les mettre au&nbsp;d\u00e9fi.<\/p>\n<p>[\/\u200bAndr\u00e9 <sc>Girard<\/sc>\/\u200b]<\/p>\n","protected":false},"excerpt":{"rendered":"<p>Car\u00admaux.\u200a\u2014\u200aOn conna\u00eet par ce qu\u2019en ont dit les jour\u00adnaux quo\u00adti\u00addiens, l\u2019his\u00adto\u00adrique de la gr\u00e8ve de Car\u00admaux, l\u2019acte de soli\u00adda\u00adri\u00adt\u00e9 des ver\u00adriers de Car\u00admaux et du Bous\u00adquer d\u2019Orb, refu\u00adsant de reprendre le tra\u00advail parce que Bau\u00addot, et Pel\u00adle\u00adtier, secr\u00e9\u00adtaires des syn\u00addi\u00adcats de ces deux loca\u00adli\u00adt\u00e9s, avaient \u00e9t\u00e9 ren\u00advoy\u00e9s sous le pr\u00e9\u00adtexte qu\u2019ils s\u2019\u00e9\u00adtaient absen\u00adt\u00e9s pour assister&nbsp;[\u2026]<\/p>\n","protected":false},"author":1,"featured_media":0,"comment_status":"closed","ping_status":"closed","sticky":false,"template":"","format":"standard","meta":{"wp_typography_post_enhancements_disabled":false,"footnotes":""},"categories":[383],"tags":[],"ppma_author":[540],"class_list":["post-3218","post","type-post","status-publish","format-standard","hentry","category-les-temps-nouveaux-n16-17-23-aout-1895"],"authors":[{"term_id":540,"user_id":1,"is_guest":0,"slug":"admin_3gikpwyf","display_name":"Vincent Dubuc","avatar_url":"https:\/\/secure.gravatar.com\/avatar\/d015720652c25fd2ced191ade86430094e1f288a17483713e3b34d26dea52507?s=96&d=mm&r=g","author_category":"","user_url":"https:\/\/la-presse-anarchiste.net","last_name":"Dubuc","first_name":"Vincent","job_title":"","description":""}],"_links":{"self":[{"href":"https:\/\/la-presse-anarchiste.net\/index.php\/wp-json\/wp\/v2\/posts\/3218","targetHints":{"allow":["GET"]}}],"collection":[{"href":"https:\/\/la-presse-anarchiste.net\/index.php\/wp-json\/wp\/v2\/posts"}],"about":[{"href":"https:\/\/la-presse-anarchiste.net\/index.php\/wp-json\/wp\/v2\/types\/post"}],"author":[{"embeddable":true,"href":"https:\/\/la-presse-anarchiste.net\/index.php\/wp-json\/wp\/v2\/users\/1"}],"replies":[{"embeddable":true,"href":"https:\/\/la-presse-anarchiste.net\/index.php\/wp-json\/wp\/v2\/comments?post=3218"}],"version-history":[{"count":0,"href":"https:\/\/la-presse-anarchiste.net\/index.php\/wp-json\/wp\/v2\/posts\/3218\/revisions"}],"wp:attachment":[{"href":"https:\/\/la-presse-anarchiste.net\/index.php\/wp-json\/wp\/v2\/media?parent=3218"}],"wp:term":[{"taxonomy":"category","embeddable":true,"href":"https:\/\/la-presse-anarchiste.net\/index.php\/wp-json\/wp\/v2\/categories?post=3218"},{"taxonomy":"post_tag","embeddable":true,"href":"https:\/\/la-presse-anarchiste.net\/index.php\/wp-json\/wp\/v2\/tags?post=3218"},{"taxonomy":"author","embeddable":true,"href":"https:\/\/la-presse-anarchiste.net\/index.php\/wp-json\/wp\/v2\/ppma_author?post=3218"}],"curies":[{"name":"wp","href":"https:\/\/api.w.org\/{rel}","templated":true}]}}