{"id":3245,"date":"2012-09-23T01:57:50","date_gmt":"2012-09-23T01:57:50","guid":{"rendered":"https:\/\/la-presse-anarchiste.net\/index.php\/2012\/09\/23\/saviero-merlino\/"},"modified":"2012-09-23T01:57:50","modified_gmt":"2012-09-23T01:57:50","slug":"saviero-merlino","status":"publish","type":"post","link":"https:\/\/la-presse-anarchiste.net\/index.php\/2012\/09\/23\/saviero-merlino\/","title":{"rendered":"Saviero Merlino"},"content":{"rendered":"<div class=\"pdfprnt-buttons pdfprnt-buttons-post pdfprnt-top-right\"><a href=\"https:\/\/la-presse-anarchiste.net\/index.php\/wp-json\/wp\/v2\/posts\/3245?print=pdf\" class=\"pdfprnt-button pdfprnt-button-pdf\" target=\"_blank\"><img decoding=\"async\" src=\"https:\/\/la-presse-anarchiste.net\/wp-content\/plugins\/pdf-print\/images\/pdf.png\" alt=\"image_pdf\" title=\"Afficher le PDF\"><\/a><a href=\"https:\/\/la-presse-anarchiste.net\/index.php\/wp-json\/wp\/v2\/posts\/3245?print=print\" class=\"pdfprnt-button pdfprnt-button-print\" target=\"_blank\"><img decoding=\"async\" src=\"https:\/\/la-presse-anarchiste.net\/wp-content\/plugins\/pdf-print\/images\/print.png\" alt=\"image_print\" title=\"Contenu imprim\u00e9\"><\/a><\/div><p>Nous appre\u00adnons le d\u00e9c\u00e8s de Savie\u00adro Mer\u00adli\u00adno, qui joua un r\u00f4le de pre\u00admier plan dans le d\u00e9ve\u00adlop\u00adpe\u00adment de l\u2019a\u00adnar\u00adchisme ita\u00adlien, \u00e0 la fin du <sc>xix<\/sc><sup>e<\/sup> si\u00e8cle. Savie\u00adro Mer\u00adli\u00adno s\u2019\u00e9\u00adtait \u00e9loi\u00adgn\u00e9 du mou\u00adve\u00adment, mais sans ini\u00admi\u00adti\u00e9, tout au contraire&nbsp;; on le trou\u00advait tou\u00adjours pr\u00eat \u00e0 r\u00e9pondre, si on lui deman\u00addait un ser\u00advice qu\u2019il f\u00fbt en \u00e9tat de rendre. Tant que la d\u00e9fense l\u00e9gale fut pos\u00adsible en Ita\u00adlie, il fut l\u2019a\u00advo\u00adcat des anar\u00adchistes devant les tri\u00adbu\u00adnaux cor\u00adrec\u00adtion\u00adnels et les cours d\u2019as\u00adsises de ce pays. Il d\u00e9fen\u00addit Bres\u00adci, l\u2019ex\u00e9\u00adcu\u00adteur d\u2019Hum\u00adbert I<sup>er<\/sup>, \u00e0 Milan&nbsp;; les cama\u00adrades pour\u00adsui\u00advis pour avoir occu\u00adp\u00e9 les usines, \u00e0 Turin&nbsp;; ceux du pro\u00adc\u00e8s de la <i>Dia\u00adna<\/i>, \u00e0 Milan&nbsp;; ceux de Palerme, pour reven\u00addi\u00adquer la liber\u00adt\u00e9 de la presse.<\/p>\n","protected":false},"excerpt":{"rendered":"<p>Nous appre\u00adnons le d\u00e9c\u00e8s de Savie\u00adro Mer\u00adli\u00adno, qui joua un r\u00f4le de pre\u00admier plan dans le d\u00e9ve\u00adlop\u00adpe\u00adment de l\u2019a\u00adnar\u00adchisme ita\u00adlien, \u00e0 la fin du xixe si\u00e8cle. Savie\u00adro Mer\u00adli\u00adno s\u2019\u00e9\u00adtait \u00e9loi\u00adgn\u00e9 du mou\u00adve\u00adment, mais sans ini\u00admi\u00adti\u00e9, tout au contraire&nbsp;; on le trou\u00advait tou\u00adjours pr\u00eat \u00e0 r\u00e9pondre, si on lui deman\u00addait un ser\u00advice qu\u2019il f\u00fbt en&nbsp;\u00e9tat&nbsp;[\u2026]<\/p>\n","protected":false},"author":1,"featured_media":0,"comment_status":"closed","ping_status":"closed","sticky":false,"template":"","format":"standard","meta":{"wp_typography_post_enhancements_disabled":false,"footnotes":""},"categories":[387],"tags":[],"ppma_author":[540],"class_list":["post-3245","post","type-post","status-publish","format-standard","hentry","category-len-dehors-na194-195-15-nov-1930"],"authors":[{"term_id":540,"user_id":1,"is_guest":0,"slug":"admin_3gikpwyf","display_name":"Vincent Dubuc","avatar_url":"https:\/\/secure.gravatar.com\/avatar\/d015720652c25fd2ced191ade86430094e1f288a17483713e3b34d26dea52507?s=96&d=mm&r=g","author_category":"","user_url":"https:\/\/la-presse-anarchiste.net","last_name":"Dubuc","first_name":"Vincent","job_title":"","description":""}],"_links":{"self":[{"href":"https:\/\/la-presse-anarchiste.net\/index.php\/wp-json\/wp\/v2\/posts\/3245","targetHints":{"allow":["GET"]}}],"collection":[{"href":"https:\/\/la-presse-anarchiste.net\/index.php\/wp-json\/wp\/v2\/posts"}],"about":[{"href":"https:\/\/la-presse-anarchiste.net\/index.php\/wp-json\/wp\/v2\/types\/post"}],"author":[{"embeddable":true,"href":"https:\/\/la-presse-anarchiste.net\/index.php\/wp-json\/wp\/v2\/users\/1"}],"replies":[{"embeddable":true,"href":"https:\/\/la-presse-anarchiste.net\/index.php\/wp-json\/wp\/v2\/comments?post=3245"}],"version-history":[{"count":0,"href":"https:\/\/la-presse-anarchiste.net\/index.php\/wp-json\/wp\/v2\/posts\/3245\/revisions"}],"wp:attachment":[{"href":"https:\/\/la-presse-anarchiste.net\/index.php\/wp-json\/wp\/v2\/media?parent=3245"}],"wp:term":[{"taxonomy":"category","embeddable":true,"href":"https:\/\/la-presse-anarchiste.net\/index.php\/wp-json\/wp\/v2\/categories?post=3245"},{"taxonomy":"post_tag","embeddable":true,"href":"https:\/\/la-presse-anarchiste.net\/index.php\/wp-json\/wp\/v2\/tags?post=3245"},{"taxonomy":"author","embeddable":true,"href":"https:\/\/la-presse-anarchiste.net\/index.php\/wp-json\/wp\/v2\/ppma_author?post=3245"}],"curies":[{"name":"wp","href":"https:\/\/api.w.org\/{rel}","templated":true}]}}