{"id":3257,"date":"2012-09-23T01:57:42","date_gmt":"2012-09-23T01:57:42","guid":{"rendered":"https:\/\/la-presse-anarchiste.net\/index.php\/2012\/09\/23\/independant\/"},"modified":"2012-09-23T01:57:42","modified_gmt":"2012-09-23T01:57:42","slug":"independant","status":"publish","type":"post","link":"https:\/\/la-presse-anarchiste.net\/index.php\/2012\/09\/23\/independant\/","title":{"rendered":"Ind\u00e9pendant&nbsp;?"},"content":{"rendered":"<div class=\"pdfprnt-buttons pdfprnt-buttons-post pdfprnt-top-right\"><a href=\"https:\/\/la-presse-anarchiste.net\/index.php\/wp-json\/wp\/v2\/posts\/3257?print=pdf\" class=\"pdfprnt-button pdfprnt-button-pdf\" target=\"_blank\"><img decoding=\"async\" src=\"https:\/\/la-presse-anarchiste.net\/wp-content\/plugins\/pdf-print\/images\/pdf.png\" alt=\"image_pdf\" title=\"Afficher le PDF\"><\/a><a href=\"https:\/\/la-presse-anarchiste.net\/index.php\/wp-json\/wp\/v2\/posts\/3257?print=print\" class=\"pdfprnt-button pdfprnt-button-print\" target=\"_blank\"><img decoding=\"async\" src=\"https:\/\/la-presse-anarchiste.net\/wp-content\/plugins\/pdf-print\/images\/print.png\" alt=\"image_print\" title=\"Contenu imprim\u00e9\"><\/a><\/div><p>J\u2019ouvre un dic\u00adtion\u00adnaire et voi\u00adci ce que je trouve en fait d\u2019ex\u00adpli\u00adca\u00adtion&nbsp;: \u00ab&nbsp;Qui aime \u00e0 ne d\u00e9pendre de per\u00adsonne&nbsp;\u00bb. Ne d\u00e9pendre de per\u00adsonne, voi\u00adl\u00e0 la solu\u00adtion, ou plu\u00adt\u00f4t la th\u00e9o\u00adrie&nbsp;; mais regar\u00addons la ques\u00adtion sous l\u2019angle du pra\u00adtique, du moral, du mat\u00e9riel.<\/p>\n<p>Ne d\u00e9pendre de per\u00adsonne implique une force de volon\u00adt\u00e9 de puis\u00adsance, jointe a une puis\u00adsance de volon\u00adt\u00e9, pour pro\u00adduire l\u2019\u00e9ner\u00adgie n\u00e9ces\u00adsaire, pour com\u00adbattre et bri\u00adser les obs\u00adtacles que dressent devant le \u00ab&nbsp;Moi&nbsp;\u00bb le milieu social, l\u2019\u00c9\u00adtat, l\u2019es\u00adp\u00e8ce humaine auto\u00adcrate, et pl\u00e9\u00adb\u00e9ienne, l\u2019\u00e9\u00addu\u00adca\u00adtion reli\u00adgieuse, chr\u00e9\u00adtienne et la\u00efque, l\u2019as\u00adsaut des id\u00e9es fixes et des id\u00e9aux&nbsp;; tous fruits de l\u2019\u00e9\u00addu\u00adca\u00adtion qui nous \u00e9treint et entrave le d\u00e9ve\u00adlop\u00adpe\u00adment et la r\u00e9a\u00adli\u00adsa\u00adtion de notre unicit\u00e9.<\/p>\n<p>\u00catre ind\u00e9\u00adpen\u00addant implique ne d\u00e9pendre de per\u00adsonne, mais \u00eatre soi-m\u00eame, sa pro\u00adpri\u00e9\u00adt\u00e9, pou\u00advoir dis\u00adpo\u00adser de son \u00ab&nbsp;moi&nbsp;\u00bb&nbsp;?<\/p>\n<p>Mais pour dis\u00adpo\u00adser de son \u00ab&nbsp;moi&nbsp;\u00bb le don\u00adner, le reprendre, il faut se poss\u00e9der.<\/p>\n<p>Seul est ind\u00e9\u00adpen\u00addant celui qui s\u2019appartient.<\/p>\n<p>Com\u00adbien se pos\u00ads\u00e8dent&nbsp;? Comme je le disais plus haut, il y a les fruits h\u00e9r\u00e9\u00addi\u00adtaires d\u2019une morale qui couvre et entrave nos concep\u00adtions, nos besoins, nos d\u00e9si\u00adrs mal\u00adgr\u00e9 nous&nbsp;; la Morale, fruit d\u2019une id\u00e9e fixe dont nous sommes pos\u00ads\u00e9\u00add\u00e9s&nbsp;; et ce lourd bou\u00adlet nous lie au ser\u00advice d\u2019une id\u00e9e ou d\u2019une illu\u00adsion, spi\u00adri\u00adtuel\u00adle\u00adment par\u00adlant. Nous ne sommes donc pas \u00e0 ce moment ind\u00e9\u00adpen\u00addants, mais au ser\u00advice d\u2019une force que nous \u00e9le\u00advons au-des\u00adsus de notre unique, que nous res\u00adpec\u00adtons et dont nous sommes les serviteurs.<\/p>\n<p>Mat\u00e9\u00adriel\u00adle\u00adment, et c\u2019est l\u00e0 que d\u00e9lais\u00adsant le ter\u00adrain spi\u00adri\u00adtuel, apr\u00e8s le triomphe sur les Id\u00e9aux, les sen\u00adti\u00adments, la sen\u00adsi\u00adble\u00adrie lar\u00admoyante, la ques\u00adtion qui se pose la pre\u00admi\u00e8re est d\u2019\u00e9\u00adle\u00adver l\u2019in\u00adtel\u00adli\u00adgence du c\u0153ur, \u0153uvre qui n\u2019est que la pre\u00admi\u00e8re par\u00adtie de l\u2019In\u00add\u00e9\u00adpen\u00addance, mais aus\u00adsi la plus facile, car le conflit se limite \u00e0 notre \u00ab&nbsp;moi&nbsp;\u00bb int\u00e9\u00adrieur&nbsp;; ensuite vient la lutte pour le triomphe de l\u2019Ind\u00e9pendance.<\/p>\n<p>Com\u00adbien de Rebelles ont r\u00e9a\u00adli\u00ads\u00e9 cette pre\u00admi\u00e8re par\u00adtie, mais, mis en pr\u00e9\u00adsence du milieu social qu\u2019ils subissent, n\u2019ont pu se d\u00e9ta\u00adcher, s\u2019\u00e9\u00adloi\u00adgner de cette Place publique&nbsp;; ces forts \u00e9taient des faibles, ils ont bri\u00ads\u00e9 des id\u00e9aux mais les ont rem\u00adpla\u00adc\u00e9s par des Illu\u00adsions, des mirages&nbsp;; le men\u00adsonge vital qu\u2019ils ont \u00e9le\u00adv\u00e9 en leur \u00ab&nbsp;Moi&nbsp;\u00bb s\u2019est tout \u00e0 fait \u00e9crou\u00adl\u00e9 en plein car\u00adre\u00adfour, au souffle des hurleurs.<\/p>\n<p>La faim les a pris aux entrailles, ces r\u00e9frac\u00adtaires. La Volon\u00adt\u00e9 et la puis\u00adsance ont dis\u00adpa\u00adru pour faire place aux besoins. Le com\u00adpa\u00adgnon retour\u00adne\u00adra la t\u00eate basse au sein du milieu social dont il n\u2019a pu s\u2019af\u00adfran\u00adchir&nbsp;; la com\u00adpagne, sans appui, subi\u00adra sa fai\u00adblesse phy\u00adsique et morale, sacri\u00adfie\u00adra son indi\u00advi\u00addua\u00adli\u00adt\u00e9, ses affec\u00adtions, ses joies, son bon\u00adheur afin de se cr\u00e9er une situa\u00adtion qui lui per\u00admet\u00adtra de \u00ab&nbsp;lut\u00adter pour la&nbsp;Vie&nbsp;\u00bb&nbsp;!<\/p>\n<p>H\u00e9las&nbsp;!<\/p>\n<p>[\/\u200bLouis <sc>Chaix<\/sc>.\/\u200b]<\/p>\n","protected":false},"excerpt":{"rendered":"<p>J\u2019ouvre un dic\u00adtion\u00adnaire et voi\u00adci ce que je trouve en fait d\u2019ex\u00adpli\u00adca\u00adtion&nbsp;: \u00ab&nbsp;Qui aime \u00e0 ne d\u00e9pendre de per\u00adsonne&nbsp;\u00bb. Ne d\u00e9pendre de per\u00adsonne, voi\u00adl\u00e0 la solu\u00adtion, ou plu\u00adt\u00f4t la th\u00e9o\u00adrie&nbsp;; mais regar\u00addons la ques\u00adtion sous l\u2019angle du pra\u00adtique, du moral, du mat\u00e9\u00adriel. Ne d\u00e9pendre de per\u00adsonne implique une force de volon\u00adt\u00e9 de puis\u00adsance, jointe a&nbsp;[\u2026]<\/p>\n","protected":false},"author":1,"featured_media":0,"comment_status":"closed","ping_status":"closed","sticky":false,"template":"","format":"standard","meta":{"wp_typography_post_enhancements_disabled":false,"footnotes":""},"categories":[387],"tags":[],"ppma_author":[540],"class_list":["post-3257","post","type-post","status-publish","format-standard","hentry","category-len-dehors-na194-195-15-nov-1930"],"authors":[{"term_id":540,"user_id":1,"is_guest":0,"slug":"admin_3gikpwyf","display_name":"Vincent Dubuc","avatar_url":"https:\/\/secure.gravatar.com\/avatar\/d015720652c25fd2ced191ade86430094e1f288a17483713e3b34d26dea52507?s=96&d=mm&r=g","author_category":"","user_url":"https:\/\/la-presse-anarchiste.net","last_name":"Dubuc","first_name":"Vincent","job_title":"","description":""}],"_links":{"self":[{"href":"https:\/\/la-presse-anarchiste.net\/index.php\/wp-json\/wp\/v2\/posts\/3257","targetHints":{"allow":["GET"]}}],"collection":[{"href":"https:\/\/la-presse-anarchiste.net\/index.php\/wp-json\/wp\/v2\/posts"}],"about":[{"href":"https:\/\/la-presse-anarchiste.net\/index.php\/wp-json\/wp\/v2\/types\/post"}],"author":[{"embeddable":true,"href":"https:\/\/la-presse-anarchiste.net\/index.php\/wp-json\/wp\/v2\/users\/1"}],"replies":[{"embeddable":true,"href":"https:\/\/la-presse-anarchiste.net\/index.php\/wp-json\/wp\/v2\/comments?post=3257"}],"version-history":[{"count":0,"href":"https:\/\/la-presse-anarchiste.net\/index.php\/wp-json\/wp\/v2\/posts\/3257\/revisions"}],"wp:attachment":[{"href":"https:\/\/la-presse-anarchiste.net\/index.php\/wp-json\/wp\/v2\/media?parent=3257"}],"wp:term":[{"taxonomy":"category","embeddable":true,"href":"https:\/\/la-presse-anarchiste.net\/index.php\/wp-json\/wp\/v2\/categories?post=3257"},{"taxonomy":"post_tag","embeddable":true,"href":"https:\/\/la-presse-anarchiste.net\/index.php\/wp-json\/wp\/v2\/tags?post=3257"},{"taxonomy":"author","embeddable":true,"href":"https:\/\/la-presse-anarchiste.net\/index.php\/wp-json\/wp\/v2\/ppma_author?post=3257"}],"curies":[{"name":"wp","href":"https:\/\/api.w.org\/{rel}","templated":true}]}}