{"id":3258,"date":"2012-09-23T01:57:28","date_gmt":"2012-09-23T01:57:28","guid":{"rendered":"https:\/\/la-presse-anarchiste.net\/index.php\/2012\/09\/23\/a-propos-devolution\/"},"modified":"2012-09-23T01:57:28","modified_gmt":"2012-09-23T01:57:28","slug":"a-propos-devolution","status":"publish","type":"post","link":"https:\/\/la-presse-anarchiste.net\/index.php\/2012\/09\/23\/a-propos-devolution\/","title":{"rendered":"\u00c0 propos d\u2019\u00e9volution"},"content":{"rendered":"<div class=\"pdfprnt-buttons pdfprnt-buttons-post pdfprnt-top-right\"><a href=\"https:\/\/la-presse-anarchiste.net\/index.php\/wp-json\/wp\/v2\/posts\/3258?print=pdf\" class=\"pdfprnt-button pdfprnt-button-pdf\" target=\"_blank\"><img decoding=\"async\" src=\"https:\/\/la-presse-anarchiste.net\/wp-content\/plugins\/pdf-print\/images\/pdf.png\" alt=\"image_pdf\" title=\"Afficher le PDF\"><\/a><a href=\"https:\/\/la-presse-anarchiste.net\/index.php\/wp-json\/wp\/v2\/posts\/3258?print=print\" class=\"pdfprnt-button pdfprnt-button-print\" target=\"_blank\"><img decoding=\"async\" src=\"https:\/\/la-presse-anarchiste.net\/wp-content\/plugins\/pdf-print\/images\/print.png\" alt=\"image_print\" title=\"Contenu imprim\u00e9\"><\/a><\/div><p>L\u2019a\u00adni\u00admal n\u2019est que la plante \u00e9vo\u00adlu\u00e9e. L\u2019es\u00adsen\u00adtiel&nbsp;: ovule de la graine ou \u0153uf (se d\u00e9ve\u00adlop\u00adpant tous deux, apr\u00e8s f\u00e9con\u00adda\u00adtion, au moyen d\u2019une mul\u00adti\u00adpli\u00adca\u00adtion de cel\u00adlules, obte\u00adnue par seg\u00admen\u00adta\u00adtion)&nbsp;; tronc et tige ou corps et t\u00eate demeure assez pareil. Branches et feuilles et racines deviennent membres&nbsp;; le pivot (racine ver\u00adti\u00adcale), queue de la b\u00eate et le col\u00adlet (s\u00e9pa\u00adra\u00adtion de la tige et de la racine), bas\u00adsin des vert\u00e9br\u00e9s.<\/p>\n<p>Telles sont les ana\u00adlo\u00adgies ou la paren\u00adt\u00e9 entre les deux sortes d\u2019\u00eatres vivants&nbsp;: elles sont bas\u00e9es sur une g\u00e9n\u00e9\u00adrale rami\u00adfi\u00adca\u00adtion, qui s\u2019\u00e9\u00adpa\u00adnouit dans le v\u00e9g\u00e9\u00adtal, au del\u00e0 s\u2019al\u00adt\u00e8re et s\u2019at\u00adt\u00e9\u00adnue en se m\u00e9ta\u00admor\u00adpho\u00adsant et qui s\u2019\u00e9\u00adtend jus\u00adqu\u2019aux cris\u00adtal\u00adli\u00adsa\u00adtions min\u00e9\u00adrales. Mais que de dif\u00adf\u00e9\u00adrences et quel fos\u00ads\u00e9&nbsp;! L\u2019a\u00adni\u00admal se lib\u00e8re du sol, s\u2019\u00e9\u00adman\u00adcipe de la terre nour\u00adri\u00adci\u00e8re pour acqu\u00e9\u00adrir auto\u00adno\u00admie, motri\u00adci\u00adt\u00e9, appa\u00adreil diges\u00adtif pro\u00adpre\u00adment dit et l\u2019ap\u00adpa\u00adreil repro\u00adduc\u00adteur ou les organes g\u00e9ni\u00adtaux, refou\u00adl\u00e9s, passent au second plan, au pro\u00adfit des sens et du cerveau.<\/p>\n<p>En tous cas, ce que l\u2019\u00e9\u00advo\u00adlu\u00adtion\u00adniste Saint-Sa\u00ebns (dans son opus\u00adcule&nbsp;: \u00ab&nbsp;La Paren\u00adt\u00e9 des Plantes et des Ani\u00admaux&nbsp;\u00bb) ne semble pas consi\u00add\u00e9\u00adrer, c\u2019est cette \u00e9norme dis\u00adsem\u00adblance ou diver\u00adgence que j\u2019ex\u00adpo\u00adse\u00adrai par cet amu\u00adsant qua\u00adtrain mono\u00adcorde et\u2026 qua\u00addru\u00adp\u00e8de&nbsp;: le v\u00e9g\u00e9\u00adtal est ver\u00adti\u00adcal et l\u2019a\u00adni\u00admal horizontal.<\/p>\n<p>En effet, la plante pousse droite et cette facul\u00adt\u00e9 se conti\u00adnue, cette atti\u00adtude per\u00adsiste chez tous les zoo\u00adphytes et se perd d\u00e8s les autres bas degr\u00e9s de l\u2019\u00e9\u00adchelle zoo\u00adlo\u00adgique&nbsp;: mol\u00adlusques, insectes, crus\u00adta\u00adc\u00e9s, etc., pour se retrou\u00adver, se recou\u00advrer chez le rep\u00adtile volant (pt\u00e9\u00adro\u00addac\u00adtyle), puis chez le mar\u00adsu\u00adpial l\u00e9mu\u00adrien, enfin chez le grand singe et chez l\u2019homme.<\/p>\n<p>Or, ce que Dar\u00adwin et la bio\u00adlo\u00adgie pure sont inca\u00adpables d\u2019ex\u00adpli\u00adquer, J. Boehme, Wrons\u00adki, Lacu\u00adria, les Savi\u00adgny, l\u2019i\u00adni\u00adti\u00e9 magiste et l\u2019\u00e9\u00adru\u00addit \u00e8s tot\u00e9\u00admisme Lotus de Pa\u00ef\u00adni et m\u00eame Berg\u00adson et C. Spiess, par l\u2019in\u00adtui\u00adtion, le d\u00e9voi\u00adle\u00adment. Je veux dire qu\u2019i\u00adci encore nous ren\u00adtrons dans le domaine de l\u2019Oc\u00adculte.. Il s\u2019a\u00adgi\u00adrait donc de vastes, d\u2019im\u00admenses, d\u2019in\u00adcom\u00admen\u00adsu\u00adrables \u00e9tapes, pour nous incom\u00adpr\u00e9\u00adhen\u00adsibles, dans l\u2019u\u00adni\u00adver\u00adsa\u00adli\u00adt\u00e9 de l\u2019\u00eatre, mar\u00adquant leur sillage par une contex\u00adture ana\u00adto\u00admique s\u2019ac\u00adcom\u00adpa\u00adgnant de pos\u00adtures diverses ou n\u00e9ces\u00adsi\u00adtant celles-ci, dont voi\u00adci les ava\u00adtars, par\u00admi les \u00eatres vivants terrestres&nbsp;:<br>\n<br>1\u00b0 Posi\u00adtion ver\u00adti\u00adcale dans la plante et l\u2019a\u00adni\u00admal tr\u00e8s \u00e9l\u00e9mentaire&nbsp;;<br>\n<br>2\u00b0 Posi\u00adtion hori\u00adzon\u00adtale dans l\u2019a\u00adni\u00adma\u00adli\u00adt\u00e9 inf\u00e9\u00adrieure et moyenne ou ordinaire&nbsp;;<br>\n<br>3\u00b0 Posi\u00adtion ver\u00adti\u00adcale dans l\u2019a\u00adni\u00admal sup\u00e9\u00adrieur et dans l\u2019homme&nbsp;: l\u2019\u00eatre vivant, apr\u00e8s bien des efforts, est enfin, gra\u00adduel\u00adle\u00adment redress\u00e9.<\/p>\n<p>Qui sait si l\u2019hy\u00adper\u00adsu\u00adrhomme de demain ne retour\u00adne\u00adra pas \u00e0 la posi\u00adtion hori\u00adzon\u00adtale ou plu\u00adt\u00f4t ne com\u00adbi\u00adne\u00adra pas celle-ci avec la sta\u00adtion ver\u00adti\u00adcale actuelle, r\u00e9unies de fa\u00e7on \u00e0 consti\u00adtuer une forme, un genre d\u2019homme-oiseau dont le sys\u00adt\u00e8me d\u2019a\u00advia\u00adtion (appa\u00adreil et pilote), s\u2019il n\u2019en est le paran\u00adgon, peut du moins nous don\u00adner, par anti\u00adci\u00adpa\u00adtion, quelque peu l\u2019id\u00e9e&nbsp;?<\/p>\n<p>[\/\u200bL. <sc>Rigaud<\/sc>.\/\u200b]<\/p>\n","protected":false},"excerpt":{"rendered":"<p>L\u2019a\u00adni\u00admal n\u2019est que la plante \u00e9vo\u00adlu\u00e9e. L\u2019es\u00adsen\u00adtiel&nbsp;: ovule de la graine ou \u0153uf (se d\u00e9ve\u00adlop\u00adpant tous deux, apr\u00e8s f\u00e9con\u00adda\u00adtion, au moyen d\u2019une mul\u00adti\u00adpli\u00adca\u00adtion de cel\u00adlules, obte\u00adnue par seg\u00admen\u00adta\u00adtion)&nbsp;; tronc et tige ou corps et t\u00eate demeure assez pareil. Branches et feuilles et racines deviennent membres&nbsp;; le pivot (racine ver\u00adti\u00adcale), queue de la b\u00eate et&nbsp;le&nbsp;[\u2026]<\/p>\n","protected":false},"author":1,"featured_media":0,"comment_status":"closed","ping_status":"closed","sticky":false,"template":"","format":"standard","meta":{"wp_typography_post_enhancements_disabled":false,"footnotes":""},"categories":[387],"tags":[],"ppma_author":[540],"class_list":["post-3258","post","type-post","status-publish","format-standard","hentry","category-len-dehors-na194-195-15-nov-1930"],"authors":[{"term_id":540,"user_id":1,"is_guest":0,"slug":"admin_3gikpwyf","display_name":"Vincent Dubuc","avatar_url":"https:\/\/secure.gravatar.com\/avatar\/d015720652c25fd2ced191ade86430094e1f288a17483713e3b34d26dea52507?s=96&d=mm&r=g","author_category":"","user_url":"https:\/\/la-presse-anarchiste.net","last_name":"Dubuc","first_name":"Vincent","job_title":"","description":""}],"_links":{"self":[{"href":"https:\/\/la-presse-anarchiste.net\/index.php\/wp-json\/wp\/v2\/posts\/3258","targetHints":{"allow":["GET"]}}],"collection":[{"href":"https:\/\/la-presse-anarchiste.net\/index.php\/wp-json\/wp\/v2\/posts"}],"about":[{"href":"https:\/\/la-presse-anarchiste.net\/index.php\/wp-json\/wp\/v2\/types\/post"}],"author":[{"embeddable":true,"href":"https:\/\/la-presse-anarchiste.net\/index.php\/wp-json\/wp\/v2\/users\/1"}],"replies":[{"embeddable":true,"href":"https:\/\/la-presse-anarchiste.net\/index.php\/wp-json\/wp\/v2\/comments?post=3258"}],"version-history":[{"count":0,"href":"https:\/\/la-presse-anarchiste.net\/index.php\/wp-json\/wp\/v2\/posts\/3258\/revisions"}],"wp:attachment":[{"href":"https:\/\/la-presse-anarchiste.net\/index.php\/wp-json\/wp\/v2\/media?parent=3258"}],"wp:term":[{"taxonomy":"category","embeddable":true,"href":"https:\/\/la-presse-anarchiste.net\/index.php\/wp-json\/wp\/v2\/categories?post=3258"},{"taxonomy":"post_tag","embeddable":true,"href":"https:\/\/la-presse-anarchiste.net\/index.php\/wp-json\/wp\/v2\/tags?post=3258"},{"taxonomy":"author","embeddable":true,"href":"https:\/\/la-presse-anarchiste.net\/index.php\/wp-json\/wp\/v2\/ppma_author?post=3258"}],"curies":[{"name":"wp","href":"https:\/\/api.w.org\/{rel}","templated":true}]}}