{"id":3264,"date":"2012-09-23T01:57:34","date_gmt":"2012-09-23T01:57:34","guid":{"rendered":"https:\/\/la-presse-anarchiste.net\/index.php\/2012\/09\/23\/parmi-ce-qui-se-publie-5\/"},"modified":"2012-09-23T01:57:34","modified_gmt":"2012-09-23T01:57:34","slug":"parmi-ce-qui-se-publie-5","status":"publish","type":"post","link":"https:\/\/la-presse-anarchiste.net\/index.php\/2012\/09\/23\/parmi-ce-qui-se-publie-5\/","title":{"rendered":"Parmi ce qui se publie"},"content":{"rendered":"<div class=\"pdfprnt-buttons pdfprnt-buttons-post pdfprnt-top-right\"><a href=\"https:\/\/la-presse-anarchiste.net\/index.php\/wp-json\/wp\/v2\/posts\/3264?print=pdf\" class=\"pdfprnt-button pdfprnt-button-pdf\" target=\"_blank\"><img decoding=\"async\" src=\"https:\/\/la-presse-anarchiste.net\/wp-content\/plugins\/pdf-print\/images\/pdf.png\" alt=\"image_pdf\" title=\"Afficher le PDF\"><\/a><a href=\"https:\/\/la-presse-anarchiste.net\/index.php\/wp-json\/wp\/v2\/posts\/3264?print=print\" class=\"pdfprnt-button pdfprnt-button-print\" target=\"_blank\"><img decoding=\"async\" src=\"https:\/\/la-presse-anarchiste.net\/wp-content\/plugins\/pdf-print\/images\/print.png\" alt=\"image_print\" title=\"Contenu imprim\u00e9\"><\/a><\/div><p><b>Georges Deherme&nbsp;: <sc>D\u00e9mo\u00adcra\u00adtie et socio\u00adcra\u00adtie<\/sc>, (Ed. Pro\u00adm\u00e9\u00adth\u00e9e, Paris).<\/b> \u2015 Dire que cet ouvrage ne m\u00e9rite point l\u2019at\u00adten\u00adtion du lec\u00adteur qui cherche \u00e0 conna\u00eetre toutes les opi\u00adnions qui se tra\u00eenent dans le fatras des id\u00e9es, serait faire \u0153uvre de sottise.<\/p>\n<p>Georges Deherme pos\u00ads\u00e8de un v\u00e9ri\u00adtable talent de pam\u00adphl\u00e9\u00adtaire&nbsp;: ce qui lui per\u00admet d\u2019at\u00adti\u00adrer l\u2019at\u00adten\u00adtion des gens auda\u00adcieux quand il dresse son plan de d\u00e9mo\u00adlis\u00adseur.\u200a\u2014\u200aIl d\u00e9nonce\u200a\u2014\u200aavec une fougue qua\u00adsi\u00adment remar\u00adquable\u200a\u2014\u200ale g\u00e2chis r\u00e9gnant en pleine d\u00e9mo\u00adcra\u00adtie\u2026 Mais, der\u00adri\u00e8re l\u2019ap\u00adpa\u00adrent logi\u00adcien, se cache le dic\u00adta\u00adteur qui aime\u00adrait voir le prin\u00adcipe de Rome ter\u00adras\u00adser celui de Gen\u00e8ve.<\/p>\n<p>Heu\u00adreu\u00adse\u00adment pour nous\u2026 et mal\u00adheu\u00adreu\u00adse\u00adment pour lui, il est quelques gens qui veillent cou\u00adra\u00adgeu\u00adse\u00adment sur le terre-plein o\u00f9 la B\u00eatise et l\u2019Im\u00adp\u00e9\u00adria\u00adlisme cherchent \u00e0 se mesurer.<\/p>\n<p>Liber\u00adt\u00e9, Anar\u00adchie, Indi\u00advi\u00addua\u00adlisme, N\u00e9o\u00adMal\u00adthu\u00adsia\u00adnisme sont mal\u00adme\u00adn\u00e9s par ce futur cham\u00adpion de l\u2019autocratie.<\/p>\n<p>Si nous savons ce que pr\u00e9\u00adsente l\u2019\u00ab&nbsp;id\u00e9e&nbsp;\u00bb de Gen\u00e8ve, nous savons aus\u00adsi ce que vaut celle qui s\u2019a\u00adbrite sous le cou\u00advert de&nbsp;Rome.<\/p>\n<p>Par del\u00e0 la d\u00e9mo\u00adcra\u00adtie et la dic\u00adta\u00adture savent se pla\u00adcer les rebelles qui d\u00e9rangent la marche de ce Mes\u00adsie \u00e0 1\u2032\u00ab&nbsp;\u00e2me&nbsp;\u00bb conqu\u00e9rante.<\/p>\n<p>Que M Deherme tende la main au Pape, aux Dau\u00addet et Maur\u00adras&nbsp;; qu\u2019il se reven\u00addique d\u2019un posi\u00adti\u00advisme \u00e9tran\u00adgleur de liber\u00adt\u00e9 indi\u00advi\u00adduelle, c\u2019est son droit\u2026 Mais que ceux qui ont le pou\u00advoir de com\u00adprendre com\u00adbien est mena\u00ad\u00e7ante l\u2019at\u00adti\u00adtude de ce che\u00adva\u00adlier de l\u2019Ordre Inqui\u00adsi\u00adto\u00adrial, sachent mettre au pas ce fr\u00e8re de Mus\u00adso\u00adli\u00adni, c\u2019est le&nbsp;leur.<\/p>\n<p>[\/\u200bA. <sc>Bailly<\/sc>.\/\u200b]<\/p>\n","protected":false},"excerpt":{"rendered":"<p>Georges Deherme&nbsp;: D\u00e9mo\u00adcra\u00adtie et socio\u00adcra\u00adtie, (Ed. Pro\u00adm\u00e9\u00adth\u00e9e, Paris). \u2015 Dire que cet ouvrage ne m\u00e9rite point l\u2019at\u00adten\u00adtion du lec\u00adteur qui cherche \u00e0 conna\u00eetre toutes les opi\u00adnions qui se tra\u00eenent dans le fatras des id\u00e9es, serait faire \u0153uvre de sot\u00adtise. Georges Deherme pos\u00ads\u00e8de un v\u00e9ri\u00adtable talent de pam\u00adphl\u00e9\u00adtaire&nbsp;: ce qui lui per\u00admet d\u2019at\u00adti\u00adrer l\u2019at\u00adten\u00adtion des&nbsp;gens&nbsp;[\u2026]<\/p>\n","protected":false},"author":1,"featured_media":0,"comment_status":"closed","ping_status":"closed","sticky":false,"template":"","format":"standard","meta":{"wp_typography_post_enhancements_disabled":false,"footnotes":""},"categories":[387],"tags":[],"ppma_author":[540],"class_list":["post-3264","post","type-post","status-publish","format-standard","hentry","category-len-dehors-na194-195-15-nov-1930"],"authors":[{"term_id":540,"user_id":1,"is_guest":0,"slug":"admin_3gikpwyf","display_name":"Vincent Dubuc","avatar_url":"https:\/\/secure.gravatar.com\/avatar\/d015720652c25fd2ced191ade86430094e1f288a17483713e3b34d26dea52507?s=96&d=mm&r=g","author_category":"","user_url":"https:\/\/la-presse-anarchiste.net","last_name":"Dubuc","first_name":"Vincent","job_title":"","description":""}],"_links":{"self":[{"href":"https:\/\/la-presse-anarchiste.net\/index.php\/wp-json\/wp\/v2\/posts\/3264","targetHints":{"allow":["GET"]}}],"collection":[{"href":"https:\/\/la-presse-anarchiste.net\/index.php\/wp-json\/wp\/v2\/posts"}],"about":[{"href":"https:\/\/la-presse-anarchiste.net\/index.php\/wp-json\/wp\/v2\/types\/post"}],"author":[{"embeddable":true,"href":"https:\/\/la-presse-anarchiste.net\/index.php\/wp-json\/wp\/v2\/users\/1"}],"replies":[{"embeddable":true,"href":"https:\/\/la-presse-anarchiste.net\/index.php\/wp-json\/wp\/v2\/comments?post=3264"}],"version-history":[{"count":0,"href":"https:\/\/la-presse-anarchiste.net\/index.php\/wp-json\/wp\/v2\/posts\/3264\/revisions"}],"wp:attachment":[{"href":"https:\/\/la-presse-anarchiste.net\/index.php\/wp-json\/wp\/v2\/media?parent=3264"}],"wp:term":[{"taxonomy":"category","embeddable":true,"href":"https:\/\/la-presse-anarchiste.net\/index.php\/wp-json\/wp\/v2\/categories?post=3264"},{"taxonomy":"post_tag","embeddable":true,"href":"https:\/\/la-presse-anarchiste.net\/index.php\/wp-json\/wp\/v2\/tags?post=3264"},{"taxonomy":"author","embeddable":true,"href":"https:\/\/la-presse-anarchiste.net\/index.php\/wp-json\/wp\/v2\/ppma_author?post=3264"}],"curies":[{"name":"wp","href":"https:\/\/api.w.org\/{rel}","templated":true}]}}