{"id":3267,"date":"2012-09-23T03:31:06","date_gmt":"2012-09-23T03:31:06","guid":{"rendered":"https:\/\/la-presse-anarchiste.net\/index.php\/2012\/09\/23\/etre-ou-ne-pas-etre\/"},"modified":"2012-09-23T03:31:06","modified_gmt":"2012-09-23T03:31:06","slug":"etre-ou-ne-pas-etre","status":"publish","type":"post","link":"https:\/\/la-presse-anarchiste.net\/index.php\/2012\/09\/23\/etre-ou-ne-pas-etre\/","title":{"rendered":"\u00catre ou ne pas&nbsp;\u00eatre"},"content":{"rendered":"<div class=\"pdfprnt-buttons pdfprnt-buttons-post pdfprnt-top-right\"><a href=\"https:\/\/la-presse-anarchiste.net\/index.php\/wp-json\/wp\/v2\/posts\/3267?print=pdf\" class=\"pdfprnt-button pdfprnt-button-pdf\" target=\"_blank\"><img decoding=\"async\" src=\"https:\/\/la-presse-anarchiste.net\/wp-content\/plugins\/pdf-print\/images\/pdf.png\" alt=\"image_pdf\" title=\"Afficher le PDF\"><\/a><a href=\"https:\/\/la-presse-anarchiste.net\/index.php\/wp-json\/wp\/v2\/posts\/3267?print=print\" class=\"pdfprnt-button pdfprnt-button-print\" target=\"_blank\"><img decoding=\"async\" src=\"https:\/\/la-presse-anarchiste.net\/wp-content\/plugins\/pdf-print\/images\/print.png\" alt=\"image_print\" title=\"Contenu imprim\u00e9\"><\/a><\/div><p>C\u2019est la ques\u00adtion qui se pose actuel\u00adle\u00adment pour les syn\u00addi\u00adca\u00adlistes. De leur d\u00e9ci\u00adsion d\u00e9pens la vie ou la mort d\u2019un mou\u00adve\u00adment qui fut le supr\u00eame espoir d\u2019af\u00adfran\u00adchis\u00adse\u00adment de la classe ouvri\u00e8re et qui doit le redevenir.<\/p>\n<p>Il est inutile d\u2019es\u00adsayer de se dis\u00adsi\u00admu\u00adler la gra\u00advi\u00adt\u00e9 de l\u2019heure. Elle est excep\u00adtion\u00adnelle. Elle est, aus\u00adsi, de celles qui ne sonnent qu\u2019un fois au cadran de l\u2019his\u00adtoire. Il convient de ne pas la lais\u00adser pas\u00adser. Il s\u2019a\u00adgit donc d\u2019en com\u00adprendre l\u2019im\u00adpor\u00adtance, toute l\u2019importance.<\/p>\n<p>Bien qu\u2019on ait sou\u00advent us\u00e9 et m\u00eame abu\u00ads\u00e9 de l\u2019ex\u00adpres\u00adsion, en ces temps par\u00adti\u00adcu\u00adli\u00e8\u00adre\u00adment dif\u00adfi\u00adciles, je crois pou\u00advoir affir\u00admer que les syn\u00addi\u00adca\u00adlistes sont \u00e0 un \u00ab&nbsp;tour\u00adnant dan\u00adge\u00adreux&nbsp;\u00bb de leur histoire.<\/p>\n<p>Du suc\u00adc\u00e8s ou de l\u2019in\u00adsuc\u00adc\u00e8s du Congr\u00e8s des 15 et 16 novembre, \u00e0 Lyon&nbsp;; des d\u00e9ci\u00adsions de ce Congr\u00e8s, d\u00e9pendent l\u2019exis\u00adtence et l\u2019a\u00adve\u00adnir du mou\u00adve\u00adment syn\u00addi\u00adca\u00adliste r\u00e9vo\u00adlu\u00adtion\u00adnaire fran\u00e7ais.<\/p>\n<p>Puissent les syn\u00addi\u00adcats, les mili\u00adtants, le Congr\u00e8s, \u00eatre vrai\u00adment \u00e0 la hau\u00adteur de leur&nbsp;tache.<\/p>\n<p>Si tous ont une claire vision des \u00e9v\u00e9\u00adne\u00adments, si tous mesurent les cons\u00e9\u00adquences pos\u00adsibles de la dis\u00adpa\u00adri\u00adtion du syn\u00addi\u00adca\u00adlisme en France, il vivra, r\u00e9g\u00e9n\u00e9r\u00e9.<\/p>\n<p>[|<b>*  *  *  *<\/b>|]<br>\n<\/p>\n<p>En dehors de la n\u00e9ces\u00adsi\u00adt\u00e9 de son exis\u00adtence, il fau\u00addra dire, encore et sur\u00adtout, com\u00adment vivra le syndicalisme.<\/p>\n<p>Pour cela, il fau\u00addra, \u00e0 cette heure, par\u00adti\u00adcu\u00adli\u00e8\u00adre\u00adment grave, \u00ab&nbsp;faire le point&nbsp;\u00bb avant de s\u2019en\u00adga\u00adger dans une voie quelconque.<\/p>\n<p>Il fau\u00addra se rap\u00adpe\u00adler que le syn\u00addi\u00adca\u00adlisme est, \u00e0 la fois, <i>un mou\u00adve\u00adment social d\u2019ob\u00adser\u00adva\u00adtion et d\u2019in\u00adter\u00adpr\u00e9\u00adta\u00adtion des faits<\/i>.<\/p>\n<p>Et, tout natu\u00adrel\u00adle\u00adment, il fau\u00addra \u00e9tu\u00addier les plus r\u00e9cents de ces faits, en d\u00e9mon\u00adtrer la signi\u00adfi\u00adca\u00adtion et en d\u00e9ga\u00adger l\u2019en\u00adsei\u00adgne\u00adment pour indi\u00adquer ensuite, aus\u00adsi clai\u00adre\u00adment que pos\u00adsible, la ligne de conduite du syndicalisme.<\/p>\n<p>Tout d\u2019a\u00adbord, nous devons consta\u00adter la faillite de tous les par\u00adtis poli\u00adtiques, que ceux-ci soient bour\u00adgeois ou ouvriers.<\/p>\n<p>De l\u2019ex\u00adtr\u00eame-droite \u00e0 la gauche \u00ab&nbsp;la plus avan\u00adc\u00e9e&nbsp;\u00bb les par\u00adtis poli\u00adtiques bour\u00adgeois ont d\u00e9mon\u00adtr\u00e9 leur impuis\u00adsance totale \u00e0 r\u00e9soudre les pro\u00adbl\u00e8mes pos\u00e9s par les \u00ab&nbsp;contra\u00addic\u00adtions internes&nbsp;\u00bb du capi\u00adta\u00adlisme et ses n\u00e9ces\u00adsi\u00adt\u00e9s vitales.<\/p>\n<p>De plus, le monde bour\u00adgeois ne peut plus nier qu\u2019une nou\u00advelle orga\u00adni\u00adsa\u00adtion sociale lui soit n\u00e9ces\u00adsaire pour pour\u00adsuivre son \u00e9vo\u00adlu\u00adtion. Cette nou\u00advelle orga\u00adni\u00adsa\u00adtion s\u2019\u00e9\u00adla\u00adbore d\u2019al\u00adlieurs chaque jour dans son sein, mal\u00adgr\u00e9 les r\u00e9sis\u00adtances de ses forces poli\u00adtiques actuelles qui luttent, contre toute \u00e9vi\u00addence, pour ne point dispara\u00eetre.<\/p>\n<p>Le capi\u00adta\u00adlisme moderne, avec ses car\u00adtels et ses grands trusts inter\u00adna\u00adtio\u00adnaux, exige un cadre autre\u00adment vaste, souple et mieux appro\u00adpri\u00e9 que le sys\u00adt\u00e8me \u00e9la\u00adbo\u00adr\u00e9 par la Consti\u00adtuante et r\u00e9for\u00adm\u00e9 par Napo\u00adl\u00e9on I<sup>er<\/sup>. Son \u00e9vo\u00adlu\u00adtion, son d\u00e9ve\u00adlop\u00adpe\u00adment, l\u2019as\u00adsu\u00adrance de son \u00e9qui\u00adlibre exigent que de pro\u00adfondes modi\u00adfi\u00adca\u00adtions soient appor\u00adt\u00e9es sans d\u00e9lai aux formes poli\u00adtiques d\u00e9su\u00e8tes, ana\u00adchro\u00adniques, qui r\u00e9gissent encore la soci\u00e9\u00adt\u00e9 moderne.<\/p>\n<p>Le capi\u00adta\u00adlisme sait cela, et tous ses efforts tendent \u00e0 se don\u00adner une nou\u00advelle doc\u00adtrine de gou\u00adver\u00adne\u00adment, \u00e0 refor\u00admer l\u2019\u00c9\u00adtat sur de nou\u00advelles bases, \u00e0 mettre sur pied une nou\u00advelle orga\u00adni\u00adsa\u00adtion sociale. Il n\u2019est point besoin d\u2019\u00eatre grand clerc pour s\u2019a\u00adper\u00adce\u00advoir que Mus\u00adso\u00adli\u00adni en tente, en ce moment, l\u2019ex\u00adp\u00e9\u00adrience limi\u00adt\u00e9e, mais certaine.<\/p>\n<p>L\u2019a\u00adv\u00e8\u00adne\u00adment de la haute finance, \u00e0 la direc\u00adtion supr\u00eame de l\u2019\u00e9\u00adco\u00adno\u00admie capi\u00adta\u00adliste, les r\u00f4les nou\u00adveaux assi\u00adgn\u00e9s \u00e0 l\u2019in\u00addus\u00adtrie et au com\u00admerce, leur clas\u00adsi\u00adfi\u00adca\u00adtion int\u00e9\u00adrieure, la main-mise sur les mati\u00e8res pre\u00admi\u00e8res par les grandes banques, sont autant de fac\u00adteurs qui ont pos\u00e9 le pro\u00adbl\u00e8me de la <i>r\u00e9or\u00adga\u00adni\u00adsa\u00adtion poli\u00adtique et sociale du capi\u00adta\u00adlisme<\/i>.<\/p>\n<p>Si l\u2019on peut d\u00e9cla\u00adrer que l\u2019a\u00adve\u00adnir du monde bour\u00adgeois d\u00e9pend de l\u2019en\u00adsemble de solu\u00adtions qui seront appor\u00adt\u00e9es par lui, on peut aus\u00adsi affir\u00admer sans crainte que le suc\u00adc\u00e8s ou l\u2019in\u00adsuc\u00adc\u00e8s de cette entre\u00adprise gigan\u00adtesque d\u00e9pen\u00addra davan\u00adtage encore de l\u2019in\u00adtel\u00adli\u00adgence, de la clair\u00advoyance et de l\u2019ac\u00adtion vigou\u00adreuse du prol\u00e9tariat.<\/p>\n<p>En un mot, quels que soient les efforts ten\u00adt\u00e9s par le capi\u00adta\u00adlisme pour r\u00e9no\u00adver ses ins\u00adti\u00adtu\u00adtions, pour \u00e9lar\u00adgir son cadre, il ne r\u00e9us\u00adsi\u00adra que si le Tra\u00advail est inca\u00adpable, par une action coh\u00e9\u00adrente, de longue haleine, vigou\u00adreuse et har\u00addie, de s\u2019op\u00adpo\u00adser \u00e0 son activit\u00e9.<\/p>\n<p>Si le capi\u00adta\u00adlisme a trou\u00adv\u00e9, comme tout semble l\u2019in\u00addi\u00adquer, sa for\u00admule nou\u00advelle de gou\u00adver\u00adne\u00adment&nbsp;; s\u2019il a su \u00e9ta\u00adblir et tra\u00adcer le cadre n\u00e9ces\u00adsaire \u00e0 son \u00e9vo\u00adlu\u00adtion&nbsp;; s\u2019il a soi\u00adgneu\u00adse\u00adment clas\u00ads\u00e9 ses forces par ordre d\u2019im\u00adpor\u00adtance&nbsp;; s\u2019il a trou\u00adv\u00e9 la forme de leur liai\u00adson n\u00e9ces\u00adsaire, il est de toute \u00e9vi\u00addence que la classe ouvri\u00e8re doit op\u00e9\u00adrer d\u2019une fa\u00e7on iden\u00adtique. Il ne se trou\u00adve\u00adra, je pense, per\u00adsonne pour contes\u00adter l\u2019u\u00adti\u00adli\u00adt\u00e9 d\u2019une telle&nbsp;chose.<\/p>\n<p>[|<b>*  *  *  *<\/b>|]<br>\n<\/p>\n<p>En effet, s\u2019il est ind\u00e9\u00adniable que les par\u00adtis poli\u00adtiques bour\u00adgeois, sont impuis\u00adsants \u00e0 assu\u00adrer la res\u00adtau\u00adra\u00adtion et la r\u00e9no\u00adva\u00adtion du capi\u00adta\u00adlisme, il est \u00e9ga\u00adle\u00adment cer\u00adtain que les par\u00adtis poli\u00adtiques ouvriers sont non moins impuis\u00adsants \u00e0 r\u00e9a\u00adli\u00adser la moindre par\u00adcelle de leur pro\u00adgramme en r\u00e9gime bour\u00adgeois et moins encore capables, par la conqu\u00eate du pou\u00advoir et le jeu du Par\u00adle\u00adment, d\u2019as\u00adsu\u00adrer la lib\u00e9\u00adra\u00adtion des travailleurs.<\/p>\n<p>Pour\u00adsuivre, avec de tels moyens de com\u00adbat la dis\u00adpa\u00adri\u00adtion des classes et celle de l\u2019\u00c9\u00adtat est, aujourd\u2019\u00adhui, chi\u00adm\u00e9\u00adrique ou enfantin.<\/p>\n<p>La faillite des par\u00adtis socia\u00adlistes d\u2019Al\u00adle\u00admagne, d\u2019An\u00adgle\u00adterre, de Su\u00e8de, de Dane\u00admark, de Bel\u00adgique, qui furent ou sont au pou\u00advoir en r\u00e9gime bour\u00adgeois, est l\u00e0 pour l\u2019attester.<\/p>\n<p>Celle du par\u00adti com\u00admu\u00adniste au pou\u00advoir en Rus\u00adsie depuis 9 ans, aus\u00adsi totale que celle des par\u00adtis socia\u00adlistes, est l\u00e0 encore pour le confir\u00admer. Et il en sera\u200a\u2014\u200aque dis-je, il en est d\u00e9j\u00e0 \u2015 en France comme partout.<\/p>\n<p>La d\u00e9via\u00adtion,\tle fias\u00adco des mou\u00adve\u00adments syn\u00addi\u00adca\u00adlistes social-d\u00e9mo\u00adcrates li\u00e9s aux mou\u00adve\u00adments poli\u00adtiques socia\u00adlistes ou com\u00admu\u00adnistes dans ces m\u00eames pays, prouvent \u00e9ga\u00adle\u00adment que les forces ouvri\u00e8res ne doivent pas, pour atteindre leurs buts, emprun\u00adter cette forme de grou\u00adpe\u00adment dans le com\u00adbat social.<\/p>\n<p>C\u2019est ain\u00adsi que se trouvent condam\u00adn\u00e9s \u00e0 la fois les grou\u00adpe\u00adments poli\u00adtiques et \u00e9co\u00adno\u00admiques actuels d\u00e9pas\u00ads\u00e9s par l\u2019\u00e9\u00advo\u00adlu\u00adtion du capitalisme.<\/p>\n<p>Les anciennes luttes des par\u00adtis bour\u00adgeois et ouvriers pour la conqu\u00eate du pou\u00advoir sont, aujourd\u2019\u00adhui, vir\u00adtuel\u00adle\u00adment termin\u00e9es.<\/p>\n<p>Main\u00adte\u00adnant, c\u2019est <i>de luttes de classes<\/i> qu\u2019il s\u2019a\u00adgit. Et ce ne sont plus tels ou tels par\u00adtis, cham\u00adpions momen\u00adta\u00adn\u00e9s, de ces classes dans l\u2019a\u00adr\u00e8ne poli\u00adtique, qui se heurtent, ce sont ces classes elles-m\u00eames, orga\u00adni\u00ads\u00e9es dans toutes leurs par\u00adties, dont cha\u00adcune a une tache dis\u00adtincte \u00e0 accom\u00adplir et doit l\u2019accomplir.<\/p>\n<p>C\u2019est de cette fa\u00e7on que les deux concep\u00adtions rivales vont s\u2019af\u00adfron\u00adter d\u00e9sor\u00admais. D\u2019une part, le capi\u00adta\u00adlisme pr\u00e9\u00adtend assu\u00adrer sa supr\u00e9\u00adma\u00adtie <i>en orga\u00adni\u00adsant les classes<\/i>, en les super\u00adpo\u00adsant au moyen d\u2019or\u00adga\u00adnismes indus\u00adtriels ayant une expres\u00adsion \u00e0 la fois poli\u00adtique et \u00e9co\u00adno\u00admique sur le plan local, r\u00e9gio\u00adnal et natio\u00adnal, dont la direc\u00adtion serait entre les mains des pos\u00ads\u00e9\u00addants, ce qui leur don\u00adne\u00adrait aus\u00adsi la direc\u00adtion de l\u2019\u00c9\u00adtat nouveau.<\/p>\n<p>C\u2019est la solu\u00adtion fas\u00adciste. C\u2019est la doc\u00adtrine sociale de gou\u00adver\u00adne\u00adment de l\u2019Argent, du capi\u00adta\u00adlisme moderne cent pour cent, uti\u00adli\u00adsant et adap\u00adtant le syn\u00addi\u00adca\u00adlisme \u00e0 ses n\u00e9cessit\u00e9s.<\/p>\n<p>D\u2019autre part, les tra\u00advailleurs veulent sup\u00adpri\u00admer d\u2019a\u00adbord les classes par l\u2019a\u00adbo\u00adli\u00adtion de la pro\u00adpri\u00e9\u00adt\u00e9 indi\u00advi\u00adduelle, par l\u2019ex\u00adpro\u00adpria\u00adtion r\u00e9vo\u00adlu\u00adtion\u00adnaire et faire dis\u00adpa\u00adra\u00eetre l\u2019\u00c9\u00adtat, dont l\u2019exis\u00adtence ne se jus\u00adti\u00adfie\u00adra plus, puisque selon L\u00e9nine\u200a\u2014\u200aet, pour une fois, je me ral\u00adlie \u00e0 lui,\u200a\u2014\u200a<i>l\u2019\u00c9\u00adtat est l\u2019ins\u00adtru\u00adment d\u2019op\u00adpres\u00adsion d\u2019une classe par l\u2019autre<\/i>. La pro\u00adpri\u00e9\u00adt\u00e9 indi\u00advi\u00adduelle, cause d\u2019op\u00adpres\u00adsion, dis\u00adpa\u00adrais\u00adsant, il est tout natu\u00adrel que l\u2019\u00c9\u00adtat, <i>effet et ins\u00adtru\u00adment<\/i> de cette oppres\u00adsion, dis\u00adpa\u00adraisse \u00e9galement.<\/p>\n<p>C\u2019est ain\u00adsi que la lutte va s\u2019en\u00adga\u00adger et c\u2019est pour atteindre ces objec\u00adtifs que les classes vont s\u2019af\u00adfron\u00adter sous&nbsp;peu.<\/p>\n<p>Il convient donc qu\u2019aux for\u00adma\u00adtions capi\u00adta\u00adlistes nou\u00advelles, moder\u00adni\u00ads\u00e9es, les ouvriers puissent oppo\u00adser des for\u00adma\u00adtions d\u2019\u00e9\u00adgale sou\u00adplesse, de force sup\u00e9\u00adrieure, s\u2019ils veulent vaincre.<\/p>\n<p>De toute \u00e9vi\u00addence, une telle lutte com\u00adporte, de part et d\u2019autre, la dis\u00adpa\u00adri\u00adtion des Par\u00adtis. <i>\u00c0 la force capi\u00adta\u00adliste unique<\/i>, orga\u00adni\u00ads\u00e9e sur les bases du syn\u00addi\u00adca\u00adlisme adap\u00adt\u00e9 aux n\u00e9ces\u00adsi\u00adt\u00e9s de l\u2019ac\u00adtion pour\u00adsui\u00advie par le monde bour\u00adgeois, <i>il faut pou\u00advoir oppo\u00adser la force ouvri\u00e8re unique<\/i>. Et, celle-ci ne peut \u00eatre que le Syn\u00addi\u00adcat, grou\u00adpe\u00adment natu\u00adrel de classe ne ras\u00adsem\u00adblant que des hommes chez qui la concor\u00addance des int\u00e9\u00adr\u00eats doit fata\u00adle\u00adment faire na\u00eetre l\u2019i\u00adden\u00adti\u00adt\u00e9 de doc\u00adtrine, d\u2019i\u00add\u00e9al et de moyens d\u2019action.<\/p>\n<p>Que pour\u00adraient, en effet, contre le nou\u00advel appa\u00adreil capi\u00adta\u00adliste, les diverses frac\u00adtions poli\u00adtiques actuelles de la classe ouvri\u00e8re qui se com\u00adbattent mutuellement&nbsp;?<\/p>\n<p>Quel moyen effi\u00adcace d\u2019ac\u00adtion peuvent avoir \u00e0 leur dis\u00adpo\u00adsi\u00adtion ces for\u00adma\u00adtions poli\u00adtiques h\u00e9t\u00e9\u00adro\u00adg\u00e8nes o\u00f9 l\u2019ou\u00advrier et le patron sont \u00ab&nbsp; th\u00e9oriquement&nbsp;(<html html><\/html><\/p><p>D\u00e9sor\u00admais, ces for\u00adma\u00adtions de lutte ont v\u00e9cu. De m\u00eame que les bour\u00adgeois \u00e9ga\u00adr\u00e9s dans les par\u00adtis poli\u00adtiques ouvriers doivent rega\u00adgner leur classe natu\u00adrelle, les ouvriers encore embri\u00adga\u00add\u00e9s dans les par\u00adtis bour\u00adgeois doivent ren\u00adtrer dans le sein de la&nbsp;leur.<\/p>\n<p>Des n\u00e9ces\u00adsi\u00adt\u00e9s pro\u00adchaines y contrain\u00addront d\u2019ailleurs sous peu les uns et les autres.<\/p>\n<p>C\u2019est l\u00e0 \u00e9ta\u00adblir une d\u00e9mar\u00adca\u00adtion des classes que les mar\u00adxistes, moins que d\u2019autres, pour\u00adront&nbsp;nier.<\/p>\n<p>Elle oblige les com\u00adbat\u00adtants \u00e0 prendre place, de part et d\u2019autre, par\u00admi les leurs. Et rien n\u2019est plus&nbsp;juste.<\/p>\n<p>Per\u00adsonne, en effet, ne peut sou\u00adte\u00adnir qu\u2019il puisse y avoir des patrons <i>r\u00e9el\u00adle\u00adment<\/i> socia\u00adlistes ou com\u00admu\u00adnistes. Ils ne le sont que \u00ab&nbsp;d\u2019id\u00e9e&nbsp;\u00bb&nbsp;(<html><\/html><\/p><p>Enfin, si on admet que tous les membres d\u2019un Par\u00adti qui se dit \u00ab&nbsp;de classe&nbsp;\u00bb doivent \u00eatre des tra\u00advailleurs manuels ou intel\u00adlec\u00adtuels, com\u00adment jus\u00adti\u00adfie\u00adra-t-on la n\u00e9ces\u00adsi\u00adt\u00e9, l\u2019exis\u00adtence de ce par\u00adti&nbsp;? Dans ce cas, il fait double emploi avec le Syn\u00addi\u00adcat et sa dis\u00adpa\u00adri\u00adtion ne doit pas sou\u00adle\u00adver l\u2019ombre d\u2019une discussion.<\/p>\n<p>[|<b>*  *  *  *<\/b>|]<br>\n<\/p>\n<p>C\u2019est alors que se pose la ques\u00adtion de recru\u00adte\u00adment et d\u2019or\u00adga\u00adni\u00adsa\u00adtion du syn\u00addi\u00adca\u00adlisme sous la forme nou\u00advelle que j\u2019en\u00advi\u00adsage. J\u2019ai jet\u00e9 les bases de ce syn\u00addi\u00adca\u00adlisme au Congr\u00e8s consti\u00adtu\u00adtif de la C.G.T.U., en 1922. Elles sont conden\u00ads\u00e9es dans une r\u00e9so\u00adlu\u00adtion dont les com\u00admu\u00adnistes de l\u2019\u00e9\u00adpoque, et Fros\u00adsard en par\u00adti\u00adcu\u00adlier, avaient com\u00adpris toute la por\u00adt\u00e9e, toute la signi\u00adfi\u00adca\u00adtion et tout le dan\u00adger pour leur&nbsp;parti.<\/p>\n<p>Cette r\u00e9so\u00adlu\u00adtion fut \u00e0 nou\u00adveau d\u00e9po\u00ads\u00e9e au Congr\u00e8s de Bourges par la F\u00e9d\u00e9\u00adra\u00adtion du B\u00e2ti\u00adment. Les id\u00e9es qu\u2019elle contient sont le fruit de dis\u00adcus\u00adsions appro\u00adfon\u00addies avec Vic\u00adtor Grif\u00adfuelhes d\u00e9j\u00e0 trop oubli\u00e9\u2026<\/p>\n<p>J\u2019y reste fid\u00e8le, et plus que jamais je crois qu\u2019elles doivent \u00eatre mat\u00e9\u00adria\u00adli\u00ads\u00e9es, par le syndicalisme.<\/p>\n<p>Ce n\u2019est d\u2019ailleurs qu\u2019\u00e0 cette condi\u00adtion qu\u2019il pour\u00adra suf\u00adfire \u00e0 toute la besogne r\u00e9vo\u00adlu\u00adtion\u00adnaire et post-r\u00e9volutionnaire.<\/p>\n<p>Il faut abso\u00adlu\u00adment que le syn\u00addi\u00adca\u00adlisme ras\u00adsemble dans ses orga\u00adnismes, sur le plan de classe, l\u2019en\u00adsemble des forces de pro\u00adduc\u00adtion et d\u2019\u00e9\u00adchange, <i>c\u2019est-\u00e0-dire&nbsp;: les forces scien\u00adti\u00adfiques qui con\u00e7oivent, les forces tech\u00adniques qui dirigent et les forces manuelles qui ex\u00e9\u00adcutent, cha\u00adcune ouvrant \u00e0 la place qui lui est propre, sans qu\u2019il soit ques\u00adtion de la supr\u00e9\u00adma\u00adtie de l\u2019une d\u2019entre elles<\/i>.<\/p>\n<p>Recon\u00adna\u00eetre que seule l\u2019as\u00adso\u00adcia\u00adtion de ces forces peut assu\u00adrer la vie sociale nou\u00advelle bas\u00e9e sur l\u2019\u00e9\u00adga\u00adli\u00adt\u00e9 des hommes, implique n\u00e9ces\u00adsai\u00adre\u00adment qu\u2019il faut ten\u00adter de la r\u00e9a\u00adli\u00adser pra\u00adti\u00adque\u00adment et le plus lar\u00adge\u00adment pos\u00adsible avant le d\u00e9clan\u00adche\u00adment de la r\u00e9vo\u00adlu\u00adtion. Apr\u00e8s, ou pen\u00addant, on risque de ne pou\u00advoir y par\u00adve\u00adnir comme il conviendrait.<\/p>\n<p>Cela sup\u00adpose, bien enten\u00addu, que le syn\u00addi\u00adca\u00adlisme doit \u00e9lar\u00adgir son recru\u00adte\u00adment, l\u2019\u00e9\u00adtendre \u00e0 l\u2019en\u00adsemble de la classe ouvri\u00e8re et non le res\u00adtreindre \u00e0 une cer\u00adtaine par\u00adtie de cette classe.<\/p>\n<p>Ce n\u2019est pas seule\u00adment les ouvriers qui doivent avoir leur place au syn\u00addi\u00adcat, mais tous les pay\u00adsans, tous les arti\u00adsans, tous les tech\u00adni\u00adciens, tous les artistes, tous les savants, tous les \u00e9cri\u00advains, <i>tous ceux qui n\u2019ex\u00adploitent per\u00adsonne<\/i>.<\/p>\n<p>Il faut abso\u00adlu\u00adment enle\u00adver \u00e0 la classe bour\u00adgeoise  tous ses auxi\u00adliaires, toute cette classe-tam\u00adpon qui est ouvri\u00e8re de fait, mais que le capi\u00adta\u00adlisme s\u2019ef\u00adforce de d\u00e9ta\u00adcher de l\u2019en\u00adsemble, \u00e0 laquelle il aban\u00addonne ou d\u00e9l\u00e8gue cer\u00adtaines par\u00adcelles de son auto\u00adri\u00adt\u00e9, de ses pri\u00advi\u00adl\u00e8ges sans ces\u00adser de lui faire sen\u00adtir son \u00e9tat de servitude.<\/p>\n<p>Qu\u2019on ne vienne pas me dire que cette t\u00e2che est impos\u00adsible. Elle est d\u00e9j\u00e0 en voie de r\u00e9a\u00adli\u00adsa\u00adtion, mais elle se r\u00e9a\u00adli\u00adse\u00adra sans nous et peut-\u00eatre contre nous, si nous n\u2019in\u00adter\u00adve\u00adnons pas \u00e0&nbsp;temps.<\/p>\n<p>Les tech\u00adni\u00adciens, les \u00e9cri\u00advains, les artistes, les auteurs sont d\u00e9j\u00e0 syn\u00addi\u00adqu\u00e9s. Les uns sont en dehors de la C.G.T., mais d\u2019autres eu font par\u00adtie. Tous peuvent donc y venir, et c\u2019est \u00e0 la 3<sup>e<\/sup> qu\u2019il faut qu\u2019ils viennent.<\/p>\n<p>Lors\u00adqu\u2019ils auront com\u00adpris leur v\u00e9ri\u00adtable r\u00f4le, ce sera chose&nbsp;faite.<\/p>\n<p>Je sais que pour en arri\u00adver l\u00e0, il y aura bien des pr\u00e9\u00adju\u00adg\u00e9s \u00e0 vaincre. On doit les vaincre.<\/p>\n<p>Il ne s\u2019a\u00adgit plus d\u2019\u00e9\u00adta\u00adblir des degr\u00e9s dans l\u2019ex\u00adploi\u00adta\u00adtion et de d\u00e9cla\u00adrer que les plus exploi\u00adt\u00e9s sont les seuls repr\u00e9\u00adsen\u00adtants de la classe ouvri\u00e8re. Le seul, le vrai cri\u00adt\u00e9\u00adrium, en soci\u00e9\u00adt\u00e9 capi\u00adta\u00adliste, c\u2019est <sc>d\u2019\u00eatre sala\u00adri\u00e9, ou de n\u2019ex\u00adploi\u00adter personne.<\/sc><\/p>\n<p>Notre syn\u00addi\u00adca\u00adlisme, s\u2019il veut suf\u00adfire \u00e0 la besogne qui lui incombe, doit \u00eatre moins ouvri\u00e9\u00adriste, il doit s\u2019\u00e9\u00adlar\u00adgir, ouvrir ses rangs \u00e0 tous les exploi\u00adt\u00e9s de quelque fa\u00e7on qu\u2019ils le soient.<\/p>\n<p>S\u2019il ne le fai\u00adsait pas, ces forces dont il a besoin lui feraient d\u00e9faut, ou lui seraient net\u00adte\u00adment hos\u00adtiles. Il devrait les \u00ab&nbsp;conqu\u00e9\u00adrir&nbsp;\u00bb de force ou de gr\u00e9 ou s\u2019a\u00advouer vain\u00adcu et c\u00e9der le pas \u00e0 l\u2019ad\u00adver\u00adsaire qui aurait su les atti\u00adrer vers&nbsp;lui.<\/p>\n<p>Il doit s\u2019\u00e9\u00advi\u00adter sem\u00adblable m\u00e9sa\u00adven\u00adture. La r\u00e9vo\u00adlu\u00adtion russe, \u00e0 cet \u00e9gard, comme \u00e0 bien d\u2019autres, doit lui ser\u00advir de&nbsp;le\u00e7on.<\/p>\n<p>T\u00e2che impos\u00adsible, vont objec\u00adter cer\u00adtains cama\u00adrades&nbsp;? T\u00e2che pos\u00adsible, affir\u00adme\u00adrai-je \u00e0 mon tour&nbsp;! Ima\u00adgi\u00adnez-vous que votre t\u00e2che est facile \u00e0 accom\u00adplir com\u00adpa\u00adra\u00adti\u00adve\u00adment \u00e0 celle que doit effec\u00adtuer le capitalisme.<\/p>\n<p>La classe ouvri\u00e8re n\u2019a qu\u2019\u00e0 ras\u00adsem\u00adbler les siens. Le capi\u00adta\u00adlisme, non seule\u00adment doit en faire autant \u2015 ce qui est facile\u200a\u2014\u200amais encore, il doit ou trom\u00adper ou convaincre la majo\u00adri\u00adt\u00e9 de la classe adverse pour atteindre son&nbsp;but.<\/p>\n<p>Et il ne se d\u00e9cou\u00adrage pas. Pour\u00adquoi ne ten\u00adte\u00adrions-nous pas de rem\u00adplir notre r\u00f4le de classe&nbsp;?<\/p>\n<p>Si le Congr\u00e8s de Lyon ne com\u00adprend pas cela&nbsp;; s\u2019il per\u00adsiste \u00e0 suivre les erre\u00adments anciens&nbsp;; s\u2019il ne jette pas, au moins, les bases d\u2019une telle r\u00e9or\u00adga\u00adni\u00adsa\u00adtion du syn\u00addi\u00adca\u00adlisme, il n\u2019au\u00adra rien fait. De m\u00eame, il doit pro\u00adcla\u00admer la ces\u00adsa\u00adtion de sa neu\u00adtra\u00adli\u00adt\u00e9 vis-\u00e0-vis des par\u00adtis poli\u00adtiques. Quels qu\u2019ils soient, ne serait-ce que pour jus\u00adti\u00adfier leur exis\u00adtence, tous les par\u00adtis poli\u00adtiques sont des adver\u00adsaires plus ou moins d\u00e9cla\u00adr\u00e9s du syn\u00addi\u00adca\u00adlisme&nbsp;; tous aspirent \u00e0 la direc\u00adtion d\u2019un \u00c9tat que les ouvriers rejettent. Il n\u2019y a donc abso\u00adlu\u00adment rien de com\u00admun entre les Par\u00adtis dits ouvriers et le syn\u00addi\u00adca\u00adlisme. Ce n\u2019est d\u2019ailleurs qu\u2019a\u00adpr\u00e8s leur dis\u00adpa\u00adri\u00adtion que le syn\u00addi\u00adca\u00adlisme pour\u00adra jouer effec\u00adti\u00adve\u00adment son r\u00f4le. Son devoir est donc de pr\u00e9\u00adci\u00adpi\u00adter cette dis\u00adpa\u00adri\u00adtion. Le capi\u00adta\u00adlisme, une fois de plus, nous montre la route. Pro\u00adfi\u00adtons de la&nbsp;le\u00e7on.<\/p>\n<p>Au grou\u00adpe\u00adment unique des forces bour\u00adgeoises, oppo\u00adsons <i>l\u2019ac\u00adtion \u00e9co\u00adno\u00admique et poli\u00adtique du Syn\u00addi\u00adcat<\/i>, sans nous sou\u00adcier des bar\u00adri\u00e8res l\u00e9gales de 1884 et de&nbsp;1901.<\/p>\n<p>Et il n\u2019est point besoin, pour cela, d\u2019en\u00adtrer au Par\u00adle\u00adment ou dans les orga\u00adnismes gou\u00adver\u00adne\u00admen\u00adtaux et patronaux.<\/p>\n<p>Il suf\u00adfit de construire notre mou\u00adve\u00adment ration\u00adnel\u00adle\u00adment, de lut\u00adter sur le champ du tra\u00advail, de d\u00e9tra\u00adquer le sys\u00adt\u00e8me patro\u00adnal et de s\u2019at\u00adta\u00adquer sans r\u00e9pit au gou\u00adver\u00adne\u00adment. Ce sont d\u2019ailleurs les vraies rai\u00adsons d\u2019\u00eatre du syndicalisme.<\/p>\n<p>Au capi\u00adta\u00adlisme moderne, dont le fas\u00adcisme pour\u00adrait \u00eatre demain l\u2019ex\u00adpres\u00adsion uni\u00adver\u00adselle, oppo\u00adsons le syn\u00addi\u00adca\u00adlisme anti-\u00e9ta\u00adtiste, expres\u00adsion uni\u00adver\u00adselle du Tra\u00advail. Non seule\u00adment il s\u2019a\u00adgit d\u2019\u00eatre ou ne pas \u00eatre, main encore d\u2019\u00eatre vrai\u00adment, consciem\u00adment ce que le pro\u00adl\u00e9\u00adta\u00adriat attend.<\/p>\n<p>[\/\u200bPierre <sc>Bes\u00adnard<\/sc>\/\u200b]<\/p>\n","protected":false},"excerpt":{"rendered":"<p>C\u2019est la ques\u00adtion qui se pose actuel\u00adle\u00adment pour les syn\u00addi\u00adca\u00adlistes. De leur d\u00e9ci\u00adsion d\u00e9pens la vie ou la mort d\u2019un mou\u00adve\u00adment qui fut le supr\u00eame espoir d\u2019af\u00adfran\u00adchis\u00adse\u00adment de la classe ouvri\u00e8re et qui doit le rede\u00adve\u00adnir. Il est inutile d\u2019es\u00adsayer de se dis\u00adsi\u00admu\u00adler la gra\u00advi\u00adt\u00e9 de l\u2019heure. Elle est excep\u00adtion\u00adnelle. Elle est, aus\u00adsi, de celles&nbsp;[\u2026]<\/p>\n","protected":false},"author":1,"featured_media":0,"comment_status":"closed","ping_status":"closed","sticky":false,"template":"","format":"standard","meta":{"wp_typography_post_enhancements_disabled":false,"footnotes":""},"categories":[388],"tags":[],"ppma_author":[540],"class_list":["post-3267","post","type-post","status-publish","format-standard","hentry","category-la-voix-du-travail-n5-15-nov-15-dec-1926"],"authors":[{"term_id":540,"user_id":1,"is_guest":0,"slug":"admin_3gikpwyf","display_name":"Vincent Dubuc","avatar_url":"https:\/\/secure.gravatar.com\/avatar\/d015720652c25fd2ced191ade86430094e1f288a17483713e3b34d26dea52507?s=96&d=mm&r=g","author_category":"","user_url":"https:\/\/la-presse-anarchiste.net","last_name":"Dubuc","first_name":"Vincent","job_title":"","description":""}],"_links":{"self":[{"href":"https:\/\/la-presse-anarchiste.net\/index.php\/wp-json\/wp\/v2\/posts\/3267","targetHints":{"allow":["GET"]}}],"collection":[{"href":"https:\/\/la-presse-anarchiste.net\/index.php\/wp-json\/wp\/v2\/posts"}],"about":[{"href":"https:\/\/la-presse-anarchiste.net\/index.php\/wp-json\/wp\/v2\/types\/post"}],"author":[{"embeddable":true,"href":"https:\/\/la-presse-anarchiste.net\/index.php\/wp-json\/wp\/v2\/users\/1"}],"replies":[{"embeddable":true,"href":"https:\/\/la-presse-anarchiste.net\/index.php\/wp-json\/wp\/v2\/comments?post=3267"}],"version-history":[{"count":0,"href":"https:\/\/la-presse-anarchiste.net\/index.php\/wp-json\/wp\/v2\/posts\/3267\/revisions"}],"wp:attachment":[{"href":"https:\/\/la-presse-anarchiste.net\/index.php\/wp-json\/wp\/v2\/media?parent=3267"}],"wp:term":[{"taxonomy":"category","embeddable":true,"href":"https:\/\/la-presse-anarchiste.net\/index.php\/wp-json\/wp\/v2\/categories?post=3267"},{"taxonomy":"post_tag","embeddable":true,"href":"https:\/\/la-presse-anarchiste.net\/index.php\/wp-json\/wp\/v2\/tags?post=3267"},{"taxonomy":"author","embeddable":true,"href":"https:\/\/la-presse-anarchiste.net\/index.php\/wp-json\/wp\/v2\/ppma_author?post=3267"}],"curies":[{"name":"wp","href":"https:\/\/api.w.org\/{rel}","templated":true}]}}