{"id":3271,"date":"2012-09-23T03:30:59","date_gmt":"2012-09-23T03:30:59","guid":{"rendered":"https:\/\/la-presse-anarchiste.net\/index.php\/2012\/09\/23\/le-syndicalisme-individualiste\/"},"modified":"2012-09-23T03:30:59","modified_gmt":"2012-09-23T03:30:59","slug":"le-syndicalisme-individualiste","status":"publish","type":"post","link":"https:\/\/la-presse-anarchiste.net\/index.php\/2012\/09\/23\/le-syndicalisme-individualiste\/","title":{"rendered":"Le Syndicalisme Individualiste"},"content":{"rendered":"<div class=\"pdfprnt-buttons pdfprnt-buttons-post pdfprnt-top-right\"><a href=\"https:\/\/la-presse-anarchiste.net\/index.php\/wp-json\/wp\/v2\/posts\/3271?print=pdf\" class=\"pdfprnt-button pdfprnt-button-pdf\" target=\"_blank\"><img decoding=\"async\" src=\"https:\/\/la-presse-anarchiste.net\/wp-content\/plugins\/pdf-print\/images\/pdf.png\" alt=\"image_pdf\" title=\"Afficher le PDF\"><\/a><a href=\"https:\/\/la-presse-anarchiste.net\/index.php\/wp-json\/wp\/v2\/posts\/3271?print=print\" class=\"pdfprnt-button pdfprnt-button-print\" target=\"_blank\"><img decoding=\"async\" src=\"https:\/\/la-presse-anarchiste.net\/wp-content\/plugins\/pdf-print\/images\/print.png\" alt=\"image_print\" title=\"Contenu imprim\u00e9\"><\/a><\/div><p>Depuis long\u00adtemps d\u00e9j\u00e0 et sur\u00adtout dans les rangs r\u00e9vo\u00adlu\u00adtion\u00adnaires o\u00f9 le prin\u00adcipe de la soli\u00adda\u00adri\u00adt\u00e9 et de l\u2019ap\u00adpui mutuels \u00e9tait consi\u00add\u00e9\u00adr\u00e9 \u00eatre \u00e0 la base de toute acti\u00advi\u00adt\u00e9, le pro\u00adverbe \u00ab&nbsp;un pour tous, tous pour cha\u00adcun&nbsp;\u00bb \u00e9tait l\u2019axiome m\u00eame de l\u2019i\u00add\u00e9a\u00adlisme d\u2019a\u00advant-garde. Et non seule\u00adment de l\u2019i\u00add\u00e9a\u00adlisme. Car \u00e0 quoi sert l\u2019i\u00add\u00e9a\u00adlisme si on ne le r\u00e9a\u00adlise en pra\u00adtique&nbsp;? Et l\u2019ap\u00adpui mutuel \u2014, intel\u00adlec\u00adtuel, moral mat\u00e9\u00adriel, ou tout autre\u200a\u2014\u200adeve\u00adnait une habi\u00adtude de la vie sociale quotidienne.<\/p>\n<p>Sur le plan de l\u2019or\u00adga\u00adni\u00adsa\u00adtion, syn\u00addi\u00adcale, c\u2019\u00e9\u00adtait tou\u00adjours ce m\u00eame prin\u00adcipe qui r\u00e9gis\u00adsait l\u2019ac\u00adtion ouvri\u00e8re. On pas\u00adsait de l\u2019ou\u00advrier iso\u00adl\u00e9 au grou\u00adpe\u00adment syn\u00addi\u00adcat, du syn\u00addi\u00adcat \u00e0 la f\u00e9d\u00e9\u00adra\u00adtion, de la f\u00e9d\u00e9\u00adra\u00adtion \u00e0 la conf\u00e9\u00add\u00e9\u00adra\u00adtion. Et c\u2019\u00e9\u00adtait tout natu\u00adrel. L\u2019in\u00addi\u00advi\u00addu ne peut vivre tout seul dans une soci\u00e9\u00adt\u00e9 o\u00f9, il est entou\u00adr\u00e9 de mil\u00adliers d\u2019autres indi\u00advi\u00addus. Son iso\u00adle\u00adment serait le pre\u00admier pas vers sa&nbsp;mort.<\/p>\n<p>Ce qui est cor\u00adrect pour l\u2019homme comme \u00eatre vivant est cor\u00adrect pour l\u2019ou\u00advrier comme pro\u00adduc\u00adteur et exploi\u00adt\u00e9. La d\u00e9fense d\u2019in\u00adt\u00e9\u00adr\u00eats com\u00admuns sus\u00adcite l\u2019or\u00adga\u00adni\u00adsa\u00adtion de ceux dont les int\u00e9\u00adr\u00eats sont com\u00admuns. Le syn\u00addi\u00adcat ouvrier n\u2019est que le r\u00e9sul\u00adtat de ce besoin et per\u00adsonne aujourd\u2019\u00adhui ne nie cette n\u00e9ces\u00adsi\u00adt\u00e9 pri\u00admor\u00addiale sans laquelle aucune lutte, fut-ce pour la moindre des reven\u00addi\u00adca\u00adtions cor\u00adpo\u00adra\u00adtives, ne serait possible.<\/p>\n<p>Mais il n\u2019a pas pris long\u00adtemps pour com\u00adprendre que des int\u00e9\u00adr\u00eats com\u00admuns existent, non seule\u00adment entre indi\u00advi\u00addus, mais aus\u00adsi entre grou\u00adpe\u00adments d\u2019in\u00addi\u00advi\u00addus, que ces int\u00e9\u00adr\u00eats sont tout aus\u00adsi impor\u00adtants\u200a\u2014\u200aet tr\u00e8s sou\u00advent plus impor\u00adtants\u200a\u2014\u200aque ceux qui sur\u00adgissent entre indi\u00advi\u00addus. Et nous avons vu para\u00eetre sur l\u2019ho\u00adri\u00adzon social le grou\u00adpe\u00adment <i>f\u00e9d\u00e9\u00adral<\/i> unis\u00adsant les \u00e9ner\u00adgies et les capa\u00adci\u00adt\u00e9s d\u2019une s\u00e9rie de grou\u00adpe\u00adments basiques com\u00adpo\u00ads\u00e9s d\u2019individus.<\/p>\n<p>Il n\u2019est pas n\u00e9ces\u00adsaire de d\u00e9ve\u00adlop\u00adper pas \u00e0 pas ce d\u00e9ve\u00adlop\u00adpe\u00adment natu\u00adrel de la soci\u00e9\u00adt\u00e9 humaine du simple au com\u00adplexe. Quand on consi\u00add\u00e8re sur\u00adtout le d\u00e9ve\u00adlop\u00adpe\u00adment inou\u00ef de la par\u00adtie capi\u00adta\u00adliste de cette soci\u00e9\u00adt\u00e9 et son orga\u00adni\u00adsa\u00adtion for\u00admi\u00addable, il ne reste qu\u2019\u00e0 regret\u00adter pro\u00adfon\u00add\u00e9\u00adment que la par\u00adtie exploi\u00adt\u00e9e n\u2019ait pas eu un \u00e9lan plus enthou\u00adsiaste en faveur de sa propre organisation.<\/p>\n<p>Mais que voyons-nous, au contraire&nbsp;?<\/p>\n<p>Le mou\u00adve\u00adment syn\u00addi\u00adca\u00adliste fran\u00ad\u00e7ais, <i>de par la force m\u00eame des choses<\/i>, a d\u00fb se tron\u00ad\u00e7on\u00adner. Il ne faut pas croire qu\u2019une guerre mon\u00addiale comme celle qui vient de d\u00e9vas\u00adter le monde tout entier et une r\u00e9vo\u00adlu\u00adtion aus\u00adsi pro\u00adfonde comme celle qui s\u2019est d\u00e9rou\u00adl\u00e9e en Rus\u00adsie passent ain\u00adsi \u00e0 tra\u00advers la vie sans y lais\u00adser de traces profondes.<\/p>\n<p>La scis\u00adsion au sein du mou\u00adve\u00adment ouvrier n\u2019est que la r\u00e9sul\u00adtante directe et <i>in\u00e9vi\u00adtable<\/i> de ces \u00e9v\u00e9\u00adne\u00adments. Nul n\u2019est besoin de ver\u00adser des larmes sur l\u2019i\u00adn\u00e9\u00advi\u00adtable. Il aurait fal\u00adlu, d\u00e8s le com\u00admen\u00adce\u00adment, en prendre son par\u00adti et en tirer les conclu\u00adsions qui s\u2019imposaient.<\/p>\n<p>Mais, la tra\u00addi\u00adtion est dure. On a vou\u00adlu co\u00fbte que co\u00fbte prier et s\u2019a\u00adge\u00adnouiller devant l\u2019i\u00addole bri\u00ads\u00e9e et, pen\u00addant qu\u2019on priait, la vie conti\u00adnuait sa marche impi\u00adtoyable et lais\u00adsait en arri\u00e8re tous ceux qui n\u2019a\u00advaient pas le cou\u00adrage de la regar\u00adder droit dans les&nbsp;yeux.<\/p>\n<p>Un malaise g\u00e9n\u00e9\u00adral avait p\u00e9n\u00e9\u00adtr\u00e9 dans les rangs des syn\u00addi\u00adca\u00adlistes r\u00e9vo\u00adlu\u00adtion\u00adnaires. D\u00e9go\u00fb\u00adt\u00e9s des tra\u00adhi\u00adsons quo\u00adti\u00addiennes des r\u00e9for\u00admistes, ain\u00adsi que des intrigues poli\u00adti\u00adciennes des com\u00admu\u00adnistes, ils ne sur\u00adent que faire. Ils furent tout d\u2019un coup d\u00e9so\u00adrien\u00adt\u00e9s et d\u00e9s\u00ad\u00e9qui\u00adli\u00adbr\u00e9s. Il aurait fal\u00adlu agir. Au lieu de quoi, cha\u00adcun s\u2019est cach\u00e9 dans son coin. La d\u00e9route a com\u00admen\u00adc\u00e9. Le lien natio\u00adnal s\u2019\u00e9\u00adtant rom\u00adpu, cha\u00adcun allait \u00e0 la d\u00e9rive. Des f\u00e9d\u00e9\u00adra\u00adtions res\u00adtaient \u00ab&nbsp;dans l\u2019au\u00adto\u00adno\u00admie&nbsp;\u00bb\u200a\u2014\u200aun euph\u00e9\u00admisme pour dire qu\u2019on ne vou\u00adlait rien faire\u200a\u2014\u200aoubliait que si elles ne recr\u00e9aient pas imm\u00e9\u00addia\u00adte\u00adment un lien nou\u00adveau, leur propre d\u00e9mo\u00adra\u00adli\u00adsa\u00adtion appa\u00adrai\u00adtrait bien\u00adt\u00f4t. Et, en effet, un r\u00e9sul\u00adtat logique de cette \u00ab&nbsp;auto\u00adno\u00admie&nbsp;\u00bb indi\u00advi\u00addua\u00adliste \u00e9tait la s\u00e9pa\u00adra\u00adtion de syn\u00addi\u00adcats de leur f\u00e9d\u00e9\u00adra\u00adtion. Ces syn\u00addi\u00adcats aus\u00adsi s\u2019en allaient \u00ab&nbsp;dans l\u2019au\u00adto\u00adno\u00admie&nbsp;\u00bb et, per\u00addant leur lien f\u00e9d\u00e9\u00adral, vivo\u00adtaient et v\u00e9g\u00e9\u00adtaient, p\u00e2lis\u00adsaient \u00e0 vue d\u2019\u0153il, s\u2019a\u00adn\u00e9\u00admiaient volon\u00adtai\u00adre\u00adment. Et comme r\u00e9sul\u00adtat tout aus\u00adsi logique, des ouvriers quit\u00adtaient le syn\u00addi\u00adcat mori\u00adbond, s\u2019en allaient dans leurs coins res\u00adpec\u00adtifs. Eux aus\u00adsi \u00ab&nbsp;entraient dans l\u2019autonomie&nbsp;\u00bb\u2026<\/p>\n<p>Le r\u00e9sul\u00adtat g\u00e9n\u00e9\u00adral ne se fit pas attendre. Des f\u00e9d\u00e9\u00adra\u00adtions flo\u00adris\u00adsantes mat\u00e9\u00adriel\u00adle\u00adment et fortes par leur esprit r\u00e9vo\u00adlu\u00adtion\u00adnaire, d\u00e9grin\u00adgo\u00adlaient \u00e0 vue d\u2019\u0153il&nbsp;; des syn\u00addi\u00adcats se dis\u00adsol\u00advaient, des copains disparaissaient.<\/p>\n<p>Et mal\u00adgr\u00e9 toute cette d\u00e9b\u00e2cle des auto\u00adno\u00admistes qui saute eux yeux, il se trouve encore aujourd\u2019\u00adhui des cama\u00adrades et des syn\u00addi\u00adcats qui osent, sans bron\u00adcher, se d\u00e9cla\u00adrer en faveur de l\u2019au\u00adto\u00adno\u00admie cor\u00adpo\u00adra\u00adtive. En d\u2019autres mots, ils veulent per\u00adp\u00e9\u00adtuer ce malaise dont l\u2019o\u00adri\u00adgine a \u00e9t\u00e9 due \u00e0 des \u00e9v\u00e9\u00adne\u00adments qui doivent d\u00e9j\u00e0 \u00eatre consi\u00add\u00e9\u00adr\u00e9s comme appar\u00adte\u00adnant au pas\u00ads\u00e9 et qu\u2019il fau\u00addrait pou\u00advoir oublier.<\/p>\n<p>Per\u00adp\u00e9\u00adtuer ce malaise\u200a\u2014\u200ac\u2019est plus qu\u2019un crime. C\u2019est une b\u00eatise impardonnable.<\/p>\n<p>Se d\u00e9cla\u00adrer en faveur de cette sorte d\u2019au\u00adto\u00adno\u00admie d\u00e9fai\u00adtiste, c\u2019est reve\u00adnir \u00e0 l\u2019\u00e9\u00adtat pri\u00admi\u00adtif, \u00e0 l\u2019\u00e9\u00adtat de l\u2019in\u00addi\u00advi\u00addu&nbsp;isol\u00e9.<\/p>\n<p>L\u2019au\u00adto\u00adno\u00admie cor\u00adpo\u00adra\u00adtive \u2015 c\u2019est la n\u00e9ga\u00adtion du pro\u00adgr\u00e8s et, par cons\u00e9\u00adquent, de la r\u00e9vo\u00adlu\u00adtion, qui est une des formes les plus saillantes et les plus pro\u00adfondes du progr\u00e8s.<\/p>\n<p>L\u2019in\u00addi\u00advi\u00addua\u00adlisme anti-orga\u00adni\u00adsa\u00adteur qui se d\u00e9ve\u00adlop\u00adpe\u00adra in\u00e9vi\u00adta\u00adble\u00adment si l\u2019at\u00adti\u00adtude de nos \u00ab&nbsp;auto\u00adno\u00admistes&nbsp;\u00bb farouches est accep\u00adt\u00e9e\u200a\u2014\u200ac\u2019est reve\u00adnir au sec\u00adta\u00adrisme le plus \u00e9troit, \u00e0 la n\u00e9ga\u00adtion totale de la lutte sociale. C\u2019est mettre tous les atouts dans les mains avides du capi\u00adta\u00adlisme triomphant.<\/p>\n<p>Gar\u00addons-nous de rem\u00adpla\u00adcer le mot, d\u2019ordre \u00ab&nbsp;un pour tous, tous pour cha\u00adcun&nbsp;\u00bb par cet autre mot d\u2019ordre \u00ab&nbsp;cha\u00adcun pour soi\u2026 Dieu pour tous&nbsp;\u00bb qui repr\u00e9\u00adsente l\u2019\u00e9\u00adgo\u00efsme le plus abject et l\u2019ad\u00admis\u00adsion consciente la plus d\u00e9sho\u00adno\u00adrante de sa propre fai\u00adblesse, de sa propre nullit\u00e9.<\/p>\n<p>Ceux qui se sentent nuls n\u2019ont qu\u2019\u00e0 \u00ab&nbsp;entrer dans l\u2019au\u00adto\u00adno\u00admie&nbsp;\u00bb. Ceux qui sont pour la lutte doivent en sortir.<\/p>\n<p>Et bien&nbsp;vite\u2026<\/p>\n<p>[\/A.S.\/]<\/p>\n","protected":false},"excerpt":{"rendered":"<p>Depuis long\u00adtemps d\u00e9j\u00e0 et sur\u00adtout dans les rangs r\u00e9vo\u00adlu\u00adtion\u00adnaires o\u00f9 le prin\u00adcipe de la soli\u00adda\u00adri\u00adt\u00e9 et de l\u2019ap\u00adpui mutuels \u00e9tait consi\u00add\u00e9\u00adr\u00e9 \u00eatre \u00e0 la base de toute acti\u00advi\u00adt\u00e9, le pro\u00adverbe \u00ab&nbsp;un pour tous, tous pour cha\u00adcun&nbsp;\u00bb \u00e9tait l\u2019axiome m\u00eame de l\u2019i\u00add\u00e9a\u00adlisme d\u2019a\u00advant-garde. Et non seule\u00adment de l\u2019i\u00add\u00e9a\u00adlisme. Car \u00e0 quoi sert l\u2019i\u00add\u00e9a\u00adlisme si on&nbsp;ne&nbsp;[\u2026]<\/p>\n","protected":false},"author":1,"featured_media":0,"comment_status":"closed","ping_status":"closed","sticky":false,"template":"","format":"standard","meta":{"wp_typography_post_enhancements_disabled":false,"footnotes":""},"categories":[388],"tags":[],"ppma_author":[540],"class_list":["post-3271","post","type-post","status-publish","format-standard","hentry","category-la-voix-du-travail-n5-15-nov-15-dec-1926"],"authors":[{"term_id":540,"user_id":1,"is_guest":0,"slug":"admin_3gikpwyf","display_name":"Vincent Dubuc","avatar_url":"https:\/\/secure.gravatar.com\/avatar\/d015720652c25fd2ced191ade86430094e1f288a17483713e3b34d26dea52507?s=96&d=mm&r=g","author_category":"","user_url":"https:\/\/la-presse-anarchiste.net","last_name":"Dubuc","first_name":"Vincent","job_title":"","description":""}],"_links":{"self":[{"href":"https:\/\/la-presse-anarchiste.net\/index.php\/wp-json\/wp\/v2\/posts\/3271","targetHints":{"allow":["GET"]}}],"collection":[{"href":"https:\/\/la-presse-anarchiste.net\/index.php\/wp-json\/wp\/v2\/posts"}],"about":[{"href":"https:\/\/la-presse-anarchiste.net\/index.php\/wp-json\/wp\/v2\/types\/post"}],"author":[{"embeddable":true,"href":"https:\/\/la-presse-anarchiste.net\/index.php\/wp-json\/wp\/v2\/users\/1"}],"replies":[{"embeddable":true,"href":"https:\/\/la-presse-anarchiste.net\/index.php\/wp-json\/wp\/v2\/comments?post=3271"}],"version-history":[{"count":0,"href":"https:\/\/la-presse-anarchiste.net\/index.php\/wp-json\/wp\/v2\/posts\/3271\/revisions"}],"wp:attachment":[{"href":"https:\/\/la-presse-anarchiste.net\/index.php\/wp-json\/wp\/v2\/media?parent=3271"}],"wp:term":[{"taxonomy":"category","embeddable":true,"href":"https:\/\/la-presse-anarchiste.net\/index.php\/wp-json\/wp\/v2\/categories?post=3271"},{"taxonomy":"post_tag","embeddable":true,"href":"https:\/\/la-presse-anarchiste.net\/index.php\/wp-json\/wp\/v2\/tags?post=3271"},{"taxonomy":"author","embeddable":true,"href":"https:\/\/la-presse-anarchiste.net\/index.php\/wp-json\/wp\/v2\/ppma_author?post=3271"}],"curies":[{"name":"wp","href":"https:\/\/api.w.org\/{rel}","templated":true}]}}