{"id":3280,"date":"2012-09-23T03:30:10","date_gmt":"2012-09-23T03:30:10","guid":{"rendered":"https:\/\/la-presse-anarchiste.net\/index.php\/2012\/09\/23\/une-oeuvre-sociale\/"},"modified":"2012-09-23T03:30:10","modified_gmt":"2012-09-23T03:30:10","slug":"une-oeuvre-sociale","status":"publish","type":"post","link":"https:\/\/la-presse-anarchiste.net\/index.php\/2012\/09\/23\/une-oeuvre-sociale\/","title":{"rendered":"Une oeuvre sociale"},"content":{"rendered":"<div class=\"pdfprnt-buttons pdfprnt-buttons-post pdfprnt-top-right\"><a href=\"https:\/\/la-presse-anarchiste.net\/index.php\/wp-json\/wp\/v2\/posts\/3280?print=pdf\" class=\"pdfprnt-button pdfprnt-button-pdf\" target=\"_blank\"><img decoding=\"async\" src=\"https:\/\/la-presse-anarchiste.net\/wp-content\/plugins\/pdf-print\/images\/pdf.png\" alt=\"image_pdf\" title=\"Afficher le PDF\"><\/a><a href=\"https:\/\/la-presse-anarchiste.net\/index.php\/wp-json\/wp\/v2\/posts\/3280?print=print\" class=\"pdfprnt-button pdfprnt-button-print\" target=\"_blank\"><img decoding=\"async\" src=\"https:\/\/la-presse-anarchiste.net\/wp-content\/plugins\/pdf-print\/images\/print.png\" alt=\"image_print\" title=\"Contenu imprim\u00e9\"><\/a><\/div><p>L\u2019ac\u00adtif syn\u00addi\u00adcat auto\u00adnome des coif\u00adfeurs de Paris a cr\u00e9\u00e9 une \u00e9cole de coif\u00adfure qui fonc\u00adtionne 52, bou\u00adle\u00advard de Strasbourg.<\/p>\n<p>Mal\u00adgr\u00e9 les dif\u00adfi\u00adcul\u00adt\u00e9s que com\u00adporte une pareille entre\u00adprise, l\u2019\u00e9\u00adcole est en plein d\u00e9ve\u00adlop\u00adpe\u00adment. Les cours, qui ont lieu les mar\u00addis et ven\u00addre\u00addis, de 9 heures \u00e0 11 heures du soir, sont sui\u00advis assi\u00addu\u00adment par quan\u00adti\u00adt\u00e9 d\u2019\u00e9\u00adl\u00e8ves, hommes et femmes.<\/p>\n<p>C\u2019est le cama\u00adrade <i>Soria\u00adno<\/i> qui dirige l\u2019\u00e9\u00adcole avec le cama\u00adrade <i>Fer\u00adnan\u00addez<\/i> comme adjoint.<\/p>\n<p>L\u2019\u00e9\u00adcole pos\u00ads\u00e8de 14 places, ce qui per\u00admet de faire de nom\u00adbreuses d\u00e9mons\u00adtra\u00adtions. Cet agen\u00adce\u00adment per\u00admet en outre \u00e0 l\u2019\u00e9\u00adl\u00e8ve de tra\u00advailler pen\u00addant tout le temps n\u00e9ces\u00adsaire alors que dans les autres \u00e9coles c\u2019est \u00e0 peine s\u2019il peut tra\u00advailler 5 minutes sur le mod\u00e8le.<\/p>\n<p>Une pl\u00e9iade de pro\u00adfes\u00adseurs est atta\u00adch\u00e9e \u00e0. L\u2019\u00e9\u00adcole&nbsp;; ce sont les cama\u00adrades&nbsp;: <i>Asse\u00adli\u00adneau, Aumas\u00adson, Don\u00adnet, Ger\u00adber, Guyon\u00adnet, Hen\u00adriette Leconte, Masia, Plo\u00adtin, Rat, Sou\u00adchard, Tixier, Wer\u00adner, Thuault, Cl\u00e9\u00adment, Bre\u00adton, Ravi\u00adnet<\/i> et la cama\u00adrade <i>Chry\u00adso\u00adstome<\/i>.<\/p>\n<p>Le nombre et la qua\u00adli\u00adt\u00e9 des pro\u00adfes\u00adseurs d\u00e9montrent qu\u2019il ne s\u2019a\u00adgit pas, l\u00e0 d\u2019une \u00e9cole pour rire, et c\u2019est mer\u00adveille de voir s\u2019\u00e9\u00adcha\u00adfau\u00adder les gra\u00adcieuses coif\u00adfures dans le cli\u00adque\u00adtis des fers et sous les doigts habiles des professeurs.<\/p>\n<p>Le cama\u00adrade <i>Robi\u00adnet<\/i> qui nous fait visi\u00adter l\u2019\u00e9\u00adcole nous dit que devant l\u2019af\u00adfluence des \u00e9l\u00e8ves, les pro\u00adchains cours auront lieu dans un local plus vaste avec un plus grand nombre de places et un mat\u00e9\u00adriel plus perfectionn\u00e9.<\/p>\n<p>[\/L.H.\/]<\/p>\n","protected":false},"excerpt":{"rendered":"<p>L\u2019ac\u00adtif syn\u00addi\u00adcat auto\u00adnome des coif\u00adfeurs de Paris a cr\u00e9\u00e9 une \u00e9cole de coif\u00adfure qui fonc\u00adtionne 52, bou\u00adle\u00advard de Stras\u00adbourg. Mal\u00adgr\u00e9 les dif\u00adfi\u00adcul\u00adt\u00e9s que com\u00adporte une pareille entre\u00adprise, l\u2019\u00e9\u00adcole est en plein d\u00e9ve\u00adlop\u00adpe\u00adment. Les cours, qui ont lieu les mar\u00addis et ven\u00addre\u00addis, de 9 heures \u00e0 11 heures du soir, sont sui\u00advis assi\u00addu\u00adment par quan\u00adti\u00adt\u00e9 d\u2019\u00e9\u00adl\u00e8ves, [\u2026]<\/p>\n","protected":false},"author":1,"featured_media":0,"comment_status":"closed","ping_status":"closed","sticky":false,"template":"","format":"standard","meta":{"wp_typography_post_enhancements_disabled":false,"footnotes":""},"categories":[388],"tags":[],"ppma_author":[540],"class_list":["post-3280","post","type-post","status-publish","format-standard","hentry","category-la-voix-du-travail-n5-15-nov-15-dec-1926"],"authors":[{"term_id":540,"user_id":1,"is_guest":0,"slug":"admin_3gikpwyf","display_name":"Vincent Dubuc","avatar_url":"https:\/\/secure.gravatar.com\/avatar\/d015720652c25fd2ced191ade86430094e1f288a17483713e3b34d26dea52507?s=96&d=mm&r=g","author_category":"","user_url":"https:\/\/la-presse-anarchiste.net","last_name":"Dubuc","first_name":"Vincent","job_title":"","description":""}],"_links":{"self":[{"href":"https:\/\/la-presse-anarchiste.net\/index.php\/wp-json\/wp\/v2\/posts\/3280","targetHints":{"allow":["GET"]}}],"collection":[{"href":"https:\/\/la-presse-anarchiste.net\/index.php\/wp-json\/wp\/v2\/posts"}],"about":[{"href":"https:\/\/la-presse-anarchiste.net\/index.php\/wp-json\/wp\/v2\/types\/post"}],"author":[{"embeddable":true,"href":"https:\/\/la-presse-anarchiste.net\/index.php\/wp-json\/wp\/v2\/users\/1"}],"replies":[{"embeddable":true,"href":"https:\/\/la-presse-anarchiste.net\/index.php\/wp-json\/wp\/v2\/comments?post=3280"}],"version-history":[{"count":0,"href":"https:\/\/la-presse-anarchiste.net\/index.php\/wp-json\/wp\/v2\/posts\/3280\/revisions"}],"wp:attachment":[{"href":"https:\/\/la-presse-anarchiste.net\/index.php\/wp-json\/wp\/v2\/media?parent=3280"}],"wp:term":[{"taxonomy":"category","embeddable":true,"href":"https:\/\/la-presse-anarchiste.net\/index.php\/wp-json\/wp\/v2\/categories?post=3280"},{"taxonomy":"post_tag","embeddable":true,"href":"https:\/\/la-presse-anarchiste.net\/index.php\/wp-json\/wp\/v2\/tags?post=3280"},{"taxonomy":"author","embeddable":true,"href":"https:\/\/la-presse-anarchiste.net\/index.php\/wp-json\/wp\/v2\/ppma_author?post=3280"}],"curies":[{"name":"wp","href":"https:\/\/api.w.org\/{rel}","templated":true}]}}