{"id":3293,"date":"2012-09-23T04:46:57","date_gmt":"2012-09-23T04:46:57","guid":{"rendered":"https:\/\/la-presse-anarchiste.net\/index.php\/2012\/09\/23\/traits-generaux-de-linvention\/"},"modified":"2012-09-23T04:46:57","modified_gmt":"2012-09-23T04:46:57","slug":"traits-generaux-de-linvention","status":"publish","type":"post","link":"https:\/\/la-presse-anarchiste.net\/index.php\/2012\/09\/23\/traits-generaux-de-linvention\/","title":{"rendered":"Traits g\u00e9n\u00e9raux de l\u2019invention"},"content":{"rendered":"<div class=\"pdfprnt-buttons pdfprnt-buttons-post pdfprnt-top-right\"><a href=\"https:\/\/la-presse-anarchiste.net\/index.php\/wp-json\/wp\/v2\/posts\/3293?print=pdf\" class=\"pdfprnt-button pdfprnt-button-pdf\" target=\"_blank\"><img decoding=\"async\" src=\"https:\/\/la-presse-anarchiste.net\/wp-content\/plugins\/pdf-print\/images\/pdf.png\" alt=\"image_pdf\" title=\"Afficher le PDF\"><\/a><a href=\"https:\/\/la-presse-anarchiste.net\/index.php\/wp-json\/wp\/v2\/posts\/3293?print=print\" class=\"pdfprnt-button pdfprnt-button-print\" target=\"_blank\"><img decoding=\"async\" src=\"https:\/\/la-presse-anarchiste.net\/wp-content\/plugins\/pdf-print\/images\/print.png\" alt=\"image_print\" title=\"Contenu imprim\u00e9\"><\/a><\/div><p>Dans l\u2019\u00e9\u00adnorme masse des docu\u00adments de l\u2019His\u00adtoire de l\u2019Ar\u00adch\u00e9o\u00adlo\u00adgie et de l\u2019Eth\u00adno\u00adlo\u00adgie, il en est tr\u00e8s peu dont on pos\u00ads\u00e8de l\u2019acte de nais\u00adsance. Lors\u00adqu\u2019on d\u00e9clare que le che\u00adval domes\u00adtique appa\u00adra\u00eet pour la pre\u00admi\u00e8re fois en M\u00e9so\u00adpo\u00adta\u00admie pr\u00e9\u00adhis\u00adto\u00adrique, cela signi\u00adfie sim\u00adple\u00adment que le plus ancien docu\u00adment est tir\u00e9 de ces r\u00e9gions, mais on a de bonnes rai\u00adsons pour croire qu\u2019il s\u2019a\u00adgit d\u2019un emprunt. Il en est de m\u00eame lors\u00adqu\u2019il s\u2019a\u00adgit de la pote\u00adrie, de la m\u00e9tal\u00adlur\u00adgie, du tis\u00adsage ou de l\u2019a\u00adgri\u00adcul\u00adture, mais avec cette aggra\u00adva\u00adtion que si l\u2019on peut encore admettre que le che\u00adval domes\u00adtique soit la d\u00e9cou\u00adverte d\u2019un seul groupe, peut-\u00eatre d\u2019un seul homme, l\u2019\u00ab&nbsp;inven\u00adtion&nbsp;\u00bb de la pote\u00adrie, du tis\u00adsage ou de l\u2019a\u00adgri\u00adcul\u00adture est une abs\u00adtrac\u00adtion mythique qui ne signi\u00adfie rien, sinon qu\u2019\u00e0 une chose exis\u00adtante, on sup\u00adpose un commencement.<\/p>\n<p>Il est\tclair que si l\u2019on tente de se repr\u00e9\u00adsen\u00adter l\u2019in\u00adven\u00adtion, c\u2019est-\u00e0-dire l\u2019o\u00adri\u00adgine du tis\u00adsage, dans les faits connus, on n\u2019ob\u00adtient rien, sinon, dans des docu\u00adments sou\u00advent contra\u00addic\u00adtoires, l\u2019im\u00adpres\u00adsion g\u00e9n\u00e9\u00adrale d\u2019une \u00e9vo\u00adlu\u00adtion \u00e0 par\u00adtir de formes rela\u00adti\u00adve\u00adment simples vers des formes tech\u00adniques \u00e0 meilleur ren\u00adde\u00adment (non pas for\u00adc\u00e9\u00adment plus com\u00adpli\u00adqu\u00e9es), \u00e0 tra\u00advers une suite d\u2019a\u00adm\u00e9\u00adlio\u00adra\u00adtions sou\u00advent minimes. Jus\u00adqu\u2019\u00e0 pr\u00e9\u00adsent, toutes les grandes tech\u00adniques font remon\u00adter le cours des si\u00e8cles par des exemples qui trouvent t\u00f4t ou tard un pr\u00e9\u00adc\u00e9\u00addent plus res\u00adpec\u00adtable, qui ont tous l\u2019air depuis long\u00adtemps fami\u00adliers au groupe qui les pos\u00ads\u00e8de, et qui s\u2019in\u00adter\u00adrompent brus\u00adque\u00adment au N\u00e9o\u00adli\u00adthique ou au Pal\u00e9o\u00adli\u00adthique sur des t\u00e9moins d\u00e9j\u00e0 tr\u00e8s bien consti\u00adtu\u00e9s. Il serait absurde d\u2019ailleurs de sup\u00adpo\u00adser que l\u2019ar\u00adch\u00e9o\u00adlo\u00adgie d\u00e9cou\u00advri\u00adra ind\u00e9\u00adfi\u00adni\u00adment des pr\u00e9\u00adc\u00e9\u00addents, mais il fau\u00addra encore des si\u00e8cles de fouilles sys\u00adt\u00e9\u00adma\u00adtiques pour avan\u00adcer avec une cer\u00adtaine vrai\u00adsem\u00adblance que telle contr\u00e9e a connue le m\u00e9tal avant toute autre&nbsp;; encore est-ce l\u00e0 l\u2019exemple le plus facile. La m\u00eame  incer\u00adti\u00adtude frappe la Pal\u00e9on\u00adto\u00adlo\u00adgie&nbsp;: qu\u2019elle se fixe sur l\u2019in\u00adsecte ou sur le mam\u00admi\u00adf\u00e8re, elle remonte le cours des p\u00e9riodes g\u00e9o\u00adlo\u00adgiques jus\u00adqu\u2019\u00e0 des limites voi\u00adsines de celles que l\u2019\u00eatre envi\u00adsa\u00adg\u00e9 n\u2019a pas pu d\u00e9pas\u00adser, mais c\u2019est pour d\u00e9cou\u00advrir au plus pro\u00adfond du temps, des formes qui t\u00e9moignent d\u00e9j\u00e0 d\u2019une matu\u00adri\u00adt\u00e9 appr\u00e9ciable.<\/p>\n<p>Tout semble se pas\u00adser pour nous comme si, abs\u00adtrac\u00adtion faite des cor\u00adres\u00adpon\u00addances chro\u00adno\u00adlo\u00adgiques entre les grands foyers de civi\u00adli\u00adsa\u00adtion, mat\u00e9\u00adrielle, l\u2019his\u00adtoire humaine \u00e9tait divi\u00ads\u00e9e en p\u00e9riodes com\u00adpa\u00adrables \u00e0 ces p\u00e9riodes o\u00f9 le pal\u00e9on\u00adto\u00adlogue place, \u00e0 quelques dizaines de mil\u00adl\u00e9\u00adnaires pr\u00e8s, l\u2019ap\u00adpa\u00adri\u00adtion du rep\u00adtile, celle du mam\u00admi\u00adf\u00e8re ou celle de l\u2019oi\u00adseau. En Eth\u00adno\u00adlo\u00adgie, les d\u00e9buts de ces p\u00e9riodes sont mar\u00adqu\u00e9s par de grandes d\u00e9cou\u00advertes tech\u00adniques&nbsp;: la pierre taill\u00e9e, la pierre polie, l\u2019a\u00adgri\u00adcul\u00adture, les m\u00e9taux, le machi\u00adnisme. Ces d\u00e9cou\u00advertes, prises de tr\u00e8s haut, semblent avoir \u00e9t\u00e9 faites par groupes simul\u00adta\u00adn\u00e9s, cou\u00adp\u00e9s de longues p\u00e9riodes de stag\u00adna\u00adtion appa\u00adrente&nbsp;: n\u00e9o\u00adli\u00adthique-agri\u00adcul\u00adture-\u00e9le\u00advage, m\u00e9tal\u00adlur\u00adgie-tech\u00adniques semi-indus\u00adtria\u00adli\u00ads\u00e9es, machi\u00adnisme-tech\u00adniques indus\u00adtria\u00adli\u00ads\u00e9es. Nous avons pr\u00e9\u00adc\u00e9\u00addem\u00adment d\u00e9ga\u00adg\u00e9 que si une cou\u00adpure doit \u00eatre faite dans l\u2019\u00e9\u00advo\u00adlu\u00adtion tech\u00adnique de l\u2019<i>Homo sapiens<\/i>, c\u2019est entre le Pal\u00e9o\u00adli\u00adthique et toute la suite, le N\u00e9o\u00adli\u00adthique \u00e9tant une pr\u00e9\u00adface des m\u00e9taux&nbsp;; on com\u00adprend ain\u00adsi pour\u00adquoi la m\u00e9tal\u00adlur\u00adgie et le machi\u00adnisme ne font qu\u2019am\u00adpli\u00adfier en les por\u00adtant \u00e0 la semi-indus\u00adtria\u00adli\u00adsa\u00adtion, puis \u00e0 l\u2019in\u00addus\u00adtria\u00adli\u00adsa\u00adtion , les tech\u00adniques d\u00e9j\u00e0 plei\u00adne\u00adment affir\u00adm\u00e9es au N\u00e9olithique.<\/p>\n<p>Le Pal\u00e9o\u00adli\u00adthique \u00e9tant tr\u00e8s mal connu, l\u2019ob\u00adser\u00adva\u00adtion ne peut por\u00adter que sur cette courte p\u00e9riode de quelques mil\u00adl\u00e9\u00adnaires, qui nous s\u00e9pare des hommes de la pierre polie&nbsp;: nous les trou\u00advons en pos\u00adses\u00adsion du tra\u00advail des solides stables et du bois, de la vole\u00adrie, de la van\u00adne\u00adrie et du tis\u00adsage, de l\u2019\u00e9\u00adle\u00advage et de l\u2019a\u00adgri\u00adcul\u00adture, de la navi\u00adga\u00adtion, ce qui, \u00e0 l\u2019ex\u00adcep\u00adtion des m\u00e9taux, leur donne le cadre tech\u00adnique de tous les grands groupes semi-indus\u00adtriels qui ont sui\u00advi. La recherche des plus grandes d\u00e9cou\u00advertes de l\u2019hu\u00adma\u00adni\u00adt\u00e9 avant le <sc>xvii<\/sc><sup>e<\/sup> si\u00e8cle se situe par cons\u00e9\u00adquent d\u2019embl\u00e9e au-del\u00e0 du champ de l\u2019ob\u00adser\u00adva\u00adtion rigou\u00adreuse, sur la marge \u00e9troite qui s\u00e9pare le N\u00e9o\u00adli\u00adthique du Pal\u00e9o\u00adli\u00adthique. Cette. marge est pra\u00adti\u00adque\u00adment incon\u00adnue&nbsp;: on a d\u00e9cou\u00advert, sur\u00adtout en Europe et \u00e0 l\u2019est de la M\u00e9di\u00adter\u00adra\u00adn\u00e9e, des \u00e9tages inter\u00adm\u00e9\u00addiaires qui ont re\u00e7u le nom g\u00e9n\u00e9\u00adral de M\u00e9so\u00adli\u00adthique. Ces couches contiennent des docu\u00adments tr\u00e8s remar\u00adquables&nbsp;; mais, sauf pour les outils par\u00adtiel\u00adle\u00adment polis qui peuvent pas\u00adser pour le t\u00e9moi\u00adgnage d\u2019un \u00e9tat o\u00f9 l\u2019on est en train de d\u00e9ve\u00adlop\u00adper le polis\u00adsage (t\u00e9moi\u00adgnage d\u2019ailleurs pr\u00e9\u00adcaire puisque polir le seul tran\u00adchant d\u2019une her\u00admi\u00adnette \u00e9qui\u00advaut \u00e0 la tech\u00adnique d\u00e9j\u00e0 plei\u00adne\u00adment acquise du polis\u00adsage, le reste n\u2019\u00e9\u00adtant que le d\u00e9sir de faire des outils plus nets mais non plus effi\u00adcaces), sauf pour le polis\u00adsage par\u00adtiel, l\u2019ar\u00adch\u00e9o\u00adlo\u00adgie se borne \u00e0 consta\u00adter que les sites qu\u2019elle fouille pos\u00ads\u00e8dent ou ne pos\u00ads\u00e8dent pas encore les tech\u00adniques du N\u00e9o\u00adli\u00adthique. On ne trouve donc pas de formes de transition.<\/p>\n<p>Com\u00adment pour\u00adrait-il en \u00eatre autre\u00adment&nbsp;? Le d\u00e9but du <sc>xix<\/sc><sup>e<\/sup> si\u00e8cle ne connais\u00adsait pas de formes qui fussent des embryons mat\u00e9\u00adriel\u00adle\u00adment. uti\u00adli\u00adsables de la loco\u00admo\u00adtive, de l\u2019au\u00adto\u00admo\u00adbile ou de l\u2019a\u00advion. On en d\u00e9couvre les prin\u00adcipes m\u00e9ca\u00adniques \u00e9pars dans vingt appli\u00adca\u00adtions, connues depuis plu\u00adsieurs si\u00e8cles (c\u2019est l\u00e0 le ph\u00e9\u00adno\u00adm\u00e8ne qui explique l\u2019in\u00adven\u00adtion) mais, le propre de l\u2019in\u00adven\u00adtion est de ses mat\u00e9\u00adria\u00adli\u00adser en quelque sorte ins\u00adtan\u00adta\u00adn\u00e9\u00adment. Si l\u2019on ima\u00adgine au <sc>cxx<\/sc><sup>e<\/sup> si\u00e8cle des arch\u00e9o\u00adlogues qui n\u2019au\u00adraient pas d\u2019autres moyens de recherche que ceux dont nous dis\u00adpo\u00adsons pour le N\u00e9o\u00adli\u00adthique, ils seraient obli\u00adg\u00e9s de consta\u00adter que, au-des\u00adsus d\u2019une couche \u00e9paisse d\u2019\u00e9\u00adp\u00e9es, de pis\u00adto\u00adlets, de car\u00adrosses hip\u00adpo\u00admo\u00adbiles, appa\u00adra\u00eet subi\u00adte\u00adment, ins\u00adtan\u00adta\u00adn\u00e9\u00adment, un pro\u00addi\u00adgieux amon\u00adcel\u00adle\u00adment de car\u00adcasses d\u2019a\u00advions, de loco\u00admo\u00adtives, de postes radio\u00adpho\u00adniques et de bo\u00eetes de conserves. Sans doute ne pres\u00adsen\u00adti\u00adraient-ils pas les ant\u00e9\u00adc\u00e9\u00addents de tous ces objets dans les couches plus pro\u00adfondes et seraient-ils ten\u00adt\u00e9s de pla\u00adcer au <sc>xx<\/sc><sup>e<\/sup> si\u00e8cle une cou\u00adpure, une r\u00e9vo\u00adlu\u00adtion. bru\u00adtale \u00e0 la mani\u00e8re de celles ima\u00adgi\u00adn\u00e9es par Buf\u00adfon et les pre\u00admiers pal\u00e9on\u00adto\u00adlogues, peut-\u00eatre l\u2019ar\u00adri\u00adv\u00e9e mas\u00adsive, du fond d\u2019un centre incon\u00adnu que leur fan\u00adtai\u00adsie pour\u00adrait leur faire pla\u00adcer au p\u00f4le nord, d\u2019une vague d\u2019en\u00adva\u00adhis\u00adseurs por\u00adtant dans leurs bagages les ins\u00adtru\u00adments d\u2019une civi\u00adli\u00adsa\u00adtion nou\u00advelle. On peut esp\u00e9\u00adrer que les arch\u00e9o\u00adlogues du <sc>cxx<\/sc><sup>e<\/sup> si\u00e8cle seront mieux arm\u00e9s que nous dans la recherche, mais l\u2019ex\u00adp\u00e9\u00adrience que nos quatre der\u00adni\u00e8res g\u00e9n\u00e9\u00adra\u00adtions ont v\u00e9cue peut uti\u00adle\u00adment se pro\u00adje\u00adter sur le pas\u00ads\u00e9. Elle invite \u00e0 croire qu\u2019a cer\u00adtains moments de leur vie mat\u00e9\u00adrielle, des groupes humains pro\u00adgres\u00adsi\u00adve\u00adment enri\u00adchis par l\u2019ac\u00adcu\u00admu\u00adla\u00adtion des l\u00e9gers d\u00e9pas\u00adse\u00adments que per\u00admettent tous les outils d\u2019un cer\u00adtain \u00e9tat tech\u00adnique, entrent dans une p\u00e9riode intense d\u2019as\u00adso\u00adcia\u00adtions qui les pro\u00adjettent lit\u00adt\u00e9\u00adra\u00adle\u00adment dans un groupe tech\u00adnique nou\u00adveau. Ces crises col\u00adlec\u00adtives d\u2019in\u00adven\u00adtion ont for\u00adc\u00e9\u00adment des r\u00e9sul\u00adtats poli\u00adtiques impor\u00adtants&nbsp;; le N\u00e9o\u00adli\u00adthique et le d\u00e9but des m\u00e9taux semblent uni\u00adfor\u00adm\u00e9\u00adment cor\u00adres\u00adpondre \u00e0 une p\u00e9riode de guerres de civi\u00adli\u00adsa\u00adtion, mon\u00addiales dans la mesure o\u00f9 plu\u00adsieurs mondes coh\u00e9\u00adrents s\u2019ins\u00adcri\u00advaient dans la super\u00adfi\u00adcie eur\u00adasia\u00adtique&nbsp;: on voit de nou\u00adveaux cr\u00e2nes un peu par\u00adtout. Nous man\u00adquons de recul pour juger notre propre p\u00e9riode, mais deux guerres mon\u00addiales s\u2019y ins\u00adcrivent d\u00e9j\u00e0. Il ne faut pour\u00adtant pas s\u2019exa\u00adg\u00e9\u00adrer l\u2019im\u00adpor\u00adtance de ces ph\u00e9\u00adno\u00adm\u00e8nes poli\u00adtiques, la pr\u00e9\u00adsence simul\u00adta\u00adn\u00e9e de cr\u00e2nes et d\u2019ob\u00adjets nou\u00adveaux tend \u00e0 faire prendre l\u2019en\u00adsemble comme un bras\u00adsage com\u00adplet&nbsp;; mais l\u2019ex\u00adp\u00e9\u00adrience tend \u00e0 d\u00e9ga\u00adger que les grandes masses humaines changent plus rapi\u00adde\u00adment de groupe tech\u00adnique que de milieu int\u00e9\u00adrieur et de cr\u00e2ne&nbsp;: aus\u00adsi serions-nous ten\u00adt\u00e9s ici de voir dans ces gran\u00addioses mani\u00adfes\u00adta\u00adtions migra\u00adtoires une cons\u00e9\u00adquence v\u00e9ri\u00adta\u00adble\u00adment secon\u00addaire du tr\u00e8s r\u00e9el bou\u00adle\u00adver\u00adse\u00adment technique.<\/p>\n<p>Le ph\u00e9\u00adno\u00adm\u00e8ne d\u2019in\u00adven\u00adtion appa\u00adra\u00eet dans ce qui pr\u00e9\u00adc\u00e8de, carac\u00adt\u00e9\u00adri\u00ads\u00e9 par de longues p\u00e9riodes de petites inven\u00adtions (r\u00e9el\u00adle\u00adment petites ou sans cons\u00e9\u00adquences g\u00e9n\u00e9\u00adrales) entre\u00adcou\u00adp\u00e9es de courtes phases qui ins\u00adtaurent un \u00e9tat tech\u00adnique nou\u00adveau. Sur ce plan, l\u2019\u00c9\u00advo\u00adlu\u00adtion para\u00eet avoir pour cons\u00e9\u00adquences la Muta\u00adtion. S\u2019il s\u2019a\u00adgit d\u2019un ph\u00e9\u00adno\u00adm\u00e8ne tr\u00e8s g\u00e9n\u00e9\u00adral, on doit, en l\u2019a\u00adna\u00adly\u00adsant, retrou\u00adver \u00e0 la fois ses phases dans le d\u00e9tail de chaque obser\u00adva\u00adtion et son inser\u00adtion natu\u00adrelle dans tout le sys\u00adt\u00e8me de l\u2019\u00c9\u00advo\u00adlu\u00adtion tech\u00adnique. En d\u2019autres termes, les deux aspects d\u2019\u00c9\u00advo\u00adlu\u00adtion lente et minu\u00adtieuse et de Muta\u00adtion ins\u00adtan\u00adta\u00adn\u00e9e doivent r\u00e9ap\u00adpa\u00adra\u00eetre dans chaque tech\u00adnique et chaque groupe humain, de m\u00eame que l\u2019ob\u00adser\u00adva\u00adtion par\u00adtielle des seuls ph\u00e9\u00adno\u00adm\u00e8nes d\u2019in\u00adven\u00adtion doit atti\u00adrer tout un r\u00e9seau d\u2019adh\u00e9\u00adrences dans le milieu int\u00e9\u00adrieur et les emprunts.<\/p>\n<p>[\/\u200bAndr\u00e9 <sc>Leroi-Gou\u00adrhan<\/sc><br>\n<br><i>Milieu et techniques<\/i><br>\n<br>Albin Michel, 1945.\/]<\/p>\n","protected":false},"excerpt":{"rendered":"<p>Dans l\u2019\u00e9\u00adnorme masse des docu\u00adments de l\u2019His\u00adtoire de l\u2019Ar\u00adch\u00e9o\u00adlo\u00adgie et de l\u2019Eth\u00adno\u00adlo\u00adgie, il en est tr\u00e8s peu dont on pos\u00ads\u00e8de l\u2019acte de nais\u00adsance. Lors\u00adqu\u2019on d\u00e9clare que le che\u00adval domes\u00adtique appa\u00adra\u00eet pour la pre\u00admi\u00e8re fois en M\u00e9so\u00adpo\u00adta\u00admie pr\u00e9\u00adhis\u00adto\u00adrique, cela signi\u00adfie sim\u00adple\u00adment que le plus ancien docu\u00adment est tir\u00e9 de ces r\u00e9gions, mais on a de bonnes&nbsp;[\u2026]<\/p>\n","protected":false},"author":1,"featured_media":0,"comment_status":"closed","ping_status":"closed","sticky":false,"template":"","format":"standard","meta":{"wp_typography_post_enhancements_disabled":false,"footnotes":""},"categories":[382],"tags":[],"ppma_author":[540],"class_list":["post-3293","post","type-post","status-publish","format-standard","hentry","category-lunique-n16-decembre-1946"],"authors":[{"term_id":540,"user_id":1,"is_guest":0,"slug":"admin_3gikpwyf","display_name":"Vincent Dubuc","avatar_url":"https:\/\/secure.gravatar.com\/avatar\/d015720652c25fd2ced191ade86430094e1f288a17483713e3b34d26dea52507?s=96&d=mm&r=g","author_category":"","user_url":"https:\/\/la-presse-anarchiste.net","last_name":"Dubuc","first_name":"Vincent","job_title":"","description":""}],"_links":{"self":[{"href":"https:\/\/la-presse-anarchiste.net\/index.php\/wp-json\/wp\/v2\/posts\/3293","targetHints":{"allow":["GET"]}}],"collection":[{"href":"https:\/\/la-presse-anarchiste.net\/index.php\/wp-json\/wp\/v2\/posts"}],"about":[{"href":"https:\/\/la-presse-anarchiste.net\/index.php\/wp-json\/wp\/v2\/types\/post"}],"author":[{"embeddable":true,"href":"https:\/\/la-presse-anarchiste.net\/index.php\/wp-json\/wp\/v2\/users\/1"}],"replies":[{"embeddable":true,"href":"https:\/\/la-presse-anarchiste.net\/index.php\/wp-json\/wp\/v2\/comments?post=3293"}],"version-history":[{"count":0,"href":"https:\/\/la-presse-anarchiste.net\/index.php\/wp-json\/wp\/v2\/posts\/3293\/revisions"}],"wp:attachment":[{"href":"https:\/\/la-presse-anarchiste.net\/index.php\/wp-json\/wp\/v2\/media?parent=3293"}],"wp:term":[{"taxonomy":"category","embeddable":true,"href":"https:\/\/la-presse-anarchiste.net\/index.php\/wp-json\/wp\/v2\/categories?post=3293"},{"taxonomy":"post_tag","embeddable":true,"href":"https:\/\/la-presse-anarchiste.net\/index.php\/wp-json\/wp\/v2\/tags?post=3293"},{"taxonomy":"author","embeddable":true,"href":"https:\/\/la-presse-anarchiste.net\/index.php\/wp-json\/wp\/v2\/ppma_author?post=3293"}],"curies":[{"name":"wp","href":"https:\/\/api.w.org\/{rel}","templated":true}]}}