{"id":3324,"date":"2012-09-30T19:10:13","date_gmt":"2012-09-30T19:10:13","guid":{"rendered":"https:\/\/la-presse-anarchiste.net\/index.php\/2012\/09\/30\/linformation-et-la-critique-des-faits\/"},"modified":"2012-09-30T19:10:13","modified_gmt":"2012-09-30T19:10:13","slug":"linformation-et-la-critique-des-faits","status":"publish","type":"post","link":"https:\/\/la-presse-anarchiste.net\/index.php\/2012\/09\/30\/linformation-et-la-critique-des-faits\/","title":{"rendered":"L\u2019information et la critique des&nbsp;faits"},"content":{"rendered":"<div class=\"pdfprnt-buttons pdfprnt-buttons-post pdfprnt-top-right\"><a href=\"https:\/\/la-presse-anarchiste.net\/index.php\/wp-json\/wp\/v2\/posts\/3324?print=pdf\" class=\"pdfprnt-button pdfprnt-button-pdf\" target=\"_blank\"><img decoding=\"async\" src=\"https:\/\/la-presse-anarchiste.net\/wp-content\/plugins\/pdf-print\/images\/pdf.png\" alt=\"image_pdf\" title=\"Afficher le PDF\"><\/a><a href=\"https:\/\/la-presse-anarchiste.net\/index.php\/wp-json\/wp\/v2\/posts\/3324?print=print\" class=\"pdfprnt-button pdfprnt-button-print\" target=\"_blank\"><img decoding=\"async\" src=\"https:\/\/la-presse-anarchiste.net\/wp-content\/plugins\/pdf-print\/images\/print.png\" alt=\"image_print\" title=\"Contenu imprim\u00e9\"><\/a><\/div><p>Des\u00adplanques a dit dans le der\u00adnier num\u00e9\u00adro quelles sont les \u00e9tudes qui nous int\u00e9\u00adressent prin\u00adci\u00adpa\u00adle\u00adment. La cri\u00adtique sociale a \u00e9t\u00e9 abon\u00addam\u00adment faite, et tout a \u00e9t\u00e9 dit \u00e0 ce sujet. Nous vou\u00adlons aller plus loin. Au lieu de g\u00e2cher du papier \u00e0 cri\u00adti\u00adquer les ins\u00adti\u00adtu\u00adtions bour\u00adgeoises, nous vou\u00adlons \u00e9tu\u00addier les pos\u00adsi\u00adbi\u00adli\u00adt\u00e9s de nou\u00advelles formes sociales, nous occu\u00adper des ques\u00adtions d\u2019\u00e9\u00addu\u00adca\u00adtion, de l\u2019or\u00adga\u00adni\u00adsa\u00adtion com\u00admu\u00adnale, etc.,&nbsp;etc.<\/p>\n<p>D\u2019ailleurs, pour faire de la cri\u00adtique sociale, il nous fau\u00addrait para\u00eetre plus sou\u00advent. C\u2019est l\u2019ac\u00adtua\u00adli\u00adt\u00e9 qui illustre la cri\u00adtique et la rend vivante. Il y a long\u00adtemps que l\u2019ac\u00adtua\u00adli\u00adt\u00e9 est morte, lorsque les articles confi\u00e9s \u00e0 Des\u00adplanques sortent enfin du tirage. Je me h\u00e2te d\u2019a\u00adjou\u00adter que Des\u00adplanques n\u2019en est pas responsable.<\/p>\n<p>Nous trou\u00advons inutile de par\u00adler du gou\u00adver\u00adne\u00adment et de ses actes. L\u2019au\u00adto\u00adri\u00adt\u00e9 conduit tou\u00adjours aux m\u00eames abus. M.&nbsp;de Mon\u00adzie d\u00e9nie aux ins\u00adti\u00adtu\u00adteurs la liber\u00adt\u00e9 d\u2019o\u00adpi\u00adnion. M.&nbsp;Chau\u00admet agit bru\u00adta\u00adle\u00adment contre la mani\u00adfes\u00adta\u00adtion des t\u00e9l\u00e9\u00adpho\u00adnistes, dite gr\u00e8ve d\u2019a\u00adver\u00adtis\u00adse\u00adment. La poli\u00adtique colo\u00adniale de Pain\u00adle\u00adv\u00e9 est for\u00adc\u00e9\u00adment celle de tous les gou\u00adver\u00adne\u00adments pr\u00e9c\u00e9dents.<\/p>\n<p>Il fau\u00addrait aus\u00adsi des pro\u00adtes\u00adta\u00adtions sans nombre contre la poli\u00adtique des gou\u00adver\u00adne\u00adments \u00e9tran\u00adgers. Au milieu de toutes les igno\u00admi\u00adnies qui se com\u00admettent jour\u00adnel\u00adle\u00adment, il est n\u00e9ces\u00adsaire de mettre au pilo\u00adri la poli\u00adtique du gou\u00adver\u00adne\u00adment actuel de la Bul\u00adga\u00adrie. Nous sommes obli\u00adg\u00e9s de nous conten\u00adter d\u2019in\u00ads\u00e9\u00adrer la note ci-des\u00adsous qui aurait d\u00fb pas\u00adser dans un des num\u00e9\u00adros pr\u00e9c\u00e9dents&nbsp;:<\/p>\n<p>Une vague de r\u00e9ac\u00adtion f\u00e9roce s\u00e9vit en ce moment \u00e0 l\u2019Est de l\u2019Eu\u00adrope. En Bul\u00adga\u00adrie, en Pologne, en Bes\u00adsa\u00adra\u00adbie, des atro\u00adci\u00adt\u00e9s et des bar\u00adba\u00adries sans nom sont per\u00adp\u00e9\u00adtr\u00e9s dans ces pays par leurs gou\u00adver\u00adne\u00adments res\u00adpec\u00adtifs. Le sang coule en Pologne o\u00f9 des com\u00admu\u00adnistes sont condam\u00adn\u00e9s \u00e0 mort et ex\u00e9\u00adcu\u00adt\u00e9s, le sang coule \u00e0 grands flots en Bul\u00adga\u00adrie o\u00f9 le meurtre et l\u2019as\u00adsas\u00adsi\u00adnat sont deve\u00adnus l\u2019arme l\u00e9gale d\u2019un gou\u00adver\u00adne\u00adment farouche contre ouvriers et pay\u00adsans, contre anar\u00adchistes et com\u00admu\u00adnistes&nbsp;; en Bes\u00adsa\u00adra\u00adbie, des cen\u00adtaines d\u2019ou\u00advriers et pay\u00adsans attendent le m\u00eame sort aux mains du gou\u00adver\u00adne\u00adment roumain.<\/p>\n<p>Nous ne pou\u00advons pas\u00adser sous silence ces igno\u00admi\u00adnies quo\u00adti\u00addiennes d\u2019une r\u00e9ac\u00adtion en panique. Qu\u2019im\u00adportent les opi\u00adnions poli\u00adtiques des per\u00ads\u00e9\u00adcu\u00adt\u00e9s quand c\u2019est toute l\u2019hu\u00adma\u00adni\u00adt\u00e9 qui souffre du mar\u00adtyre de ses enfants&nbsp;! Qu\u2019im\u00adporte que ce soient des com\u00admu\u00adnistes qui tombent sous les coups de la bru\u00adta\u00adli\u00adt\u00e9 gou\u00adver\u00adne\u00admen\u00adtale, eux qui emploient les m\u00eames moyens de r\u00e9pres\u00adsion contre les r\u00e9vo\u00adlu\u00adtion\u00adnaires quand ils sont chez eux, en Rus\u00adsie&nbsp;! Toute notre soli\u00adda\u00adri\u00adt\u00e9 va aux r\u00e9vol\u00adt\u00e9s, quels qu\u2019ils soient. Toute notre opprobre va aux gou\u00adver\u00adne\u00adments, quels qu\u2019ils soient, eux&nbsp;aussi.<\/p>\n<p>[\/\u200bS.&nbsp;C.\/]<\/p>\n<p>[|<b>*  *  *  *<\/b>|]<br>\n<\/p>\n<p>Nous rece\u00advons une pro\u00adtes\u00adta\u00adtion d\u2019un club esp\u00e9\u00adran\u00adto de Chan\u00adga\u00ef sur la conduite de la police anglaise durant les troubles r\u00e9cents qui ont ensan\u00adglan\u00adt\u00e9 cette ville. Autant qu\u2019il nous semble, le conflit est ori\u00adgi\u00adnai\u00adre\u00adment d\u2019ordre \u00e9co\u00adno\u00admique&nbsp;: les patrons (Euro\u00adp\u00e9ens) contre leurs ouvriers (Chi\u00adnois), mais il est tout natu\u00adrel qu\u2019il d\u00e9vie en un conflit de race. Nous avons deman\u00add\u00e9 \u00e0 un de nos cama\u00adrades chi\u00adnois de nous pr\u00e9\u00adci\u00adser les faits, en rat\u00adta\u00adchant cet inci\u00addent \u00e0 la lutte uni\u00adver\u00adselle et \u00e9ternelle.<\/p>\n<p>[|<b>*  *  *  *<\/b>|]<br>\n<\/p>\n<p>Les jour\u00adnaux annoncent qu\u2019on a vol\u00e9 \u00e0 Nice, dans la vil\u00adla d\u2019un r\u00e9sident de France au Cam\u00adbodge, la sta\u00adtue en bronze d\u2019une divi\u00adni\u00adt\u00e9 indo-chi\u00adnoise, sta\u00adtue tr\u00e8s ancienne et de grande valeur. Les jour\u00adnaux ne nous disent pas o\u00f9 le r\u00e9sident au Cam\u00adbodge a lui-m\u00eame \u00ab&nbsp;ache\u00adt\u00e9&nbsp;\u00bb la statue.<\/p>\n","protected":false},"excerpt":{"rendered":"<p>Des\u00adplanques a dit dans le der\u00adnier num\u00e9\u00adro quelles sont les \u00e9tudes qui nous int\u00e9\u00adressent prin\u00adci\u00adpa\u00adle\u00adment. La cri\u00adtique sociale a \u00e9t\u00e9 abon\u00addam\u00adment faite, et tout a \u00e9t\u00e9 dit \u00e0 ce sujet. Nous vou\u00adlons aller plus loin. Au lieu de g\u00e2cher du papier \u00e0 cri\u00adti\u00adquer les ins\u00adti\u00adtu\u00adtions bour\u00adgeoises, nous vou\u00adlons \u00e9tu\u00addier les pos\u00adsi\u00adbi\u00adli\u00adt\u00e9s de nou\u00advelles formes sociales,&nbsp;[\u2026]<\/p>\n","protected":false},"author":1,"featured_media":0,"comment_status":"closed","ping_status":"closed","sticky":false,"template":"","format":"standard","meta":{"wp_typography_post_enhancements_disabled":false,"footnotes":""},"categories":[392],"tags":[],"ppma_author":[540],"class_list":["post-3324","post","type-post","status-publish","format-standard","hentry","category-plus-loin-na9-15-novembre-1925"],"authors":[{"term_id":540,"user_id":1,"is_guest":0,"slug":"admin_3gikpwyf","display_name":"Vincent Dubuc","avatar_url":"https:\/\/secure.gravatar.com\/avatar\/d015720652c25fd2ced191ade86430094e1f288a17483713e3b34d26dea52507?s=96&d=mm&r=g","author_category":"","user_url":"https:\/\/la-presse-anarchiste.net","last_name":"Dubuc","first_name":"Vincent","job_title":"","description":""}],"_links":{"self":[{"href":"https:\/\/la-presse-anarchiste.net\/index.php\/wp-json\/wp\/v2\/posts\/3324","targetHints":{"allow":["GET"]}}],"collection":[{"href":"https:\/\/la-presse-anarchiste.net\/index.php\/wp-json\/wp\/v2\/posts"}],"about":[{"href":"https:\/\/la-presse-anarchiste.net\/index.php\/wp-json\/wp\/v2\/types\/post"}],"author":[{"embeddable":true,"href":"https:\/\/la-presse-anarchiste.net\/index.php\/wp-json\/wp\/v2\/users\/1"}],"replies":[{"embeddable":true,"href":"https:\/\/la-presse-anarchiste.net\/index.php\/wp-json\/wp\/v2\/comments?post=3324"}],"version-history":[{"count":0,"href":"https:\/\/la-presse-anarchiste.net\/index.php\/wp-json\/wp\/v2\/posts\/3324\/revisions"}],"wp:attachment":[{"href":"https:\/\/la-presse-anarchiste.net\/index.php\/wp-json\/wp\/v2\/media?parent=3324"}],"wp:term":[{"taxonomy":"category","embeddable":true,"href":"https:\/\/la-presse-anarchiste.net\/index.php\/wp-json\/wp\/v2\/categories?post=3324"},{"taxonomy":"post_tag","embeddable":true,"href":"https:\/\/la-presse-anarchiste.net\/index.php\/wp-json\/wp\/v2\/tags?post=3324"},{"taxonomy":"author","embeddable":true,"href":"https:\/\/la-presse-anarchiste.net\/index.php\/wp-json\/wp\/v2\/ppma_author?post=3324"}],"curies":[{"name":"wp","href":"https:\/\/api.w.org\/{rel}","templated":true}]}}