{"id":3344,"date":"2012-10-02T04:41:02","date_gmt":"2012-10-02T04:41:02","guid":{"rendered":"https:\/\/la-presse-anarchiste.net\/index.php\/2012\/10\/02\/a-propos-dune-victoire-de-congres\/"},"modified":"2012-10-02T04:41:02","modified_gmt":"2012-10-02T04:41:02","slug":"a-propos-dune-victoire-de-congres","status":"publish","type":"post","link":"https:\/\/la-presse-anarchiste.net\/index.php\/2012\/10\/02\/a-propos-dune-victoire-de-congres\/","title":{"rendered":"\u00c0 propos d\u2019une Victoire de Congr\u00e8s"},"content":{"rendered":"<div class=\"pdfprnt-buttons pdfprnt-buttons-post pdfprnt-top-right\"><a href=\"https:\/\/la-presse-anarchiste.net\/index.php\/wp-json\/wp\/v2\/posts\/3344?print=pdf\" class=\"pdfprnt-button pdfprnt-button-pdf\" target=\"_blank\"><img decoding=\"async\" src=\"https:\/\/la-presse-anarchiste.net\/wp-content\/plugins\/pdf-print\/images\/pdf.png\" alt=\"image_pdf\" title=\"Afficher le PDF\"><\/a><a href=\"https:\/\/la-presse-anarchiste.net\/index.php\/wp-json\/wp\/v2\/posts\/3344?print=print\" class=\"pdfprnt-button pdfprnt-button-print\" target=\"_blank\"><img decoding=\"async\" src=\"https:\/\/la-presse-anarchiste.net\/wp-content\/plugins\/pdf-print\/images\/print.png\" alt=\"image_print\" title=\"Contenu imprim\u00e9\"><\/a><\/div><p>Il n\u2019est pas encore temps de por\u00adter un juge\u00adment d\u00e9fi\u00adni\u00adtif sur le grand conflit social qui, \u00e0 l\u2019heure o\u00f9 nous \u00e9cri\u00advons, se d\u00e9roule encore. Mais il n\u2019est pas super\u00adflu d\u2019en rap\u00adpe\u00adler les ori\u00adgines, du moins imm\u00e9\u00addiates. Elles remontent au Congr\u00e8s natio\u00adnal des che\u00admi\u00adnots, qui s\u2019est tenu \u00e0 Paris du 22 au 25 avril dernier.<\/p>\n<p>La lutte de ten\u00addances, \u00e0 laquelle on s\u2019attendait \u00e0 ce Congr\u00e8s, a don\u00adn\u00e9 le spec\u00adtacle \u00e9c\u0153u\u00adrant d\u2019une dis\u00adpute de poli\u00adti\u00adciens. Les uns man\u0153u\u00advraient pour conser\u00adver leur si\u00e8ge&nbsp;; les autres man\u0153u\u00advraient pour le conqu\u00e9\u00adrir. Pas une voix, autant qu\u2019il m\u2019en sou\u00advienne, n\u2019est venue \u00e9le\u00adver le d\u00e9bat au-des\u00adsus des mes\u00adquines pr\u00e9\u00adoc\u00adcu\u00adpa\u00adtions de per\u00adson\u00adna\u00adli\u00adt\u00e9s&nbsp;; pas un mili\u00adtant n\u2019a mon\u00adtr\u00e9 \u00e0 la tri\u00adbune, quelque lar\u00adgeur de&nbsp;vues.<\/p>\n<p>Du c\u00f4t\u00e9 des r\u00e9vo\u00adlu\u00adtion\u00adnaires, les \u00e9l\u00e9\u00adments s\u00e9rieux ne man\u00adquaient pas, mais ils se lais\u00ads\u00e8rent d\u00e9bor\u00adder par les h\u00e2bleurs ou les for\u00adce\u00adn\u00e9s de la dic\u00adta\u00adture du pro\u00adl\u00e9\u00adta\u00adriat, repr\u00e9\u00adsen\u00adtant sou\u00advent les moins nobles aspi\u00adra\u00adtions de la masse des nou\u00adveaux venus au syndicalisme.<\/p>\n<p>Du c\u00f4t\u00e9 des anciens diri\u00adgeants de la F\u00e9d\u00e9\u00adra\u00adtion, nulle flamme r\u00e9vo\u00adlu\u00adtion\u00adnaire, aucun d\u00e9sir v\u00e9ri\u00adtable d\u2019action. Ces hommes, d\u2019ailleurs, n\u2019ont jamais \u00e9t\u00e9 autre chose que des r\u00e9for\u00admistes&nbsp;; ils sont donc res\u00adt\u00e9s logiques avec eux-m\u00eames. Aus\u00adsi ont-ils pu affir\u00admer de bonne foi, qu\u2019ils avaient fait tout leur devoir lors de la gr\u00e8ve de f\u00e9vrier. <i>Admi\u00adnis\u00adtra\u00adti\u00adve\u00adment<\/i>, c\u2019\u00e9tait vrai. Mais la situa\u00adtion r\u00e9cla\u00admait d\u2019autres hommes que des admi\u00adnis\u00adtra\u00adteurs. Il \u00e9tait donc utile de renou\u00adve\u00adler la direc\u00adtion de l\u2019organisme central.<\/p>\n<p>Les nou\u00adveaux diri\u00adgeants, cepen\u00addant, ne font pas oublier la valeur et l\u2019exp\u00e9rience des anciens. Com\u00adment, par ailleurs, et en dehors de toute ques\u00adtion de ten\u00addance, ne pas rendre hom\u00admage au cou\u00adrage moral d\u2019un Cou\u00addun qui, devant l\u2019intol\u00e9rance mani\u00adfes\u00adt\u00e9e par ses adver\u00adsaires, osa leur dire, bra\u00advant les hu\u00e9es&nbsp;: \u00ab&nbsp;Il y a des moments o\u00f9 je me demande s\u2019il ne vau\u00addrait pas mieux conti\u00adnuer \u00e0 subir le r\u00e9gime actuel, plu\u00adt\u00f4t que d\u2019accepter le r\u00e9gime que vous vou\u00addriez nous impo\u00adser\u2026&nbsp;\u00bb Com\u00adbien j\u2019approuvais ces paroles d\u2019un ultra-mod\u00e9\u00adr\u00e9 au milieu des cir\u00adcons\u00adtances o\u00f9 elles furent dites&nbsp;!<\/p>\n<p>Bat\u00adtus sur la ques\u00adtion de leur ges\u00adtion pas\u00ads\u00e9e, les anciens diri\u00adgeants d\u00e9fen\u00addirent mol\u00adle\u00adment leur point de vue de l\u2019orientation syn\u00addi\u00adcale. Ils vou\u00adlurent lais\u00adser toute la res\u00adpon\u00adsa\u00adbi\u00adli\u00adt\u00e9 \u00e0 leurs adver\u00adsaires, mon\u00adtrant par l\u00e0 qu\u2019ils pla\u00ad\u00e7aient leur amour-propre au-des\u00adsus des int\u00e9\u00adr\u00eats de la cor\u00adpo\u00adra\u00adtion. C\u2019est ain\u00adsi que fut adop\u00adt\u00e9e, par envi\u00adron 179.000 voix contre 147.000, la motion Mon\u00admous\u00adseau, r\u00e9di\u00adg\u00e9e dit-on, par Monatte, et qui impli\u00adquait la gr\u00e8ve imm\u00e9\u00addiate et illi\u00admi\u00adt\u00e9e, ayant pour but la natio\u00adna\u00adli\u00adsa\u00adtion des che\u00admins. de&nbsp;fer.<\/p>\n<p>Qu\u2019une pareille d\u00e9ci\u00adsion f\u00fbt une lourde faute, cela ne semble pas dou\u00adteux. On ne peut d\u00e9ci\u00adder ain\u00adsi, \u00e0 froid, au cours d\u2019un tel Congr\u00e8s, un mou\u00adve\u00adment de pareille enver\u00adgure. Aus\u00adsi, nom\u00adbreux \u00e9taient les mili\u00adtants qui pen\u00adsaient que, satis\u00adfaits de leur vic\u00adtoire au Congr\u00e8s, les nou\u00adveaux membres de la F\u00e9d\u00e9\u00adra\u00adtion auraient la sagesse d\u2019attendre un moment favo\u00adrable pour enga\u00adger la bataille. D\u2019ailleurs, la reven\u00addi\u00adca\u00adtion de la natio\u00adna\u00adli\u00adsa\u00adtion, incom\u00adpl\u00e8\u00adte\u00adment \u00e9tu\u00addi\u00e9e, n\u2019avait pas encore tou\u00adch\u00e9 la masse des travailleurs.<\/p>\n<p>D\u00e9fi\u00e9s trop iro\u00adni\u00adque\u00adment par les mili\u00adtants qu\u2019ils rem\u00adpla\u00ad\u00e7aient, les nou\u00adveaux venus, piqu\u00e9s \u00e0 leur tour dans leur amour-propre, veulent mon\u00adtrer que l\u2019action ne les effraie pas. Et jouant le tout pour le tout, ils lancent l\u2019ordre de gr\u00e8ve d\u00e8s le&nbsp;29.<\/p>\n<p>Pour jus\u00adti\u00adfier leur action pr\u00e9\u00adci\u00adpi\u00adt\u00e9e, les mili\u00adtants ont fait res\u00adsor\u00adtir que les che\u00admi\u00adnots devant d\u00e9j\u00e0 bra\u00adver les sanc\u00adtions dont on les mena\u00ad\u00e7ait s\u2019ils ch\u00f4\u00admaient le 1<sup>er<\/sup> mai, cette date \u00e9tait toute indi\u00adqu\u00e9e pour enga\u00adger, du m\u00eame coup, une action de longue haleine. Cela n\u2019est qu\u2019une rai\u00adson. Il fau\u00addrait plu\u00adt\u00f4t rap\u00adpe\u00adler que le mou\u00adve\u00adment devait \u00eatre men\u00e9 en pleine entente avec la C.G.T., et que celle-ci ne fut pri\u00e9e de don\u00adner non pas son avis, mais son appui, qu\u2019une fois l\u2019ordre de gr\u00e8ve lan\u00adc\u00e9. La C.G.T. a fait d\u2019ailleurs, contre mau\u00advaise for\u00adtune, bon c\u0153ur. Et depuis le com\u00admen\u00adce\u00adment elle s\u2019est employ\u00e9e de toutes ses forces, \u00e0 faire abou\u00adtir le mouvement.<\/p>\n<p>Qu\u2019elle n\u2019ait pas \u00e9t\u00e9 heu\u00adreuse dans tous ses gestes, c\u2019est pos\u00adsible, mais il faut consi\u00add\u00e9\u00adrer que son action a \u00e9t\u00e9 ren\u00addue dif\u00adfi\u00adcile par l\u2019attitude de la F\u00e9d\u00e9\u00adra\u00adtion, dont le sou\u00adci essen\u00adtiel semble avoir \u00e9t\u00e9 d\u2019esquiver et de reje\u00adter sur la C.G.T. toutes les res\u00adpon\u00adsa\u00adbi\u00adli\u00adt\u00e9s assu\u00adm\u00e9es par&nbsp;elle.<\/p>\n<p>Du c\u00f4t\u00e9 des anciens diri\u00adgeants de la F\u00e9d\u00e9\u00adra\u00adtion, cer\u00adtains ont eu assez d\u2019abn\u00e9gation pour se mettre au ser\u00advice de l\u2019action qu\u2019ils avaient d\u00e9con\u00adseill\u00e9e. D\u2019autres, par contre, eurent un r\u00f4le moins brillant et se ven\u00adg\u00e8rent de leur \u00e9chec per\u00adson\u00adnel en por\u00adtant sour\u00adde\u00adment entrave \u00e0 la&nbsp;gr\u00e8ve.<\/p>\n<p>Nous n\u2019avons pas ici \u00e0 condam\u00adner les ini\u00adtia\u00adteurs du mou\u00adve\u00adment. Si celui-ci \u00e9choue, ils seront suf\u00adfi\u00adsam\u00adment mau\u00addits et on leur repro\u00adche\u00adra jusqu\u2019\u00e0 leur saine action. Leur faute n\u2019en aura pas moins \u00e9t\u00e9 grave d\u2019avoir agi \u00e0 la l\u00e9g\u00e8re et en grande par\u00adtie pour une satis\u00adfac\u00adtion personnelle.<\/p>\n<p>Nous ne retra\u00adce\u00adrons pas les p\u00e9ri\u00adp\u00e9\u00adties de la gr\u00e8ve. Obser\u00advons seule\u00adment que les che\u00admi\u00adnots ont tenu d\u2019une fa\u00e7on abso\u00adlu\u00adment remar\u00adquable et ines\u00adp\u00e9\u00adr\u00e9e, la gr\u00e8ve \u00e9tant qua\u00adsi g\u00e9n\u00e9\u00adrale dans les trois prin\u00adci\u00adpaux r\u00e9seaux. Obser\u00advons encore que par\u00admi les cor\u00adpo\u00adra\u00adtions lan\u00adc\u00e9es ensuite dans l\u2019action, plu\u00adsieurs, tels les mineurs et les ins\u00adcrits, ont r\u00e9pon\u00addu d\u2019une fa\u00e7on admi\u00adrable&nbsp;; que nombre de centres de pro\u00advince ont mar\u00adch\u00e9 avec une foi et une una\u00adni\u00admi\u00adt\u00e9 magni\u00adfiques&nbsp;; que, par contre, Paris n\u2019a pas r\u00e9pon\u00addu aux espoirs que l\u2019on avait fon\u00add\u00e9 sur lui, et ce pour des rai\u00adsons qu\u2019il serait trop long d\u2019examiner ici.<\/p>\n<p>Remar\u00adquons, en outre, que rare\u00adment mou\u00adve\u00adment fut vic\u00adtime d\u2019une si abo\u00admi\u00adnable cam\u00adpagne de men\u00adsonges de la part de la grande presse. Celle-ci est par\u00adve\u00adnue, en par\u00adtie gr\u00e2ce aux dis\u00adpo\u00adsi\u00adtions sp\u00e9\u00adciales prises par les Com\u00adpa\u00adgnies, \u00e0 convaincre la popu\u00adla\u00adtion pari\u00adsienne de l\u2019inexistence vir\u00adtuelle de la&nbsp;gr\u00e8ve.<\/p>\n<p>Au cours du conflit, le gou\u00adver\u00adne\u00adment Mil\u00adle\u00adrand s\u2019est mon\u00adtr\u00e9, dans la plus pleine accep\u00adtion du terme, le d\u00e9fen\u00adseur des int\u00e9\u00adr\u00eats capi\u00adta\u00adlistes. Ne pre\u00adnons pas trop au s\u00e9rieux cepen\u00addant, sa menace de dis\u00adso\u00adlu\u00adtion de la C.G.T., mesure exi\u00adg\u00e9e par la toute puis\u00adsante r\u00e9ac\u00adtion, mais contre laquelle\u200a\u2014\u200ail le sait bien\u200a\u2014\u200aun mil\u00adlion et demi d\u2019ouvriers se l\u00e8ve\u00adront comme un seul homme, le cas \u00e9ch\u00e9ant. Que les gr\u00e9\u00advistes \u00e9prouvent un \u00e9chec, la vic\u00adtoire du patro\u00adnat ne sera que momen\u00adta\u00adn\u00e9e. Il conna\u00ee\u00adtra bien\u00adt\u00f4t l\u2019\u00e9tendue de sa d\u00e9faite. La d\u00e9sor\u00adga\u00adni\u00adsa\u00adtion, l\u2019\u00e9tat de pr\u00e9\u00adca\u00adri\u00adt\u00e9 des trans\u00adports, por\u00adt\u00e9s \u00e0 leur comble, le d\u00e9go\u00fbt du tra\u00advail engen\u00addrant la sous-pro\u00adduc\u00adtion, for\u00adce\u00adront, plus t\u00f4t qu\u2019ils ne le pensent, les pos\u00ads\u00e9\u00addants \u00e0 consen\u00adtir \u00e0 une v\u00e9ri\u00adtable r\u00e9or\u00adga\u00adni\u00adsa\u00adtion des che\u00admins de&nbsp;fer.<\/p>\n<p>[\/\u200bJacques <sc>Reclus<\/sc>.\/\u200b]<\/p>\n","protected":false},"excerpt":{"rendered":"<p>Il n\u2019est pas encore temps de por\u00adter un juge\u00adment d\u00e9fi\u00adni\u00adtif sur le grand conflit social qui, \u00e0 l\u2019heure o\u00f9 nous \u00e9cri\u00advons, se d\u00e9roule encore. Mais il n\u2019est pas super\u00adflu d\u2019en rap\u00adpe\u00adler les ori\u00adgines, du moins imm\u00e9\u00addiates. Elles remontent au Congr\u00e8s natio\u00adnal des che\u00admi\u00adnots, qui s\u2019est tenu \u00e0 Paris du 22 au 25 avril der\u00adnier.&nbsp;La&nbsp;[\u2026]<\/p>\n","protected":false},"author":1,"featured_media":0,"comment_status":"closed","ping_status":"closed","sticky":false,"template":"","format":"standard","meta":{"wp_typography_post_enhancements_disabled":false,"footnotes":""},"categories":[394],"tags":[],"ppma_author":[540],"class_list":["post-3344","post","type-post","status-publish","format-standard","hentry","category-les-temps-nouveaux-na11-15-mai-1920"],"authors":[{"term_id":540,"user_id":1,"is_guest":0,"slug":"admin_3gikpwyf","display_name":"Vincent Dubuc","avatar_url":"https:\/\/secure.gravatar.com\/avatar\/d015720652c25fd2ced191ade86430094e1f288a17483713e3b34d26dea52507?s=96&d=mm&r=g","author_category":"","user_url":"https:\/\/la-presse-anarchiste.net","last_name":"Dubuc","first_name":"Vincent","job_title":"","description":""}],"_links":{"self":[{"href":"https:\/\/la-presse-anarchiste.net\/index.php\/wp-json\/wp\/v2\/posts\/3344","targetHints":{"allow":["GET"]}}],"collection":[{"href":"https:\/\/la-presse-anarchiste.net\/index.php\/wp-json\/wp\/v2\/posts"}],"about":[{"href":"https:\/\/la-presse-anarchiste.net\/index.php\/wp-json\/wp\/v2\/types\/post"}],"author":[{"embeddable":true,"href":"https:\/\/la-presse-anarchiste.net\/index.php\/wp-json\/wp\/v2\/users\/1"}],"replies":[{"embeddable":true,"href":"https:\/\/la-presse-anarchiste.net\/index.php\/wp-json\/wp\/v2\/comments?post=3344"}],"version-history":[{"count":0,"href":"https:\/\/la-presse-anarchiste.net\/index.php\/wp-json\/wp\/v2\/posts\/3344\/revisions"}],"wp:attachment":[{"href":"https:\/\/la-presse-anarchiste.net\/index.php\/wp-json\/wp\/v2\/media?parent=3344"}],"wp:term":[{"taxonomy":"category","embeddable":true,"href":"https:\/\/la-presse-anarchiste.net\/index.php\/wp-json\/wp\/v2\/categories?post=3344"},{"taxonomy":"post_tag","embeddable":true,"href":"https:\/\/la-presse-anarchiste.net\/index.php\/wp-json\/wp\/v2\/tags?post=3344"},{"taxonomy":"author","embeddable":true,"href":"https:\/\/la-presse-anarchiste.net\/index.php\/wp-json\/wp\/v2\/ppma_author?post=3344"}],"curies":[{"name":"wp","href":"https:\/\/api.w.org\/{rel}","templated":true}]}}