{"id":3351,"date":"2012-10-02T04:40:56","date_gmt":"2012-10-02T04:40:56","guid":{"rendered":"https:\/\/la-presse-anarchiste.net\/index.php\/2012\/10\/02\/notre-fete-du-15-avril\/"},"modified":"2012-10-02T04:40:56","modified_gmt":"2012-10-02T04:40:56","slug":"notre-fete-du-15-avril","status":"publish","type":"post","link":"https:\/\/la-presse-anarchiste.net\/index.php\/2012\/10\/02\/notre-fete-du-15-avril\/","title":{"rendered":"Notre f\u00eate du 15&nbsp;avril"},"content":{"rendered":"<div class=\"pdfprnt-buttons pdfprnt-buttons-post pdfprnt-top-right\"><a href=\"https:\/\/la-presse-anarchiste.net\/index.php\/wp-json\/wp\/v2\/posts\/3351?print=pdf\" class=\"pdfprnt-button pdfprnt-button-pdf\" target=\"_blank\"><img decoding=\"async\" src=\"https:\/\/la-presse-anarchiste.net\/wp-content\/plugins\/pdf-print\/images\/pdf.png\" alt=\"image_pdf\" title=\"Afficher le PDF\"><\/a><a href=\"https:\/\/la-presse-anarchiste.net\/index.php\/wp-json\/wp\/v2\/posts\/3351?print=print\" class=\"pdfprnt-button pdfprnt-button-print\" target=\"_blank\"><img decoding=\"async\" src=\"https:\/\/la-presse-anarchiste.net\/wp-content\/plugins\/pdf-print\/images\/print.png\" alt=\"image_print\" title=\"Contenu imprim\u00e9\"><\/a><\/div><p>Au point de vue artis\u00adtique, la soi\u00adr\u00e9e que nous avons orga\u00adni\u00ads\u00e9e le 15 avril der\u00adnier au b\u00e9n\u00e9\u00adfice des pri\u00adson\u00adniers russes en France, a obte\u00adnu une pleine r\u00e9us\u00adsite. Il n\u2019en pou\u00advait \u00eatre autre\u00adment, d\u2019ailleurs, \u00e9tant donne la valeur excep\u00adtion\u00adnelle des artistes qui ont pr\u00ea\u00adt\u00e9 leur concours au concert.<\/p>\n<p>Le r\u00e9sul\u00adtat cher\u00adch\u00e9, cepen\u00addant, a \u00e9t\u00e9 loin d\u2019\u00eatre atteint. Tablant sur nos propres sen\u00adti\u00adments, nous nous figu\u00adrions que le sort des pri\u00adson\u00adniers russes avait pro\u00adfon\u00add\u00e9\u00adment \u00e9mu les cours popu\u00adlaires et que ceux-ci r\u00e9pon\u00addraient una\u00adni\u00adme\u00adment \u00e0 notre appel \u00e0 la soli\u00adda\u00adri\u00adt\u00e9. Nous avons pu consta\u00adter qu\u2019au fond, la foule \u00e9tait indif\u00adf\u00e9\u00adrente aux mis\u00e8res des sol\u00addats russes. Ce n\u2019est pour\u00adtant pas faute d\u2019avoir applau\u00addi aux ordres du jour \u00ab&nbsp;\u00e9ner\u00adgiques&nbsp;\u00bb adop\u00adt\u00e9s dans les r\u00e9unions ouvri\u00e8res. Mais on est fix\u00e9 sur la valeur de telles manifestations.<\/p>\n<p>Moins brillante a \u00e9t\u00e9 l\u2019attitude de Russes que nous escomp\u00adtions voir assis\u00adter en nombre \u00e0 notre mani\u00adfes\u00adta\u00adtion, en rai\u00adson de l\u2019indignation mani\u00adfes\u00adt\u00e9e par eux en ce qui concerne la situa\u00adtion faite \u00e0 leurs mal\u00adheu\u00adreux com\u00adpa\u00adtriotes. Mais nous avions comp\u00adt\u00e9 sans l\u2019esprit de sec\u00adta\u00adrisme qui n\u2019est pas un des moindres \u00e9l\u00e9\u00adments de mes\u00adqui\u00adne\u00adrie de cer\u00adtains milieux dits avan\u00adc\u00e9s. Nous avons retrou\u00adv\u00e9 ce m\u00eame esprit chez des quo\u00adti\u00addiens socia\u00adlistes dont cer\u00adtains n\u2019ont pas, une seule fois, ins\u00e9\u00adr\u00e9 notre appel. Il faut mettre \u00e0 part la <i>Bataille<\/i>, qui nous a pr\u00ea\u00adt\u00e9 le plus large appui et qui a \u00e9t\u00e9 jusqu\u2019\u00e0 repro\u00adduire le magni\u00adfique des\u00adsin de Stein\u00adlen dont nous avions gar\u00adni nos affiches.<\/p>\n<p>Entre autres consta\u00adta\u00adtions, il en est une que nous avons eu l\u2019occasion de refaire&nbsp;: c\u2019est que les ouvriers donnent rare\u00adment leur tra\u00advail pour un but de pro\u00adpa\u00adgande ou de soli\u00adda\u00adri\u00adt\u00e9 d\u00e9pas\u00adsant le cadre cor\u00adpo\u00adra\u00adtif. Il arrive m\u00eame que le syn\u00addi\u00adqu\u00e9 pro\u00adfi\u00adte\u00adra de ce qu\u2019il apporte son tra\u00advail \u00e0 une \u0153uvre entre\u00adprise par des \u00ab&nbsp;cama\u00adrades&nbsp;\u00bb pour estam\u00adper roya\u00adle\u00adment ces derniers.<\/p>\n<p>Voi\u00adci main\u00adte\u00adnant le r\u00e9sul\u00adt\u00e2t finan\u00adcier de notre tentative&nbsp;:<\/p>\n<p>Les <i>recettes<\/i>, d\u00e9fal\u00adca\u00adtion faite de la taxe, s\u2019\u00e9l\u00e8vent \u00e0 713 francs. Ce chiffre se d\u00e9com\u00adpose comme suit&nbsp;: Vente d\u2019environ 200 entr\u00e9es-pro\u00adgrammes \u00e0 2&nbsp;fr&nbsp;50&nbsp;; pro\u00adduit d\u2019une col\u00adlecte (envi\u00adron 16o francs) faite au cours du concert&nbsp;; acces\u00adsoi\u00adre\u00adment, vente de quelques exem\u00adplaires du tirage \u00e0 part de l\u2019affiche de Stein\u00adlen et vente de quelques exem\u00adplaires des <i>Temps Nou\u00adveaux<\/i>. Enfin, 50 francs de sous\u00adcrip\u00adtion (J. Grave, 10 fr.&nbsp;; Gil\u00adbert, 20 fr.&nbsp;; P. Reclus, 20&nbsp;fr.).<\/p>\n<p>Les <i>d\u00e9penses<\/i> s\u2019\u00e9tablissent comme&nbsp;suit&nbsp;:<br>\n&nbsp;<\/p>\n<table>\n<tbody>\n<tr class=\"row_even\">\n<td>Affiches (grand cli\u00adch\u00e9 du des\u00adsin de Stein\u00adlen, com\u00adpo\u00adsi\u00adtion, tirage, timbres, affi\u00adchage). (L\u2019affichage ayant \u00e9t\u00e9 assu\u00adr\u00e9 par nos propres moyens, les frais en sont r\u00e9duits au minimum)<\/td>\n<td>Fr. 225<\/td>\n<\/tr>\n<tr class=\"row_odd\">\n<td>Pro\u00adgrammes (petit cli\u00adch\u00e9 du des\u00adsin, com\u00adpo\u00adsi\u00adtion, tirage, etc.)<\/td>\n<td>&nbsp;\u00bb 220&nbsp;<\/td>\n<\/tr>\n<tr class=\"row_even\">\n<td>Loca\u00adtion de la&nbsp;salle&nbsp;<\/td>\n<td>&nbsp;\u00bb 400&nbsp;<\/td>\n<\/tr>\n<tr class=\"row_odd\">\n<td> Indem\u00adni\u00adsa\u00adtion de cinq artistes&nbsp;<\/td>\n<td>&nbsp;\u00bb 395&nbsp;<\/td>\n<\/tr>\n<tr class=\"row_even\">\n<td> Trans\u00adport du&nbsp;piano&nbsp;<\/td>\n<td> &nbsp;\u00bb 55&nbsp;<\/td>\n<\/tr>\n<tr class=\"row_odd\">\n<td> Divers&nbsp;<\/td>\n<td>&nbsp;\u00bb 52&nbsp;<\/td>\n<\/tr>\n<tr class=\"row_even\">\n<td> <\/td>\n<td> <\/td>\n<\/tr>\n<tr class=\"row_odd\">\n<td> Total&nbsp;<\/td>\n<td> Fr. 1.347 <\/td>\n<\/tr>\n<\/tbody>\n<\/table>\n<p>Le d\u00e9fi\u00adcit s\u2019\u00e9l\u00e8ve donc \u00e0 634 francs. Com\u00adment sera-t-il com\u00adbl\u00e9&nbsp;? <i>That is the ques\u00adtion<\/i>.<\/p>\n<p>[\/J.R.\/]<\/p>\n<h2>L\u2019affiche de Steinlein<\/h2>\n<p>Nous avons fait faire un tirage \u00e0 part (29 x 43) du c\u00e9l\u00e8bre des\u00adsin de Stein\u00adlen <i>Sur la terre enne\u00admie, les pri\u00adson\u00adniers russes meurent de faim<\/i>. Le pro\u00adduit de la vente de ce des\u00adsin contri\u00adbue\u00adra \u00e0 com\u00adbler le d\u00e9fi\u00adcit de la soi\u00adr\u00e9e artis\u00adtique. Nous prions donc tous nos amis \u00e0 pla\u00adcer autant d\u2019exemplaires qu\u2019ils pour\u00adront. L\u2019exemplaire exp\u00e9\u00addi\u00e9 fran\u00adco, en tube, 1 fr. 50. Les dix, 12&nbsp;fr.<\/p>\n","protected":false},"excerpt":{"rendered":"<p>Au point de vue artis\u00adtique, la soi\u00adr\u00e9e que nous avons orga\u00adni\u00ads\u00e9e le 15 avril der\u00adnier au b\u00e9n\u00e9\u00adfice des pri\u00adson\u00adniers russes en France, a obte\u00adnu une pleine r\u00e9us\u00adsite. Il n\u2019en pou\u00advait \u00eatre autre\u00adment, d\u2019ailleurs, \u00e9tant donne la valeur excep\u00adtion\u00adnelle des artistes qui ont pr\u00ea\u00adt\u00e9 leur concours au concert. Le r\u00e9sul\u00adtat cher\u00adch\u00e9, cepen\u00addant, a \u00e9t\u00e9 loin d\u2019\u00eatre [\u2026]<\/p>\n","protected":false},"author":1,"featured_media":0,"comment_status":"closed","ping_status":"closed","sticky":false,"template":"","format":"standard","meta":{"wp_typography_post_enhancements_disabled":false,"footnotes":""},"categories":[394],"tags":[],"ppma_author":[540],"class_list":["post-3351","post","type-post","status-publish","format-standard","hentry","category-les-temps-nouveaux-na11-15-mai-1920"],"authors":[{"term_id":540,"user_id":1,"is_guest":0,"slug":"admin_3gikpwyf","display_name":"Vincent Dubuc","avatar_url":"https:\/\/secure.gravatar.com\/avatar\/d015720652c25fd2ced191ade86430094e1f288a17483713e3b34d26dea52507?s=96&d=mm&r=g","author_category":"","user_url":"https:\/\/la-presse-anarchiste.net","last_name":"Dubuc","first_name":"Vincent","job_title":"","description":""}],"_links":{"self":[{"href":"https:\/\/la-presse-anarchiste.net\/index.php\/wp-json\/wp\/v2\/posts\/3351","targetHints":{"allow":["GET"]}}],"collection":[{"href":"https:\/\/la-presse-anarchiste.net\/index.php\/wp-json\/wp\/v2\/posts"}],"about":[{"href":"https:\/\/la-presse-anarchiste.net\/index.php\/wp-json\/wp\/v2\/types\/post"}],"author":[{"embeddable":true,"href":"https:\/\/la-presse-anarchiste.net\/index.php\/wp-json\/wp\/v2\/users\/1"}],"replies":[{"embeddable":true,"href":"https:\/\/la-presse-anarchiste.net\/index.php\/wp-json\/wp\/v2\/comments?post=3351"}],"version-history":[{"count":0,"href":"https:\/\/la-presse-anarchiste.net\/index.php\/wp-json\/wp\/v2\/posts\/3351\/revisions"}],"wp:attachment":[{"href":"https:\/\/la-presse-anarchiste.net\/index.php\/wp-json\/wp\/v2\/media?parent=3351"}],"wp:term":[{"taxonomy":"category","embeddable":true,"href":"https:\/\/la-presse-anarchiste.net\/index.php\/wp-json\/wp\/v2\/categories?post=3351"},{"taxonomy":"post_tag","embeddable":true,"href":"https:\/\/la-presse-anarchiste.net\/index.php\/wp-json\/wp\/v2\/tags?post=3351"},{"taxonomy":"author","embeddable":true,"href":"https:\/\/la-presse-anarchiste.net\/index.php\/wp-json\/wp\/v2\/ppma_author?post=3351"}],"curies":[{"name":"wp","href":"https:\/\/api.w.org\/{rel}","templated":true}]}}