{"id":3379,"date":"2012-10-03T05:35:50","date_gmt":"2012-10-03T05:35:50","guid":{"rendered":"https:\/\/la-presse-anarchiste.net\/index.php\/2012\/10\/03\/le-coin-des-lecteurs-5\/"},"modified":"2012-10-03T05:35:50","modified_gmt":"2012-10-03T05:35:50","slug":"le-coin-des-lecteurs-5","status":"publish","type":"post","link":"https:\/\/la-presse-anarchiste.net\/index.php\/2012\/10\/03\/le-coin-des-lecteurs-5\/","title":{"rendered":"Le coin des lecteurs"},"content":{"rendered":"<div class=\"pdfprnt-buttons pdfprnt-buttons-post pdfprnt-top-right\"><a href=\"https:\/\/la-presse-anarchiste.net\/index.php\/wp-json\/wp\/v2\/posts\/3379?print=pdf\" class=\"pdfprnt-button pdfprnt-button-pdf\" target=\"_blank\"><img decoding=\"async\" src=\"https:\/\/la-presse-anarchiste.net\/wp-content\/plugins\/pdf-print\/images\/pdf.png\" alt=\"image_pdf\" title=\"Afficher le PDF\"><\/a><a href=\"https:\/\/la-presse-anarchiste.net\/index.php\/wp-json\/wp\/v2\/posts\/3379?print=print\" class=\"pdfprnt-button pdfprnt-button-print\" target=\"_blank\"><img decoding=\"async\" src=\"https:\/\/la-presse-anarchiste.net\/wp-content\/plugins\/pdf-print\/images\/print.png\" alt=\"image_print\" title=\"Contenu imprim\u00e9\"><\/a><\/div><p>L\u2019autre jour dans un caf\u00e9, \u00e0 C\u00e9ret, o\u00f9 j\u2019\u00e9mettais quelques id\u00e9es anar\u00adchistes, un fou\u00adgueux r\u00e9ac\u00adtion\u00adnaire m\u2019a trai\u00adt\u00e9 d\u2019apache. Habi\u00adtu\u00e9 \u00e0 ce genre d\u2019apostrophe, je ne pro\u00adtes\u00adtai point, et, comme je conti\u00adnuais mes d\u00e9cla\u00adra\u00adtions, mon inter\u00adrup\u00adteur entra dans une fureur indes\u00adcrip\u00adtible, m\u2019adressant de nou\u00adveau l\u2019\u00e9pith\u00e8te ci-des\u00adsus, me com\u00adpa\u00adrant \u00e0 Bon\u00adnot, et r\u00e9cla\u00admant la guillo\u00adtine pour d\u00e9bar\u00adras\u00adser la terre de la ver\u00admine anarchiste.&nbsp;.<\/p>\n<p>Sa col\u00e8re allait gran\u00addis\u00adsant au fur et \u00e0 mesure que je par\u00adlais, jusqu\u2019\u00e0 ce que je lui demandai&nbsp;:<\/p>\n<p>\u00ab&nbsp;Qu\u2019est-ce qu\u2019un anar\u00adchiste&nbsp;? Et qu\u2019\u00e9tait Bonnot&nbsp;?&nbsp;\u00bb<\/p>\n<p>L\u2019homme res\u00adta coi. Je conclus qu\u2019il avait, comme beau\u00adcoup d\u2019autres, le cer\u00adveau far\u00adci d\u2019id\u00e9es pr\u00e9con\u00e7ues.<\/p>\n<p>Ils sont \u00e9ton\u00adn\u00e9s quand on leur dit&nbsp;: l\u2019anarchie est une <i>morale<\/i>, une morale \u00e0 base com\u00admu\u00adniste et libre&nbsp;; nous sommes par cons\u00e9\u00adquent anti\u00adca\u00adpi\u00adta\u00adlistes et inter\u00adna\u00adtio\u00adna\u00adlistes&nbsp;; nous ne recon\u00adnais\u00adsons aucune sou\u00adve\u00adrai\u00adne\u00adt\u00e9&nbsp;; un indi\u00advi\u00addu, si avan\u00adc\u00e9 qu\u2019il soit, qui accepte un man\u00addat \u00e9lec\u00adtif, ne peut \u00eatre anar\u00adchiste. L\u2019anarchiste n\u2019admet pas de para\u00adsites, <i>et doit vivre de son tra\u00advail<\/i>.<\/p>\n<p>Notre seul d\u00e9sir est de vou\u00adloir faire dis\u00adpa\u00adra\u00eetre l\u2019exploitation.<\/p>\n<p>Dans la r\u00e9gion de C\u00e9ret, par exemple, o\u00f9 les salaires sont d\u00e9ri\u00adsoires, les ouvriers ne devraient-ils pas s\u2019unir pour r\u00e9sis\u00adter \u00e0 l\u2019exploitation&nbsp;; pour arri\u00adver \u00e0 se nour\u00adrir conve\u00adna\u00adble\u00adment et satis\u00adfaire \u00e0 leurs besoins, pour lut\u00adter en vue de la dis\u00adpa\u00adri\u00adtion de la soci\u00e9\u00adt\u00e9 capitaliste&nbsp;?<\/p>\n<p>Vive l\u2019action directe&nbsp;! Vive l\u2019action syndicale&nbsp;!<br>\n&nbsp;<br>\n[\/\u200bJacques sc&gt;Noell.<br>\n<br>Espa\u00addrilleur, \u00e0&nbsp;C\u00e9ret.\/]<\/p>\n","protected":false},"excerpt":{"rendered":"<p>L\u2019autre jour dans un caf\u00e9, \u00e0 C\u00e9ret, o\u00f9 j\u2019\u00e9mettais quelques id\u00e9es anar\u00adchistes, un fou\u00adgueux r\u00e9ac\u00adtion\u00adnaire m\u2019a trai\u00adt\u00e9 d\u2019apache. Habi\u00adtu\u00e9 \u00e0 ce genre d\u2019apostrophe, je ne pro\u00adtes\u00adtai point, et, comme je conti\u00adnuais mes d\u00e9cla\u00adra\u00adtions, mon inter\u00adrup\u00adteur entra dans une fureur indes\u00adcrip\u00adtible, m\u2019adressant de nou\u00adveau l\u2019\u00e9pith\u00e8te ci-des\u00ad\u00adsus, me com\u00adpa\u00adrant \u00e0 Bon\u00adnot, et r\u00e9cla\u00admant la guillo\u00adtine pour d\u00e9barrasser&nbsp;[\u2026]<\/p>\n","protected":false},"author":1,"featured_media":0,"comment_status":"closed","ping_status":"closed","sticky":false,"template":"","format":"standard","meta":{"wp_typography_post_enhancements_disabled":false,"footnotes":""},"categories":[396],"tags":[],"ppma_author":[540],"class_list":["post-3379","post","type-post","status-publish","format-standard","hentry","category-les-temps-nouveaux-na13-15-juillet-1920"],"authors":[{"term_id":540,"user_id":1,"is_guest":0,"slug":"admin_3gikpwyf","display_name":"Vincent Dubuc","avatar_url":"https:\/\/secure.gravatar.com\/avatar\/d015720652c25fd2ced191ade86430094e1f288a17483713e3b34d26dea52507?s=96&d=mm&r=g","author_category":"","user_url":"https:\/\/la-presse-anarchiste.net","last_name":"Dubuc","first_name":"Vincent","job_title":"","description":""}],"_links":{"self":[{"href":"https:\/\/la-presse-anarchiste.net\/index.php\/wp-json\/wp\/v2\/posts\/3379","targetHints":{"allow":["GET"]}}],"collection":[{"href":"https:\/\/la-presse-anarchiste.net\/index.php\/wp-json\/wp\/v2\/posts"}],"about":[{"href":"https:\/\/la-presse-anarchiste.net\/index.php\/wp-json\/wp\/v2\/types\/post"}],"author":[{"embeddable":true,"href":"https:\/\/la-presse-anarchiste.net\/index.php\/wp-json\/wp\/v2\/users\/1"}],"replies":[{"embeddable":true,"href":"https:\/\/la-presse-anarchiste.net\/index.php\/wp-json\/wp\/v2\/comments?post=3379"}],"version-history":[{"count":0,"href":"https:\/\/la-presse-anarchiste.net\/index.php\/wp-json\/wp\/v2\/posts\/3379\/revisions"}],"wp:attachment":[{"href":"https:\/\/la-presse-anarchiste.net\/index.php\/wp-json\/wp\/v2\/media?parent=3379"}],"wp:term":[{"taxonomy":"category","embeddable":true,"href":"https:\/\/la-presse-anarchiste.net\/index.php\/wp-json\/wp\/v2\/categories?post=3379"},{"taxonomy":"post_tag","embeddable":true,"href":"https:\/\/la-presse-anarchiste.net\/index.php\/wp-json\/wp\/v2\/tags?post=3379"},{"taxonomy":"author","embeddable":true,"href":"https:\/\/la-presse-anarchiste.net\/index.php\/wp-json\/wp\/v2\/ppma_author?post=3379"}],"curies":[{"name":"wp","href":"https:\/\/api.w.org\/{rel}","templated":true}]}}