{"id":3386,"date":"2012-10-04T11:15:42","date_gmt":"2012-10-04T11:15:42","guid":{"rendered":"https:\/\/la-presse-anarchiste.net\/index.php\/2012\/10\/04\/sur-le-federalisme\/"},"modified":"2012-10-04T11:15:42","modified_gmt":"2012-10-04T11:15:42","slug":"sur-le-federalisme","status":"publish","type":"post","link":"https:\/\/la-presse-anarchiste.net\/index.php\/2012\/10\/04\/sur-le-federalisme\/","title":{"rendered":"Sur le f\u00e9d\u00e9ralisme"},"content":{"rendered":"<div class=\"pdfprnt-buttons pdfprnt-buttons-post pdfprnt-top-right\"><a href=\"https:\/\/la-presse-anarchiste.net\/index.php\/wp-json\/wp\/v2\/posts\/3386?print=pdf\" class=\"pdfprnt-button pdfprnt-button-pdf\" target=\"_blank\"><img decoding=\"async\" src=\"https:\/\/la-presse-anarchiste.net\/wp-content\/plugins\/pdf-print\/images\/pdf.png\" alt=\"image_pdf\" title=\"Afficher le PDF\"><\/a><a href=\"https:\/\/la-presse-anarchiste.net\/index.php\/wp-json\/wp\/v2\/posts\/3386?print=print\" class=\"pdfprnt-button pdfprnt-button-print\" target=\"_blank\"><img decoding=\"async\" src=\"https:\/\/la-presse-anarchiste.net\/wp-content\/plugins\/pdf-print\/images\/print.png\" alt=\"image_print\" title=\"Contenu imprim\u00e9\"><\/a><\/div><p>[|(III)|]<br>\n<\/p>\n<p>Et si l\u2019on me demande pour\u00adquoi, mal\u00adgr\u00e9 le prix sou\u00advent ter\u00adrible qui a \u00e9t\u00e9 pay\u00e9, car je n\u2019i\u00adgnore pas les m\u00e9faits du cen\u00adtra\u00adlisme fran\u00ad\u00e7ais et de ce qu\u2019a repr\u00e9\u00adsen\u00adt\u00e9 l\u2019ex\u00adten\u00adsion du des\u00adpo\u00adtisme \u00e9ta\u00adtique, pour\u00adquoi je consi\u00add\u00e8re que les rois uni\u00adfi\u00adca\u00adteurs ont fait \u0153uvre utile, mal\u00adgr\u00e9 la sup\u00adpres\u00adsion des liber\u00adt\u00e9s pro\u00advin\u00adciales, ou r\u00e9gio\u00adnales, je r\u00e9pon\u00addrai qu\u2019\u00e0 part la dis\u00adpa\u00adri\u00adtion des luttes et des anta\u00adgo\u00adnismes entre pro\u00advinces et r\u00e9gions, il est un fait qui domine tous les autres&nbsp;: le d\u00e9ve\u00adlop\u00adpe\u00adment de la civi\u00adli\u00adsa\u00adtion est impen\u00adsable sans les contacts humains per\u00adma\u00adnents aus\u00adsi larges que pos\u00adsible. La culture, la science, les hautes connais\u00adsances qui illu\u00adminent la voie du pro\u00adgr\u00e8s et d\u2019o\u00f9 naissent des tech\u00adniques diverses, les per\u00adfec\u00adtion\u00adne\u00adments indus\u00adtriels, les am\u00e9\u00adlio\u00adra\u00adtions \u00e9co\u00adno\u00admiques, la pen\u00ads\u00e9e phi\u00adlo\u00adso\u00adphique, tous les arts, tout ce qui fait la gran\u00addeur de l\u2019hu\u00adma\u00adni\u00adt\u00e9, tout ce qui a ren\u00addu pos\u00adsible sa vie, et la lutte contre la famine et les fl\u00e9aux qui l\u2019ont si long\u00adtemps d\u00e9ci\u00adm\u00e9e, impliquent un \u00e9change conti\u00adnuel, un contact per\u00adma\u00adnent des col\u00adlec\u00adti\u00advi\u00adt\u00e9s humaines et des mino\u00adri\u00adt\u00e9s qui, en leur sein, consti\u00adtuent les \u00e9lites volon\u00adtai\u00adre\u00adment mises \u00e0 leur ser\u00advice. C\u2019est dans la mesure o\u00f9, dans l\u2019es\u00adpace et dans le temps, savants, pen\u00adseurs, phi\u00adlo\u00adsophes, socio\u00adlogues, ap\u00f4tres sont soli\u00addaires et apprennent les uns des autres qu\u2019ils f\u00e9condent leur g\u00e9nie et voient se mul\u00adti\u00adplier les sujets de m\u00e9di\u00adta\u00adtion ou s\u2019en\u00adtrou\u00advrir des hori\u00adzons nou\u00adveaux. Une nation peut, plus qu\u2019une autre, avoir appor\u00adt\u00e9 des \u00e9l\u00e9\u00adments enri\u00adchis\u00adsants \u00e0 ce vaste labeur com\u00admun. Il n\u2019emp\u00eache que l\u2019\u0153uvre est col\u00adlec\u00adtive, et, comme il arrive aujourd\u2019\u00adhui au d\u00e9ve\u00adlop\u00adpe\u00adment de la phy\u00adsique nucl\u00e9aire, aux pro\u00adgr\u00e8s de la bio\u00adlo\u00adgie et de l\u2019as\u00adtro\u00adnau\u00adtique ou \u00e0 la lutte contre le can\u00adcer, est appe\u00adl\u00e9e \u00e0 le deve\u00adnir de plus en plus. Pas\u00adteur \u00e9cri\u00advait que si la science n\u2019a\u00advait pas de patrie, l\u2019homme de science devait en avoir une. Lais\u00adsons de c\u00f4t\u00e9 le der\u00adnier membre de cette belle phrase, sur lequel on peut dis\u00adcu\u00adter. Le prin\u00adci\u00adpal est que ce n\u2019est pas l\u2019homme de science, en soi et sa patrie qui comptent, mais la science et son universalit\u00e9.<\/p>\n<p>Or, les contacts ne sont pas seule\u00adment utiles entre les \u00e9lites intel\u00adlec\u00adtuelles qui, du reste, d\u00e8s la nais\u00adsance des pre\u00admi\u00e8res uni\u00adver\u00adsi\u00adt\u00e9s euro\u00adp\u00e9ennes, igno\u00adr\u00e8rent les patries, et se retrou\u00advaient et ensei\u00adgnaient en France, en Ita\u00adlie, en Boh\u00e8me ou aux Pays-Bas. Ils le sont plus encore entre les peuples des pro\u00advinces et des r\u00e9gions, qui \u00e0 mesure que les fron\u00adti\u00e8res dis\u00adpa\u00adraissent se trans\u00admettent leurs connais\u00adsances, leurs tech\u00adniques, leurs id\u00e9es, leurs inqui\u00e9\u00adtudes, leurs formes d\u2019art mineurs, \u00e9lar\u00adgis\u00adsant par les contacts per\u00adma\u00adnents, leur concep\u00adtion de la vie, leur connais\u00adsance du Cos\u00admos et leur vision des choses. Les his\u00adto\u00adriens ont mon\u00adtr\u00e9 le r\u00f4le utile jou\u00e9 par les com\u00admer\u00ad\u00e7ants qui, voya\u00adgeant de pays en pays, ont intro\u00adduit la culture grecque tant en Gaule qu\u2019en Rus\u00adsie, et ouvert, jus\u00adqu\u2019aux pays scan\u00addi\u00adnaves, la voie de la civi\u00adli\u00adsa\u00adtion. Les m\u00eames faits s\u2019\u00e9\u00adtaient pro\u00adduits en Asie-Mineure et en Chine. Un pays fer\u00adm\u00e9 sur lui-m\u00eame se condamne \u00e0 l\u2019i\u00adgno\u00adrance et \u00e0 la bar\u00adba\u00adrie. Et les nations qui ont pro\u00adgres\u00ads\u00e9 le plus vite et sont all\u00e9es le plus loin dans cette voie sont celles qui, comme la Gr\u00e8ce, ont pu, gr\u00e2ce \u00e0. la mer, main\u00adte\u00adnir le contact avec le plus grand nombre de r\u00e9gions d\u00e9j\u00e0 civi\u00adli\u00ads\u00e9es, et assi\u00admi\u00adler leur culture [[Il n\u2019y avait pas d\u2019\u00c9\u00adtat cen\u00adtra\u00adli\u00ads\u00e9 en Gr\u00e8ce, mais gr\u00e2ce \u00e0 la mer les contacts s\u2019\u00e9\u00adten\u00addaient en M\u00e9di\u00adter\u00adra\u00adn\u00e9e, en Asie-Mineure et en Orient et avaient fait b\u00e9n\u00e9\u00adfi\u00adcier les Grecs de la culture non seule\u00adment cr\u00e9\u00adtoise, mais sum\u00e9\u00adrienne, baby\u00adlo\u00adnienne, \u00e9gyp\u00adtienne et sans doute hindoue.]].<\/p>\n<p>On pour\u00adra m\u2019ob\u00adjec\u00adter que les peuples auraient trou\u00adv\u00e9 par eux-m\u00eames, sans la hache des rois, le che\u00admin de leur uni\u00adfi\u00adca\u00adtion. H\u00e9las&nbsp;! Il semble bien, au contraire, qu\u2019une infir\u00admi\u00adt\u00e9 de l\u2019\u00e2me humaine prise en g\u00e9n\u00e9\u00adral soit pr\u00e9\u00adci\u00ads\u00e9\u00adment cette inca\u00adpa\u00adci\u00adt\u00e9 de s\u2019\u00e9\u00adle\u00adver au-des\u00adsus de la tri\u00adbu ou des limites des patries. Tant qu\u2019ils n\u2019ont pas \u00e9t\u00e9 \u00e9du\u00adqu\u00e9s par ceux qui voient plus haut, plus clair et plus loin qu\u2019eux, les \u00eatres humains de petite moyenne, qui com\u00adposent l\u2019im\u00admense majo\u00adri\u00adt\u00e9, sont beau\u00adcoup plus sen\u00adsibles \u00e0 ce qui les oppose qu\u2019\u00e0 ce qui peut les unir. Dans ces condi\u00adtions, tant pis pour les che\u00admins que l\u2019his\u00adtoire a pris. Cer\u00adtains r\u00e9sul\u00adtats sont atteints. Il ne ser\u00advi\u00adrait \u00e0 rien de vou\u00adloir reve\u00adnir en arri\u00e8re sous pr\u00e9\u00adtexte qu\u2019ils auraient d\u00fb l\u2019\u00eatre par des moyens qui ont nos pr\u00e9f\u00e9rences.<\/p>\n<p>Peu d\u2019hommes sont, jus\u00adqu\u2019\u00e0 pr\u00e9\u00adsent, capables de conce\u00advoir les grands ensembles qui, par exemple, peuvent faire de l\u2019Eu\u00adrope un conti\u00adnent poli\u00adti\u00adque\u00adment, \u00e9co\u00adno\u00admi\u00adque\u00adment, et humai\u00adne\u00adment soli\u00addaire. L\u2019im\u00admense majo\u00adri\u00adt\u00e9 des couches popu\u00adlaires y sont indif\u00adf\u00e9\u00adrentes. Cela les d\u00e9passe. Et leur c\u0153ur, leurs sen\u00adti\u00adments, leurs d\u00e9si\u00adrs pro\u00adfonds res\u00adtent au-des\u00adsous de ces grands des\u00adseins. Si l\u2019Eu\u00adrope se fait, ce sera gr\u00e2ce \u00e0 l\u2019ef\u00adfort achar\u00adn\u00e9 d\u2019hommes venus de tous les hori\u00adzons, catho\u00adliques et ath\u00e9es, pro\u00adtes\u00adtants et isra\u00e9\u00adlites, socia\u00adlistes et capi\u00adta\u00adlistes, \u00e9ta\u00adtistes, liber\u00adtaires et r\u00e9pu\u00adbli\u00adcains et m\u00eame monar\u00adchistes qui, bien que conce\u00advant l\u2019or\u00adga\u00adni\u00adsa\u00adtion euro\u00adp\u00e9enne de dif\u00adf\u00e9\u00adrentes fa\u00e7ons, co\u00efn\u00adcident dans la n\u00e9ces\u00adsi\u00adt\u00e9 d\u2019y parvenir.<\/p>\n<p>[|<b>*<br>\n<br>*  *<\/b>|]<br>\n<\/p>\n<p>Sachons recon\u00adna\u00eetre ce qui est, ou ce qui fut. Il est indis\u00adcu\u00adtable que la civi\u00adli\u00adsa\u00adtion s\u2019\u00e9\u00adtait d\u00e9ve\u00adlop\u00adp\u00e9e dans les villes euro\u00adp\u00e9ennes de la pr\u00e9-Renais\u00adsance et l\u2019on peut me citer telle ou telle d\u00e9cou\u00adverte, telles et telles r\u00e9a\u00adli\u00adsa\u00adtions muni\u00adci\u00adpales, telles cr\u00e9a\u00adtions artis\u00adtiques, telles orga\u00adni\u00adsa\u00adtions cor\u00adpo\u00adra\u00adtives. Par rap\u00adport \u00e0 l\u2019\u00e9\u00adpoque, c\u2019\u00e9\u00adtait immense. Mais je me refuse fer\u00admer les yeux devant une autre cat\u00e9\u00adgo\u00adrie de faits sur les\u00adquels les apo\u00adlo\u00adgistes du com\u00admu\u00adna\u00adlisme qui s\u2019\u00e9\u00adpa\u00adnouit aux <sc><xii><\/xii><\/sc><sup>e<\/sup>, <sc>xiii<\/sc><sup>e<\/sup> et <sc>xiv<\/sc>sup&gt;e si\u00e8cles glissent trop rapi\u00adde\u00adment. Je veux par\u00adler des luttes, des guerres inces\u00adsantes entre les cit\u00e9s, des haines inex\u00adpiables qui les oppo\u00adsaient les unes aux autres et les fai\u00adsaient, sur\u00adtout en Ita\u00adlie et dans les Pays-Bas, s\u2019en\u00adtre\u00add\u00e9\u00adchi\u00adrer, s\u2019en\u00adtre\u00add\u00e9\u00adtruire, s\u2019as\u00adser\u00advir mutuel\u00adle\u00adment. Au sein des m\u00eames cit\u00e9s, les luttes cor\u00adpo\u00adra\u00adtives rev\u00ea\u00adtirent trop sou\u00advent le m\u00eame achar\u00adne\u00adment&nbsp;: luttes pour la pr\u00e9\u00ad\u00e9mi\u00adnence des cor\u00adroyeurs, des bou\u00adlan\u00adgers, des tis\u00adse\u00adrands, des nau\u00adto\u00adniers, des bou\u00adchers ou des ma\u00e7ons, pour la sup\u00e9\u00adrio\u00adri\u00adt\u00e9 du stan\u00addard de vie des uns ou des autres\u2026 mal\u00adgr\u00e9 les chartes, l\u2019his\u00adtoire des com\u00admunes est pleine de ces conflits qui, si sou\u00advent, firent cou\u00adler le sang. Et je dis que quand les haines conti\u00adnuelles ensan\u00adglantent et per\u00adturbent les cit\u00e9s au point qu\u2019il fal\u00adlait sou\u00advent en Ita\u00adlie, et dans l\u2019an\u00adcienne Pro\u00advence romaine, avoir recours au tyran local\u200a\u2014\u200ale \u00ab&nbsp;podes\u00adt\u00e0&nbsp;\u00bb de l\u2019\u00e9\u00adpoque\u200a\u2014\u200aen lui don\u00adnant carte blanche pour qu\u2019il impose la paix en s\u2019im\u00adpo\u00adsant lui-m\u00eame, la civi\u00adli\u00adsa\u00adtion dont on se targue est bien dis\u00adcu\u00adtable. Civi\u00adli\u00adsa\u00adtion, c\u2019est d\u2019a\u00adbord civilit\u00e9.<\/p>\n<p>L\u2019his\u00adtoire des villes m\u00e9di\u00e9\u00advales, ou celles de l\u2019an\u00adcienne Gr\u00e8ce, ou encore de l\u2019A\u00adsie Mineure est donc une illus\u00adtra\u00adtion, par\u00adfois d\u00e9cou\u00adra\u00adgeante, de l\u2019in\u00adca\u00adpa\u00adci\u00adt\u00e9 des peuples \u00e0 fran\u00adchir les limites de leur petite patrie. Elle prouve aus\u00adsi que les conqu\u00eates du pro\u00adgr\u00e8s faites entre les rem\u00adparts de mondes trop r\u00e9duits finissent par s\u2019\u00e9\u00adcrou\u00adler avec eux, car la civi\u00adli\u00adsa\u00adtion meurt, \u00e9touf\u00adf\u00e9e dans de trop \u00e9troites enceintes. Si bien que les villes finirent par tuer ce qu\u2019elles avaient cr\u00e9\u00e9. En Gr\u00e8ce, leurs riva\u00adli\u00adt\u00e9s et leurs haines, contre les\u00adquelles Aris\u00adto\u00adphane et D\u00e9mos\u00adth\u00e8ne s\u2019\u00e9\u00adle\u00adv\u00e8rent inuti\u00adle\u00adment, en firent les pr\u00e9\u00adcieux auxi\u00adliaires de Filip\u00adpo et d\u2019A\u00adlexandre, et c\u2019est encore ces riva\u00adli\u00adt\u00e9s et ces haines qui faci\u00adli\u00adt\u00e8rent \u00e0 ce der\u00adnier la conqu\u00eate de l\u2019A\u00adsie Mineure.<\/p>\n<p>Pour que la pen\u00ads\u00e9e, la science, l\u2019art de la Gr\u00e8ce et du Moyen-Orient jouent enfin un r\u00f4le \u00e0 leur mesure, il fal\u00adlut la conqu\u00eate arabe, et les Croi\u00adsades qui \u00e9ta\u00adblirent le contact entre l\u2019O\u00adrient et l\u2019Oc\u00adci\u00addent. C\u2019est-\u00e0-dire, qui bri\u00ads\u00e8rent les bar\u00adri\u00e8res r\u00e9gio\u00adnales et natio\u00adnales, et \u00e9ta\u00adblirent, sur de vastes dis\u00adtances et entre des peuples nom\u00adbreux, des rap\u00adports, des \u00e9changes, cer\u00adtaines col\u00adla\u00adbo\u00adra\u00adtions, cer\u00adtaines soli\u00adda\u00adri\u00adt\u00e9s. C\u2019est ain\u00adsi que les cultures grecque, baby\u00adlo\u00adnienne, juive, hin\u00addoue, \u00e9gyp\u00adtienne, chi\u00adnoise, ont enri\u00adchi cette par\u00adtie du monde. Et le monde ne peut pro\u00adgres\u00adser et s\u2019en\u00adri\u00adchir que gr\u00e2ce \u00e0 la dimi\u00adnu\u00adtion des dis\u00adtances que les moyens modernes de loco\u00admo\u00adtion r\u00e9duisent de plus en&nbsp;plus.<\/p>\n<p>[|<b>*<br>\n<br>*  *<\/b>|]<br>\n<\/p>\n<p>\u00c0 tous points de vue, le f\u00e9d\u00e9\u00adra\u00adlisme s\u00e9pa\u00adra\u00adtiste, r\u00e9gio\u00adnal, can\u00adto\u00adnal ou d\u2019\u00c9\u00adtat, s\u2019il n\u2019est con\u00e7u que comme l\u2019as\u00adso\u00adcia\u00adtion super\u00adfi\u00adcielle d\u2019\u00e9l\u00e9\u00adments \u00e9tran\u00adgers les uns aux autres, et d\u00e9ci\u00add\u00e9s \u00e0 res\u00adter farou\u00adche\u00adment eux-m\u00eames, ne r\u00e9pond \u00e0 rien des grands besoins de l\u2019his\u00adtoire humaine. L\u2019ex\u00adp\u00e9\u00adrience nous a prou\u00adv\u00e9 qu\u2019il ne peut conduire qu\u2019\u00e0 des catas\u00adtrophes, car ses m\u00e9faits finissent tou\u00adjours par l\u2019emporter sur ses bien\u00adfaits. Il a cepen\u00addant trou\u00adv\u00e9, chez un autre grand th\u00e9o\u00adri\u00adcien anar\u00adchiste, un d\u00e9fen\u00adseur dont les concep\u00adtions ont d\u2019au\u00adtant plus \u00e9t\u00e9 approu\u00adv\u00e9es qu\u2019elles sim\u00adpli\u00adfiaient \u00e9nor\u00adm\u00e9\u00adment des pro\u00adbl\u00e8mes com\u00adplexes, devant les\u00adquels beau\u00adcoup des n\u00f4tres ont \u00e9t\u00e9, et sont tou\u00adjours, par iner\u00adtie, pris au d\u00e9pourvu.<\/p>\n<p>C\u2019est je crois, en 1913, que Kro\u00adpot\u00adkine d\u00e9cla\u00adrait \u00e0 un jour\u00adna\u00adliste belge que si la guerre \u00e9cla\u00adtait entre la France et l\u2019Al\u00adle\u00admagne il regret\u00adte\u00adrait de ne pas avoir la force n\u00e9ces\u00adsaire pour empoi\u00adgner un fusil et se battre contre les arm\u00e9es du Kai\u00adser, car sa sym\u00adpa\u00adthie allait tou\u00adjours aux petites nations qu\u2019\u00e0 son avis mena\u00ad\u00e7ait l\u2019im\u00adp\u00e9\u00adria\u00adlisme alle\u00admand, et qui lut\u00adtaient pour conser\u00adver leur mode de vie, leur folk\u00adlore, leurs carac\u00adt\u00e9\u00adris\u00adtiques propres et leur per\u00adson\u00adna\u00adli\u00adt\u00e9. Cela, qui m\u00e9ri\u00adte\u00adrait exa\u00admen, car il y avait et il y a tou\u00adjours d\u2019as\u00adsez grandes dif\u00adf\u00e9\u00adrences entre les Saxons, les Prus\u00adsiens et les Bava\u00adrois, s\u2019in\u00ads\u00e9\u00adrait dans une concep\u00adtion plus g\u00e9n\u00e9\u00adrale que Kro\u00adpot\u00adkine avait du f\u00e9d\u00e9\u00adra\u00adlisme, et qu\u2019il expo\u00adsa dans son livre <i>Champs, usines et ate\u00adliers<\/i>.<\/p>\n<p>La th\u00e8se cen\u00adtrale de ce livre est que l\u2019homme doit se d\u00e9ve\u00adlop\u00adper int\u00e9\u00adgra\u00adle\u00adment, et pour cela l\u2019i\u00add\u00e9al est qu\u2019il soit \u00e0 la fois agri\u00adcul\u00adteur, pro\u00adduc\u00adteur indus\u00adtriel et tra\u00advailleur intel\u00adlec\u00adtuel. Or, \u00e9cri\u00advait Kro\u00adpot\u00adkine, la marche de l\u2019\u00e9\u00adco\u00adno\u00admie favo\u00adrise l\u2019\u00e9\u00advo\u00adlu\u00adtion qui doit y conduire, car la cen\u00adtra\u00adli\u00adsa\u00adtion, par\u00adti\u00adcu\u00adli\u00e8\u00adre\u00adment indus\u00adtrielle, qui a jus\u00adqu\u2019i\u00adci carac\u00adt\u00e9\u00adri\u00ads\u00e9 l\u2019\u00e9\u00adco\u00adno\u00admie capi\u00adta\u00adliste, est en train de faire place \u00e0 une d\u00e9cen\u00adtra\u00adli\u00adsa\u00adtion qui s\u2019\u00e9\u00adtend sur le globe entier. Il en r\u00e9sul\u00adte\u00adrait une int\u00e9\u00adgra\u00adtion natio\u00adnale, puis r\u00e9gio\u00adnale de l\u2019\u00e9\u00adco\u00adno\u00admie. Gr\u00e2ce aux tech\u00adniques nou\u00advelles et \u00e0 l\u2019emploi crois\u00adsant de l\u2019\u00e9lec\u00adtri\u00adci\u00adt\u00e9, les indus\u00adtries locales \u00e0 leur tour se mul\u00adti\u00adplie\u00adraient, l\u2019homme com\u00adplet pour\u00adrait ain\u00adsi advenir.<\/p>\n<p>Kro\u00adpot\u00adkine s\u2019ap\u00adpuyait sur de tr\u00e8s nom\u00adbreuses sta\u00adtis\u00adtiques qui mon\u00adtraient l\u2019ap\u00adpa\u00adri\u00adtion, en telles ou telles r\u00e9gions, en telles ou telles nations, d\u2019in\u00addus\u00adtries qui, jus\u00adqu\u2019a\u00adlors, avaient \u00e9t\u00e9 l\u2019a\u00adpa\u00adnage d\u2019une seule nation ou d\u2019une seule r\u00e9gion. Mais une \u00e9tude plus com\u00adpl\u00e8te montre que l\u2019ex\u00adten\u00adsion de ces indus\u00adtries, ou leur appa\u00adri\u00adtion en de nom\u00adbreux endroits o\u00f9 elles \u00e9taient demeu\u00adr\u00e9es incon\u00adnues n\u2019emp\u00eachaient nul\u00adle\u00adment, gr\u00e2ce au pro\u00addi\u00adgieux accrois\u00adse\u00adment de la pro\u00adduc\u00adtion \u00e9co\u00adno\u00admique totale au dix-neu\u00advi\u00e8me si\u00e8cle, que des concen\u00adtra\u00adtions puis\u00adsantes ne s\u2019o\u00adp\u00e8rent en m\u00eame temps. Les grands trusts, les car\u00adtels, les hol\u00addings, les com\u00adbi\u00adnats sont contem\u00adpo\u00adrains de cette mul\u00adti\u00adpli\u00adca\u00adtion des fabriques et des usines sur les conti\u00adnents, la pro\u00adduc\u00adtion m\u00e9tal\u00adlur\u00adgique nord-am\u00e9\u00adri\u00adcaine s\u2019est concen\u00adtr\u00e9e autour des Grands Lacs, o\u00f9 Pitts\u00adburgh est la capi\u00adtale de l\u2019a\u00adcier, la m\u00eame pro\u00adduc\u00adtion tex\u00adtile\u200a\u2014\u200aet la sid\u00e9\u00adrur\u00adgie et l\u2019in\u00addus\u00adtrie chi\u00admique alle\u00admandes\u200a\u2014\u200ase sont concen\u00adtr\u00e9es dans la val\u00adl\u00e9e de la&nbsp;Ruhr.<\/p>\n<p>Car la pro\u00adduc\u00adtion indus\u00adtrielle ob\u00e9it \u00e0 des imp\u00e9\u00adra\u00adtifs g\u00e9o\u00adgra\u00adphiques et g\u00e9o\u00adlo\u00adgiques, que l\u2019in\u00adtel\u00adli\u00adgence et la volon\u00adt\u00e9 humaines peuvent en par\u00adtie cor\u00adri\u00adger, mais tant que les mati\u00e8res pre\u00admi\u00e8res et les tech\u00adniques seront ce qu\u2019elles sont, il sera bien dif\u00adfi\u00adcile de tout bouleverser.<\/p>\n<p>Quoi qu\u2019il en soit, ces concep\u00adtions kro\u00adpot\u00adki\u00adniennes eurent un cer\u00adtain suc\u00adc\u00e8s, moins grand pour\u00adtant que ses concep\u00adtions loca\u00adlistes, curieu\u00adse\u00adment d\u00e9men\u00adties dans le cha\u00adpitre <i>Consom\u00adma\u00adtion et Pro\u00adduc\u00adtion<\/i> de <i>La Conqu\u00eate du Pain<\/i>, livre tout entier ax\u00e9 sur une vision acci\u00adden\u00adtel\u00adle\u00adment com\u00admu\u00adna\u00adliste. Au fond, ce suc\u00adc\u00e8s ne r\u00e9pon\u00addait pas seule\u00adment \u00e0 une igno\u00adrance com\u00adpl\u00e8te des faits les plus \u00e9l\u00e9\u00admen\u00adtaires de l\u2019\u00e9\u00adco\u00adno\u00admie. Il r\u00e9pon\u00addait aus\u00adsi \u00e0 la paresse men\u00adtale, et \u00e0 cette esp\u00e8ce d\u2019hor\u00adreur qui a tou\u00adjours carac\u00adt\u00e9\u00adri\u00ads\u00e9 les anar\u00adchistes quand il s\u2019agissait d\u2019\u00e9\u00adtu\u00addier s\u00e9rieu\u00adse\u00adment les pro\u00adbl\u00e8mes de recons\u00adtruc\u00adtion sociale. Et cette paresse men\u00adtale et cette hor\u00adreur de la \u00ab&nbsp;masse&nbsp;\u00bb anar\u00adchiste en sont res\u00adt\u00e9es \u00e0 ce com\u00admu\u00adna\u00adlisme \u00e9l\u00e9\u00admen\u00adtaire, ou, tout au plus, au r\u00e9gio\u00adna\u00adlisme int\u00e9\u00adgra\u00adliste dont on s\u2019est bien gar\u00add\u00e9 d\u2019\u00e9\u00adtu\u00addier les possibilit\u00e9s.<\/p>\n<p>Il est inutile de s\u2019at\u00adtar\u00adder \u00e0 r\u00e9fu\u00adter ces concep\u00adtions som\u00admaires. L\u2019\u00eatre le plus ignare qui r\u00e9fl\u00e9\u00adchit sur ces ques\u00adtions sait tr\u00e8s bien qu\u2019au\u00adcune com\u00admune, de 2.000, 10.000 ou 100.000 habi\u00adtants ne peut se suf\u00adfire \u00e0 elle-m\u00eame, et qu\u2019il est impos\u00adsible d\u2019or\u00adga\u00adni\u00adser la vie d\u2019une nation ou d\u2019une par\u00adtie de conti\u00adnent sur la base de ces int\u00e9\u00adgra\u00adtions innom\u00adbrables. Arr\u00ea\u00adtons-nous \u00e0 l\u2019\u00e9\u00adche\u00adlon sui\u00advant, celui du r\u00e9gionalisme.<\/p>\n<p>Et obser\u00advons tout d\u2019a\u00adbord, ce qui d\u00e9ment les d\u00e9duc\u00adtions uni\u00adla\u00adt\u00e9\u00adrales de Kro\u00adpot\u00adkine, qu\u2019au point de vue \u00e9co\u00adno\u00admique le monde est de plus en plus une vaste uni\u00adt\u00e9 dont chaque par\u00adtie d\u00e9pend de toutes les autres. C\u00e9r\u00e9ales, viande, pois\u00adsons, mati\u00e8res grasses diverses, fruits, tuber\u00adcules, sucre, caf\u00e9, cacao, coton, laine, cuir, fer, nickel, \u00e9tain, cuivre, bauxite, p\u00e9trole, gaz natu\u00adrel, char\u00adbon, bois, p\u00e2te \u00e0 papier, pour ne citer que les prin\u00adci\u00adpales mati\u00e8res pre\u00admi\u00e8res, et un nombre immense de pro\u00adduits finis ou semi-finis sont chaque ann\u00e9e trans\u00adpor\u00adt\u00e9s par cen\u00adtaines de mil\u00adlions de tonnes. Si ce tra\u00adfic ces\u00adsait, une bonne par\u00adtie de l\u2019hu\u00adma\u00adni\u00adt\u00e9 en subi\u00adrait imm\u00e9\u00addia\u00adte\u00adment le contre\u00adcoup sous la forme de famine et de para\u00adly\u00adsie des acti\u00advi\u00adt\u00e9s. Sup\u00adpri\u00admez l\u2019ar\u00adri\u00adv\u00e9e des pro\u00adduits p\u00e9tro\u00adliers venus du Moyen-Orient et l\u2019a\u00adgri\u00adcul\u00adture s\u2019in\u00adter\u00adrom\u00adpra, par manque de fuel-oil ou de gas-oil pour faire mar\u00adcher les trac\u00adteurs, les bat\u00adteuses et les combines.<\/p>\n<p>[<i>\u00e0 suivre<\/i>)<\/p>\n","protected":false},"excerpt":{"rendered":"<p>[|(III)|] Et si l\u2019on me demande pour\u00adquoi, mal\u00adgr\u00e9 le prix sou\u00advent ter\u00adrible qui a \u00e9t\u00e9 pay\u00e9, car je n\u2019i\u00adgnore pas les m\u00e9faits du cen\u00adtra\u00adlisme fran\u00ad\u00e7ais et de ce qu\u2019a repr\u00e9\u00adsen\u00adt\u00e9 l\u2019ex\u00adten\u00adsion du des\u00adpo\u00adtisme \u00e9ta\u00adtique, pour\u00adquoi je consi\u00add\u00e8re que les rois uni\u00adfi\u00adca\u00adteurs ont fait \u0153uvre utile, mal\u00adgr\u00e9 la sup\u00adpres\u00adsion des liber\u00adt\u00e9s pro\u00advin\u00adciales, ou r\u00e9gio\u00adnales, je r\u00e9pondrai&nbsp;[\u2026]<\/p>\n","protected":false},"author":1,"featured_media":0,"comment_status":"closed","ping_status":"closed","sticky":false,"template":"","format":"standard","meta":{"wp_typography_post_enhancements_disabled":false,"footnotes":""},"categories":[398],"tags":[],"ppma_author":[540],"class_list":["post-3386","post","type-post","status-publish","format-standard","hentry","category-cahiers-de-lhumanisme-libertaire-na189-juin-1972"],"authors":[{"term_id":540,"user_id":1,"is_guest":0,"slug":"admin_3gikpwyf","display_name":"Vincent Dubuc","avatar_url":"https:\/\/secure.gravatar.com\/avatar\/d015720652c25fd2ced191ade86430094e1f288a17483713e3b34d26dea52507?s=96&d=mm&r=g","author_category":"","user_url":"https:\/\/la-presse-anarchiste.net","last_name":"Dubuc","first_name":"Vincent","job_title":"","description":""}],"_links":{"self":[{"href":"https:\/\/la-presse-anarchiste.net\/index.php\/wp-json\/wp\/v2\/posts\/3386","targetHints":{"allow":["GET"]}}],"collection":[{"href":"https:\/\/la-presse-anarchiste.net\/index.php\/wp-json\/wp\/v2\/posts"}],"about":[{"href":"https:\/\/la-presse-anarchiste.net\/index.php\/wp-json\/wp\/v2\/types\/post"}],"author":[{"embeddable":true,"href":"https:\/\/la-presse-anarchiste.net\/index.php\/wp-json\/wp\/v2\/users\/1"}],"replies":[{"embeddable":true,"href":"https:\/\/la-presse-anarchiste.net\/index.php\/wp-json\/wp\/v2\/comments?post=3386"}],"version-history":[{"count":0,"href":"https:\/\/la-presse-anarchiste.net\/index.php\/wp-json\/wp\/v2\/posts\/3386\/revisions"}],"wp:attachment":[{"href":"https:\/\/la-presse-anarchiste.net\/index.php\/wp-json\/wp\/v2\/media?parent=3386"}],"wp:term":[{"taxonomy":"category","embeddable":true,"href":"https:\/\/la-presse-anarchiste.net\/index.php\/wp-json\/wp\/v2\/categories?post=3386"},{"taxonomy":"post_tag","embeddable":true,"href":"https:\/\/la-presse-anarchiste.net\/index.php\/wp-json\/wp\/v2\/tags?post=3386"},{"taxonomy":"author","embeddable":true,"href":"https:\/\/la-presse-anarchiste.net\/index.php\/wp-json\/wp\/v2\/ppma_author?post=3386"}],"curies":[{"name":"wp","href":"https:\/\/api.w.org\/{rel}","templated":true}]}}