{"id":3398,"date":"2012-10-11T15:36:58","date_gmt":"2012-10-11T15:36:58","guid":{"rendered":"https:\/\/la-presse-anarchiste.net\/index.php\/2012\/10\/11\/par-dela-les-fictions-de-lactualite\/"},"modified":"2012-10-11T15:36:58","modified_gmt":"2012-10-11T15:36:58","slug":"par-dela-les-fictions-de-lactualite","status":"publish","type":"post","link":"https:\/\/la-presse-anarchiste.net\/index.php\/2012\/10\/11\/par-dela-les-fictions-de-lactualite\/","title":{"rendered":"Par del\u00e0 les fictions de l\u2019actualit\u00e9&nbsp;!\u2026"},"content":{"rendered":"<div class=\"pdfprnt-buttons pdfprnt-buttons-post pdfprnt-top-right\"><a href=\"https:\/\/la-presse-anarchiste.net\/index.php\/wp-json\/wp\/v2\/posts\/3398?print=pdf\" class=\"pdfprnt-button pdfprnt-button-pdf\" target=\"_blank\"><img decoding=\"async\" src=\"https:\/\/la-presse-anarchiste.net\/wp-content\/plugins\/pdf-print\/images\/pdf.png\" alt=\"image_pdf\" title=\"Afficher le PDF\"><\/a><a href=\"https:\/\/la-presse-anarchiste.net\/index.php\/wp-json\/wp\/v2\/posts\/3398?print=print\" class=\"pdfprnt-button pdfprnt-button-print\" target=\"_blank\"><img decoding=\"async\" src=\"https:\/\/la-presse-anarchiste.net\/wp-content\/plugins\/pdf-print\/images\/print.png\" alt=\"image_print\" title=\"Contenu imprim\u00e9\"><\/a><\/div><p>Dans tous nos com\u00adpor\u00adte\u00adments, toutes nos d\u00e9marches intel\u00adlec\u00adtuelles, nous sommes natu\u00adrel\u00adle\u00adment domi\u00adn\u00e9s par l\u2019ac\u00adtua\u00adli\u00adt\u00e9. Ils sont rares les indus\u00adtriels et les com\u00admer\u00ad\u00e7ants capables de pr\u00e9\u00advoir au-del\u00e0 du bilan annuel de leurs entreprises.<\/p>\n<p>Dans les pays dits d\u00e9mo\u00adcra\u00adtiques, les gou\u00adver\u00adne\u00adments et les par\u00adtis d\u2019op\u00adpo\u00adsi\u00adtion sont constam\u00adment ten\u00addus vers les \u00e9ch\u00e9ances \u00e9lec\u00adto\u00adrales. Ceux-l\u00e0 veulent se pr\u00e9\u00adsen\u00adter avec une bonne situa\u00adtion \u00e9co\u00adno\u00admique, ceux-ci veulent d\u00e9mon\u00adtrer que cette situa\u00adtion est mau\u00advaise&nbsp;; ceux-l\u00e0 s\u2019ef\u00adfor\u00adce\u00adront de pla\u00adcer au plus haut niveau les \u00ab&nbsp;variables&nbsp;\u00bb que leur pro\u00adpa\u00adgande tend \u00e0 \u00e9ta\u00adblir comme condi\u00adtions d\u2019une bonne san\u00adt\u00e9\u200a\u2014\u200aceux-ci insis\u00adte\u00adront sur les autres variables en baisse ou sp\u00e9\u00adcu\u00adle\u00adront sur la baisse pr\u00e9\u00advi\u00adsible des variables momen\u00adta\u00adn\u00e9\u00adment favorables.<\/p>\n<p>Dans \u00ab&nbsp;le Monde&nbsp;\u00bb du 11\u200a\u2013\u200a1\u20111972, Jacques Atta\u00adli, d\u00e9nonce \u00ab&nbsp;la mytho\u00adlo\u00adgie qua\u00adsi una\u00adni\u00adme\u00adment admise qui pri\u00advi\u00adl\u00e9\u00adgie cer\u00adtaines gran\u00addeurs, tel le Pro\u00adduit Natio\u00adnal brut, pour en faire les indi\u00adca\u00adteurs d\u2019une situa\u00adtion \u00e9co\u00adno\u00admique alors que leur sens expli\u00adca\u00adtif r\u00e9el est des plus r\u00e9duits&nbsp;\u00bb. Il cite par\u00admi les autres \u00ab&nbsp;variables&nbsp;\u00bb pri\u00advi\u00adl\u00e9\u00adgi\u00e9es \u00ab&nbsp;l\u2019\u00e9\u00adtat de r\u00e9serve des changes&nbsp;\u00bb, qui ne refl\u00e8te nul\u00adle\u00adment une bonne san\u00adt\u00e9 \u00e9conomique.<\/p>\n<p>De ce point de vue on ne peut que l\u2019ap\u00adprou\u00adver lors\u00adqu\u2019il ajoute&nbsp;: \u00ab&nbsp;La t\u00e2che d\u2019ex\u00adpli\u00adca\u00adtion devient de plus en plus urgente, mais de plus en plus dif\u00adfi\u00adcile \u00e0 r\u00e9a\u00adli\u00adser. La com\u00adplexi\u00adt\u00e9 des soci\u00e9\u00adt\u00e9s modernes les rend vul\u00adn\u00e9\u00adrables aux mythes de toute&nbsp;sorte&nbsp;\u00bb.<\/p>\n<p>Est-ce l\u00e0 un ph\u00e9\u00adno\u00adm\u00e8ne nou\u00adveau&nbsp;? Ce qui est nou\u00adveau, c\u2019est sans doute, la mul\u00adti\u00adpli\u00adca\u00adtion des moyens d\u2019in\u00adfor\u00adma\u00adtion et l\u2019in\u00adter\u00adven\u00adtion dans les pr\u00e9\u00advi\u00adsions \u00e9co\u00adno\u00admiques et poli\u00adtiques de fac\u00adteurs psy\u00adcho\u00adlo\u00adgiques, qui n\u2019in\u00adfluencent peut-\u00eatre pas l\u2019\u00e9\u00advo\u00adlu\u00adtion n\u00e9ces\u00adsaire des tech\u00adniques, de la pro\u00adduc\u00adtion et de la consom\u00adma\u00adtion, mais qui, sou\u00admis \u00e0 des \u00ab&nbsp;com\u00admu\u00adni\u00adca\u00adtions contra\u00addic\u00adtoires&nbsp;\u00bb laissent les esprits en proie \u00e0 la m\u00e9fiance et l\u2019in\u00ads\u00e9\u00adcu\u00adri\u00adt\u00e9. Il ne faut pas en tirer\u200a\u2014\u200acomme le font trop faci\u00adle\u00adment cer\u00adtains amis anar\u00adchistes\u200a\u2014\u200aune condam\u00adna\u00adtion abso\u00adlue et d\u00e9fi\u00adni\u00adtive de toute consul\u00adta\u00adtion popu\u00adlaire. Que les r\u00e9sul\u00adtats \u00e9lec\u00adto\u00adraux soient illu\u00adsoires et vains, nous en conve\u00adnons faci\u00adle\u00adment. Mais l\u2019o\u00adrien\u00adta\u00adtion qui s\u2019en d\u00e9gage, scien\u00adti\u00adfi\u00adque\u00adment ana\u00adly\u00ads\u00e9e, peut-\u00eatre \u00e9di\u00adfiante. Parce qu\u2019elles sont contra\u00addic\u00adtoires\u200a\u2014\u200ales infor\u00adma\u00adtions alt\u00e8rent la confiance en les lea\u00adders,\u200a\u2014\u200ala m\u00e9fiance g\u00e9n\u00e9\u00adra\u00adli\u00ads\u00e9e devient l\u2019an\u00adti\u00addote du \u00ab&nbsp;sug\u00adges\u00adtion\u00adne\u00adment&nbsp;\u00bb par les slo\u00adgans d\u00e9ma\u00adgo\u00adgiques, les incan\u00adta\u00adtions magiques et les aber\u00adra\u00adtions mytho\u00adlo\u00adgiques. Et on peut fort bien attri\u00adbuer au sen\u00adti\u00adment d\u2019in\u00ads\u00e9\u00adcu\u00adri\u00adt\u00e9, \u00e0 la per\u00adma\u00adnente inqui\u00e9\u00adtude .\u2026 aus\u00adsi bien la panique des \u00ab&nbsp;masses condi\u00adtion\u00adn\u00e9es&nbsp;\u00bb .\u2026 que le pes\u00adsi\u00admisme salu\u00adtaire des hommes libres, r\u00e9so\u00adlus aux actions d\u00e9ci\u00adsives par les\u00adquelles s\u2019ac\u00adcom\u00adplissent les pro\u00adgr\u00e8s de l\u2019humanit\u00e9.<\/p>\n<p>Il suf\u00adfit pour s\u2019en convaincre d\u2019exa\u00admi\u00adner objec\u00adti\u00adve\u00adment la valeur des pr\u00e9\u00advi\u00adsions dans les pays dits socia\u00adlistes. L\u2019ab\u00adsence d\u2019une v\u00e9ri\u00adtable opi\u00adnion publique, la sup\u00adpres\u00adsion de toute contra\u00addic\u00adtion abou\u00adtissent \u00e0 des suc\u00adces\u00adsions d\u2019ex\u00adp\u00e9\u00adriences \u00e0 objec\u00adtifs dia\u00adm\u00e9\u00adtra\u00adle\u00adment oppo\u00ads\u00e9s, cha\u00adcune pro\u00adcla\u00adm\u00e9e d\u00e9fi\u00adni\u00adtive, mira\u00adcu\u00adleuse impo\u00adsant des r\u00e9vi\u00adsions fon\u00adda\u00admen\u00adtales, des \u00e9pu\u00adra\u00adtions et des purges .\u2026 des bou\u00adle\u00adver\u00adse\u00adments \u00e0 la base de la pyra\u00admide dont le som\u00admet semble fix\u00e9 pour l\u2019\u00e9\u00adter\u00adni\u00adt\u00e9. Sta\u00adline, Mus\u00adso\u00adli\u00adni, Hit\u00adler, Mao-Ts\u00e9 toung, Fidel Cas\u00adtro per\u00adson\u00adni\u00adfiant par\u00adfai\u00adte\u00adment cette constance dans l\u2019ab\u00adso\u00adlu\u00adtisme omni\u00adscient parce qu\u2019omnipotent.<\/p>\n<p>M\u00eame si nous recon\u00adnais\u00adsons que les com\u00adplexi\u00adt\u00e9s actuelles rendent les pr\u00e9\u00advi\u00adsions et les pros\u00adpec\u00adtions de plus en plus dif\u00adfi\u00adciles et labo\u00adrieuses .\u2026 nous n\u2019en\u00advions pas la \u00ab&nbsp;sim\u00adpli\u00adci\u00adt\u00e9&nbsp;\u00bb des ten\u00addances sys\u00adt\u00e9\u00adma\u00adtiques du pas\u00ads\u00e9. Au <sc>xvii<\/sc><sup>e<\/sup> si\u00e8cle le mer\u00adcan\u00adti\u00adlisme impo\u00adsait le dogme pro\u00adtec\u00adtion\u00adniste selon lequel la puis\u00adsance d\u2019un \u00c9tat se mesu\u00adrait \u00e0 la quan\u00adti\u00adt\u00e9 d\u2019or blo\u00adqu\u00e9e entre ses fron\u00adti\u00e8res. Et ce fut, apr\u00e8s la magni\u00adfique expan\u00adsion du sei\u00adzi\u00e8me si\u00e8cle, une \u00e9poque de sta\u00adbi\u00adli\u00adt\u00e9 et de stag\u00adna\u00adtion\u200a\u2014\u200avoire m\u00eame, de r\u00e9gres\u00adsion \u00e9co\u00adno\u00admique. Au <sc>xviii<\/sc><sup>e<\/sup> si\u00e8cle, le lib\u00e9\u00adra\u00adlisme \u00e9co\u00adno\u00admique lan\u00ad\u00e7ait la nou\u00advelle for\u00admule magique, bafouait le dogme mer\u00adcan\u00adti\u00adliste&nbsp;: \u00ab&nbsp;lais\u00adsez faire et lais\u00adsez pas\u00adser&nbsp;\u00bb .\u2026 et il engen\u00addra aus\u00adsi bien la n\u00e9ces\u00adsi\u00adt\u00e9 r\u00e9vo\u00adlu\u00adtion\u00adnaire de la ter\u00adreur jaco\u00adbine .\u2026 que les mis\u00e8res et les atro\u00adci\u00adt\u00e9s de la r\u00e9vo\u00adlu\u00adtion indus\u00adtrielle du <sc>xix<\/sc><sup>e<\/sup>.\u2026 Et les mythes n\u00e9s de l\u2019un et de l\u2019autre sub\u00adsistent encore.\u2026 Le mythe mer\u00adcan\u00adti\u00adliste n\u2019est-il pas res\u00adpon\u00adsable d\u2019er\u00adreurs com\u00admises par les poli\u00adtiques les plus lucides&nbsp;? En 1871, apr\u00e8s le ver\u00adse\u00adment de l\u2019in\u00addem\u00adni\u00adt\u00e9 de 5 mil\u00adliards de francs-or par la France \u00e0 l\u2019Al\u00adle\u00admagne, il y eut crise \u00e9co\u00adno\u00admique ici et nou\u00advelle expan\u00adsion l\u00e0 .\u2026 ce qui fai\u00adsait dire \u00e0 Bis\u00admarck&nbsp;: \u00ab&nbsp;si nous sommes vain\u00adqueurs dans la pro\u00adchaine guerre, il fau\u00addra que nous ver\u00adsions une forte indem\u00adni\u00adt\u00e9 \u00e0 la France\u2026&nbsp;\u00bb<\/p>\n<p>Et l\u2019on n\u2019a peut-\u00eatre pas oubli\u00e9 le poids ter\u00adrible que les \u00ab&nbsp;cr\u00e9ances&nbsp;\u00bb de la France sur l\u2019Al\u00adle\u00admagne, des \u00c9tats-Unis sur les Alli\u00e9s firent peser sur le monde de l\u2019entre-deux-guerres. Ce ne fut certes pas la cause essen\u00adtielle de l\u2019hit\u00adl\u00e9\u00adrisme, mais une des condi\u00adtions de son succ\u00e8s.<\/p>\n<p>Depuis un demi-si\u00e8cle, les h\u00e9ri\u00adtiers d\u00e9g\u00e9\u00adn\u00e9\u00adr\u00e9s de Col\u00adbert s\u2019ef\u00adforcent de main\u00adte\u00adnir le dogme de l\u2019or et hurlent \u00e0 la mort lors\u00adqu\u2019on \u00e9branle la valeur abso\u00adlue de la mon\u00adnaie natio\u00adnale. En juin 1936, les \u00e9co\u00adno\u00admistes et les finan\u00adciers les plus s\u00e9rieux jugeaient indis\u00adpen\u00adsable la d\u00e9va\u00adlua\u00adtion du franc. L\u00e9on Blum, pr\u00e9\u00adsident du Conseil, socia\u00adliste, en \u00e9tait convain\u00adcu. Mais il n\u2019o\u00adsa pas lut\u00adter contre la d\u00e9ma\u00adgo\u00adgique d\u00e9fense du franc que les com\u00admu\u00adnistes sou\u00adte\u00adnaient avec une ardeur sus\u00adpecte et d\u00e9li\u00adrante. Il fal\u00adlut d\u00e9va\u00adluer, quatre mois plus tard, dans des condi\u00adtions moins favo\u00adrables. En Grande-Bre\u00adtagne, tra\u00advaillistes et conser\u00adva\u00adteurs n\u2019ont pas os\u00e9 alt\u00e9\u00adrer le pres\u00adtige imp\u00e9\u00adrial de la livre\u2026 On peut appr\u00e9\u00adcier aujourd\u2019\u00adhui les effets de cet atta\u00adche\u00adment \u00e0 un culte aus\u00adsi archa\u00efque mais beau\u00adcoup plus d\u00e9sas\u00adtreux que la tra\u00addi\u00adtion\u00adnelle per\u00adruque du lord-maire de Londres.<\/p>\n<p>On a men\u00e9, en ver\u00adtu de la m\u00eame mytho\u00adlo\u00adgie, des cam\u00adpagnes exclu\u00adsives pour la baisse des prix, sans conve\u00adnir de cette \u00e9vi\u00addence his\u00adto\u00adrique\u2026 que l\u2019ef\u00adfon\u00addre\u00adment des cours g\u00e9n\u00e9\u00adra\u00adli\u00ads\u00e9 reste l\u2019un des symp\u00adt\u00f4mes constants de la crise \u00e9co\u00adno\u00admique et du ch\u00f4\u00admage. Il est vrai qu\u2019en vou\u00adlant oppo\u00adser une n\u00e9ga\u00adtion sys\u00adt\u00e9\u00adma\u00adtique \u00e0 un dogme ances\u00adtral, on abou\u00adtit \u00e0 des effets \u00e9ga\u00adle\u00adment irra\u00adtion\u00adnels et absurdes\u2026 et que l\u2019in\u00adfla\u00adtion et le ch\u00f4\u00admage peuvent fort bien s\u00e9vir dans le m\u00eame&nbsp;temps.<\/p>\n<p>Quant au lib\u00e9\u00adra\u00adlisme \u00e9co\u00adno\u00admique, il r\u00e9siste aux d\u00e9men\u00adtis \u00e9vi\u00addents que les faits lui ont impo\u00ads\u00e9s depuis pr\u00e8s d\u2019un si\u00e8cle. Les lois du mar\u00adch\u00e9 sont faus\u00ads\u00e9es depuis long\u00adtemps par le pro\u00adtec\u00adtion\u00adnisme, les mono\u00adpoles, les ser\u00advi\u00adtudes des imp\u00e9\u00adria\u00adlismes. On affirme que les \u00c9tats-Unis forment l\u2019\u00c9\u00adtat le plus typi\u00adque\u00adment capi\u00adta\u00adliste et imp\u00e9\u00adria\u00adliste. Nous avons d\u00e9j\u00e0 pri\u00e9 nos contra\u00addic\u00adteurs de d\u00e9fi\u00adnir exac\u00adte\u00adment l\u2019im\u00adp\u00e9\u00adria\u00adlisme. On pour\u00adrait r\u00e9cla\u00admer une d\u00e9fi\u00adni\u00adtion paral\u00adl\u00e8le du capi\u00adta\u00adlisme. Si celui-ci oppose encore la \u00ab&nbsp;libre entre\u00adprise&nbsp;\u00bb aux contraintes \u00e9ta\u00adtistes, on s\u2019\u00e9\u00adton\u00adne\u00adra que dans un pays \u00ab&nbsp;typi\u00adque\u00adment capi\u00adta\u00adliste&nbsp;\u00bb, l\u2019\u00c9\u00adtat f\u00e9d\u00e9\u00adral pra\u00adtique une poli\u00adtique diri\u00adgiste qui pour reprendre le jar\u00adgon mar\u00adxiste\u200a\u2014\u200asemble encore tenir dans la \u00ab&nbsp;super\u00adstruc\u00adture&nbsp;\u00bb, mais agit de plus en plus fr\u00e9\u00adquem\u00adment et effi\u00adca\u00adce\u00adment sur les \u00ab&nbsp;infra\u00adstruc\u00adtures&nbsp;\u00bb. Et nous n\u2019in\u00adsis\u00adtons pas sur les atteintes aux lois du mar\u00adch\u00e9 mon\u00addial\u200a\u2014\u200asou\u00advent salu\u00adtaires d\u2019ailleurs \u2015 com\u00admises d\u00e9li\u00adb\u00e9\u00adr\u00e9\u00adment par les \u00ab&nbsp;imp\u00e9\u00adria\u00adlistes am\u00e9ricains&nbsp;\u00bb&nbsp;(<html><\/html><\/p><p>Se d\u00e9ga\u00adger de ces archa\u00efsmes id\u00e9o\u00adlo\u00adgiques et doc\u00adtri\u00adnaux nous appa\u00adra\u00eet de plus en plus comme le pr\u00e9a\u00adlable indis\u00adpen\u00adsable \u00e0 toute \u00e9tude \u00ab&nbsp;pros\u00adpec\u00adtive&nbsp;\u00bb enga\u00adgeant direc\u00adte\u00adment l\u2019a\u00adve\u00adnir, sans se lais\u00adser fixer par les imp\u00e9\u00adra\u00adtifs du pr\u00e9\u00adsent. Et cela vaut pour les socia\u00adlistes, les liber\u00adtaires, les syn\u00addi\u00adca\u00adlistes, les r\u00e9vo\u00adlu\u00adtion\u00adnaires comme pour les poli\u00adtiques et les \u00e9co\u00adno\u00admistes bourgeois.<\/p>\n<p>[|<b>*  *  *  *<\/b>|]<br>\n<\/p>\n<p>En fin de compte, c\u2019est bien cette subor\u00addi\u00adna\u00adtion de toute pr\u00e9\u00advi\u00adsion \u00e0 l\u2019ac\u00adtua\u00adli\u00adt\u00e9 imm\u00e9\u00addiate qui \u00e9claire notre impuis\u00adsance. L\u2019empirisme qui basait toute connais\u00adsance sur l\u2019ex\u00adp\u00e9\u00adrience se jus\u00adti\u00adfiait par les exc\u00e8s du ratio\u00adna\u00adlisme. \u00ab&nbsp;La logique n\u2019ex\u00adplique rien. L\u2019his\u00adtoire explique tout&nbsp;\u00bb disait, il y a un demi-si\u00e8cle notre vieux ma\u00eetre, Fer\u00addi\u00adnand Bru\u00adnot, his\u00adto\u00adrien de la langue fran\u00ad\u00e7aise. Mais jus\u00adte\u00adment l\u2019His\u00adtoire ne se limite pas \u00e0 la simple suc\u00adces\u00adsion des \u00e9v\u00e9\u00adne\u00adments. Elle cherche les lignes fon\u00adda\u00admen\u00adtales qui se croisent \u00e0 des car\u00adre\u00adfours signa\u00adl\u00e9s par des acci\u00addents sou\u00advent tra\u00adgiques et catas\u00adtro\u00adphiques, mais qui conti\u00adnuent au-del\u00e0 des ruines et des cadavres. Qui laisse son esprit flot\u00adter au gr\u00e9 d\u2019ex\u00adp\u00e9\u00adriences quo\u00adti\u00addiennes, loca\u00adli\u00ads\u00e9es et iso\u00adl\u00e9es, \u00e9choue dans un oppor\u00adtu\u00adnisme sor\u00addide, dans la pas\u00adsi\u00advi\u00adt\u00e9 et l\u2019abdication.<\/p>\n<p>Dans l\u2019exer\u00adcice de ma pro\u00adfes\u00adsion, j\u2019ai connu de mes anciens \u00e9l\u00e8ves, s\u00e9lec\u00adtion\u00adn\u00e9s pour l\u2019ad\u00admis\u00adsion dans une \u00c9cole tech\u00adnique, qui pen\u00addant trois ou quatre ans, appre\u00adnaient les tech\u00adniques et les pra\u00adtiques d\u2019une car\u00adri\u00e8re dont l\u2019en\u00adcom\u00adbre\u00adment ou m\u00eame la cl\u00f4\u00adture les condam\u00adnaient au ch\u00f4\u00admage \u00e0 leur sor\u00adtie de l\u2019\u00e9tablissement.<\/p>\n<p>Et, dans le syn\u00addi\u00adca\u00adlisme uni\u00adver\u00adsi\u00adtaire, je n\u2019ai pas ces\u00ads\u00e9 de d\u00e9non\u00adcer les aber\u00adra\u00adtions et les mal\u00adfai\u00adsances d\u2019une poli\u00adti\u00adsa\u00adtion sou\u00admet\u00adtant les hommes de demain \u00e0 nos par\u00adtis-pris d\u2019aujourd\u2019hui.<\/p>\n<p>Pen\u00adser \u00e0 l\u2019An 2000, c\u2019est s\u2019in\u00adter\u00adro\u00adger sur l\u2019a\u00adve\u00adnir d\u2019en\u00adfants de 1972 lors\u00adqu\u2019ils comp\u00adte\u00adront de 28 \u00e0 44 ans d\u2019\u00e2ge. Quelles sont actuel\u00adle\u00adment les acqui\u00adsi\u00adtions et les conqu\u00eates qu\u2019il leur fau\u00addra conser\u00adver et conso\u00adli\u00adder&nbsp;? Quels sont les maux, que nous d\u00e9ce\u00adlons \u00e0 peine aujourd\u2019\u00adhui et qui les acca\u00adble\u00adront demain&nbsp;? Quelles sont les menaces pour leur bien-\u00eatre, leur liber\u00adt\u00e9 et leur vie que porte notre civi\u00adli\u00adsa\u00adtion actuelle&nbsp;?<\/p>\n<p>Le par\u00adti com\u00admu\u00adniste a ouvert sa cam\u00adpagne pour le Non au r\u00e9f\u00e9\u00adren\u00addum, par une vio\u00adlente condam\u00adna\u00adtion d\u2019une lettre de Man\u00adsholt, actuel pr\u00e9\u00adsident de la Com\u00admis\u00adsion de Bruxelles. Il n\u2019est pas de jus\u00adti\u00adfi\u00adca\u00adtion plus \u00e9lo\u00adquente de notre th\u00e8se sur la subor\u00addi\u00adna\u00adtion de la pros\u00adpec\u00adtive \u00e9di\u00adfiante et construc\u00adtive aux objec\u00adtifs gros\u00adsi\u00e8\u00adre\u00adment actuels d\u2019un par\u00adti uti\u00adli\u00adsant toutes les res\u00adsources de l\u2019op\u00adpor\u00adtu\u00adnisme et de la d\u00e9ma\u00adgo\u00adgie. Le docu\u00adment Man\u00adsholt est dis\u00adcu\u00adtable, heu\u00adreu\u00adse\u00adment. \u00ab&nbsp;Il nous donne, dit avec rai\u00adson le noyau de la <i>R\u00e9vo\u00adlu\u00adtion pro\u00adl\u00e9\u00adta\u00adrienne<\/i> (n\u00b0&nbsp;d\u2019a\u00advril 1972), satis\u00adfac\u00adtion sur deux points au moins et fon\u00adda\u00admen\u00adtaux&nbsp;; il met en garde contre une crois\u00adsance non contr\u00f4\u00adl\u00e9e de la popu\u00adla\u00adtion, il d\u00e9nonce aus\u00adsi le mythe dan\u00adge\u00adreux de la crois\u00adsance du pro\u00adduit brut sans consi\u00add\u00e9\u00adra\u00adtion de la qua\u00adli\u00adt\u00e9 de ce qui est pro\u00adduit, des cons\u00e9\u00adquences de ce qui est produit.&nbsp;\u00bb<\/p>\n<p>Pro\u00adbl\u00e8mes dont la solu\u00adtion n\u2019est pas facile mais qui ne sont pas inso\u00adlubles. Cepen\u00addant toutes nos pr\u00e9\u00advi\u00adsions peuvent \u00eatre liqui\u00add\u00e9es, reje\u00adt\u00e9es dans la nuit sombre de l\u2019ou\u00adbli, par un ph\u00e9\u00adno\u00adm\u00e8ne cos\u00admique qui peut an\u00e9an\u00adtir toute notre civi\u00adli\u00adsa\u00adtion. Il s\u2019a\u00adgit de la situa\u00adtion du tiers-monde, de l\u2019\u00e9\u00adcart crois\u00adsant entre la richesse des pays d\u00e9ve\u00adlop\u00adp\u00e9s et la mis\u00e8re des pays sous-d\u00e9velopp\u00e9s.<\/p>\n<p>Nous vou\u00addrions ten\u00adter d\u2019a\u00adna\u00adly\u00adser\u200a\u2014\u200aaus\u00adsi objec\u00adti\u00adve\u00adment que pos\u00adsible\u200a\u2014\u200atous les fac\u00adteurs d\u2019une \u00e9vo\u00adlu\u00adtion\u200a\u2014\u200adont j\u2019a\u00advais d\u00e9j\u00e0 sou\u00adli\u00adgn\u00e9 dans la revue belge \u00ab&nbsp;\u00c9du\u00adca\u00adtion et Socia\u00adlisme&nbsp;\u00bb de jan\u00advier-f\u00e9vrier 1960, qu\u2019elle d\u00e9ter\u00admi\u00adnait des mou\u00adve\u00adments pou\u00advant \u00ab&nbsp;faire bas\u00adcu\u00adler l\u2019\u00e9\u00adqui\u00adlibre uni\u00adver\u00adsel&nbsp;\u00bb. J\u2019a\u00adjou\u00adte\u00adrai que \u00ab&nbsp;l\u2019a\u00adve\u00adnir de l\u2019hu\u00adma\u00adni\u00adt\u00e9 se jouait en cette zone, sur ces terres d\u2019une mis\u00e8re immense et explo\u00adsive&nbsp;\u00bb o\u00f9 souffrent actuel\u00adle\u00adment les deux-tiers de l\u2019humanit\u00e9.<\/p>\n<p>[\/\u200bRoger <sc>Hagnauer<\/sc>\/\u200b]<\/p>\n","protected":false},"excerpt":{"rendered":"<p>Dans tous nos com\u00adpor\u00adte\u00adments, toutes nos d\u00e9marches intel\u00adlec\u00adtuelles, nous sommes natu\u00adrel\u00adle\u00adment domi\u00adn\u00e9s par l\u2019ac\u00adtua\u00adli\u00adt\u00e9. Ils sont rares les indus\u00adtriels et les com\u00admer\u00ad\u00e7ants capables de pr\u00e9\u00advoir au-del\u00e0 du bilan annuel de leurs entre\u00adprises. Dans les pays dits d\u00e9mo\u00adcra\u00adtiques, les gou\u00adver\u00adne\u00adments et les par\u00adtis d\u2019op\u00adpo\u00adsi\u00adtion sont constam\u00adment ten\u00addus vers les \u00e9ch\u00e9ances \u00e9lec\u00adto\u00adrales. Ceux-l\u00e0 veulent se pr\u00e9\u00adsen\u00adter&nbsp;avec&nbsp;[\u2026]<\/p>\n","protected":false},"author":1,"featured_media":0,"comment_status":"closed","ping_status":"closed","sticky":false,"template":"","format":"standard","meta":{"wp_typography_post_enhancements_disabled":false,"footnotes":""},"categories":[401],"tags":[],"ppma_author":[540],"class_list":["post-3398","post","type-post","status-publish","format-standard","hentry","category-cahiers-de-lhumanisme-libertaire-na188-mai-1972"],"authors":[{"term_id":540,"user_id":1,"is_guest":0,"slug":"admin_3gikpwyf","display_name":"Vincent Dubuc","avatar_url":"https:\/\/secure.gravatar.com\/avatar\/d015720652c25fd2ced191ade86430094e1f288a17483713e3b34d26dea52507?s=96&d=mm&r=g","author_category":"","user_url":"https:\/\/la-presse-anarchiste.net","last_name":"Dubuc","first_name":"Vincent","job_title":"","description":""}],"_links":{"self":[{"href":"https:\/\/la-presse-anarchiste.net\/index.php\/wp-json\/wp\/v2\/posts\/3398","targetHints":{"allow":["GET"]}}],"collection":[{"href":"https:\/\/la-presse-anarchiste.net\/index.php\/wp-json\/wp\/v2\/posts"}],"about":[{"href":"https:\/\/la-presse-anarchiste.net\/index.php\/wp-json\/wp\/v2\/types\/post"}],"author":[{"embeddable":true,"href":"https:\/\/la-presse-anarchiste.net\/index.php\/wp-json\/wp\/v2\/users\/1"}],"replies":[{"embeddable":true,"href":"https:\/\/la-presse-anarchiste.net\/index.php\/wp-json\/wp\/v2\/comments?post=3398"}],"version-history":[{"count":0,"href":"https:\/\/la-presse-anarchiste.net\/index.php\/wp-json\/wp\/v2\/posts\/3398\/revisions"}],"wp:attachment":[{"href":"https:\/\/la-presse-anarchiste.net\/index.php\/wp-json\/wp\/v2\/media?parent=3398"}],"wp:term":[{"taxonomy":"category","embeddable":true,"href":"https:\/\/la-presse-anarchiste.net\/index.php\/wp-json\/wp\/v2\/categories?post=3398"},{"taxonomy":"post_tag","embeddable":true,"href":"https:\/\/la-presse-anarchiste.net\/index.php\/wp-json\/wp\/v2\/tags?post=3398"},{"taxonomy":"author","embeddable":true,"href":"https:\/\/la-presse-anarchiste.net\/index.php\/wp-json\/wp\/v2\/ppma_author?post=3398"}],"curies":[{"name":"wp","href":"https:\/\/api.w.org\/{rel}","templated":true}]}}