{"id":3399,"date":"2012-10-11T15:36:44","date_gmt":"2012-10-11T15:36:44","guid":{"rendered":"https:\/\/la-presse-anarchiste.net\/index.php\/2012\/10\/11\/vision-davenir\/"},"modified":"2012-10-11T15:36:44","modified_gmt":"2012-10-11T15:36:44","slug":"vision-davenir","status":"publish","type":"post","link":"https:\/\/la-presse-anarchiste.net\/index.php\/2012\/10\/11\/vision-davenir\/","title":{"rendered":"Vision d\u2019avenir"},"content":{"rendered":"<div class=\"pdfprnt-buttons pdfprnt-buttons-post pdfprnt-top-right\"><a href=\"https:\/\/la-presse-anarchiste.net\/index.php\/wp-json\/wp\/v2\/posts\/3399?print=pdf\" class=\"pdfprnt-button pdfprnt-button-pdf\" target=\"_blank\"><img decoding=\"async\" src=\"https:\/\/la-presse-anarchiste.net\/wp-content\/plugins\/pdf-print\/images\/pdf.png\" alt=\"image_pdf\" title=\"Afficher le PDF\"><\/a><a href=\"https:\/\/la-presse-anarchiste.net\/index.php\/wp-json\/wp\/v2\/posts\/3399?print=print\" class=\"pdfprnt-button pdfprnt-button-print\" target=\"_blank\"><img decoding=\"async\" src=\"https:\/\/la-presse-anarchiste.net\/wp-content\/plugins\/pdf-print\/images\/print.png\" alt=\"image_print\" title=\"Contenu imprim\u00e9\"><\/a><\/div><p>Nous remar\u00adquions chez les nations civi\u00adli\u00ads\u00e9es le germe d\u2019une nou\u00advelle forme sociale qui doit rem\u00adpla\u00adcer l\u2019an\u00adcienne&nbsp;: le germe d\u2019une soci\u00e9\u00adt\u00e9 com\u00adpo\u00ads\u00e9e d\u2019in\u00addi\u00advi\u00addus \u00e9gaux entre eux, qui ne seront plus condam\u00adn\u00e9s \u00e0 vendre leurs bras et leur cer\u00adveau \u00e0 ceux qui les font tra\u00advailler au hasard de leur fan\u00adtai\u00adsie, mais qui pour\u00adront employer eux-m\u00eames leur savoir et leurs capa\u00adci\u00adt\u00e9s \u00e0 la pro\u00adduc\u00adtion\u200a\u2014\u200adans un orga\u00adnisme construit de fa\u00e7on \u00e0 com\u00adbi\u00adner les efforts de tous\u200a\u2014\u200apour pro\u00adcu\u00adrer \u00e0 tous la plus grande somme pos\u00adsible de bien-\u00eatre tout en lais\u00adsant \u00e0 l\u2019i\u00adni\u00adtia\u00adtive indi\u00advi\u00adduelle liber\u00adt\u00e9 pleine et enti\u00e8re. Cette soci\u00e9\u00adt\u00e9 sera com\u00adpo\u00ads\u00e9e d\u2019une mul\u00adti\u00adtude d\u2019as\u00adso\u00adcia\u00adtions unies entre elles pour tout ce qui r\u00e9clame un effort com\u00admun&nbsp;: f\u00e9d\u00e9\u00adra\u00adtion de pro\u00adduc\u00adteurs pour tous les genres de pro\u00adduc\u00adtion&nbsp;: agri\u00adcole, indus\u00adtrielle, intel\u00adlec\u00adtuelle, artis\u00adtique&nbsp;; com\u00admunes pour la consom\u00adma\u00adtion, se char\u00adgeant de pour\u00advoir \u00e0 tout ce qui concerne le loge\u00adment, l\u2019\u00e9\u00adclai\u00adrage, le chauf\u00adfage, l\u2019a\u00adli\u00admen\u00adta\u00adtion, les ins\u00adti\u00adtu\u00adtions sani\u00adtaires, etc.&nbsp;; f\u00e9d\u00e9\u00adra\u00adtions de com\u00admunes entre elles, et des com\u00admunes avec les groupes de pro\u00adduc\u00adtion&nbsp;; enfin, des groupes plus \u00e9ten\u00addus encore, englo\u00adbant tout un pays, ou m\u00eame plu\u00adsieurs pays, et com\u00adpo\u00ads\u00e9s de per\u00adsonnes qui tra\u00advaille\u00adront en com\u00admun \u00e0 la satis\u00adfac\u00adtion de ces besoins \u00e9co\u00adno\u00admiques, intel\u00adlec\u00adtuels et artis\u00adtiques qui ne sont pas limi\u00adt\u00e9s \u00e0 un ter\u00adri\u00adtoire d\u00e9ter\u00admi\u00adn\u00e9. Tous ces groupes com\u00adbi\u00adne\u00adront libre\u00adment leurs efforts par une entente r\u00e9ci\u00adproque, comme le font actuel\u00adle\u00adment les com\u00adpa\u00adgnies de che\u00admin de fer et les admi\u00adnis\u00adtra\u00adtions des postes des dif\u00adf\u00e9\u00adrents pays qui n\u2019ont pas de direc\u00adtion cen\u00adtrale bien que les pre\u00admi\u00e8res ne recherchent que leur int\u00e9\u00adr\u00eat \u00e9go\u00efste et que les der\u00adni\u00e8res appar\u00adtiennent \u00e0 des \u00c9tats dif\u00adf\u00e9\u00adrents et enne\u00admis&nbsp;; ou mieux encore, comme les m\u00e9t\u00e9o\u00adro\u00adlo\u00adgistes et les clubs alpins, les sta\u00adtions de sau\u00adve\u00adtage en Angle\u00adterre, les cyclistes, les ins\u00adti\u00adtu\u00adteurs, etc. qui unissent leurs efforts pour l\u2019ac\u00adcom\u00adplis\u00adse\u00adment d\u2019\u0153uvres de toute sorte, d\u2019ordre intel\u00adlec\u00adtuel ou de simple agr\u00e9ment.<\/p>\n<p>Une liber\u00adt\u00e9 com\u00adpl\u00e8te pr\u00e9\u00adsi\u00adde\u00adra au d\u00e9ve\u00adlop\u00adpe\u00adment des formes nou\u00advelles de pro\u00adduc\u00adtion, d\u2019in\u00adven\u00adtion et d\u2019or\u00adga\u00adni\u00adsa\u00adtion&nbsp;: l\u2019i\u00adni\u00adtia\u00adtive indi\u00advi\u00adduelle sera encou\u00adra\u00adg\u00e9e, et toute ten\u00addance \u00e0 l\u2019u\u00adni\u00adfor\u00admi\u00adt\u00e9 combattue.<\/p>\n<p>On ne sen\u00adti\u00adra pas le besoin d\u2019un gou\u00adver\u00adne\u00adment, parce que l\u2019ac\u00adcord et l\u2019as\u00adso\u00adcia\u00adtion libre\u00adment consen\u00adtis rem\u00adpla\u00adce\u00adront toutes les fonc\u00adtions que les gou\u00adver\u00adne\u00adments consi\u00add\u00e8rent actuel\u00adle\u00adment comme les leurs, et que, les causes de conflits deve\u00adnant plus rares, ces conflits eux-m\u00eames, au cas o\u00f9 ils pour\u00adraient encore se pro\u00adduire, seront r\u00e9gl\u00e9s par l\u2019arbitrage.<\/p>\n<p>[\/\u200bPierre <sc>Kro\u00adpot\u00adkine<\/sc><br>\n<br>(<i>Autour d\u2019une vie<\/i>)\/\u200b]<\/p>\n","protected":false},"excerpt":{"rendered":"<p>Nous remar\u00adquions chez les nations civi\u00adli\u00ads\u00e9es le germe d\u2019une nou\u00advelle forme sociale qui doit rem\u00adpla\u00adcer l\u2019an\u00adcienne&nbsp;: le germe d\u2019une soci\u00e9\u00adt\u00e9 com\u00adpo\u00ads\u00e9e d\u2019in\u00addi\u00advi\u00addus \u00e9gaux entre eux, qui ne seront plus condam\u00adn\u00e9s \u00e0 vendre leurs bras et leur cer\u00adveau \u00e0 ceux qui les font tra\u00advailler au hasard de leur fan\u00adtai\u00adsie, mais qui pour\u00adront employer eux-m\u00eames leur savoir&nbsp;[\u2026]<\/p>\n","protected":false},"author":1,"featured_media":0,"comment_status":"closed","ping_status":"closed","sticky":false,"template":"","format":"standard","meta":{"wp_typography_post_enhancements_disabled":false,"footnotes":""},"categories":[401],"tags":[],"ppma_author":[540],"class_list":["post-3399","post","type-post","status-publish","format-standard","hentry","category-cahiers-de-lhumanisme-libertaire-na188-mai-1972"],"authors":[{"term_id":540,"user_id":1,"is_guest":0,"slug":"admin_3gikpwyf","display_name":"Vincent Dubuc","avatar_url":"https:\/\/secure.gravatar.com\/avatar\/d015720652c25fd2ced191ade86430094e1f288a17483713e3b34d26dea52507?s=96&d=mm&r=g","author_category":"","user_url":"https:\/\/la-presse-anarchiste.net","last_name":"Dubuc","first_name":"Vincent","job_title":"","description":""}],"_links":{"self":[{"href":"https:\/\/la-presse-anarchiste.net\/index.php\/wp-json\/wp\/v2\/posts\/3399","targetHints":{"allow":["GET"]}}],"collection":[{"href":"https:\/\/la-presse-anarchiste.net\/index.php\/wp-json\/wp\/v2\/posts"}],"about":[{"href":"https:\/\/la-presse-anarchiste.net\/index.php\/wp-json\/wp\/v2\/types\/post"}],"author":[{"embeddable":true,"href":"https:\/\/la-presse-anarchiste.net\/index.php\/wp-json\/wp\/v2\/users\/1"}],"replies":[{"embeddable":true,"href":"https:\/\/la-presse-anarchiste.net\/index.php\/wp-json\/wp\/v2\/comments?post=3399"}],"version-history":[{"count":0,"href":"https:\/\/la-presse-anarchiste.net\/index.php\/wp-json\/wp\/v2\/posts\/3399\/revisions"}],"wp:attachment":[{"href":"https:\/\/la-presse-anarchiste.net\/index.php\/wp-json\/wp\/v2\/media?parent=3399"}],"wp:term":[{"taxonomy":"category","embeddable":true,"href":"https:\/\/la-presse-anarchiste.net\/index.php\/wp-json\/wp\/v2\/categories?post=3399"},{"taxonomy":"post_tag","embeddable":true,"href":"https:\/\/la-presse-anarchiste.net\/index.php\/wp-json\/wp\/v2\/tags?post=3399"},{"taxonomy":"author","embeddable":true,"href":"https:\/\/la-presse-anarchiste.net\/index.php\/wp-json\/wp\/v2\/ppma_author?post=3399"}],"curies":[{"name":"wp","href":"https:\/\/api.w.org\/{rel}","templated":true}]}}