{"id":3402,"date":"2012-10-11T15:36:52","date_gmt":"2012-10-11T15:36:52","guid":{"rendered":"https:\/\/la-presse-anarchiste.net\/index.php\/2012\/10\/11\/sur-le-federalisme-2\/"},"modified":"2012-10-11T15:36:52","modified_gmt":"2012-10-11T15:36:52","slug":"sur-le-federalisme-2","status":"publish","type":"post","link":"https:\/\/la-presse-anarchiste.net\/index.php\/2012\/10\/11\/sur-le-federalisme-2\/","title":{"rendered":"Sur le f\u00e9d\u00e9ralisme"},"content":{"rendered":"<div class=\"pdfprnt-buttons pdfprnt-buttons-post pdfprnt-top-right\"><a href=\"https:\/\/la-presse-anarchiste.net\/index.php\/wp-json\/wp\/v2\/posts\/3402?print=pdf\" class=\"pdfprnt-button pdfprnt-button-pdf\" target=\"_blank\"><img decoding=\"async\" src=\"https:\/\/la-presse-anarchiste.net\/wp-content\/plugins\/pdf-print\/images\/pdf.png\" alt=\"image_pdf\" title=\"Afficher le PDF\"><\/a><a href=\"https:\/\/la-presse-anarchiste.net\/index.php\/wp-json\/wp\/v2\/posts\/3402?print=print\" class=\"pdfprnt-button pdfprnt-button-print\" target=\"_blank\"><img decoding=\"async\" src=\"https:\/\/la-presse-anarchiste.net\/wp-content\/plugins\/pdf-print\/images\/print.png\" alt=\"image_print\" title=\"Contenu imprim\u00e9\"><\/a><\/div><p>[|(II)|]<br>\n<\/p>\n<p>Mais allons main\u00adte\u00adnant \u00e0 l\u2019ex\u00adtr\u00eame-sud du conti\u00adnent am\u00e9\u00adri\u00adcain. L\u2019Ar\u00adgen\u00adtine est une nation consti\u00adtu\u00e9e en pro\u00advinces jouis\u00adsant d\u2019une cer\u00adtaine auto\u00adno\u00admie, en \u00ab&nbsp;ter\u00adri\u00adtoires&nbsp;\u00bb direc\u00adte\u00adment pla\u00adc\u00e9s sous la juri\u00addic\u00adtion du gou\u00adver\u00adne\u00adment \u00ab&nbsp;f\u00e9d\u00e9\u00adral&nbsp;\u00bb. Elle est donc f\u00e9d\u00e9\u00adra\u00adliste. Or, les fon\u00adda\u00adteurs de ce f\u00e9d\u00e9\u00adra\u00adlisme ont \u00e9t\u00e9 les troupes du c\u00e9l\u00e8bre dic\u00adta\u00adteur Rosas, sur\u00adnom\u00adm\u00e9 Cor\u00adta\u00adca\u00adbe\u00adzas, (coupe-t\u00eates), qui pen\u00addant qua\u00adrante ans, mit le pays \u00e0 sang et \u00e0 feu. Ses troupes se com\u00adpo\u00adsaient de gau\u00adchos, et de semi-gau\u00adchos, rebelles \u00e0 l\u2019or\u00adga\u00adni\u00adsa\u00adtion, au tra\u00advail, \u00e0 la dis\u00adci\u00adpline et \u00e0 la culture des villes, par\u00adti\u00adcu\u00adli\u00e8\u00adre\u00adment de Bue\u00adnos Aires, o\u00f9 se concen\u00adtrait ce que le pays avait de meilleur en qua\u00adli\u00adt\u00e9 humaine. Par la force des choses et les condi\u00adtions natu\u00adrelles du pro\u00adgr\u00e8s, ces villes pre\u00adnaient le pas sur la Pam\u00adpa encore sau\u00advage, que les guer\u00adriers de Rosas, hai\u00adneux contre les Blancs qui venaient d\u2019Eu\u00adrope, par\u00adcou\u00adraient \u00e0 che\u00adval, le cou\u00adteau au c\u00f4t\u00e9, le cha\u00adpeau rele\u00adv\u00e9 et les mous\u00adtaches tom\u00adbantes, vivant des b\u00eates qui se repro\u00addui\u00adsaient libre\u00adment et qu\u2019ils \u00e9gor\u00adgeaient pour y pr\u00e9\u00adle\u00adver un simple bifteck.<\/p>\n<p>Ils \u00e9taient, eux, les v\u00e9ri\u00adtables Argen\u00adtins, les v\u00e9ri\u00adtables \u00ab&nbsp;criol\u00adlos&nbsp;\u00bb. Et le f\u00e9d\u00e9\u00adra\u00adlisme leur appa\u00adrut comme le moyen de se sous\u00adtraire \u00e0 l\u2019or\u00adga\u00adni\u00adsa\u00adtion d\u2019en\u00adsemble, indis\u00adpen\u00adsable \u00e0 une \u00e9co\u00adno\u00admie et une nation modernes. Leur devise fut \u00ab&nbsp;La f\u00e9d\u00e9\u00adra\u00adtion ou la mort&nbsp;!&nbsp;\u00bb. Mon\u00adt\u00e9s sur leurs che\u00advaux, ils arri\u00advaient dans les vil\u00adlages et les petites villes, et \u00e9gor\u00adgeaient tous ceux qui n\u2019\u00e9\u00adtaient pas par\u00adti\u00adsans du f\u00e9d\u00e9\u00adra\u00adlisme. Ils s\u2019im\u00adpo\u00adsaient, voci\u00adf\u00e9\u00adrants et mena\u00ad\u00e7ants, aux assem\u00adbl\u00e9es muni\u00adci\u00adpales. Ils ont lais\u00ads\u00e9 chez tous les hommes ayant au moins quelque sen\u00adsi\u00adbi\u00adli\u00adt\u00e9 un sou\u00adve\u00adnir atroce de dic\u00adta\u00adture san\u00adgui\u00adnaire, et d\u2019ex\u00adter\u00admi\u00adna\u00adtion, mais ce fut sur\u00adtout gr\u00e2ce \u00e0 eux qu\u2019en fin de compte l\u2019or\u00adga\u00adni\u00adsa\u00adtion f\u00e9d\u00e9\u00adra\u00adliste se constitua.<\/p>\n<p>Pen\u00addant les douze ans que j\u2019ai v\u00e9cu dans ce pays, je pus consta\u00adter que tr\u00e8s sou\u00advent les gou\u00adver\u00adneurs de pro\u00advinces, ma\u00eetres dans leur fief, dis\u00adpo\u00adsant, selon les droits conf\u00e9\u00adr\u00e9s par la consti\u00adtu\u00adtion natio\u00adnale, d\u2019un par\u00adle\u00adment et d\u2019une police propres, mais aus\u00adsi de leur cote\u00adrie poli\u00adtique bureau\u00adcra\u00adtique, de leurs hordes par\u00adti\u00adsanes, se com\u00adpor\u00adtaient exac\u00adte\u00adment comme des roi\u00adte\u00adlets, des tyrans locaux ou des sei\u00adgneurs f\u00e9o\u00addaux. C\u2019est sur ces forces que s\u2019ap\u00adpuyaient les grands par\u00adtis conser\u00adva\u00adteurs, les \u00e9l\u00e9\u00adments r\u00e9ac\u00adtion\u00adnaires du pays. Pour une pro\u00advince qui, comme celle de San\u00adta Fe, d\u00e9fen\u00addait le lib\u00e9\u00adra\u00adlisme, il y en avait six ou sept o\u00f9 le tra\u00addi\u00adtio\u00adna\u00adlisme ultra\u00admon\u00adtain et les m\u0153urs semi-bar\u00adbares domi\u00adnaient. Encore une fois, ce f\u00e9d\u00e9\u00adra\u00adlisme-l\u00e0 ne ser\u00advait pas la liber\u00adt\u00e9. Des faits sem\u00adblables sont \u00e0 enre\u00adgis\u00adtrer au Br\u00e9\u00adsil. Et, au fond, ne se conjuguent-ils pas avec la haine, qui ne s\u2019at\u00adt\u00e9\u00adnue que peu \u00e0 peu, des \u00ab&nbsp;ruraux&nbsp;\u00bb contre les cita\u00addins, des cam\u00adpagnes encore plon\u00adg\u00e9es dans l\u2019i\u00adgno\u00adrance et l\u2019obs\u00adcu\u00adran\u00adtisme contre les villes, o\u00f9 si sou\u00advent le pay\u00adsan fai\u00adsait cause com\u00admune avec les repr\u00e9\u00adsen\u00adtants du&nbsp;pass\u00e9&nbsp;?<\/p>\n<p>Plus pr\u00e8s de nous, et actuel\u00adle\u00adment, la Bel\u00adgique nous apporte une preuve sup\u00adpl\u00e9\u00admen\u00adtaire du dan\u00adger que peut repr\u00e9\u00adsen\u00adter le f\u00e9d\u00e9\u00adra\u00adlisme g\u00e9o\u00adgra\u00adphique et poli\u00adtique. Dans la r\u00e9gion du Nord, les \u00ab&nbsp;Fla\u00admin\u00adgants&nbsp;\u00bb, \u00e9l\u00e9\u00adments r\u00e9ac\u00adtion\u00adnaires, aux pr\u00e9\u00adju\u00adg\u00e9s reli\u00adgieux tr\u00e9\u00adpi\u00addants, m\u00e8nent une cam\u00adpagne inlas\u00adsable pour obte\u00adnir une plus grande auto\u00adno\u00admie gr\u00e2ce \u00e0 un plus large f\u00e9d\u00e9\u00adra\u00adlisme. Dans le sud du pays, les Wal\u00adlons, plus lib\u00e9\u00adraux, et o\u00f9 le socia\u00adlisme d\u00e9mo\u00adcrate a la plus large audience, font contre\u00adpoids, et s\u2019op\u00adposent au f\u00e9d\u00e9\u00adra\u00adlisme s\u00e9pa\u00adra\u00adtiste et s\u00e9ces\u00adsion\u00adniste des Fla\u00admin\u00adgants. Ceux-ci pro\u00adtestent, au nom de la liber\u00adt\u00e9. Une \u00ab&nbsp;liber\u00adt\u00e9&nbsp;\u00bb qui res\u00adsemble beau\u00adcoup \u00e0 celle de l\u2019\u00e9\u00adcole dite \u00ab&nbsp;libre&nbsp;\u00bb que le cler\u00adg\u00e9 fran\u00ad\u00e7ais a orga\u00adni\u00ads\u00e9e contre l\u2019\u00e9\u00adcole la\u00efque de l\u2019\u00c9\u00adtat, afin de sou\u00admettre de plus en plus l\u2019en\u00adfance, puis le pays, au Vatican.<\/p>\n<p>[|<b>*  *  *  *<\/b>|]<br>\n<\/p>\n<p>Dans quelle mesure, du reste, l\u2019or\u00adga\u00adni\u00adsa\u00adtion f\u00e9d\u00e9\u00adra\u00adliste par can\u00adtons, par pro\u00advinces ou par \u00c9tats est-elle une garan\u00adtie contre l\u2019in\u00adva\u00adsion mili\u00adtaire et l\u2019as\u00adser\u00advis\u00adse\u00adment poli\u00adtique de toute une nation, argu\u00adments de base invo\u00adqu\u00e9s par Prou\u00addhon&nbsp;? La Suisse offre le spec\u00adtacle de can\u00adtons paci\u00adfiques, se res\u00adpec\u00adtant mutuel\u00adle\u00adment, o\u00f9 aucun ne cherche \u00e0 empi\u00e9\u00adter sur les autres. Mais d\u2019a\u00adbord, la confi\u00adgu\u00adra\u00adtion g\u00e9o\u00adgra\u00adphique du pays se pr\u00eate \u00e0 cette divi\u00adsion que favo\u00adrisent les val\u00adl\u00e9es alpines, et les hautes cha\u00eenes rocheuses qui divisent entre elles les r\u00e9gions. Ensuite, toutes ces r\u00e9gions r\u00e9unies ne consti\u00adtue\u00adraient pas une force d\u2019a\u00adgres\u00adsion capable d\u2019en\u00adta\u00admer les fortes nations qui entourent la Conf\u00e9\u00add\u00e9\u00adra\u00adtion hel\u00adv\u00e9\u00adtique. Et puis, d\u2019autres fac\u00adteurs jouent par\u00adfois&nbsp;: ce qu\u2019on appelle le g\u00e9nie poli\u00adtique, par exemple.<\/p>\n<p>Mais quand le champ est ouvert \u00e0 l\u2019a\u00adven\u00adture, aux pos\u00adsi\u00adbi\u00adli\u00adt\u00e9s de domi\u00adna\u00adtion fruc\u00adtueuse, le com\u00adpor\u00adte\u00adment peut chan\u00adger. T\u00e9moins Clo\u00advis, et sa poi\u00adgn\u00e9e de guer\u00adriers francs saliens, s\u2019im\u00adpo\u00adsant par la guerre et les assas\u00adsi\u00adnats aux autres tri\u00adbus, ter\u00adri\u00adto\u00adria\u00adle\u00adment \u00e9ta\u00adblies. Il y avait l\u00e0 un f\u00e9d\u00e9\u00adra\u00adlisme de fait, tra\u00addi\u00adtion\u00adnel chez les Ger\u00admains. Il dis\u00adpa\u00adrut pour faire place, en un tr\u00e8s court laps de temps, \u00e0 un cen\u00adtra\u00adlisme mili\u00adtaire, sinon \u00e9ta\u00adtique, qui embras\u00adsait une nation enti\u00e8re. T\u00e9moin encore Rome, en lutte contre les autres r\u00e9gions d\u2019I\u00adta\u00adlie, les conqu\u00e9\u00adrant l\u2019une apr\u00e8s l\u2019autre, et impo\u00adsant aus\u00adsi son cen\u00adtra\u00adlisme qu\u2019elle \u00e9ten\u00addit ensuite \u00e0 presque toute l\u2019Eu\u00adrope sans que nous puis\u00adsions dire, hon\u00adn\u00ea\u00adte\u00adment, que sa domi\u00adna\u00adtion n\u2019ait \u00e9t\u00e9 que mal\u00adfai\u00adsante. T\u00e9moin encore l\u2019his\u00adtoire du monde arabe au moment de son apo\u00adg\u00e9e. T\u00e9moin enfin l\u2019his\u00adtoire de la Conf\u00e9\u00add\u00e9\u00adra\u00adtion ger\u00adma\u00adnique, mili\u00adta\u00adriste et imp\u00e9\u00adria\u00adliste, o\u00f9 la volon\u00adt\u00e9 de la Prusse, et de Bis\u00admarck, cr\u00e9a les condi\u00adtions n\u00e9ces\u00adsaires pour bou\u00adle\u00adver\u00adser l\u2019Eu\u00adrope [[Aupa\u00adra\u00advant, les tri\u00adbus et les \u00c9tats ger\u00adma\u00adniques ne se sont-ils pas, maintes fois, mis d\u2019ac\u00adcord pour enva\u00adhir l\u2019I\u00adta\u00adlie ou d\u2019autres r\u00e9gions d\u2019Eu\u00adrope&nbsp;? Plus tard, les tri\u00adbus cosaques feront la guerre pen\u00addant des si\u00e8cles et \u00e9lar\u00adgi\u00adront l\u2019empire russe jus\u00adqu\u2019\u00e0 la mer du Japon.]]. Le f\u00e9d\u00e9\u00adra\u00adlisme poli\u00adtique n\u2019est donc une garan\u00adtie de paix que quand les nations sont faibles, ou qu\u2019il n\u2019y a rien \u00e0 conqu\u00e9rir.<\/p>\n<p>[|<b>*  *  *  *<\/b>|]<br>\n<\/p>\n<p>Ce f\u00e9d\u00e9\u00adra\u00adlisme qui, au fond, n\u2019est pas une cr\u00e9a\u00adtion prou\u00addho\u00adnienne, puisque Prou\u00addhon l\u2019a emprun\u00adt\u00e9 \u00e0 la Consti\u00adtu\u00adtion suisse, ne trouve pas, il faut le recon\u00adna\u00eetre, que des d\u00e9fen\u00adseurs r\u00e9ac\u00adtion\u00adnaires. Dans les faits, ce sont sur\u00adtout ces der\u00adniers qui ont domi\u00adn\u00e9. Mais l\u2019Es\u00adpagne nous offre l\u2019exemple d\u2019une ten\u00addance dif\u00adf\u00e9\u00adrente. Son prin\u00adci\u00adpal th\u00e9o\u00adri\u00adcien, pre\u00admier tra\u00adduc\u00adteur de Prou\u00addhon, fut Pi y Mar\u00adgall, r\u00e9pu\u00adbli\u00adcain f\u00e9d\u00e9\u00adra\u00adliste, grande et noble figure, Cata\u00adlan immen\u00ads\u00e9\u00adment \u00e9ru\u00addit et pr\u00e9\u00adsident, pen\u00addant un tr\u00e8s court laps de temps, de la pre\u00admi\u00e8re R\u00e9pu\u00adblique espa\u00adgnole. Le r\u00e9pu\u00adbli\u00adca\u00adnisme f\u00e9d\u00e9\u00adra\u00adliste s\u2019est implan\u00adt\u00e9 sur\u00adtout en Cata\u00adlogne et s\u2019est \u00e9ten\u00addu au Pays basque. Il lutte contre le cen\u00adtra\u00adlisme madri\u00adl\u00e8ne. Il pr\u00eache l\u2019au\u00adto\u00adno\u00admie des r\u00e9gions, et n\u2019ac\u00adcepte que condi\u00adtion\u00adnel\u00adle\u00adment, dans une mesure qu\u2019il appar\u00adtient \u00e0 cha\u00adcune d\u2019elles de fixer, leur adh\u00e9\u00adsion \u00e0 la f\u00e9d\u00e9\u00adra\u00adtion ib\u00e9\u00adrique qui cor\u00adres\u00adpon\u00addrait \u00e0 ses desi\u00adde\u00adra\u00adta. Natu\u00adrel\u00adle\u00adment, le droit de s\u00e9ces\u00adsion figure aus\u00adsi dans ses revendications.<\/p>\n<p>En y regar\u00addant de pr\u00e8s, on s\u2019a\u00adper\u00ad\u00e7oit que le cata\u00adla\u00adnisme est sim\u00adple\u00adment un natio\u00adna\u00adlisme sou\u00advent aigu, et sur\u00adai\u00adgu, auquel adh\u00e8rent aus\u00adsi bien les droites cata\u00adlanes (dont hier la fameuse LLi\u00adga r\u00e9gio\u00adna\u00adliste qui grou\u00adpait les poten\u00adtats de la finance et du capi\u00adta\u00adlisme) que des for\u00adma\u00adtions gauches-cata\u00adla\u00adnistes et m\u00eame un cer\u00adtain nombre d\u2019a\u00adnar\u00adchistes. L\u2019au\u00adteur de ces lignes, se trou\u00advant \u00e0 Bar\u00adce\u00adlone pen\u00addant la guerre et la r\u00e9vo\u00adlu\u00adtion espa\u00adgnoles, en 1937, enten\u00addit Fede\u00adri\u00adca Mont\u00adse\u00adny, lea\u00adder de l\u2019a\u00adnar\u00adchisme, d\u00e9cla\u00adrer dans une conf\u00e9\u00adrence qu\u2019elle n\u2019\u00e9\u00adtait pas f\u00e9d\u00e9\u00adra\u00adliste au sens o\u00f9 Bakou\u00adnine l\u2019en\u00adten\u00addait, mais au sens o\u00f9 l\u2019en\u00adten\u00addait Pi y Mar\u00adgall. C\u2019est-\u00e0-dire, elle pr\u00e9\u00adco\u00adni\u00adsait l\u2019au\u00adto\u00adno\u00admie des r\u00e9gions, du point de vue poli\u00adtique et \u00e9co\u00adno\u00admique, et le res\u00adpect de la langue de cha\u00adcune d\u2019elles. Une semaine plus tard, je don\u00adnai \u00e0 mon tour une conf\u00e9\u00adrence sur \u00ab&nbsp;notre pro\u00adgramme recons\u00adtruc\u00adtif&nbsp;\u00bb, et je dus r\u00e9fu\u00adter la th\u00e8se de Fede\u00adri\u00adca Mont\u00adse\u00adny (qui est, je le r\u00e9p\u00e8te, celle de beau\u00adcoup d\u2019a\u00adnar\u00adchistes cata\u00adlans), \u00e0 la lumi\u00e8re des faits \u00e9co\u00adno\u00admiques et de l\u2019in\u00adter\u00add\u00e9\u00adpen\u00addance fatale des dif\u00adf\u00e9\u00adrentes r\u00e9gions de l\u2019Espagne.<\/p>\n<p>La th\u00e8se de l\u2019au\u00adto\u00adno\u00admie r\u00e9gio\u00adnale condui\u00adrait direc\u00adte\u00adment l\u2019Es\u00adpagne \u00e0 un mor\u00adcel\u00adle\u00adment dont on avait d\u00e9j\u00e0 vu les effets. En plus du gou\u00adver\u00adne\u00adment de Madrid, qui domi\u00adnait toute la nation, il exis\u00adtait le gou\u00adver\u00adne\u00adment cata\u00adlan, et le gou\u00adver\u00adne\u00adment basque&nbsp;; d\u2019autre part, un mou\u00adve\u00adment auto\u00adno\u00admiste \u00e9tait n\u00e9 dans la Galice, au nord du Por\u00adtu\u00adgal, qui r\u00e9cla\u00admait aus\u00adsi l\u2019in\u00add\u00e9\u00adpen\u00addance de cette r\u00e9gion, et le droit de n\u2019employer offi\u00adciel\u00adle\u00adment que le dia\u00adlecte r\u00e9gio\u00adnal dans l\u2019ad\u00admi\u00adnis\u00adtra\u00adtion et dans les \u00e9coles, et un autre mou\u00adve\u00adment auto\u00adnome valen\u00adcien \u00e9tait aus\u00adsi appa\u00adru. Si, comme le r\u00e9cla\u00admaient les lea\u00adders de cha\u00adcun d\u2019eux, un pl\u00e9\u00adbis\u00adcite avait eu lieu en Galice et dans la r\u00e9gion valen\u00adcienne, la d\u00e9ma\u00adgo\u00adgie poli\u00adti\u00adcienne, l\u2019ex\u00adploi\u00adta\u00adtion de l\u2019es\u00adprit de clo\u00adcher, si facile chez tant de popu\u00adla\u00adtions, auraient assez faci\u00adle\u00adment entra\u00ee\u00adn\u00e9 la majo\u00adri\u00adt\u00e9. Et rien ne dit que l\u2019Es\u00adtr\u00e9\u00adma\u00addure ou l\u2019A\u00adra\u00adgon n\u2019au\u00adrait pas sui\u00advi un che\u00admin iden\u00adtique, m\u00eame si la ques\u00adtion lin\u00adguis\u00adtique n\u2019a\u00advait pas \u00e9tay\u00e9 l\u2019ar\u00adgu\u00admen\u00adta\u00adtion r\u00e9gionaliste.<\/p>\n<p>[|<b>*  *  *  *<\/b>|]<br>\n<\/p>\n<p>Or, je me demande ce qu\u2019au point de vue liber\u00adtaire, ou anar\u00adchiste, les peuples gagnent \u00e0 cette mul\u00adti\u00adpli\u00adci\u00adt\u00e9 et cette jux\u00adta\u00adpo\u00adsi\u00adtion de gou\u00adver\u00adne\u00adments, de l\u00e9gis\u00adla\u00adtions de r\u00e8gle\u00admen\u00adta\u00adtions, d\u2019im\u00adp\u00f4ts et d\u2019au\u00adto\u00adri\u00adt\u00e9s&nbsp;? Et je pense qu\u2019il faut, une fois pour toutes, poser et tran\u00adcher ce pro\u00adbl\u00e8me&nbsp;: les prin\u00adcipes liber\u00adtaires tendent-ils \u00e0 l\u2019in\u00adt\u00e9\u00adgra\u00adtion humaine, \u00e0 l\u2019u\u00adni\u00adfi\u00adca\u00adtion des peuples \u00e0 l\u2019\u00e9\u00adchelle pla\u00adn\u00e9\u00adtaire, par la sup\u00adpres\u00adsion des fron\u00adti\u00e8res, et de tous les fac\u00adteurs qui s\u00e9parent les hommes et les ont s\u00e9pa\u00adr\u00e9s, les dres\u00adsant les uns contre les autres, les fai\u00adsant se m\u00e9con\u00adna\u00eetre, se m\u00e9pri\u00adser, se ha\u00efr et se com\u00adbattre, ou les prin\u00adcipes liber\u00adtaires tendent-ils \u00e0 lais\u00adser debout ces divi\u00adsions et ces bar\u00adri\u00e8res, et m\u00eame \u00e0 les mul\u00adti\u00adplier sous pr\u00e9\u00adtexte de f\u00e9d\u00e9\u00adra\u00adlisme&nbsp;? Le f\u00e9d\u00e9\u00adra\u00adlisme est-il la divi\u00adsion de la famille humaine en groupes lin\u00adguis\u00adtiques et raciaux, et en autant de familles eth\u00adniques, de sous-natio\u00adna\u00adlismes et de grou\u00adpe\u00adments secon\u00addaires qu\u2019il y a de r\u00e9gions&nbsp;? Ou est-il un mou\u00adve\u00adment de pen\u00ads\u00e9e et d\u2019ac\u00adtion qui s\u2019ef\u00adforce d\u2019u\u00adnir et d\u2019u\u00adni\u00adfier le plus pos\u00adsible les hommes pour en finir avec les haines de tri\u00adbus pri\u00admi\u00adtives, \u00e9ten\u00addues aux r\u00e9gions, puis aux nations, et qui les ont si long\u00adtemps d\u00e9chir\u00e9es&nbsp;?<\/p>\n<p>Pour moi, et il en est ain\u00adsi pour beau\u00adcoup de liber\u00adtaires, j\u2019opte sans r\u00e9serve pour l\u2019an\u00adti\u00adr\u00e9\u00adgio\u00adna\u00adlisme poli\u00adtique,\u200a\u2014\u200aje ne parle pas des danses, des cos\u00adtumes et du folk\u00adlore ni de la richesse lin\u00adguis\u00adtique \u2014, et pour la n\u00e9ga\u00adtion des patries, grandes et petites. Je pro\u00adclame non seule\u00adment l\u2019in\u00adter\u00adna\u00adtio\u00adna\u00adlisme, mais plus encore, afin qu\u2019on ne puisse jouer sur les mots, l\u2019an\u00adti\u00adna\u00adtio\u00adna\u00adlisme. Et je vais plus loin. Je consi\u00add\u00e8re que les rois uni\u00adfi\u00adca\u00adteurs ont, mal\u00adgr\u00e9 tous les m\u00e9faits que l\u2019on peut, \u00e0 bon droit, leur repro\u00adcher, fait \u0153uvre utile en r\u00e9unis\u00adsant les pro\u00advinces et les peuples dis\u00adper\u00ads\u00e9s, en \u00e9tat per\u00adma\u00adnent d\u2019hostilit\u00e9.<\/p>\n<p>Je n\u2019i\u00adgnore rien de leurs exac\u00adtions, de leur action liber\u00adti\u00adcide et de leurs crimes. Mais je sais, d\u2019autre part que, \u00e0 tra\u00advers les si\u00e8cles et les mil\u00adl\u00e9\u00adnaires, les peuples ont \u00e9t\u00e9 d\u2019eux-m\u00eames inca\u00adpables de bri\u00adser, ou m\u00eame de son\u00adger \u00e0 bri\u00adser les fron\u00adti\u00e8res pro\u00advin\u00adciales ou r\u00e9gio\u00adnales der\u00adri\u00e8re les\u00adquelles, le plus sou\u00advent, ils se ha\u00efs\u00adsaient, l\u2019i\u00add\u00e9e de la nation les unis\u00adsant n\u2019a pas ger\u00adm\u00e9 chez eux. Elle a ger\u00adm\u00e9 chez les rois, ou chez des id\u00e9a\u00adlistes (cha\u00adcun conce\u00advant les r\u00e9a\u00adli\u00adsa\u00adtions avec des moyens dif\u00adf\u00e9\u00adrents, et dans des buts dif\u00adf\u00e9\u00adrents aus\u00adsi [[Il est curieux de consta\u00adter que c\u2019est Napo\u00adl\u00e9on qui trans\u00adfor\u00adma, en 1803, la r\u00e9pu\u00adblique cen\u00adtra\u00adliste suisse en r\u00e9pu\u00adblique f\u00e9d\u00e9\u00adrale. Divi\u00adser pour r\u00e9gner.]], chez Louis XI ou chez les membres de la Conven\u00adtion, chez Napo\u00adl\u00e9on ou dans l\u2019\u00e2me de ceux qui d\u00e9fi\u00adl\u00e8rent au Champ-de-Mars, pour la f\u00eate de la F\u00e9d\u00e9\u00adra\u00adtion, et qui voyaient dans cette f\u00e9d\u00e9\u00adra\u00adtion l\u2019i\u00add\u00e9e d\u2019une France soli\u00addaire et indi\u00advi\u00adsible, dans sa marche vers la libert\u00e9.<\/p>\n<p>(<i>\u00e0 suivre<\/i>)<\/p>\n<p>[\/\u200bGaston <sc>Leval<\/sc>\/\u200b]<\/p>\n","protected":false},"excerpt":{"rendered":"<p>[|(II)|] Mais allons main\u00adte\u00adnant \u00e0 l\u2019ex\u00adtr\u00eame-sud du conti\u00adnent am\u00e9\u00adri\u00adcain. L\u2019Ar\u00adgen\u00adtine est une nation consti\u00adtu\u00e9e en pro\u00advinces jouis\u00adsant d\u2019une cer\u00adtaine auto\u00adno\u00admie, en \u00ab&nbsp;ter\u00adri\u00adtoires&nbsp;\u00bb direc\u00adte\u00adment pla\u00adc\u00e9s sous la juri\u00addic\u00adtion du gou\u00adver\u00adne\u00adment \u00ab&nbsp;f\u00e9d\u00e9\u00adral&nbsp;\u00bb. Elle est donc f\u00e9d\u00e9\u00adra\u00adliste. Or, les fon\u00adda\u00adteurs de ce f\u00e9d\u00e9\u00adra\u00adlisme ont \u00e9t\u00e9 les troupes du c\u00e9l\u00e8bre dic\u00adta\u00adteur Rosas, sur\u00adnom\u00adm\u00e9 Cor\u00adta\u00adca\u00adbe\u00adzas, (coupe-t\u00eates), qui pen\u00addant qua\u00adrante&nbsp;ans,&nbsp;[\u2026]<\/p>\n","protected":false},"author":1,"featured_media":0,"comment_status":"closed","ping_status":"closed","sticky":false,"template":"","format":"standard","meta":{"wp_typography_post_enhancements_disabled":false,"footnotes":""},"categories":[401],"tags":[],"ppma_author":[540],"class_list":["post-3402","post","type-post","status-publish","format-standard","hentry","category-cahiers-de-lhumanisme-libertaire-na188-mai-1972"],"authors":[{"term_id":540,"user_id":1,"is_guest":0,"slug":"admin_3gikpwyf","display_name":"Vincent Dubuc","avatar_url":"https:\/\/secure.gravatar.com\/avatar\/d015720652c25fd2ced191ade86430094e1f288a17483713e3b34d26dea52507?s=96&d=mm&r=g","author_category":"","user_url":"https:\/\/la-presse-anarchiste.net","last_name":"Dubuc","first_name":"Vincent","job_title":"","description":""}],"_links":{"self":[{"href":"https:\/\/la-presse-anarchiste.net\/index.php\/wp-json\/wp\/v2\/posts\/3402","targetHints":{"allow":["GET"]}}],"collection":[{"href":"https:\/\/la-presse-anarchiste.net\/index.php\/wp-json\/wp\/v2\/posts"}],"about":[{"href":"https:\/\/la-presse-anarchiste.net\/index.php\/wp-json\/wp\/v2\/types\/post"}],"author":[{"embeddable":true,"href":"https:\/\/la-presse-anarchiste.net\/index.php\/wp-json\/wp\/v2\/users\/1"}],"replies":[{"embeddable":true,"href":"https:\/\/la-presse-anarchiste.net\/index.php\/wp-json\/wp\/v2\/comments?post=3402"}],"version-history":[{"count":0,"href":"https:\/\/la-presse-anarchiste.net\/index.php\/wp-json\/wp\/v2\/posts\/3402\/revisions"}],"wp:attachment":[{"href":"https:\/\/la-presse-anarchiste.net\/index.php\/wp-json\/wp\/v2\/media?parent=3402"}],"wp:term":[{"taxonomy":"category","embeddable":true,"href":"https:\/\/la-presse-anarchiste.net\/index.php\/wp-json\/wp\/v2\/categories?post=3402"},{"taxonomy":"post_tag","embeddable":true,"href":"https:\/\/la-presse-anarchiste.net\/index.php\/wp-json\/wp\/v2\/tags?post=3402"},{"taxonomy":"author","embeddable":true,"href":"https:\/\/la-presse-anarchiste.net\/index.php\/wp-json\/wp\/v2\/ppma_author?post=3402"}],"curies":[{"name":"wp","href":"https:\/\/api.w.org\/{rel}","templated":true}]}}