{"id":3406,"date":"2013-03-01T12:03:23","date_gmt":"2013-03-01T12:03:23","guid":{"rendered":"https:\/\/la-presse-anarchiste.net\/index.php\/2013\/03\/01\/interview-expresse-sur-la-situation-economique-francaise-au-debut-de-1961\/"},"modified":"2013-03-01T12:03:23","modified_gmt":"2013-03-01T12:03:23","slug":"interview-expresse-sur-la-situation-economique-francaise-au-debut-de-1961","status":"publish","type":"post","link":"https:\/\/la-presse-anarchiste.net\/index.php\/2013\/03\/01\/interview-expresse-sur-la-situation-economique-francaise-au-debut-de-1961\/","title":{"rendered":"Interview expresse sur la situation \u00e9conomique fran\u00e7aise au d\u00e9but de&nbsp;1961"},"content":{"rendered":"<div class=\"pdfprnt-buttons pdfprnt-buttons-post pdfprnt-top-right\"><a href=\"https:\/\/la-presse-anarchiste.net\/index.php\/wp-json\/wp\/v2\/posts\/3406?print=pdf\" class=\"pdfprnt-button pdfprnt-button-pdf\" target=\"_blank\"><img decoding=\"async\" src=\"https:\/\/la-presse-anarchiste.net\/wp-content\/plugins\/pdf-print\/images\/pdf.png\" alt=\"image_pdf\" title=\"Afficher le PDF\"><\/a><a href=\"https:\/\/la-presse-anarchiste.net\/index.php\/wp-json\/wp\/v2\/posts\/3406?print=print\" class=\"pdfprnt-button pdfprnt-button-print\" target=\"_blank\"><img decoding=\"async\" src=\"https:\/\/la-presse-anarchiste.net\/wp-content\/plugins\/pdf-print\/images\/print.png\" alt=\"image_print\" title=\"Contenu imprim\u00e9\"><\/a><\/div><p>Ques\u00adtion&nbsp;: Com\u00adment peut-on carac\u00adt\u00e9\u00adri\u00adser la situa\u00adtion \u00e9co\u00adno\u00admique en France au d\u00e9but de&nbsp;1961&nbsp;?<\/p>\n<p>R\u00e9ponse&nbsp;: Dans l\u2019en\u00adsemble, l\u2019\u00e9\u00adco\u00adno\u00admie fran\u00ad\u00e7aise est \u00e0 nou\u00adveau dans une phase d\u2019ex\u00adpan\u00adsion apr\u00e8s le recul \u2013 la r\u00e9ces\u00adsion comme on dit \u2013 enre\u00adgis\u00adtr\u00e9 au cours du second semestre&nbsp;1958 et du pre\u00admier semestre&nbsp;1959. La demande \u00e9ma\u00adnant des trois grands sec\u00adteurs qui animent l\u2019\u00e9\u00adco\u00adno\u00admie&nbsp;: les \u00ab&nbsp;m\u00e9nages&nbsp;\u00bb (c\u2019est ain\u00adsi que les sp\u00e9\u00adcia\u00adlistes des Comptes de la Nation appellent les par\u00adti\u00adcu\u00adliers), l\u2019in\u00adves\u00adtis\u00adse\u00adment (public et pri\u00adv\u00e9) et l\u2019ex\u00adt\u00e9\u00adrieur (expor\u00adta\u00adtions), est dans l\u2019en\u00adsemble sou\u00adte\u00adnue. Pour satis\u00adfaire cette demande pr\u00e9\u00adsente et future, \u00e9tant don\u00adn\u00e9 que les stocks sont g\u00e9n\u00e9\u00adra\u00adle\u00adment assez faibles, sauf dans cer\u00adtains sec\u00adteurs de l\u2019\u00e9lec\u00adtro\u00adm\u00e9\u00adna\u00adger par exemple, l\u2019in\u00addus\u00adtrie doit tour\u00adner \u00e0 une bonne allure [[En d\u00e9cembre 1960, la pro\u00adduc\u00adtion sid\u00e9\u00adrur\u00adgique par exemple, qui est un bon baro\u00adm\u00e8tre de la \u201csan\u00adt\u00e9\u201d \u00e9co\u00adno\u00admique, a mar\u00adqu\u00e9 un pro\u00adgr\u00e8s de plus de 16% par rap\u00adport \u00e0 d\u00e9cembre 1959.]]. Ceci explique que le ch\u00f4\u00admage soit en r\u00e9gres\u00adsion par rap\u00adport \u00e0 l\u2019an der\u00adnier et que, dans beau\u00adcoup de bo\u00eetes, les horaires d\u00e9passent 45 heures.<\/p>\n<p>Q.&nbsp;: C\u2019est donc de la demande qu\u2019il faut par\u00adtir quand on ana\u00adlyse la situa\u00adtion \u00e9conomique&nbsp;?<\/p>\n<p>R.&nbsp;: Ce n\u2019est pas obli\u00adga\u00adtoire, car tout se tient, mais c\u2019est com\u00admode. On peut notam\u00adment de cette fa\u00e7on tenir compte de la dif\u00adf\u00e9\u00adrence d\u2019\u00e9\u00advo\u00adlu\u00adtion des trois grands sec\u00adteurs men\u00adtion\u00adn\u00e9s plus haut et voir pour\u00adquoi ils se com\u00adportent de cette&nbsp;fa\u00e7on.<\/p>\n<p>Ain\u00adsi la consom\u00adma\u00adtion des m\u00e9nages est sou\u00adte\u00adnue parce que, dans l\u2019en\u00adsemble, au cours des mois pas\u00ads\u00e9s, gr\u00e2ce \u00e0 la reprise des horaires et gr\u00e2ce au fait que les salaires et les trai\u00adte\u00adments ont aug\u00admen\u00adt\u00e9 l\u00e9g\u00e8\u00adre\u00adment plus vite que les prix de d\u00e9tail, le pou\u00advoir d\u2019a\u00adchat de la masse des consom\u00adma\u00adteurs a aug\u00admen\u00adt\u00e9 un&nbsp;peu.<\/p>\n<p>Les inves\u00adtis\u00adse\u00adments, de leur c\u00f4t\u00e9, marchent bien. C\u2019est vrai du c\u00f4t\u00e9 de l\u2019\u00c9\u00adtat qui se dis\u00adpose \u00e0 faire un effort en faveur des loge\u00adments et des routes \u2013 \u00e0 la suite, notam\u00adment pour ces der\u00adni\u00e8res, de la pres\u00adsion exer\u00adc\u00e9e par la masse des auto\u00admo\u00adbi\u00adlistes et sur\u00adtout des \u00ab&nbsp;lob\u00adbies&nbsp;\u00bb (groupes de pres\u00adsion) de l\u2019au\u00adto\u00admo\u00adbile, des trans\u00adports rou\u00adtiers et du p\u00e9trole.<\/p>\n<p>C\u2019est vrai aus\u00adsi de l\u2019in\u00addus\u00adtrie pri\u00adv\u00e9e. Le gros effort de moder\u00adni\u00adsa\u00adtion entre\u00adpris depuis quelques ann\u00e9es par l\u2019in\u00addus\u00adtrie fran\u00ad\u00e7aise sous la pres\u00adsion de la lib\u00e9\u00adra\u00adtion des \u00e9changes et de la pers\u00adpec\u00adtive du Mar\u00adch\u00e9 Com\u00admun se pour\u00adsuit apr\u00e8s avoir mar\u00adqu\u00e9 l\u2019an der\u00adnier un flot\u00adte\u00adment d\u00fb \u00e0 la r\u00e9ces\u00adsion. Les indus\u00adtries \u2013 sur\u00adtout dans les entre\u00adprises de petite et moyenne impor\u00adtance \u2013 sont en effet tou\u00adjours sen\u00adsibles \u00e0 la conjonc\u00adture \u00e0 court terme et r\u00e9pugnent \u00e0 inves\u00adtir quand les choses vont mal. Mais main\u00adte\u00adnant que le creux est pas\u00ads\u00e9, la confiance, dans l\u2019en\u00adsemble a repris et les inves\u00adtis\u00adse\u00adments avec&nbsp;elle.<\/p>\n<p>Enfin les expor\u00adta\u00adtions \u00ab&nbsp;marchent bien&nbsp;\u00bb. L\u2019an der\u00adnier, devant le fl\u00e9\u00adchis\u00adse\u00adment du mar\u00adch\u00e9 int\u00e9\u00adrieur, beau\u00adcoup d\u2019en\u00adtre\u00adprises se sont tour\u00adn\u00e9es r\u00e9so\u00adlu\u00adment vers les mar\u00adch\u00e9s \u00e9tran\u00adgers. Leur tra\u00advail a \u00e9t\u00e9 faci\u00adli\u00adt\u00e9 par la situa\u00adtion \u00e9co\u00adno\u00admique baillante de l\u2019Eu\u00adrope [[La pro\u00adduc\u00adtion indus\u00adtrielle des six pays du mar\u00adch\u00e9 com\u00admun \u00e0 pro\u00adgres\u00ads\u00e9 de 12% de 1959 \u00e0 1960.]], par l\u2019ou\u00adver\u00adture pro\u00adgres\u00adsive des fron\u00adti\u00e8res (Mar\u00adch\u00e9 Com\u00admun) et par la d\u00e9va\u00adlua\u00adtion du franc de fin&nbsp;1958. Cette ann\u00e9e, bien que la situa\u00adtion soit un peu moins brillante on Europe et net\u00adte\u00adment en recul aux \u00c9tats-Unis, les condi\u00adtions sont encore favo\u00adrables et les expor\u00adta\u00adtions se main\u00adtien\u00addront sans doute sur leur lanc\u00e9e.<\/p>\n<p>Q&nbsp;: Et la crise de l\u2019automobile&nbsp;?<\/p>\n<p>R.&nbsp;: C\u2019est plus la crise d\u2019un mod\u00e8le, la Dau\u00adphine et d\u2019une firme, Renault, qu\u2019une crise de l\u2019in\u00addus\u00adtrie auto\u00admo\u00adbile tout enti\u00e8re.<\/p>\n<p>La Dau\u00adphine subit le contre\u00adcoup de son suc\u00adc\u00e8s sans pr\u00e9\u00adc\u00e9\u00addent qui a fait \u00ab&nbsp;vieillir&nbsp;\u00bb pr\u00e9\u00adma\u00adtu\u00adr\u00e9\u00adment un mod\u00e8le pour lequel l\u2019en\u00adgoue\u00adment col\u00adlec\u00adtif \u2013 habi\u00adle\u00adment entre\u00adte\u00adnu par la publi\u00adci\u00adt\u00e9 de la firme \u2013 avait sans doute \u00e9t\u00e9 exces\u00adsif. Renault d\u2019autre part subit le contre\u00adcoup de son pari sur le mar\u00adch\u00e9 am\u00e9\u00adri\u00adcain, pari qui a \u00e9t\u00e9 gagn\u00e9 \u00e0 court terme et per\u00addu \u00e0 moyen terme. Pour l\u2019en\u00adsemble de l\u2019in\u00addus\u00adtrie, la pro\u00adduc\u00adtion a aug\u00admen\u00adt\u00e9 de 10&nbsp;% en 1960 par rap\u00adport \u00e0 1959. Cela ne veut pas dire qu\u2019il n\u2019y aura pas un jour une crise g\u00e9n\u00e9\u00adra\u00adli\u00ads\u00e9e de l\u2019au\u00adto\u00admo\u00adbile comme celles qui frappent de temps en temps les indus\u00adtries auto\u00admo\u00adbiles am\u00e9\u00adri\u00adcaine et bri\u00adtan\u00adnique. Mais ce ne sera sans doute pas avant deux ou trois&nbsp;ans.<\/p>\n<p>Q.&nbsp;: Et en dehors de l\u2019automobile&nbsp;?<\/p>\n<p>R.&nbsp;: Il y a des sec\u00adteurs plus dura\u00adble\u00adment et plus g\u00e9n\u00e9\u00adra\u00adle\u00adment affec\u00adt\u00e9&nbsp;: les chan\u00adtiers navals, par exemple, qui ont une capa\u00adci\u00adt\u00e9 de pro\u00adduc\u00adtion exc\u00e9\u00adden\u00adtaire et pour les\u00adquels les pou\u00advoirs publics, en accord avec le patro\u00adnat int\u00e9\u00adres\u00ads\u00e9 \u00e9tu\u00addient des regrou\u00adpe\u00adments et des recon\u00adver\u00adsions. Il y a les trac\u00adteurs agri\u00adcoles qui trouvent dif\u00adfi\u00adci\u00adle\u00adment des d\u00e9bou\u00adch\u00e9s. Il y a les Char\u00adbon\u00adnages \u00ab&nbsp;vic\u00adtimes&nbsp;\u00bb de l\u2019a\u00adm\u00e9\u00adlio\u00adra\u00adtion de pro\u00adduc\u00adti\u00advi\u00adt\u00e9 des Houill\u00e8res et de la concur\u00adrence du fuel (p\u00e9trole). Il y a le b\u00e2ti\u00adment lui-m\u00eame, dans lequel les pro\u00adgr\u00e8s r\u00e9cents dus \u00e0 un d\u00e9but d\u2019in\u00addus\u00adtria\u00adli\u00adsa\u00adtion des fabri\u00adca\u00adtions, com\u00admencent \u00e0 faire sen\u00adtir leurs effets. Comme dans ce domaine la demande sol\u00advable semble avoir atteint un pla\u00adfond \u2013 autour de 300&nbsp;000 loge\u00adments par an \u2013 on peut s\u2019at\u00adtendre \u00e0 ce qu\u2019une par\u00adtie de la main-d\u2019\u0153uvre dans cer\u00adtaines pro\u00adfes\u00adsions du b\u00e2ti\u00adment devienne exc\u00e9\u00adden\u00adtaire si l\u2019on main\u00adtient les horaires actuels.<\/p>\n<p>Mais les \u00e9co\u00adno\u00admistes savent que tant que l\u2019en\u00adsemble de l\u2019\u00e9\u00adco\u00adno\u00admie est en expan\u00adsion ces \u00ab&nbsp;enne\u00admis&nbsp;\u00bb soit de branches par\u00adti\u00adcu\u00adli\u00e8res, soit de r\u00e9gions (on parle de \u00ab&nbsp;poches de ch\u00f4\u00admage&nbsp;\u00bb\u2026) peuvent \u00eatre absor\u00adb\u00e9s par le capi\u00adta\u00adlisme sans \u00e0\u2011coups trop graves. C\u2019est pour\u00adquoi les Pou\u00advoirs Publics et le Patro\u00adnat ne se font pas par\u00adti\u00adcu\u00adli\u00e8\u00adre\u00adment de sou\u00adcis pour le moment. Encore que l\u2019exemple belge soit venu r\u00e9cem\u00adment leur rap\u00adpe\u00adler qu\u2019il faut se m\u00e9fier de l\u2019eau qui&nbsp;dort.<\/p>\n<p>T. DUPARC.<\/p>\n","protected":false},"excerpt":{"rendered":"<p>Ques\u00adtion&nbsp;: Com\u00adment peut-on carac\u00adt\u00e9\u00adri\u00adser la situa\u00adtion \u00e9co\u00adno\u00admique en France au d\u00e9but de&nbsp;1961&nbsp;? R\u00e9ponse&nbsp;: Dans l\u2019en\u00adsemble, l\u2019\u00e9\u00adco\u00adno\u00admie fran\u00ad\u00e7aise est \u00e0 nou\u00adveau dans une phase d\u2019ex\u00adpan\u00adsion apr\u00e8s le recul \u2013 la r\u00e9ces\u00adsion comme on dit \u2013 enre\u00adgis\u00adtr\u00e9 au cours du second semestre&nbsp;1958 et du pre\u00admier semestre&nbsp;1959. La demande \u00e9ma\u00adnant des trois grands sec\u00adteurs qui animent l\u2019\u00e9\u00adco\u00adno\u00admie&nbsp;: les&nbsp;[\u2026]<\/p>\n","protected":false},"author":1,"featured_media":0,"comment_status":"closed","ping_status":"closed","sticky":false,"template":"","format":"standard","meta":{"wp_typography_post_enhancements_disabled":false,"footnotes":""},"categories":[402],"tags":[],"ppma_author":[540],"class_list":["post-3406","post","type-post","status-publish","format-standard","hentry","category-noir-rouge-n17-janvier-fevrier-1961"],"authors":[{"term_id":540,"user_id":1,"is_guest":0,"slug":"admin_3gikpwyf","display_name":"Vincent Dubuc","avatar_url":"https:\/\/secure.gravatar.com\/avatar\/d015720652c25fd2ced191ade86430094e1f288a17483713e3b34d26dea52507?s=96&d=mm&r=g","author_category":"","user_url":"https:\/\/la-presse-anarchiste.net","last_name":"Dubuc","first_name":"Vincent","job_title":"","description":""}],"_links":{"self":[{"href":"https:\/\/la-presse-anarchiste.net\/index.php\/wp-json\/wp\/v2\/posts\/3406","targetHints":{"allow":["GET"]}}],"collection":[{"href":"https:\/\/la-presse-anarchiste.net\/index.php\/wp-json\/wp\/v2\/posts"}],"about":[{"href":"https:\/\/la-presse-anarchiste.net\/index.php\/wp-json\/wp\/v2\/types\/post"}],"author":[{"embeddable":true,"href":"https:\/\/la-presse-anarchiste.net\/index.php\/wp-json\/wp\/v2\/users\/1"}],"replies":[{"embeddable":true,"href":"https:\/\/la-presse-anarchiste.net\/index.php\/wp-json\/wp\/v2\/comments?post=3406"}],"version-history":[{"count":0,"href":"https:\/\/la-presse-anarchiste.net\/index.php\/wp-json\/wp\/v2\/posts\/3406\/revisions"}],"wp:attachment":[{"href":"https:\/\/la-presse-anarchiste.net\/index.php\/wp-json\/wp\/v2\/media?parent=3406"}],"wp:term":[{"taxonomy":"category","embeddable":true,"href":"https:\/\/la-presse-anarchiste.net\/index.php\/wp-json\/wp\/v2\/categories?post=3406"},{"taxonomy":"post_tag","embeddable":true,"href":"https:\/\/la-presse-anarchiste.net\/index.php\/wp-json\/wp\/v2\/tags?post=3406"},{"taxonomy":"author","embeddable":true,"href":"https:\/\/la-presse-anarchiste.net\/index.php\/wp-json\/wp\/v2\/ppma_author?post=3406"}],"curies":[{"name":"wp","href":"https:\/\/api.w.org\/{rel}","templated":true}]}}