{"id":3410,"date":"2013-03-01T12:03:19","date_gmt":"2013-03-01T12:03:19","guid":{"rendered":"https:\/\/la-presse-anarchiste.net\/index.php\/2013\/03\/01\/dans-notre-courrier-12\/"},"modified":"2013-03-01T12:03:19","modified_gmt":"2013-03-01T12:03:19","slug":"dans-notre-courrier-12","status":"publish","type":"post","link":"https:\/\/la-presse-anarchiste.net\/index.php\/2013\/03\/01\/dans-notre-courrier-12\/","title":{"rendered":"Dans notre courrier"},"content":{"rendered":"<div class=\"pdfprnt-buttons pdfprnt-buttons-post pdfprnt-top-right\"><a href=\"https:\/\/la-presse-anarchiste.net\/index.php\/wp-json\/wp\/v2\/posts\/3410?print=pdf\" class=\"pdfprnt-button pdfprnt-button-pdf\" target=\"_blank\"><img decoding=\"async\" src=\"https:\/\/la-presse-anarchiste.net\/wp-content\/plugins\/pdf-print\/images\/pdf.png\" alt=\"image_pdf\" title=\"Afficher le PDF\"><\/a><a href=\"https:\/\/la-presse-anarchiste.net\/index.php\/wp-json\/wp\/v2\/posts\/3410?print=print\" class=\"pdfprnt-button pdfprnt-button-print\" target=\"_blank\"><img decoding=\"async\" src=\"https:\/\/la-presse-anarchiste.net\/wp-content\/plugins\/pdf-print\/images\/print.png\" alt=\"image_print\" title=\"Contenu imprim\u00e9\"><\/a><\/div><p><strong>D\u2019un cama\u00adrade de Mont\u00adr\u00e9al (Cana\u00adda)<\/strong>&nbsp;: (\u2026) Je suis un de ceux qui croient que le pre\u00admier pas \u00e0 fran\u00adchir ici au Cana\u00adda fran\u00ad\u00e7ais c\u2019est de mettre l\u2019\u00c9\u00adglise o\u00f9 les Fran\u00ad\u00e7ais l\u2019ont mise il y a long\u00adtemps\u2026 Je sais qu\u2019elle prend beau\u00adcoup de moyens pour rega\u00adgner le des\u00adsus chez vous. Ici, elle a tou\u00adjours \u00e9t\u00e9 reine et ma\u00ee\u00adtresse\u2026 et c\u2019est la g\u00e9n\u00e9\u00adra\u00adtion qui pousse qui gronde.., les \u00ab&nbsp;jeunes intel\u00adlec\u00adtuels&nbsp;\u00bb, disons. Ce sont eux qui essaient de secouer la tor\u00adpeur intel\u00adlec\u00adtuelle de notre peuple indif\u00adf\u00e9\u00adrent et amorphe.<\/p>\n<p>Puisque vous vous int\u00e9\u00adres\u00adsez \u00e0 la ques\u00adtion ouvri\u00e8re, etc., je vais vous le dire bien fran\u00adche\u00adment tout de suite. Notre classe ouvri\u00e8re n\u2019existe pas. L\u2019ou\u00advrier moyen ici est tout aus\u00adsi confor\u00adtable que je le suis&nbsp;; et, beau\u00adcoup le sont bien plus que moi. Mais, \u2013 et je le regrette autant pour eux que pour nous tous \u2013 ce m\u00eame groupe n\u2019a qu\u2019une pr\u00e9\u00adoc\u00adcu\u00adpa\u00adtion&nbsp;: un confort mat\u00e9\u00adriel bien sou\u00advent gros\u00adsier. On ne \u00ab&nbsp;pense&nbsp;\u00bb pas&nbsp;; on n\u2019\u00e9\u00adtu\u00addie pas&nbsp;; on ne s\u2019in\u00adt\u00e9\u00adresse qu\u2019aux jeux, \u00e0 la gros\u00adseur de la voi\u00adture, aux choses faciles, etc. Les ouvriers soi-disant \u00ab&nbsp;\u00e9tran\u00adgers&nbsp;\u00bb sont beau\u00adcoup plus conscients des pro\u00adbl\u00e8mes \u2013 les juifs, les immi\u00adgrants des divers pays d\u2019Eu\u00adrope depuis la fin de la der\u00adni\u00e8re guerre, etc. Encore une fois, l\u2019\u00c9\u00adglise, par l\u2019en\u00adtre\u00admise d\u2019une foule d\u2019a\u00adgences, (J.E.C.M., J.A.C., etc.) conduit, et la foule suit. Le pre\u00admier mai est une grande f\u00eate <u>reli\u00adgieuse ouvri\u00e8re<\/u> ici, alors que les foules se rendent \u00e0 l\u2019O\u00adra\u00adtoire Saint-Joseph (une manu\u00adfac\u00adture de miracles comme Fati\u00adma, Lourdes, etc.) et l\u00e0, le car\u00addi\u00adnal L\u00e9ger leur parle du grand ouvrier Saint-Joseph&nbsp;! N\u2019at\u00adten\u00addez pas la r\u00e9vo\u00adlu\u00adtion vous allez attendre long\u00adtemps. Le seul espoir que je voie est le r\u00e9veil anti\u00adcl\u00e9\u00adri\u00adcal. Si l\u2019on peut faire ouvrir les yeux aux jeunes de ce c\u00f4t\u00e9-l\u00e0, tout s\u2019en sui\u00advra, car, une fois les yeux ouverts, les cer\u00adveaux rece\u00advront les id\u00e9es de toutes les cou\u00adleurs\u2026 et le reste s\u2019en sui\u00advra. Donc, \u00e0 mon point de vue, c\u2019est le pre\u00admier pas \u00e0 faire ici. Nous en reparlerons.&nbsp;(\u2026)<\/p>\n<p><strong>De notre cama\u00adrade L.D. de San\u00adtia\u00adgo du Chi\u00adli<\/strong>&nbsp;: Le der\u00adnier n\u00b0 de \u00ab&nbsp;Noir et Rouge&nbsp;\u00bb m\u2019a tout par\u00adti\u00adcu\u00adli\u00e8\u00adre\u00adment int\u00e9\u00adres\u00ads\u00e9 par deux \u00e9tudes (\u2026) celui sur le com\u00adbat la\u00efque dans l\u2019en\u00adsei\u00adgne\u00adment et celui d\u2019Y\u00advon Bour\u00addet sur le par\u00adti r\u00e9vo\u00adlu\u00adtion\u00adnaire et la spon\u00adta\u00adn\u00e9i\u00adt\u00e9 des masses. Le pre\u00admier m\u2019in\u00adt\u00e9\u00adresse parce que j\u2019ai assis\u00adt\u00e9 \u00e0 plu\u00adsieurs s\u00e9ances de la Com\u00admis\u00adsion pour la D\u00e9fense de l\u2019En\u00adsei\u00adgne\u00adment Public. Mal\u00adheu\u00adreu\u00adse\u00adment les par\u00adtis poli\u00adtiques ont acca\u00adpa\u00adr\u00e9 le mou\u00adve\u00adment qui est sur le point d\u2019a\u00advor\u00adter. J\u2019ai trou\u00adv\u00e9 dans votre article quelques id\u00e9es qui peuvent \u00eatre utiles pour orien\u00adter une cam\u00adpagne d\u2019o\u00adpi\u00adnion dans notre&nbsp;pays.&nbsp;(\u2026)<\/p>\n<p>Quant \u00e0 l\u2019ar\u00adticle de Bour\u00addet il me semble que le d\u00e9bat par\u00adti-spon\u00adta\u00adn\u00e9i\u00adt\u00e9 des masses (je n\u2019aime pas ce mot, je le trouve p\u00e9jo\u00adra\u00adtif pour l\u2019en\u00adsemble des tra\u00advailleurs) a \u00e9t\u00e9 \u00e9pui\u00ads\u00e9 par les th\u00e9o\u00adri\u00adciens du Com\u00admu\u00adnisme des Conseils&nbsp;: Gor\u00adter, Pan\u00adne\u00adkoek, Mat\u00adtick, ce qui n\u2019a\u00admoin\u00addrit pas l\u2019ef\u00adfort de Bourdet.&nbsp;(\u2026)<\/p>\n<p><strong>D\u2019un cama\u00adrade \u00e9tu\u00addiant ayant par\u00adti\u00adci\u00adp\u00e9 \u00e0 la mani\u00adfes\u00adta\u00adtion orga\u00adni\u00ads\u00e9e par l\u2019U.N.E.F. le 3 f\u00e9vrier, \u00e0 Paris, pour r\u00e9cla\u00admer de meilleures condi\u00adtions de vie pour les \u00e9tu\u00addiants<\/strong>&nbsp;: 2 heures 10 Ras\u00adsem\u00adble\u00adment rue Souf\u00adflot&nbsp;: pre\u00admier inci\u00addent&nbsp;: les mino\u00adri\u00adtaires (de gauche) de la Facul\u00adt\u00e9 de Droit d\u00e9ploient une ban\u00adde\u00adrole \u00ab&nbsp;les mino\u00adri\u00adtaires (sont) pour l\u2019U.N.E.F.&nbsp;\u00bb. Quelques types de la Cor\u00adpo\u00adra\u00adtion de Droit, qui s\u2019\u00e9\u00adtaient glis\u00ads\u00e9s dans le ser\u00advice d\u2019ordre \u00e9tu\u00addiant (l\u2019ap\u00adpa\u00adreil de la cor\u00adpo au pou\u00advoir est fas\u00adci\u00adsant et anti\u2011U.N.E.F.) arrivent et font de la pro\u00advo\u00adca\u00adtion mais se retirent \u00e9tant en trop petit nombre. \u2013 Dis\u00adcours officiels.<\/p>\n<p>Second inci\u00addent&nbsp;: de nom\u00adbreuses poi\u00adgn\u00e9es de tracts jet\u00e9es en l\u2019air retombent un peu par\u00adtout&nbsp;: \u00ab&nbsp;Jeune R\u00e9sis\u00adtance&nbsp;\u00bb\u200a\u2014\u200a\u00ab&nbsp;Insou\u00admis\u00adsion&nbsp;\u00bb\u200a\u2014\u200a\u00ab&nbsp;Mou\u00adve\u00adment Anti\u00adco\u00adlo\u00adnia\u00adliste Fran\u00ad\u00e7ais&nbsp;\u00bb. La manif part vers le Boul\u2019\u00adMich\u2019 (5&nbsp;000 envi\u00adron)&nbsp;; les slo\u00adgans pure\u00adment \u00ab&nbsp;syn\u00addi\u00adcaux&nbsp;\u00bb sont sou\u00advent aban\u00addon\u00adn\u00e9s pour des slo\u00adgans plus \u00ab&nbsp;poli\u00adtiques&nbsp;\u00bb, ex&nbsp;: \u00ab&nbsp;Des cr\u00e9\u00addits pour l\u2019\u00e9\u00adcole&nbsp;\u00bb deviennent \u00ab&nbsp;Des cr\u00e9\u00addits, pas de canons&nbsp;\u00bb, puis \u00ab&nbsp;Paix en Alg\u00e9\u00adrie, n\u00e9go\u00adcia\u00adtion&nbsp;\u00bb, etc. Un slo\u00adgan <u>tr\u00e8s repris<\/u> aus\u00adsi&nbsp;: \u00ab&nbsp;Les pro\u00adlos \u00e0 la Fac (d\u00e9mo\u00adcra\u00adti\u00adsa\u00adtion de l\u2019U\u00adni\u00adver\u00adsi\u00adt\u00e9&nbsp;: elle doit aus\u00adsi deve\u00adnir l\u2019af\u00adfaire des ouvriers&nbsp;; allo\u00adca\u00adtions d\u2019\u00e9tudes).<\/p>\n<p>La mani\u00adfes\u00adta\u00adtion arrive Place St Michel. 4 heures moins le quart (?). Quelques types du ser\u00advice d\u2019ordre appellent \u00e0 se dis\u00adper\u00adser. Cer\u00adtains types s\u2019en vont. \u00c0 ce moment d\u2019autres \u00e9tu\u00addiants en groupe, dont cer\u00adtains avaient m\u00eame des bras\u00adsards rouges (et non bleu-blanc-rouge comme le ser\u00advice \u201cr\u00e9gu\u00adlier\u201d) se remettent \u00e0 crier. Une grande par\u00adtie de la mani\u00adfes\u00adta\u00adtion repart vers le Boul\u2019 Mich\u2019 et se met \u00e0 le remon\u00adter, \u00e0 le redes\u00adcendre, etc.<\/p>\n<p>Troi\u00adsi\u00e8me inci\u00addent&nbsp;: accal\u00admie. Les types sont fati\u00adgu\u00e9s, sur\u00adviennent les \u201cfachos\u201d par une rue trans\u00adver\u00adsale gueu\u00adlant en ch\u0153ur, bien grou\u00adp\u00e9s (comme tou\u00adjours). Des gars qui com\u00admen\u00ad\u00e7aient \u00e0 se dis\u00adper\u00adser reviennent. Dis\u00adpa\u00adri\u00adtion des fachos. Reprise de la pro\u00adme\u00adnade. R\u00e9ap\u00adpa\u00adri\u00adtion des fachos sur l\u2019ar\u00adri\u00e8re&nbsp;; pro\u00adfi\u00adtant d\u2019un flot\u00adte\u00adment et d\u2019une apho\u00adnie par\u00adtielle ils se ram\u00e8nent en groupe, tr\u00e8s vite, essaient d\u2019en\u00adfon\u00adcer les rangs. Quelques-uns, sur\u00adpris, reculent. Les types des der\u00adniers rangs serrent et se remettent \u00e0 crier&nbsp;: \u201cLe fas\u00adcisme ne pas\u00adse\u00adra pas\u201d. Pas mal de poings lev\u00e9s. Les fachos s\u2019im\u00admo\u00adbi\u00adlisent. Les types de t\u00eate reviennent en cou\u00adrant. Les pre\u00admiers rangs se mettent \u00e0 pous\u00adser les fachos&nbsp;; br\u00e8ve ten\u00adta\u00adtive de r\u00e9sis\u00adtance de ceux-ci, ils c\u00e8dent et sont pour\u00adsui\u00advis sur une cen\u00adtaine de m\u00e8tres. Un peu plus loin un fas\u00adciste se fait cas\u00adser la figure, ses copains le laissent tom\u00adber. Il y a long\u00adtemps qu\u2019on n\u2019a\u00advait pas vu \u00e7a au Quar\u00adtier Latin. Les flics, assez peu nom\u00adbreux, se contentent de suivre le mou\u00adve\u00adment en deman\u00addant de temps \u00e0 autre la dis\u00adper\u00adsion. Elle aura lieu \u00e0 5 heures moins le&nbsp;quart.<\/p>\n","protected":false},"excerpt":{"rendered":"<p>D\u2019un cama\u00adrade de Mont\u00adr\u00e9al (Cana\u00adda)&nbsp;: (\u2026) Je suis un de ceux qui croient que le pre\u00admier pas \u00e0 fran\u00adchir ici au Cana\u00adda fran\u00ad\u00e7ais c\u2019est de mettre l\u2019\u00c9\u00adglise o\u00f9 les Fran\u00ad\u00e7ais l\u2019ont mise il y a long\u00adtemps\u2026 Je sais qu\u2019elle prend beau\u00adcoup de moyens pour rega\u00adgner le des\u00adsus chez vous. Ici, elle a tou\u00adjours \u00e9t\u00e9&nbsp;reine&nbsp;[\u2026]<\/p>\n","protected":false},"author":1,"featured_media":0,"comment_status":"closed","ping_status":"closed","sticky":false,"template":"","format":"standard","meta":{"wp_typography_post_enhancements_disabled":false,"footnotes":""},"categories":[402],"tags":[],"ppma_author":[540],"class_list":["post-3410","post","type-post","status-publish","format-standard","hentry","category-noir-rouge-n17-janvier-fevrier-1961"],"authors":[{"term_id":540,"user_id":1,"is_guest":0,"slug":"admin_3gikpwyf","display_name":"Vincent Dubuc","avatar_url":"https:\/\/secure.gravatar.com\/avatar\/d015720652c25fd2ced191ade86430094e1f288a17483713e3b34d26dea52507?s=96&d=mm&r=g","author_category":"","user_url":"https:\/\/la-presse-anarchiste.net","last_name":"Dubuc","first_name":"Vincent","job_title":"","description":""}],"_links":{"self":[{"href":"https:\/\/la-presse-anarchiste.net\/index.php\/wp-json\/wp\/v2\/posts\/3410","targetHints":{"allow":["GET"]}}],"collection":[{"href":"https:\/\/la-presse-anarchiste.net\/index.php\/wp-json\/wp\/v2\/posts"}],"about":[{"href":"https:\/\/la-presse-anarchiste.net\/index.php\/wp-json\/wp\/v2\/types\/post"}],"author":[{"embeddable":true,"href":"https:\/\/la-presse-anarchiste.net\/index.php\/wp-json\/wp\/v2\/users\/1"}],"replies":[{"embeddable":true,"href":"https:\/\/la-presse-anarchiste.net\/index.php\/wp-json\/wp\/v2\/comments?post=3410"}],"version-history":[{"count":0,"href":"https:\/\/la-presse-anarchiste.net\/index.php\/wp-json\/wp\/v2\/posts\/3410\/revisions"}],"wp:attachment":[{"href":"https:\/\/la-presse-anarchiste.net\/index.php\/wp-json\/wp\/v2\/media?parent=3410"}],"wp:term":[{"taxonomy":"category","embeddable":true,"href":"https:\/\/la-presse-anarchiste.net\/index.php\/wp-json\/wp\/v2\/categories?post=3410"},{"taxonomy":"post_tag","embeddable":true,"href":"https:\/\/la-presse-anarchiste.net\/index.php\/wp-json\/wp\/v2\/tags?post=3410"},{"taxonomy":"author","embeddable":true,"href":"https:\/\/la-presse-anarchiste.net\/index.php\/wp-json\/wp\/v2\/ppma_author?post=3410"}],"curies":[{"name":"wp","href":"https:\/\/api.w.org\/{rel}","templated":true}]}}