{"id":3420,"date":"2013-03-19T20:53:37","date_gmt":"2013-03-19T20:53:37","guid":{"rendered":"https:\/\/la-presse-anarchiste.net\/index.php\/2013\/03\/19\/groupuscule-ou-mouvement-revolutionnaire\/"},"modified":"2013-03-19T20:53:37","modified_gmt":"2013-03-19T20:53:37","slug":"groupuscule-ou-mouvement-revolutionnaire","status":"publish","type":"post","link":"https:\/\/la-presse-anarchiste.net\/index.php\/2013\/03\/19\/groupuscule-ou-mouvement-revolutionnaire\/","title":{"rendered":"Groupuscule ou mouvement r\u00e9volutionnaire&nbsp;?"},"content":{"rendered":"<div class=\"pdfprnt-buttons pdfprnt-buttons-post pdfprnt-top-right\"><a href=\"https:\/\/la-presse-anarchiste.net\/index.php\/wp-json\/wp\/v2\/posts\/3420?print=pdf\" class=\"pdfprnt-button pdfprnt-button-pdf\" target=\"_blank\"><img decoding=\"async\" src=\"https:\/\/la-presse-anarchiste.net\/wp-content\/plugins\/pdf-print\/images\/pdf.png\" alt=\"image_pdf\" title=\"Afficher le PDF\"><\/a><a href=\"https:\/\/la-presse-anarchiste.net\/index.php\/wp-json\/wp\/v2\/posts\/3420?print=print\" class=\"pdfprnt-button pdfprnt-button-print\" target=\"_blank\"><img decoding=\"async\" src=\"https:\/\/la-presse-anarchiste.net\/wp-content\/plugins\/pdf-print\/images\/print.png\" alt=\"image_print\" title=\"Contenu imprim\u00e9\"><\/a><\/div><div align=\"justify\">\n<h3>Faire le&nbsp;point\u2026<\/h3>\n<p>Un cer\u00adtain nombre de cou\u00adrants essaient hon\u00adn\u00ea\u00adte\u00adment avec le recul de tirer cer\u00adtaines conclu\u00adsions du Mou\u00adve\u00adment de Mai. Ces conclu\u00adsions sont certes sou\u00advent dif\u00adf\u00e9\u00adrentes et par\u00adfois bien par\u00adtielles ou timides. Il faut pour\u00adtant pour\u00adsuivre cette ana\u00adlyse et, ce qui serait impor\u00adtant, sus\u00adci\u00adter des d\u00e9bats et des ren\u00adcontres. Bien sou\u00advent alors, on ver\u00adrait que la divi\u00adsion des r\u00e9vo\u00adlu\u00adtion\u00adnaires est plus super\u00adfi\u00adcielle qu\u2019il ne para\u00eet\u2026<\/p>\n<p>Mais cette divi\u00adsion existe et ne fait que s\u2019aggraver.<\/p>\n<p>Ain\u00adsi, au point o\u00f9 nous en sommes aujourd\u2019\u00adhui, l\u2019im\u00adpacte de ceux que l\u2019on nomme les \u00ab&nbsp;gau\u00adchistes&nbsp;\u00bb sur la classe ouvri\u00e8re est pra\u00adti\u00adque\u00adment nul. Cer\u00adtains y voient une absence de p\u00e9n\u00e9\u00adtra\u00adtion des id\u00e9es r\u00e9vo\u00adlu\u00adtion\u00adnaires au sein des masses. Ce n\u2019est pas cer\u00adtain car la faillite du r\u00e9for\u00admisme conduit nombre de mili\u00adtants ouvriers et syn\u00addi\u00adca\u00adlistes \u00e0 recher\u00adcher des solu\u00adtions. Par contre, c\u2019est plu\u00adt\u00f4t l\u2019ab\u00adsence d\u2019<sc>une<\/sc> posi\u00adtion coh\u00e9\u00adrente qui pro\u00advoque un repli des mili\u00adtants sur le P.C. ou la C.G.T. qui, bien que leurs posi\u00adtions soient en g\u00e9n\u00e9\u00adral jug\u00e9es fausses ont le m\u00e9rite d\u2019exis\u00adter, faute de&nbsp;mieux.<\/p>\n<p>Les cama\u00adrades de \u00ab&nbsp;Lutte Ouvri\u00e8re&nbsp;\u00bb \u00e9crivent&nbsp;: (N\u00b0Juillet-Ao\u00fbt)<\/p>\n<blockquote><p>\u00ab&nbsp;Les gau\u00adchistes n\u2019ont pas \u00e9t\u00e9 capables de cris\u00adtal\u00adli\u00adser l\u2019es\u00adpoir n\u00e9 en Mai. Ils n\u2019ont pas su r\u00e9pondre aux aspi\u00adra\u00adtions pro\u00adfondes de mil\u00adliers de com\u00adbat\u00adtants du prin\u00adtemps de 1968 ouvriers et intel\u00adlec\u00adtuels \u2026 Le cou\u00adrant gau\u00adchiste n\u2019a pas su se dres\u00adser au des\u00adsus de ses petites que\u00adrelles intes\u00adtines. Cet esprit s\u2019est mani\u00adfes\u00adt\u00e9 par le refus sys\u00adt\u00e9\u00adma\u00adtique de ten\u00adter le regrou\u00adpe\u00adment entre les dif\u00adf\u00e9\u00adrentes ten\u00addances du mou\u00adve\u00adment r\u00e9vo\u00adlu\u00adtion\u00adnaire, alors que seul un tel regrou\u00adpe\u00adment pou\u00advait cris\u00adtal\u00adli\u00adser les \u00e9ner\u00adgies du mou\u00adve\u00adment dans son entier et consti\u00adtuer une v\u00e9ri\u00adtable force r\u00e9vo\u00adlu\u00adtion\u00adnaire dans le pays\u2026 Trop sou\u00advent, la dis\u00adcus\u00adsion des id\u00e9es a \u00e9t\u00e9 rem\u00adpla\u00adc\u00e9e par les calom\u00adnies, les ragots, le m\u00e9pris affi\u00adch\u00e9 des posi\u00adtions d\u2019autrui\u2026&nbsp;\u00bb<\/p><\/blockquote>\n<p>Tout cela est par\u00adfai\u00adte\u00adment&nbsp;juste.<\/p>\n<p>Qu\u2019en concluent donc les cama\u00adrades de \u00ab&nbsp;Lutte Ouvri\u00e8re&nbsp;\u00bb&nbsp;?<\/p>\n<p>Que les r\u00e9vo\u00adlu\u00adtion\u00adnaires qui appuient leur action inter\u00adna\u00adtio\u00adna\u00adliste sur <sc>Cuba<\/sc> ou la <sc>Chine<\/sc> ont n\u00e9ces\u00adsai\u00adre\u00adment tort et qu\u2019il existe \u00ab&nbsp;un mou\u00adve\u00adment trots\u00adkyste inter\u00adna\u00adtio\u00adnal avec lequel il est n\u00e9ces\u00adsaire de travailler&nbsp;\u00bb.<\/p>\n<p>Dans un pre\u00admier temps, on cr\u00e9e\u00adrait une orga\u00adni\u00adsa\u00adtion avec le droit de frac\u00adtion pour toutes les ten\u00addances du trots\u00adkysme et de l\u2019Op\u00adpo\u00adsi\u00adtion de Gauche. Dans un second temps, on uni\u00adfie\u00adrait tous les trots\u00adkysmes et ain\u00adsi on \u00ab&nbsp;gagne\u00adrait la confiance de nom\u00adbreux mili\u00adtants r\u00e9vo\u00adlu\u00adtion\u00adnaires d\u2019autres ten\u00addances&nbsp;\u00bb. Sur le plan fran\u00ad\u00e7ais, il y aurait n\u00e9ces\u00adsi\u00adt\u00e9 de construire un \u00ab&nbsp;pro\u00adgramme&nbsp;\u00bb en met\u00adtant en com\u00admun les exp\u00e9\u00adriences de lutte des divers groupes.<\/p>\n<p>De nom\u00adbreuses pho\u00adto\u00adgra\u00adphies nous montrent les mee\u00adtings com\u00admuns entre <sc>Rouge<\/sc> et <sc>Lutte Ouvri\u00e8re<\/sc>, bien que l\u2019on reproche \u00e0 la Ligue Com\u00admu\u00adniste d\u2019\u00eatre un groupe sec\u00adtaire et sans programme.<\/p>\n<p>Bien qu\u2019il semble que ces cama\u00adrades ne peuvent aban\u00addon\u00adner la pers\u00adpec\u00adtive trots\u00adkyste (leur posi\u00adtion inter\u00adna\u00adtio\u00adnale le prouve), ils font quelques pro\u00adpo\u00adsi\u00adtions posi\u00adtives&nbsp;: le pro\u00adgramme \u00e9la\u00adbo\u00adr\u00e9 \u00e0 par\u00adtir des objec\u00adtifs poli\u00adtiques imm\u00e9\u00addiats en fonc\u00adtion des exp\u00e9\u00adriences\u200a\u2014\u200an\u00e9ces\u00adsi\u00adt\u00e9 de s\u2019im\u00adplan\u00adter en milieu ouvrier. Mais cela para\u00eet \u00eatre des lieux com\u00admuns et tout le monde l\u2019af\u00adfirme pour son propre compte.<\/p>\n<p><sc>Lutte Ouvri\u00e8re<\/sc> conclue&nbsp;: \u00ab&nbsp;Nous enten\u00addons dis\u00adcu\u00adter et agir s\u00e9rieu\u00adse\u00adment m\u00eame avec les gau\u00adchistes qui ne savent pas ou ne veulent pas le faire. Et plus notre ten\u00addance se ren\u00adfor\u00adce\u00adra, plus nous d\u00e9fen\u00addrons cette poli\u00adtique et plus, fina\u00adle\u00adment, nous l\u2019im\u00adpo\u00adse\u00adrons \u00e0 tout le mouvement&nbsp;\u00bb.<\/p>\n<p>Ce qui signi\u00adfie en clair que ces cama\u00adrades consi\u00add\u00e8rent comme leur t\u00e2che imm\u00e9\u00addiate de deve\u00adnir majo\u00adri\u00adtaires dans le mou\u00adve\u00adment r\u00e9vo\u00adlu\u00adtion\u00adnaire et de pou\u00advoir ain\u00adsi impo\u00adser leurs vues. C\u2019est alors que l\u2019<sc>uni\u00adt\u00e9<\/sc> sera r\u00e9a\u00adli\u00ads\u00e9e, mais autour d\u2019eux et sous leur direction.<\/p>\n<p>Cet \u00e9tat d\u2019es\u00adprit est signi\u00adfi\u00adca\u00adtif et c\u2019est pour cela que nous avons vou\u00adlu insis\u00adter un ins\u00adtant sur cette posi\u00adtion dont il faut d\u00e9mon\u00adter le m\u00e9ca\u00adnisme. Il est cer\u00adtain que nous pour\u00adrions deman\u00adder \u00e0 chaque groupe d\u2019ex\u00adpri\u00admer sa posi\u00adtion concer\u00adnant l\u2019U\u00adni\u00adt\u00e9 des r\u00e9vo\u00adlu\u00adtion\u00adnaires et nous obtien\u00addrions des r\u00e9pondes sem\u00adblables. Il faut construire le Par\u00adti R\u00e9vo\u00adlu\u00adtion\u00adnaire, mais sur les bases que cha\u00adcun pro\u00adpose. Notons que g\u00e9n\u00e9\u00adra\u00adle\u00adment cha\u00adcun ne fait que reprendre les th\u00e8ses l\u00e9ni\u00adnistes du \u00ab&nbsp;Par\u00adti&nbsp;\u00bb sans appor\u00adter d\u2019a\u00admen\u00adde\u00adments sen\u00adsibles. Nous y reviendrons.<\/p>\n<p>[|<b>*  *  *  *<\/b>|]<br>\n<\/p>\n<p>Il est signi\u00adfi\u00adca\u00adtif de consta\u00adter que l\u2019\u00e9\u00adtude de <sc>Lutte Ouvri\u00e8re<\/sc> men\u00adtionne peu ou presque pas du tout les anar\u00adchistes. On pour\u00adrait pour\u00adtant faire les m\u00eames remarques \u00e0 leur&nbsp;sujet.<\/p>\n<p>C\u2019est un lieu com\u00admun d\u2019af\u00adfir\u00admer que chaque grou\u00adpus\u00adcule tente non seule\u00adment d\u2019a\u00advoir sa propre ana\u00adlyse du mou\u00adve\u00adment de Mai, mais essaie aus\u00adsi de se l\u2019approprier.<\/p>\n<p>La F\u00e9d\u00e9\u00adra\u00adtion Anar\u00adchiste Fran\u00ad\u00e7aise n\u2019a pas man\u00adqu\u00e9 de se livrer \u00e0 cet exer\u00adcice lors du pseu\u00addo congr\u00e8s inter\u00adna\u00adtio\u00adnal de <sc>Car\u00adrare<\/sc>. Une orga\u00adni\u00adsa\u00adtion de jeunes anars l\u2019a\u00advait aus\u00adsi pra\u00adti\u00adqu\u00e9 dans un texte pr\u00e9\u00adpa\u00adra\u00adtoire du dit congr\u00e8s.<\/p>\n<p>Les anar\u00adchistes fran\u00ad\u00e7ais sont divi\u00ads\u00e9s en de mul\u00adtiples cha\u00adpelles. Pour\u00adtant, n\u2019ayant pas d\u2019or\u00adga\u00adni\u00adsa\u00adtions de type \u00ab&nbsp;par\u00adti&nbsp;\u00bb, en dehors de vieux lea\u00adders sec\u00adtaires et auto\u00adri\u00adtaires qui ne sont plus gu\u00e8re sui\u00advis, ils ont tout de m\u00eame conscience d\u2019ap\u00adpar\u00adte\u00adnir \u00e0 une m\u00eame famille id\u00e9o\u00adlo\u00adgique ou du moins \u00e9thique et se livrent un peu moins que les autres \u00e0 des excom\u00admu\u00adni\u00adca\u00adtions majeures qui seraient pour\u00adtant quel\u00adque\u00adfois n\u00e9ces\u00adsaires quand de jeunes far\u00adfe\u00adlus sur les\u00adquels nous revien\u00addront d\u00e9forment la pen\u00ads\u00e9e liber\u00adtaire au point de la rendre odieuse au reste du mou\u00adve\u00adment r\u00e9volutionnaire.<\/p>\n<p>Ain\u00adsi que le fait <sc>Lutte Ouvri\u00e8re<\/sc> pour le mou\u00adve\u00adment trots\u00adkyste, nous pour\u00adrions aus\u00adsi affir\u00admer qu\u2019il existe \u00e0 d\u00e9faut d\u2019une Inter\u00adna\u00adtio\u00adnale qui a fait fias\u00adco un mou\u00adve\u00adment anar\u00adchiste inter\u00adna\u00adtio\u00adnal avec lequel il est n\u00e9ces\u00adsaire de tra\u00advailler. Cela ne serait pas plus faux que l\u2019af\u00adfir\u00adma\u00adtion des cama\u00adrades trots\u00adkystes et cela serait plu\u00adt\u00f4t com\u00adpl\u00e9\u00admen\u00adtaire. Dans cet esprit, les auteurs de ce bul\u00adle\u00adtin pour\u00adsuivent leurs contacts avec les mou\u00adve\u00adments anar\u00adchistes des autres pays. Il est d\u2019ailleurs sou\u00adhai\u00adtable qu\u2019un mou\u00adve\u00adment gau\u00adchiste uni\u00adtaire conserve tous ces contacts aus\u00adsi utiles les uns que les autres.<\/p>\n<p>On trouve aus\u00adsi chez les anar\u00adchistes le vieux r\u00eave de l\u2019U\u00adni\u00adt\u00e9 et nombre de vieux mili\u00adtants le caressent&nbsp;: comme chez les trots\u00adkystes, le pro\u00adbl\u00e8me reste entier. Mais la situa\u00adtion se com\u00adplique encore parce que tous les anar\u00adchistes ne sont pas par\u00adti\u00adsans de la R\u00e9vo\u00adlu\u00adtion et parce qu\u2019ils sont sou\u00advent atteints d\u2019un anti-mar\u00adxisme mala\u00addif et \u00e9pidermique.<\/p>\n<p>[|<b>*  *  *  *<\/b>|]<br>\n<\/p>\n<p>On aurait pu croire que le s\u00e8ve anar\u00adchiste d\u2019u\u00adni\u00adt\u00e9 aurait pu se concr\u00e9\u00adti\u00adser autour du ph\u00e9\u00adno\u00adm\u00e8ne <sc>Cohn-Ben\u00addit<\/sc> et du fait que <sc>mai<\/sc> a remis \u00e0 l\u2019ac\u00adtua\u00adli\u00adt\u00e9 nombre de th\u00e8ses liber\u00adtaires. Mais le fait que les par\u00adti\u00adsans de <sc>Cohn-Ben\u00addit<\/sc> sont les adeptes d\u2019un cer\u00adtain spon\u00adta\u00adn\u00e9isme et d\u2019une posi\u00adtion anti-orga\u00adni\u00adsa\u00adtion\u00adnelle a fait que l\u2019A\u00adnar\u00adchisme n\u2019a su tirer aucun b\u00e9n\u00e9\u00adfice poli\u00adtique des \u00e9v\u00e9\u00adne\u00adments que ce cou\u00adrant a sus\u00adci\u00adt\u00e9 en grande par\u00adtie. Tout au plus la F\u00e9d\u00e9\u00adra\u00adtion Anar\u00adchiste a pu, comme les autres grou\u00adpus\u00adcules \u00ab&nbsp;p\u00eacher \u00e0 la ligne&nbsp;\u00bb \u00e0 l\u2019oc\u00adca\u00adsion de mee\u00adtings orga\u00adni\u00ads\u00e9s au c\u0153ur de la&nbsp;lutte.<\/p>\n<p>Le carac\u00adt\u00e8re bureau\u00adcra\u00adtique de la F.A.F. pro\u00advoque p\u00e9rio\u00addi\u00adque\u00adment en son sein une saine r\u00e9ac\u00adtion d\u2019\u00e9l\u00e9\u00adments jeunes qui, apr\u00e8s avoir ten\u00adt\u00e9 de la r\u00e9for\u00admer se voient contraints de la quit\u00adter. Mais au lieu de ten\u00adter de s\u2019u\u00adnir et de repo\u00adser le pro\u00adbl\u00e8me de l\u2019A\u00adnar\u00adchisme en France glo\u00adba\u00adle\u00adment, cha\u00adcune de ces four\u00adn\u00e9es de contes\u00adta\u00adtaires forme un nou\u00adveau groupe accen\u00adtuant encore la division.<\/p>\n<p>[|<b>*  *  *  *<\/b>|]<br>\n<\/p>\n<p>La r\u00e9cente can\u00addi\u00adda\u00adture <sc>Kri\u00advine<\/sc> a por\u00adt\u00e9 un coup consi\u00add\u00e9\u00adrable \u00e0 l\u2019<sc>uni\u00adt\u00e9<\/sc> pos\u00adsible des r\u00e9vo\u00adlu\u00adtion\u00adnaires. Le fait que d\u2019autres groupes trots\u00adkystes de ten\u00addances dif\u00adf\u00e9\u00adrentes s\u2019y sont ral\u00adli\u00e9s ne change rien \u00e0 ce qui fut une gigan\u00adtesque erreur politique.<\/p>\n<p><sc>Kri\u00advine<\/sc> s\u2019est donc pr\u00e9\u00adsen\u00adt\u00e9 comme le repr\u00e9\u00adsen\u00adtant du Mou\u00adve\u00adment de Mai alors que <sc>Rocard<\/sc> du P.S.U. le fai\u00adsait aus\u00adsi. La divi\u00adsion des gau\u00adchistes s\u2019est donc \u00e9ta\u00adl\u00e9e aux yeux du grand public. Le tra\u00advailleur qui ne fait pas la dis\u00adtinc\u00adtion entre les divers groupes a donc eu la sen\u00adsa\u00adtion que le mou\u00adve\u00adment de Mai \u00e9tait aus\u00adsi divi\u00ads\u00e9 que la Gauche tra\u00addi\u00adtion\u00adnelle et aus\u00adsi impuis\u00adsant. <sc>Kri\u00advine<\/sc> a fait 2% des voies, don\u00adnant ain\u00adsi l!impression d\u2019une grande fai\u00adblesse de ceux qui avaient fait tant peur \u00e0 la bour\u00adgeoi\u00adsie en&nbsp;1968&nbsp;!<\/p>\n<p>La cam\u00adpagne de <sc>Kri\u00advine<\/sc> \u00e0 la t\u00e9l\u00e9\u00advi\u00adsion a don\u00adn\u00e9 le spec\u00adtacle d\u2019un groupe intel\u00adlec\u00adtuel abso\u00adlu\u00adment de par son lan\u00adgage hors de la por\u00adt\u00e9e de la masse et qui plus est, sans pro\u00adgramme pr\u00e9\u00adcis (comme le sou\u00adligne, <sc>Lutte Ouvri\u00e8re<\/sc>).<\/p>\n<p>Cette can\u00addi\u00adda\u00adture a \u00e9t\u00e9 pr\u00e9\u00adsen\u00adt\u00e9e comme \u00ab&nbsp;anti-\u00e9lec\u00adto\u00adra\u00adliste&nbsp;\u00bb alors que les affiches qui pro\u00adcla\u00admaient ce mot d\u2019ordre appe\u00adlaient tout de m\u00eame \u00e0 voter. Cette tac\u00adtique d\u2019u\u00adti\u00adli\u00adsa\u00adtion de la l\u00e9ga\u00adli\u00adt\u00e9 bour\u00adgeoise \u00e0 des frais de pro\u00adpa\u00adgande est connue. Elle n\u2019a jamais don\u00adn\u00e9 aucun r\u00e9sul\u00adtat et qui plus est n\u2019est abso\u00adlu\u00adment pas com\u00adprise par les masses.<\/p>\n<p>Certes, le but de <sc>Kri\u00advine<\/sc> est de for\u00admer un nou\u00adveau par\u00adti com\u00admu\u00adniste \u00e0 par\u00adtir de la <sc>Ligue Com\u00admu\u00adniste<\/sc> qui pro\u00adclame son adh\u00e9\u00adsion \u00e0 la 4\u00e8me Inter\u00adna\u00adtio\u00adnale. Sa d\u00e9marche a cou\u00adp\u00e9 nombre de mili\u00adtants de Mai de son orga\u00adni\u00adsa\u00adtion. Et nous sommes en pr\u00e9\u00adsence d\u2019un nou\u00adveau par\u00adti qui pr\u00e9\u00adtend \u00e0 lui seul construire l\u2019a\u00advant-garde en France.<\/p>\n<p>[|<b>*  *  *  *<\/b>|]<br>\n<\/p>\n<p>\u00c0 l\u2019op\u00adpo\u00ads\u00e9, les cama\u00adrades de l\u2019ex-Par\u00adti Com\u00admu\u00adniste Mar\u00adxiste-L\u00e9ni\u00adniste de France se pr\u00e9\u00adtendent eux aus\u00adsi la seule \u00ab&nbsp;avant-garde&nbsp;\u00bb et leur presse ne manque pas \u00e0 chaque paru\u00adtion d\u2019in\u00adsul\u00adter bas\u00adse\u00adment les trots\u00adkystes concurrents.<\/p>\n<p>[|<b>*  *  *  *<\/b>|]<br>\n<\/p>\n<p>Il faut sou\u00adli\u00adgner que le groupe de <sc>Kri\u00advine<\/sc> avait par\u00adti\u00adci\u00adp\u00e9 d\u00e8s Mai 68 \u00e0 la d\u00e9marche uni\u00adtaire ten\u00adt\u00e9e par un groupe de mili\u00adtants qui devait don\u00adner nais\u00adsance au Comi\u00adt\u00e9 d\u2019I\u00adni\u00adtia\u00adtive pour un Mou\u00adve\u00adment R\u00e9vo\u00adlu\u00adtion\u00adnaire dont les anar\u00adchistes com\u00admu\u00adnistes qui animent ce bul\u00adle\u00adtin sont membres. Que s\u2019est-il donc&nbsp;pass\u00e9&nbsp;?<\/p>\n<p>Le fait que le Mou\u00adve\u00adment de Mai est plus ou moins cou\u00adp\u00e9 des masses et que la situa\u00adtion ne semble pas imm\u00e9\u00addia\u00adte\u00adment r\u00e9vo\u00adlu\u00adtion\u00adnaire (encore qu\u2019il fau\u00addrait voir&nbsp;!) pro\u00advoque un repli d\u2019un cer\u00adtain nombre de ten\u00addances sur leurs posi\u00adtions ant\u00e9\u00adrieures, soit pour des rai\u00adsons d\u2019op\u00adpor\u00adtu\u00adnisme poli\u00adtique, soit aus\u00adsi pour des rai\u00adsons sentimentales.<\/p>\n<p>C\u2019est ain\u00adsi que quit\u00adtant le Comi\u00adt\u00e9 d\u2019I\u00adni\u00adtia\u00adtive pour un Mou\u00adve\u00adment R\u00e9vo\u00adlu\u00adtion\u00adnaire, les trots\u00adkystes de la ten\u00addance \u00ab&nbsp;pabliste&nbsp;\u00bb viennent de for\u00admer une nou\u00advelle orga\u00adni\u00adsa\u00adtion dite&nbsp;: <sc>Alliance socia\u00adliste r\u00e9vo\u00adlu\u00adtion\u00adnaire<\/sc>.<\/p>\n<p>C\u2019est ain\u00adsi qu\u2019un cer\u00adtain nombre de mili\u00adtants anar\u00adchistes com\u00admu\u00adnistes appar\u00adte\u00adnant \u00e0 notre ten\u00addance au sein du C.I.M.R. nous ont quit\u00adt\u00e9s pour for\u00admer le <sc>Mou\u00adve\u00adment Com\u00admu\u00adniste Liber\u00adtaire<\/sc>.<\/p>\n<p>Ces cama\u00adrades ont pris l\u00e0 une lourde res\u00adpon\u00adsa\u00adbi\u00adli\u00adt\u00e9. Voi\u00adl\u00e0 donc deux orga\u00adni\u00adsa\u00adtions r\u00e9vo\u00adlu\u00adtion\u00adnaires de plus&nbsp;! Comme s\u2019il n\u2019y en avait pas encore assez&nbsp;! Et qui plus est&nbsp;: une orga\u00adni\u00adsa\u00adtion trots\u00adkyste de plus et une orga\u00adni\u00adsa\u00adtion anar\u00adchiste de plus&nbsp;! cela ne fera qu\u2019ac\u00adcro\u00eetre la confu\u00adsion. Le pro\u00adces\u00adsus grou\u00adpus\u00adcu\u00adlaire bas\u00e9 sur les scis\u00adsions et les divi\u00adsions per\u00adp\u00e9\u00adtuelles conti\u00adnue&nbsp;donc\u2026<\/p>\n<p>[|<b>*  *  *  *<\/b>|]<br>\n<\/p>\n<p>Le cama\u00adrade <sc>P. Mon\u00adti\u00adni<\/sc> publie dans le num\u00e9\u00adro 44 de \u00ab&nbsp;<sc>Noir &amp; Rouge<\/sc>&nbsp;\u00bb une \u00e9tude extr\u00ea\u00adme\u00adment int\u00e9\u00adres\u00adsante sur ce qu\u2019il appelle la \u00ab&nbsp;Th\u00e9o\u00adrie des Cha\u00adpelles&nbsp;\u00bb. Il nous est impos\u00adsible de citer une \u00e9tude aus\u00adsi riche en son entier et nous ren\u00advoyons nos amis \u00e0 la lec\u00adture de notre revue-s\u0153ur. Pr\u00e9\u00adci\u00adsons pour\u00adtant les points les plus impor\u00adtants avec les\u00adquels nous sommes en com\u00adplet accord&nbsp;:<br> \u2013 Les grou\u00adpus\u00adcules se trouvent en g\u00e9n\u00e9\u00adral d\u2019ac\u00adcord pour consta\u00adter le d\u00e9pla\u00adce\u00adment du centre de gra\u00advi\u00adt\u00e9 de la R\u00e9vo\u00adlu\u00adtion vers le tiers monde ou bien r\u00e9agissent d\u2019une mani\u00e8re cri\u00adtique \u00e0 cette&nbsp;th\u00e8se.<br> \u2013 Ils sou\u00adtiennent les luttes anti-imp\u00e9rialistes<br>\n\u2011Ils constatent la radi\u00adca\u00adli\u00adsa\u00adtion rapide et pro\u00adfonde des reven\u00addi\u00adca\u00adtions du pro\u00adl\u00e9\u00adta\u00adriat dans les pays capi\u00adta\u00adlistes \u00e9volu\u00e9s.<br> \u2013 Ils constatent l\u2019\u00e9\u00adcla\u00adte\u00adment sur le plan inter\u00adna\u00adtio\u00adnal de la bureau\u00adcra\u00adtie sta\u00adli\u00adnienne et d\u00e9noncent la col\u00adla\u00adbo\u00adra\u00adtion de classe du PCP et de la&nbsp;CGT.<br> \u2013 Ils \u00e9prouvent le besoin de s\u2019a\u00addap\u00adter \u00e0 cette situa\u00adtion et envi\u00adsagent cha\u00adcun pour son compte une reconstruction<br> \u2013 Ils font la cri\u00adtique de l\u2019ac\u00adtion des autres grou\u00adpus\u00adcules mais ils ne font pas la cri\u00adtique de l\u2019en\u00adsemble des grou\u00adpus\u00adcules consi\u00add\u00e9\u00adr\u00e9s comme une uni\u00adt\u00e9 \u00ab&nbsp; socio-poli\u00adtique&nbsp;\u00bb. Cha\u00adcun se contente de cri\u00adti\u00adquer les autres.<br> \u2013 Chaque cri\u00adtique rend cha\u00adcune compte d\u2019un aspect r\u00e9el du ph\u00e9nom\u00e8ne.<br> \u2013 Ils ont cha\u00adcun une concep\u00adtion de leurs rap\u00adports avec les masses mais n\u2019ont aucune concep\u00adtion de leurs rap\u00adports avec les autres cha\u00adpelles consi\u00add\u00e9\u00adr\u00e9es comme \u00ab&nbsp;quan\u00adti\u00adt\u00e9 n\u00e9gli\u00adgeable&nbsp;\u00bb (appr\u00e9\u00adcia\u00adtion exacte pour autant qu\u2019on puisse ne les consi\u00add\u00e9\u00adrer qu\u2019une par&nbsp;une)<br> \u2013 Pour\u00adtant, l\u2019en\u00adsemble des cha\u00adpelles qui sont z\u00e9ro prises une par une repr\u00e9\u00adsente un fait objec\u00adtif tr\u00e8s important.<br> \u2013 Elles repr\u00e9\u00adsentent ensembles le cou\u00adrant \u00ab&nbsp;de rechange r\u00e9volutionnaire&nbsp;\u00bb<br> \u2013 Cha\u00adcune d\u2019elle repr\u00e9\u00adsente une ten\u00addance du mou\u00adve\u00adment g\u00e9n\u00e9ral.<br> \u2013 Les masses qu\u2019une cha\u00adpelle don\u00adn\u00e9e peut tou\u00adcher \u00e0 un moment ou \u00e0 un autre consi\u00add\u00e8rent cette cha\u00adpelle \u00ab&nbsp;comme une par\u00admi les autres&nbsp;\u00bb.<br> \u2013 Le milieu tou\u00adch\u00e9 par les diverses cha\u00adpelles est unique.<br> \u2013 Chaque cha\u00adpelle se consi\u00add\u00e8re comme ori\u00adgi\u00adnale. Elle est cr\u00e9\u00e9e pour rem\u00adplir un vide poli\u00adtique qu\u2019elle est seule \u00e0&nbsp;voir.<br> \u2013 Chaque cha\u00adpelle ne se d\u00e9fi\u00adnit plus que \u00ab&nbsp;par rap\u00adport \u00e0 cha\u00adcune des autres&nbsp;\u00bb et non plus essen\u00adtiel\u00adle\u00adment par rap\u00adport \u00e0 l\u2019en\u00adne\u00admi de classe et ses alli\u00e9s.<br> \u2013 Les publi\u00adca\u00adtions des cha\u00adpelles uti\u00adlisent un lan\u00adgage sp\u00e9\u00adcia\u00adli\u00ads\u00e9, for\u00adma\u00adliste, employ\u00e9 par les anc\u00eatres-th\u00e9o\u00adri\u00adciens, sacr\u00e9, magique, seule\u00adment lisible pour les initi\u00e9s.<\/p>\n<p>Nous pour\u00adrions ajou\u00adter ce que nous avons d\u00e9j\u00e0 dit \u00e0 savoir que les cha\u00adpelles scis\u00adsionnent per\u00adp\u00e9\u00adtuel\u00adle\u00adment \u00e0 pro\u00adpos d\u2019o\u00adrien\u00adta\u00adtions sou\u00advent secon\u00addaires qu\u2019elles consi\u00add\u00e8rent comme essentielles.<\/p>\n<p>La conclu\u00adsion du cama\u00adrade <sc>P. Mon\u00adti\u00adni<\/sc> laisse appa\u00adra\u00eetre une&nbsp;lueur&nbsp;:<\/p>\n<p>Ceux qui ne sont pas orga\u00adni\u00ads\u00e9s d\u00e9plorent cette divi\u00adsion. Il y a de r\u00e9centes ten\u00adta\u00adtives d\u2019ac\u00adti\u00advi\u00adt\u00e9s moins sec\u00adtaires au del\u00e0 des cha\u00adpelles. Mais on ne nous dit pas quelles sont ces ten\u00adta\u00adtives et la r\u00e9dac\u00adtion de <sc>Noir &amp; Rouge<\/sc> prend soin de pr\u00e9\u00adci\u00adser que cette \u00e9tude est inache\u00adv\u00e9e, qu\u2019il fau\u00addrait faire un bilan de l\u2019ac\u00adquis th\u00e9o\u00adrique des cha\u00adpelles et enfin, des pro\u00adpo\u00adsi\u00adtions concr\u00e8tes. C\u2019est ici que nous avons quelque chose \u00e0&nbsp;dire.<\/p>\n<p>[|<b>*  *  *  *<\/b>|]<br>\n<\/p>\n<p>Au cours d\u2019un d\u00e9bat orga\u00adni\u00ads\u00e9 par le \u00ab&nbsp;Cercle Mai&nbsp;\u00bb de <sc>Macon<\/sc>, Alain <sc>Geis\u00admar<\/sc> disait qu\u2019il y a ceux qui sont sor\u00adtis pro\u00adfon\u00add\u00e9\u00adment chan\u00adg\u00e9s par <sc>mai<\/sc> et ceux qui ont tra\u00adver\u00ads\u00e9 cet \u00e9v\u00e9\u00adne\u00adment for\u00admi\u00addable sans avoir rien com\u00adpris et en conser\u00advant leurs vieux sch\u00e9\u00admas. Seuls, les pre\u00admiers auront leurs place dans la poli\u00adtique fran\u00ad\u00e7aise et pren\u00addront la rel\u00e8ve du P. C\u2026, c\u2019est-\u00e0-dire de l\u2019A\u00advant-Garde d\u00e9faillante. Mais l\u2019ap\u00adproche du pro\u00adbl\u00e8me de l\u2019U\u00adni\u00adt\u00e9 par <sc>Geis\u00admar<\/sc> et ses amis est pure\u00adment empirique.<\/p>\n<p>Il faut uni\u00adque\u00adment par\u00adtir du tra\u00advail pra\u00adtique et c\u2019est le pro\u00adces\u00adsus de la lutte qui d\u00e9fi\u00adni\u00adra les objec\u00adtifs. Il faut consi\u00add\u00e9\u00adrer qu\u2019il y a dans chaque loca\u00adli\u00adt\u00e9 un groupe r\u00e9vo\u00adlu\u00adtion\u00adnaire pr\u00e9\u00adpon\u00add\u00e9\u00adrant et son \u00e9ti\u00adquette est abso\u00adlu\u00adment secon\u00addaire. La dyna\u00admique de la lutte arran\u00adge\u00adra tout. Nous ne sommes pas d\u2019ac\u00adcord avec cette th\u00e9o\u00adrie qui pr\u00e9\u00adsente des relents de \u00ab&nbsp;spon\u00adta\u00adn\u00e9isme&nbsp;\u00bb. Mais nous pen\u00adsons que cette atti\u00adtude peut per\u00admettre de tra\u00advailler et c\u2019est d\u00e9j\u00e0 un point important.<\/p>\n<p>[|<b>*  *  *  *<\/b>|]<br>\n<\/p>\n<p>Il est cer\u00adtain que la classe ouvri\u00e8re attend qu\u2019on lui pro\u00adpose un pro\u00adgramme r\u00e9vo\u00adlu\u00adtion\u00adnaire de rechange au r\u00e9for\u00admisme du P.C. et qu\u2019une simple action empi\u00adrique orien\u00adt\u00e9e vers les masses n\u2019est pas suffisante.<\/p>\n<p>Il semble qu\u2019il soit pos\u00adsible de tirer des posi\u00adtions des divers grou\u00adpus\u00adcules un d\u00e9but de d\u00e9fi\u00adni\u00adtion d\u2019ob\u00adjec\u00adtifs qui sont loin d\u2019\u00eatre mini\u00admum. Nous \u00e9nu\u00adm\u00e9\u00adrions d\u00e9j\u00e0 ces objec\u00adtifs dans notre bro\u00adchure parue bien avant <sc>mai<\/sc> \u00ab&nbsp;Lettre du Mou\u00adve\u00adment Anar\u00adchiste International&nbsp;\u00bb&nbsp;:<br> \u2013 Lutte pour la sup\u00adpres\u00adsion de la pro\u00adpri\u00e9\u00adt\u00e9 pri\u00adv\u00e9e des moyens de production.<br> \u2013 Pour la liqui\u00adda\u00adtion de l\u2019\u00c9tat capitaliste.<br> \u2013 Contre l\u2019Im\u00adp\u00e9\u00adria\u00adlisme et le colonialisme.<br> \u2013 Contre les doc\u00adtrines et les d\u00e9via\u00adtions r\u00e9for\u00admistes (col\u00adla\u00adbo\u00adra\u00adtion de classe, par\u00adle\u00admen\u00adta\u00adrisme, \u00e9lectoralisme)<br> \u2013 Contre le bureaucratisme.<br> \u2013 Pour une atti\u00adtude inter\u00adna\u00adtio\u00adna\u00adliste pratique.<\/p>\n<p>Tout ces points com\u00admuns appa\u00adraissent dans la pro\u00adpa\u00adgande quo\u00adti\u00addienne des uns et des autres.<\/p>\n<p>Mais ajou\u00adtions nous, il faut cher\u00adcher l\u2019unit\u00e9&nbsp;:<br> \u2013 favo\u00adri\u00adser, orga\u00adni\u00adser et sus\u00adci\u00adter tous les \u00e9changes possibles<br> \u2013 favo\u00adri\u00adser et orga\u00adni\u00adser tous \u00e9changes d\u2019in\u00adfor\u00adma\u00adtions entre r\u00e9vo\u00adlu\u00adtion\u00adnaires sur leurs actions respectives.<br> \u2013 favo\u00adri\u00adser et orga\u00adni\u00adser toute action com\u00admune possible<br> \u2013 cr\u00e9er et ren\u00adfor\u00adcer la soli\u00adda\u00adri\u00adt\u00e9 entre tous sans exclusive.<br> \u2013 exer\u00adcer une soli\u00adda\u00adri\u00adt\u00e9 pra\u00adtique \u00e0 tout acte r\u00e9volutionnaire.<\/p>\n<p>Tous ces points pra\u00adtiques peuvent \u00eatre r\u00e9a\u00adli\u00ads\u00e9s, soit par le canal d\u2019un Front (mais les r\u00e9centes ten\u00adta\u00adtives ont \u00e9chou\u00e9), soit par le moyen d\u2019or\u00adga\u00adnismes \u00e0 objec\u00adtifs par\u00adtiels. Le \u00ab&nbsp;Comi\u00adt\u00e9 <sc>Viet\u00adnam<\/sc> Natio\u00adnal&nbsp;\u00bb \u00e9tait une ten\u00adta\u00adtive valable dans cet esprit, mais il fau\u00addrait en envi\u00adsa\u00adger d\u2019autres.<\/p>\n<p>[|<b>*  *  *  *<\/b>|]<br>\n<\/p>\n<p>Si ces col\u00adlec\u00adtifs par\u00adtiels existent, il faut bien conve\u00adnir que leur r\u00e9a\u00adli\u00adsa\u00adtion. com\u00admune se trouve au stade du v\u0153ux pieux. Qui pour\u00adrait en prendre l\u2019i\u00adni\u00adtia\u00adtive sinon une orga\u00adni\u00adsa\u00adtion qui n\u2019au\u00adrait plus le carac\u00adt\u00e8re groupusculaire&nbsp;?<\/p>\n<p>Nous tou\u00adchons de toute mani\u00e8re \u00e0 un autre d\u00e9faut des grou\u00adpus\u00adcules que nous avions bien vu au sein des Comi\u00adt\u00e9s d\u2019Ac\u00adtion et m\u00eame au sein des Comi\u00adt\u00e9s Viet\u00adnam, \u00e0 savoir que leurs mili\u00adtants se rendent dans les organes \u00e0 objec\u00adtifs par\u00adtiels sur\u00adtout pour y faire leur propre pro\u00adpa\u00adgande et pour y p\u00eacher des militants.<\/p>\n<p>C\u2019est parce qu\u2019il manque aux r\u00e9vo\u00adlu\u00adtion\u00adnaires ce que nous pour\u00adrions appe\u00adler une troi\u00adsi\u00e8me dimen\u00adsion qui est l\u2019es\u00adsen\u00adtiel \u00e0 nos yeux&nbsp;: la facul\u00adt\u00e9 de conce\u00advoir ce qui fait objec\u00adti\u00adve\u00adment avan\u00adcer la R\u00e9vo\u00adlu\u00adtion au del\u00e0 de tout esprit de par\u00adti\u00adcu\u00adla\u00adrisme. En ce sens, la d\u00e9marche de Geis\u00admar est d\u00e9j\u00e0 meilleure.<\/p>\n<p>Outre que, comme nous l\u2019a\u00advons d\u00e9j\u00e0 dit, chaque groupe con\u00e7oit l\u2019a\u00advant-garde uni\u00adque\u00adment sous la forme du \u00ab&nbsp;par\u00adti&nbsp;\u00bb l\u00e9niniste.centraliste d\u00e9mo\u00adcra\u00adtique, la plu\u00adpart se consi\u00add\u00e8re, cha\u00adcun pour soi, comme l\u2019a\u00advant-garde. Et il y a beau\u00adcoup d\u2019a\u00advant-gardes en France actuellement&nbsp;!<\/p>\n<p>Certes, les choses ne sont pas affir\u00adm\u00e9es d\u2019une mani\u00e8re aus\u00adsi sim\u00adplistes ou sch\u00e9\u00adma\u00adtiques mais cha\u00adcun songe \u00e0 ren\u00adfor\u00adcer son propre groupe dans l\u2019es\u00adpoir de le voir pr\u00e9\u00adpon\u00add\u00e9\u00adrant \u00e0 l\u2019oc\u00adca\u00adsion d\u2019ac\u00adtions de masse futures. Nous avons vu au d\u00e9but de cette \u00e9tude que tel sem\u00adblait \u00eatre l\u2019\u00e9\u00adtat d\u2019es\u00adprit de \u00ab&nbsp;<sc>Lutte Ouvri\u00e8re<\/sc>&nbsp;\u00bb, c\u2019est aus\u00adsi l\u2019ar\u00adgu\u00adment qui a \u00e9t\u00e9 d\u00e9ve\u00adlop\u00adp\u00e9 aupr\u00e8s des anar\u00adchistes com\u00admu\u00adnistes dans le texte pr\u00e9\u00adpa\u00adra\u00adtoire \u00e0 la r\u00e9union consti\u00adtu\u00adtive du Mou\u00adve\u00adment Com\u00admu\u00adniste Libertaire.<\/p>\n<p>[|<b>*  *  *  *<\/b>|]<br>\n<\/p>\n<p>C\u2019est \u00e0 ce niveau que se fait la \u00ab&nbsp;boule de neige&nbsp;\u00bb car les cama\u00adrades qui ont fon\u00add\u00e9 le <sc>Mou\u00adve\u00adment Com\u00admu\u00adniste Liber\u00adtaire<\/sc> tirent argu\u00adment de l\u2019at\u00adti\u00adtude d\u2019un cer\u00adtain nombre de grou\u00adpus\u00adcules mar\u00adxistes pour affir\u00admer que les anar\u00adchistes com\u00admu\u00adnistes n\u2019ont qu\u2019\u00e0 en faire autant.<\/p>\n<p>Les \u00ab&nbsp;pablistes&nbsp;\u00bb de l\u2019<sc>Alliance Socia\u00adliste R\u00e9vo\u00adlu\u00adtion\u00adnaire<\/sc> ont tenu le m\u00eame rai\u00adson\u00adne\u00adment pour leur compte. L\u2019un d\u2019eux nous \u00e9crit&nbsp;: \u00ab&nbsp;Nous ne pou\u00advons pas nous condam\u00adner \u00e0 dis\u00adpa\u00adra\u00eetre en tant que mili\u00adtants parce que vous avez des illu\u00adsions sur nos pos\u00adsi\u00adbi\u00adli\u00adt\u00e9s imm\u00e9diates\u2026&nbsp;\u00bb<\/p>\n<p>Le retour aux posi\u00adtions anciennes est donc tentant&nbsp;?<\/p>\n<p>Depuis que ce qui reste de l\u2019<sc>union<\/sc> des <sc>groupes anar\u00adchistes com\u00admu\u00adnistes<\/sc> d\u2019a\u00advant Mai 68 a for\u00adm\u00e9 la ten\u00addance anar\u00adchiste com\u00admu\u00adniste du C.I.M.R., que de reproches n\u2019a\u00advons nous pas enten\u00addu de la bouche des cama\u00adrades anarchistes.<\/p>\n<p>Sans nous arr\u00ea\u00adter \u00e0 ceux qui nous consi\u00add\u00e8rent comme des \u00ab&nbsp;agents du bol\u00adche\u00advisme&nbsp;\u00bb infil\u00adtr\u00e9s dans les rangs liber\u00adtaires et \u00e0 d\u2019autres fadaises du m\u00eame aca\u00adbit, nous enten\u00addons sou\u00advent un autre type de critiques&nbsp;:<\/p>\n<p>Pour\u00adquoi renon\u00adcer a une pro\u00adpa\u00adgande anar\u00adchiste aupr\u00e8s du public au pro\u00adfit de celle des Comi\u00adt\u00e9s du \u00ab&nbsp;M.R.&nbsp;\u00bb&nbsp;? Pour\u00adquoi d\u00e9pen\u00adser autant d\u2019\u00e9ner\u00adgies pour un mou\u00adve\u00adment o\u00f9 militent des mar\u00adxistes alors que ces m\u00eames \u00e9ner\u00adgies seraient mieux employ\u00e9es au triomphe de l\u2019I\u00add\u00e9al anar\u00adchiste&nbsp;? (ce type de pen\u00ads\u00e9e \u00e9tait d\u2019ailleurs aus\u00adsi lar\u00adge\u00adment r\u00e9pan\u00addu au sein des \u00ab&nbsp;pablistes&nbsp;\u00bb qui ont fini par y c\u00e9der). Nous nous refu\u00adsons, pour notre part \u00e0 c\u00e9der \u00e0 cette ten\u00adta\u00adtion qui n\u2019est que sen\u00adti\u00admen\u00adtale. Ain\u00adsi ce qui importe \u00e0 ces cama\u00adrades qui nous cri\u00adtiquent ou ne nous com\u00adprennent pas, ce n\u2019est pas que la R\u00e9vo\u00adlu\u00adtion ou l\u2019A\u00adnar\u00adchisme <u>avancent<\/u> dans la soci\u00e9\u00adt\u00e9 d\u2019une mani\u00e8re objec\u00adtive. Ce qui leur importe c\u2019est que l\u2019\u00e9\u00adti\u00adquette soit mise en avant&nbsp;? Nous sommes s\u00fbrs que c\u2019est cet esprit de \u00ab&nbsp;bou\u00adtique&nbsp;\u00bb qui, tout compte fait retarde la r\u00e9a\u00adli\u00adsa\u00adtion. de ce qui leur est cher. Pour notre part, nous pr\u00e9\u00adf\u00e9\u00adrons le conte\u00adnu de la bou\u00adteille \u00e0 son \u00e9tiquette&nbsp;!<\/p>\n<p>Nous \u00e9cri\u00advions d\u00e9j\u00e0 dans notre \u00ab&nbsp;Lettre au Mou\u00adve\u00adment Anar\u00adchiste International&nbsp;\u00bb&nbsp;:<\/p>\n<p>\u00ab&nbsp;Pour nous, l\u2019<sc>anar\u00adchie<\/sc> au sens abso\u00adlu du terme, c\u2019est-\u00e0-dire la lib\u00e9\u00adra\u00adtion totale de l\u2019homme de toutes les ali\u00e9\u00adna\u00adtions et de toutes les cau\u00adsa\u00adli\u00adt\u00e9s est un deve\u00adnir per\u00adma\u00adnent et une r\u00e9a\u00adli\u00adsa\u00adtion qui n\u2019au\u00adra pas de fin. Ce que nous pou\u00advons seule\u00adment faire, c\u2019est d\u00e9ga\u00adger la par\u00adcelle d\u2019A\u00adnar\u00adchie pos\u00adsible de chaque acte qui contri\u00adbue \u00e0 la lib\u00e9\u00adra\u00adtion de l\u2019Humanit\u00e9.<\/p>\n<p>\u00ab&nbsp;C\u2019est pour\u00adquoi, nous ne crai\u00adgnons pas d\u2019af\u00adfir\u00admer que l\u00e0 dans la p\u00e9riode don\u00adn\u00e9e de l\u2019\u00e9\u00advo\u00adlu\u00adtion du monde qui est celle o\u00f9 nous vivons, il est <sc>ridi\u00adcule<\/sc> de croire \u00e0 une R\u00e9vo\u00adlu\u00adtion \u00e0 forme anar\u00adchiste <sc>int\u00e9\u00adgrale<\/sc> pro\u00admue par un <sc>mou\u00adve\u00adment pure\u00adment anar\u00adchiste<\/sc>. C\u2019est parce qu\u2019ils ont cru trop long\u00adtemps pos\u00ads\u00e9\u00adder le mono\u00adpole de la R\u00e9vo\u00adlu\u00adtion que les anar\u00adchistes se sont cou\u00adp\u00e9s des masses et de l\u2019his\u00adtoire. D\u00e8s lors se pose la ques\u00adtion de la pr\u00e9\u00adsence de l\u2019A\u00adnar\u00adchisme r\u00e9vo\u00adlu\u00adtion\u00adnaire et de son int\u00e9\u00adgra\u00adtion dans un mou\u00adve\u00adment plus large ayant la d\u00e9marche r\u00e9vo\u00adlu\u00adtion\u00adnaire pour&nbsp;base&nbsp;\u00bb.<\/p>\n<p>Cette posi\u00adtion de fond nous fit ins\u00adcrire bien avant <sc>mai<\/sc> 68 en t\u00eate des sta\u00adtuts de l\u2019<sc>Union des Groupes Anar\u00adchistes Com\u00admu\u00adnistes<\/sc> qu\u2019ils \u00e9taient la ten\u00addance orga\u00adni\u00ads\u00e9e des anar\u00adchistes com\u00admu\u00adnistes du Mou\u00adve\u00adment R\u00e9vo\u00adlu\u00adtion\u00adnaire \u00ab&nbsp;<u>qui exis\u00adte\u00adra<\/u>&nbsp;\u00bb. Cette posi\u00adtion nous fit pas\u00adser pour de doux utopistes\u2026<\/p>\n<p>Et c\u2019est ain\u00adsi que, lorsque apr\u00e8s <sc>mai<\/sc> 68, se cr\u00e9a le Comi\u00adt\u00e9 d\u2019I\u00adni\u00adtia\u00adtive pour un Mou\u00adve\u00adment R\u00e9vo\u00adlu\u00adtion\u00adnaire, il fut nor\u00admal et logique que nous lui appor\u00adtions notre adh\u00e9sion.<\/p>\n<p>[|<b>*  *  *  *<\/b>|]<br>\n<\/p>\n<p>Notre d\u00e9marche se situe donc dans un d\u00e9pas\u00adse\u00adment de l\u2019es\u00adprit de cha\u00adpelle que nous condam\u00adnons et dans la pers\u00adpec\u00adtive glo\u00adbale de la R\u00e9volution.<\/p>\n<p>Il va sans dire que si nous pen\u00adsons devoir prendre cette posi\u00adtion vis \u00e0 vis de l\u2019A\u00adnar\u00adchisme, nous pen\u00adsons que les autres ten\u00addances r\u00e9vo\u00adlu\u00adtion\u00adnaires doivent en faire autant. Il est aus\u00adsi ridi\u00adcule \u00e0 nos yeux de croire que la R\u00e9vo\u00adlu\u00adtion sera pure\u00adment trots\u00adkyste ou mao\u00efste. \u00c0 plus forte rai\u00adson de croire que l\u2019A\u00advant-garde qui se construit objec\u00adti\u00adve\u00adment sera anar\u00adchiste, trots\u00adkyste ou mao\u00efste, ou qu\u2019elle sera seule\u00adment consti\u00adtu\u00e9e par la r\u00e9union des grou\u00adpus\u00adcules. Le cama\u00adrade <sc>Mon\u00adti\u00adni<\/sc> de \u00ab&nbsp;<sc>Noir &amp; Rouge<\/sc>&nbsp;\u00bb avait rai\u00adson de par\u00adler des mul\u00adtiples mili\u00adtants en puis\u00adsance qui refusent les grou\u00adpus\u00adcules ou qui n\u2019y adh\u00e8rent pas.<\/p>\n<p>Ceci nous ram\u00e8ne au pro\u00adbl\u00e8me de l\u2019In\u00adter\u00adna\u00adtio\u00adnale \u00e9vo\u00adqu\u00e9 par <sc>Lutte Ouvri\u00e8re<\/sc>. Il est vrai que le mou\u00adve\u00adment r\u00e9vo\u00adlu\u00adtion\u00adnaire inter\u00adna\u00adtio\u00adnal souffre de n\u2019\u00eatre pas coor\u00addon\u00adn\u00e9 et orga\u00adni\u00ads\u00e9 au del\u00e0 des mou\u00adve\u00adments natio\u00adnaux. Mais il faut encore sor\u00adtir de nos sch\u00e9\u00admas et le fait d\u2019af\u00adfir\u00admer que ce sera \u00ab&nbsp;<sc>son<\/sc>&nbsp;\u00bb Inter\u00adna\u00adtio\u00adnale qui sera celle qui uni\u00adra les autres est encore une mani\u00e8re sec\u00adtaire de retar\u00adder la r\u00e9so\u00adlu\u00adtion du probl\u00e8me.<\/p>\n<p>Au del\u00e0 des groupes trots\u00adkystes ou anar\u00adchistes dans le monde, avec les\u00adquels, nous le r\u00e9p\u00e9\u00adtons, les cama\u00adrades trots\u00adkystes ou anar\u00adchistes doivent conti\u00adnuer \u00e0 gar\u00adder le contact le plus \u00e9troit pos\u00adsible, il y a l\u2019In\u00adter\u00adna\u00adtio\u00adnale que nous appel\u00adle\u00adrons \u00ab&nbsp;objec\u00adtive&nbsp;\u00bb. Il y a la lutte anti-imp\u00e9\u00adria\u00adliste du Viet\u00adnam, de Cuba, de la Cor\u00e9e du Nord, de la Chine, de l\u2019Al\u00adba\u00adnie, m\u00eame si comme l\u2019af\u00adfirme <sc>Lutte Ouvri\u00e8re<\/sc>, tous ces pays. o\u00f9 les orga\u00adni\u00adsa\u00adtions de ces pays n\u2019ont que des posi\u00adtions cir\u00adcons\u00adtan\u00adtielles sans d\u00e9sir r\u00e9el de cr\u00e9er l\u2019In\u00adter\u00adna\u00adtio\u00adnale. Il y a la lutte anti-bureau\u00adcra\u00adtique de la You\u00adgo\u00adsla\u00advie qui est tout aus\u00adsi impor\u00adtante dans l\u2019\u00e9\u00adchi\u00adquier r\u00e9vo\u00adlu\u00adtion\u00adnaire, m\u00eame si elle n\u2019est pas com\u00adprise momen\u00adta\u00adn\u00e9\u00adment par les autres. Il y a les mou\u00adve\u00adments du tiers monde qui jouent un r\u00f4le, m\u00eame s\u2019ils sont sou\u00advent l\u2019\u00e9\u00adma\u00adna\u00adtion de bour\u00adgeoi\u00adsies locales. Affir\u00admer cela ne signi\u00adfie pas que le mou\u00adve\u00adment r\u00e9vo\u00adlu\u00adtion\u00adnaire de France doit se cal\u00adquer sur ces mou\u00adve\u00adments ou s\u2019en r\u00e9cla\u00admer en croyant qu\u2019ils peuvent \u00eatre un mod\u00e8le&nbsp;: il faut sor\u00adtir de ce sui\u00advisme qui consti\u00adtue un obs\u00adtacle de plus \u00e0 l\u2019U\u00adni\u00adt\u00e9. Mais c\u2019est \u00e0 par\u00adtir de ce \u00ab&nbsp;monde&nbsp;\u00bb l\u00e0 que se joue la R\u00e9vo\u00adlu\u00adtion mon\u00addiale et il est temps de dire que toute Inter\u00adna\u00adtio\u00adnale hypo\u00adth\u00e9\u00adtique pla\u00adc\u00e9e en dehors n\u2019est que ver\u00adbiage et impuissance.<\/p>\n<p>Par contre, des contacts avec tous, en uti\u00adli\u00adsant les ten\u00addances, peuvent \u00eatre un fac\u00adteur impor\u00adtant pour la construc\u00adtion de la v\u00e9ri\u00adtable Inter\u00adna\u00adtio\u00adnale pour autant que le mou\u00adve\u00adment r\u00e9vo\u00adlu\u00adtion\u00adnaire fran\u00ad\u00e7ais pose d\u00e8s main\u00adte\u00adnant les pro\u00adbl\u00e8mes d\u2019un pays d\u00e9ve\u00adlop\u00adp\u00e9 sans la R\u00e9vo\u00adlu\u00adtion duquel la R\u00e9vo\u00adlu\u00adtion mon\u00addiale est impossible.<\/p>\n<p>[|<b>*  *  *  *<\/b>|]<br>\n<\/p>\n<p>En g\u00e9n\u00e9\u00adral, lorsque les membres de la ten\u00addance anar\u00adchiste com\u00admu\u00adniste du C.I.M.R. expliquent leur posi\u00adtion, on leur pose la ques\u00adtion sui\u00advante&nbsp;: esti\u00admez vous \u00eatre tou\u00adjours anarchistes&nbsp;?<\/p>\n<p>Si notre inter\u00adlo\u00adcu\u00adteur est membre d\u2019un groupe anar\u00adchiste, la ques\u00adtion est sen\u00adti\u00admen\u00adtale. Les anars ont besoin de se retrou\u00adver entre&nbsp;eux\u2026<\/p>\n<p>Si notre inter\u00adlo\u00adcu\u00adteur est mar\u00adxiste, la ques\u00adtion est plus insi\u00addieuse car il veut savoir si nous ne sommes pas des man\u0153u\u00advriers qui jouent la carte de l\u2019U\u00adni\u00adt\u00e9 dans nous ne savons quel dessein.<\/p>\n<p>Il nous faut donc nous expli\u00adquer clai\u00adre\u00adment aupr\u00e8s des uns et des autres&nbsp;:<\/p>\n<p>Nous avons d\u00e9j\u00e0 dit et \u00e9crit que l\u2019\u00e9\u00advo\u00adlu\u00adtion du mou\u00adve\u00adment r\u00e9vo\u00adlu\u00adtion\u00adnaire dans le monde, et sur\u00adtout en Mai 68 chez nous, doit nous obli\u00adger \u00e0 remettre en ques\u00adtion les id\u00e9es les plus consa\u00adcr\u00e9es. Qu\u2019est ce que cela veut dire aujourd\u2019\u00adhui&nbsp;: \u00eatre mar\u00adxiste ou \u00eatre anar\u00adchiste tout court alors qu\u2019il existe nombre de concep\u00adtions oppo\u00ads\u00e9es par\u00admi ceux qui se r\u00e9clament de l\u2019une ou de l\u2019autre posi\u00adtion&nbsp;? Au cours des r\u00e9cents \u00e9v\u00e9\u00adne\u00adments, nous avons \u00e9t\u00e9 ame\u00adn\u00e9s \u00e0 maintes reprises \u00e0 faire le point. \u00c0 qui les \u00e9v\u00e9\u00adne\u00adments donnent-ils rai\u00adson si nous com\u00adpa\u00adrons les faits aux th\u00e9o\u00adries et diver\u00adgences expri\u00adm\u00e9es par las anar\u00adchistes et les mar\u00adxistes du <sc>xix<\/sc><sup>e<\/sup> si\u00e8cle&nbsp;? Il y a sans doute \u00ab&nbsp;match nul&nbsp;\u00bb et il est clair que les pro\u00adbl\u00e8mes qui se posent aux r\u00e9vo\u00adlu\u00adtion\u00adnaire d\u2019au\u00adjourd\u2019\u00adhui nous am\u00e8nent \u00e0 d\u00e9pas\u00adser nos options pri\u00admi\u00adtives. Nous avons \u00e9crit d\u00e9j\u00e0. que nous sommes per\u00adsua\u00add\u00e9s qu\u2019\u00e0 par\u00adtir des options de <sc>mai<\/sc>, l\u2019<sc>auto\u00adges\u00adtion<\/sc>, l\u2019au\u00adto-orga\u00adni\u00adsa\u00adtion des masses sont une r\u00e9ponse. au pro\u00adbl\u00e8me de l\u2019U\u00adni\u00adt\u00e9 id\u00e9o\u00adlo\u00adgique qu\u2019il faut recher\u00adcher. Nous avons dit aus\u00adsi que les diver\u00adgences sont moins grandes qu\u2019elles ne paraissent.<\/p>\n<p>Nous nous r\u00e9cla\u00admons de l\u2019A\u00adnar\u00adchisme com\u00admu\u00adniste au sein du Mou\u00adve\u00adment R\u00e9vo\u00adlu\u00adtion\u00adnaire parce que nous pro\u00adc\u00e9\u00addons d\u2019une tra\u00addi\u00adtion qui est irrem\u00adpla\u00ad\u00e7able et dont l\u2019ex\u00adp\u00e9\u00adrience his\u00adto\u00adrique doit \u00eatre ana\u00adly\u00ads\u00e9e au m\u00eame titre que celle des mar\u00adxistes. Nous vou\u00adlons que nos options anar\u00adchistes soient une contri\u00adbu\u00adtion per\u00adma\u00adnente au d\u00e9bat qui doit s\u2019ins\u00adtau\u00adrer entre tous les r\u00e9volutionnaires.<\/p>\n<p>Nous pen\u00adsons aus\u00adsi que la pra\u00adtique com\u00admune devra demain faire dis\u00adpa\u00adra\u00eetre les ten\u00addances. Nous sommes pr\u00eats pour notre part \u00e0 dispara\u00eetre.<\/p>\n<p>[|<b>*  *  *  *<\/b>|]<br>\n<\/p>\n<p>C\u2019est deve\u00adnu un lieu com\u00admun d\u2019af\u00adfir\u00admer que l\u2019ab\u00adsence d\u2019une r\u00e9elle orga\u00adni\u00adsa\u00adtion r\u00e9vo\u00adlu\u00adtion\u00adnaire s\u2019est cruel\u00adle\u00adment fait sen\u00adtir en <sc>mai<\/sc>. C\u2019est pour\u00adquoi <sc>Vibier<\/sc> et ses amis ont eu rai\u00adson de poser le pro\u00adbl\u00e8me d\u00e8s ce moment l\u00e0. C\u2019est pour\u00adquoi nous avons sous\u00adcrit \u00e0 son initiative.<\/p>\n<p>Cette orga\u00adni\u00adsa\u00adtion n\u2019existe tou\u00adjours pas et il faut cher\u00adcher com\u00adment la construire. Dans l\u2019im\u00adm\u00e9\u00addiat, c\u2019est la liqui\u00adda\u00adtion de la men\u00adta\u00adli\u00adt\u00e9 grou\u00adpus\u00adcu\u00adlaire qu\u2019il faut amorcer.<\/p>\n<p>Nous sommes convain\u00adcus quant \u00e0 nous que l\u2019a\u00advant-garde r\u00e9vo\u00adlu\u00adtion\u00adnaire doit \u00eatre unique. Elle ne pour\u00adra na\u00eetre vala\u00adble\u00adment d\u2019une lutte poli\u00adtique d\u2019in\u00adfluence entre les divers groupes et par la vic\u00adtoire de l\u2019un d\u2019eux. Si le mou\u00adve\u00adment r\u00e9vo\u00adlu\u00adtion\u00adnaire fran\u00ad\u00e7ais devait per\u00adsis\u00adter dans cette voie st\u00e9\u00adrile, il ne ferait que prendre la place de la \u00ab&nbsp;Gauche&nbsp;\u00bb tra\u00addi\u00adtion\u00adnelle et impuissante.<\/p>\n<p>Il faut donc pen\u00adser que l\u2019a\u00advant-garde devra tendre \u00e0 regrou\u00adper sinon tous les r\u00e9vo\u00adlu\u00adtion\u00adnaires, du moins la majo\u00adri\u00adt\u00e9 d\u2019entre eux. Il est illu\u00adsoire de croire que l\u2019on pour\u00adra liqui\u00adder les diverses ten\u00addances. Celles-ci se mani\u00adfestent actuel\u00adle\u00adment par le jeu st\u00e9\u00adrile des grou\u00adpus\u00adcules. Il faut leur don\u00adner un autre cadre de confron\u00adta\u00adtion et sur\u00adtout la pos\u00adsi\u00adbi\u00adli\u00adt\u00e9 d\u2019une pra\u00adtique commune.<\/p>\n<p>Il faut le dire net\u00adte\u00adment, la struc\u00adture du \u00ab&nbsp;par\u00adti&nbsp;\u00bb bas\u00e9e sur le cen\u00adtra\u00adlisme d\u00e9mo\u00adcra\u00adtique est inad\u00e9\u00adquate \u00e0 cette confron\u00adta\u00adtion et \u00e0 cette pra\u00adtique. C\u2019est elle qui est l\u2019une des causes les plus impor\u00adtantes des scis\u00adsions per\u00adp\u00e9\u00adtuelles observ\u00e9es.<\/p>\n<p>Les ten\u00addances doivent pou\u00advoir s\u2019ex\u00adpri\u00admer seule\u00adment au plan des id\u00e9es et de leur dif\u00adfu\u00adsion et ne doivent avoir aucune exis\u00adtence orga\u00adnique dans l\u2019or\u00adga\u00adni\u00adsa\u00adtion r\u00e9vo\u00adlu\u00adtion\u00adnaire. Elles ne doivent pas avoir la pos\u00adsi\u00adbi\u00adli\u00adt\u00e9 de consti\u00adtuer des fractions.<\/p>\n<p>L\u2019or\u00adga\u00adni\u00adsa\u00adtion r\u00e9vo\u00adlu\u00adtion\u00adnaire doit \u00eatre une struc\u00adture qui doit par\u00adtir de bas en haut. Chaque organe, \u00e0 chaque \u00e9che\u00adlon, de la base au som\u00admet doit d\u00e9fi\u00adnir ses objec\u00adtifs, ses formes d\u2019ac\u00adtion qui doivent conna\u00eetre une trans\u00adfor\u00adma\u00adtion constante en fonc\u00adtion de la pra\u00adtique et de la confron\u00adta\u00adtion per\u00adma\u00adnente de cette pra\u00adtique de la base au som\u00admet, pour par\u00adve\u00adnir \u00e0 une tac\u00adtique et \u00e0 une prise de posi\u00adtion g\u00e9n\u00e9\u00adrale. Ceci ne peut se r\u00e9a\u00adli\u00adser que dans une struc\u00adture f\u00e9d\u00e9\u00adra\u00adliste, seule ad\u00e9\u00adquate \u00e0 la situation.<\/p>\n<p>Mais dans la pers\u00adpec\u00adtive d\u2019une soci\u00e9\u00adt\u00e9 bas\u00e9e sur l\u2019<sc>auto\u00adges\u00adtion<\/sc> et l\u2019au\u00adto-orga\u00adni\u00adsa\u00adtion des masses (m\u00eame le P.C.M.L.P. par\u00adlait en Mai 68 de la \u00ab&nbsp;prise du pou\u00advoir dans les usines&nbsp;\u00bb\til l\u2019a oubli\u00e9 depuis. Une dyna\u00admique peut le lui rap\u00adpe\u00adler&nbsp;!), on ne peut avoir les m\u00eames pra\u00adtiques orga\u00adni\u00adsa\u00adtion\u00adnelles que lorsque l\u2019on reven\u00addique seule\u00adment la prise du pou\u00advoir d\u2019\u00e9\u00adtat. Le r\u00f4le de l\u2019a\u00advant-garde doit donc \u00eatre dif\u00adf\u00e9\u00adrent et c\u2019est en ce sens que nous pen\u00adsons que la concep\u00adtion archi\u00adno\u00advienne dont nous avons par\u00adl\u00e9 dans notre pre\u00admier num\u00e9\u00adro est res\u00adt\u00e9e actuelle.<\/p>\n<p>[|<b>*  *  *  *<\/b>|]<br>\n<\/p>\n<p>Le ph\u00e9\u00adno\u00adm\u00e8ne de \u00ab&nbsp;retour&nbsp;\u00bb sur les anciennes posi\u00adtions qui existe main\u00adte\u00adnant a r\u00e9duit pour l\u2019heure le Comi\u00adt\u00e9 d\u2019I\u00adni\u00adtia\u00adtive pour un Mou\u00adve\u00adment R\u00e9vo\u00adlu\u00adtion\u00adnaire \u00e0 un mou\u00adve\u00adment d\u2019une tr\u00e8s petite impor\u00adtance num\u00e9rique.<\/p>\n<p>Mais il est quel\u00adque\u00adfois n\u00e9ces\u00adsaire de se trou\u00adver \u00e0 contre-cou\u00adrant pour une cer\u00adtaine p\u00e9riode.<\/p>\n<p>Le main\u00adtien de notre adh\u00e9\u00adsion du C.I.M.R. est dic\u00adt\u00e9 par le fait qu\u2019il pose seul le pro\u00adbl\u00e8me du d\u00e9pas\u00adse\u00adment des grou\u00adpus\u00adcules et de la construc\u00adtion de l\u2019Or\u00adga\u00adni\u00adsa\u00adtion r\u00e9vo\u00adlu\u00adtion\u00adnaire dans la pra\u00adtique et par une pra\u00adtique. Il est n\u00e9ces\u00adsaire que le pro\u00adbl\u00e8me conti\u00adnue \u00e0 \u00eatre pos\u00e9 et que des mili\u00adtants exp\u00e9\u00adri\u00admentent une autre voie que celle de la d\u00e9marche grou\u00adpus\u00adcu\u00adlaire, selon les prin\u00adcipes d\u00e9fi\u00adnis ci-dessus.<\/p>\n<p>[|<b>*  *  *  *<\/b>|]<br>\n<\/p>\n<p>Il reste le pro\u00adbl\u00e8me du pro\u00adgramme. Nous avons vu qu\u2019il exis\u00adtait de nom\u00adbreux points com\u00admuns entre les r\u00e9vo\u00adlu\u00adtion\u00adnaires. Nous les avons d\u00e9fi\u00adnis et nous croyons que cha\u00adcun en est conscient. N\u00e9an\u00admoins mal\u00adgr\u00e9 l\u2019exis\u00adtence de ces objec\u00adtifs qui pour\u00adraient \u00e0 eux seuls don\u00adner nais\u00adsance \u00e0 un pro\u00adgramme poli\u00adtique tr\u00e8s cons\u00e9\u00adquent, l\u2019U\u00adni\u00adt\u00e9 n\u2019existe pas.<\/p>\n<p><sc>Mon\u00adti\u00adni<\/sc> dans \u00ab&nbsp;Noir &amp; Rouge&nbsp;\u00bb pose la ques\u00adtion&nbsp;: \u00ab&nbsp;Est-ce que ce sont (les grou\u00adpus\u00adcules) leurs erreurs de pro\u00adgrammes qui expliquent leur inefficacit\u00e9&nbsp;?&nbsp;\u00bb<\/p>\n<p>Quant \u00e0 \u00ab&nbsp;Lutte Ouvri\u00e8re&nbsp;\u00bb il d\u00e9clare&nbsp;: \u00ab&nbsp;Toutes ces fai\u00adblesses du cou\u00adrant gau\u00adchiste ne sont en rien impu\u00adtables aux id\u00e9es dont les\u00admi\u00adli\u00adtants r\u00e9vo\u00adlu\u00adtion\u00adnaires qui se r\u00e9clament&nbsp;\u00bb.<\/p>\n<p>\u00ab&nbsp;Noir &amp; Rouge&nbsp;\u00bb d\u00e9clare que l\u00e0 n\u2019est pas la ques\u00adtion et \u00ab&nbsp;Lutte Ouvri\u00e8re&nbsp;\u00bb y r\u00e9pond.<\/p>\n<p>Un autre exemple ou&nbsp;fait&nbsp;:<\/p>\n<p>Nous qui sommes anar\u00adchistes com\u00admu\u00adnistes avons peu de diver\u00adgences au niveau des options poli\u00adtiques avec le pro\u00adgramme r\u00e9cem\u00adment publi\u00e9 par l\u2019<sc>Alliance Socia\u00adliste R\u00e9vo\u00adlu\u00adtion\u00adnaire<\/sc> et nous sommes per\u00adsua\u00add\u00e9s que c\u2019est le cas pour la plu\u00adpart des mili\u00adtants du C.I.M.R. et peut-\u00eatre m\u00eame cer\u00adtains mili\u00adtants du P.S.U. que nous connais\u00adsons. Le der\u00adnier num\u00e9\u00adro de \u00ab&nbsp;Sous le Dra\u00adpeau du Socia\u00adlisme&nbsp;\u00bb parle de 1\u2032 <sc>auto\u00adges\u00adtion<\/sc> qui lui semble, comme \u00e0 nous, pri\u00admor\u00addiale pour lut\u00adter contre le bureau\u00adcra\u00adtisme et plus qu\u2019un mot d\u2019ordre tran\u00adsi\u00adtoire (Comme cer\u00adtains l\u2019ont pr\u00e9\u00adten\u00addu au sein du Par\u00adti Com\u00admu\u00adniste alg\u00e9\u00adrien \u00e0 une cer\u00adtaine \u00e9poque). Pour\u00adtant, ces cama\u00adrades se sont s\u00e9pa\u00adr\u00e9s de nous et du C.I.M.R.&nbsp;: nous avons expli\u00adqu\u00e9 ce processus.<\/p>\n<p>Par contre, cer\u00adtains cama\u00adrades beau\u00adcoup plus loin de nous que les \u00ab&nbsp;pablistes&nbsp;\u00bb conti\u00adnuent \u00e0 mili\u00adter au C.I.M.R. ou d\u00e9si\u00adre\u00adraient y adh\u00e9rer.<\/p>\n<p>Que se passe-t-il donc&nbsp;?<\/p>\n<p>Le pro\u00adgramme n\u2019a-t-il aucune importance&nbsp;?<\/p>\n<p><sc>Nous<\/sc> esti\u00admons qu\u2019il est n\u00e9ces\u00adsaire d\u2019a\u00advoir un pro\u00adgramme et nous ne sous\u00adcri\u00advons pas aux id\u00e9es de <sc>Geis\u00admar<\/sc> \u00e9vo\u00adqu\u00e9es plus&nbsp;haut.<\/p>\n<p>Mais nous avons mon\u00adtr\u00e9 les points com\u00admuns nom\u00adbreux et non n\u00e9gligeables.<\/p>\n<p>Les cama\u00adrades de \u00ab&nbsp;Lutte Ouvri\u00e8re&nbsp;\u00bb ont rai\u00adson de dire que l\u2019es\u00adsen\u00adtiel est de trou\u00adver une posi\u00adtion concer\u00adnant l\u2019en\u00adsemble des reven\u00addi\u00adca\u00adtions \u00e0 mettre en avant \u00ab&nbsp;dans les luttes \u00e9co\u00adno\u00admiques de la classe ouvri\u00e8re&nbsp;\u00bb. Il ne sert en effet \u00e0 rien d\u2019al\u00adler \u00e0 la classe ouvri\u00e8re d\u2019une mani\u00e8re seule\u00adment empi\u00adrique .sans avoir quelque chose \u00e0 proposer.<\/p>\n<p>Mais cela dit, la pra\u00adtique est aus\u00adsi impor\u00adtante et condi\u00adtionne les posi\u00adtions poli\u00adtiques beau\u00adcoup plus que d\u2019au\u00adcuns le croient. Pour nous les deux sont coro\u00adlaires et on ne peut avoir de posi\u00adtions poli\u00adtiques sans que cela cor\u00adres\u00adponde \u00e0 une atti\u00adtude orga\u00adni\u00adsa\u00adtion\u00adnelle ou \u00e0 une pra\u00adtique. Ceci a \u00e9t\u00e9 de tous temps la posi\u00adtion des anar\u00adchistes com\u00admu\u00adnistes. Ain\u00adsi, un par\u00adti r\u00e9vo\u00adlu\u00adtion\u00adnaire qui pra\u00adtique des m\u00e9thodes bureau\u00adcra\u00adtiques ou auto\u00adri\u00adtaires ne peut engen\u00addrer le Socia\u00adlisme auto\u00adges\u00adtion\u00adnaire ou une soci\u00e9\u00adt\u00e9 libre. L\u2019or\u00adga\u00adni\u00adsa\u00adtion d\u2019a\u00advant-garde est le reflet de la soci\u00e9\u00adt\u00e9 qu\u2019elle veut instaurer.<\/p>\n<p>\u00c0 ce niveau, il est plus impor\u00adtant qu\u2019un mili\u00adtant rejette les m\u00e9thodes auto\u00adri\u00adtaires du P.C.F. ou le Cen\u00adtra\u00adlisme D\u00e9mo\u00adcra\u00adtique inter\u00adpr\u00e9\u00adt\u00e9 comme m\u00e9thode auto\u00adri\u00adtaire plu\u00adt\u00f4t que de savoir s\u2019il se r\u00e9clame du \u00ab&nbsp;sta\u00adli\u00adnisme&nbsp;\u00bb for\u00admel ou du \u00ab&nbsp;mao\u00efsme&nbsp;\u00bb.<\/p>\n<p>C\u2019est donc le pro\u00adbl\u00e8me de la \u00ab&nbsp;pra\u00adtique&nbsp;\u00bb qui est \u00e0 recon\u00adsi\u00add\u00e9\u00adrer&nbsp;aussi&nbsp;:<\/p>\n<p>Pour en finir avec la pra\u00adtique des cha\u00adpelles, il faut ces\u00adser de poser tous les pro\u00adbl\u00e8mes en termes de \u00ab&nbsp;direc\u00adtion&nbsp;\u00bb. Ce n\u2019est pas parce que l\u2019on a obte\u00adnu l\u2019ac\u00adcord de deux appa\u00adreils grou\u00adpus\u00adcul\u00adlaires qu\u2019on a avan\u00adc\u00e9 d\u2019un pas dans l\u2019ac\u00adtion si l\u2019u\u00adni\u00adt\u00e9, m\u00eame cir\u00adcons\u00adtan\u00adcielle n\u2019est pas r\u00e9a\u00adli\u00ads\u00e9e \u00e0 la base. La confron\u00adta\u00adtion et les prises de posi\u00adtion dorent se faire de bas en haut et non sim\u00adple\u00adment par le vote d\u2019un texte poli\u00adtique abs\u00adtrait \u00e9la\u00adbo\u00adr\u00e9 par un groupe de \u00ab&nbsp;r\u00e9vo\u00adlu\u00adtion\u00adnaires pro\u00adfes\u00adsion\u00adnels&nbsp;\u00bb qui pr\u00e9\u00adtendent conna\u00eetre mieux que les autres la science sociale. Enfin, la \u00ab&nbsp;direc\u00adtion&nbsp;\u00bb doit faire la syn\u00adth\u00e8se des actions et posi\u00adtions de la base sous peine de n\u2019\u00eatre qu\u2019une t\u00eate sans&nbsp;corps.<\/p>\n<h2>Pour conclure<\/h2>\n<p>Notre adh\u00e9\u00adsion au C.I.M.R. signi\u00adfie pour nous qu\u2019il faut en finir avec la pra\u00adtique des \u00ab&nbsp;chapelles&nbsp;\u00bb.<\/p>\n<p>Nous sou\u00adhai\u00adtons que de nom\u00adbreux cama\u00adrades anar\u00adchistes le com\u00adprennent et nous rejoignent.<\/p>\n<p>Il faut conti\u00adnuer \u00e0 poser le pro\u00adbl\u00e8me de l\u2019U\u00adni\u00adt\u00e9 des r\u00e9vo\u00adlu\u00adtion\u00adnaires et celui de l\u2019in\u00adt\u00e9\u00adgra\u00adtion de l\u2019A\u00adnar\u00adchisme r\u00e9vo\u00adlu\u00adtion\u00adnaire dans la R\u00e9vo\u00adlu\u00adtion qui existe. Nous fai\u00adsons un pari sur l\u2019A\u00adve\u00adnir. Sans l\u2019exis\u00adtence de mili\u00adtants qui font ce pari, il ne reste plus beau\u00adcoup de <sc>mai<\/sc> 68.<\/p>\n<p>S\u2019il est effec\u00adti\u00adve\u00adment n\u00e9ces\u00adsaire de nous don\u00adner une base poli\u00adtique com\u00admune, mar\u00adxistes et anar\u00adchistes com\u00admu\u00adnistes (base qui existe d\u2019ailleurs avec l\u2019<sc>auto\u00adges\u00adtion men\u00adtion\u00adn\u00e9e clai\u00adre\u00adment<\/sc>), il est exclu que le C.I.M.R. devienne un groupe poli\u00adtique du type \u00ab&nbsp;par\u00adti&nbsp;\u00bb qui ne serait alors qu\u2019un grou\u00adpus\u00adcule comme les autres. Ce serait l\u2019illu\u00adsion ce serait dispara\u00eetre.<\/p>\n<p>\u00c0 nous d\u2019ap\u00adpor\u00adter une r\u00e9ponse lorsque les masses seront de nou\u00adveau en mou\u00adve\u00adment et se pose\u00adront le pro\u00adbl\u00e8me de l\u2019a\u00advant-garde poli\u00adtique nouvelle.<\/p>\n<\/div>","protected":false},"excerpt":{"rendered":"<p>Faire le&nbsp;point\u2026 Un cer\u00adtain nombre de cou\u00adrants essaient hon\u00adn\u00ea\u00adte\u00adment avec le recul de tirer cer\u00adtaines conclu\u00adsions du Mou\u00adve\u00adment de Mai. Ces conclu\u00adsions sont certes sou\u00advent dif\u00adf\u00e9\u00adrentes et par\u00adfois bien par\u00adtielles ou timides. Il faut pour\u00adtant pour\u00adsuivre cette ana\u00adlyse et, ce qui serait impor\u00adtant, sus\u00adci\u00adter des d\u00e9bats et des ren\u00adcontres. Bien sou\u00advent alors, on ver\u00adrait&nbsp;que&nbsp;[\u2026]<\/p>\n","protected":false},"author":1,"featured_media":0,"comment_status":"closed","ping_status":"closed","sticky":false,"template":"","format":"standard","meta":{"wp_typography_post_enhancements_disabled":false,"footnotes":""},"categories":[405],"tags":[],"ppma_author":[540],"class_list":["post-3420","post","type-post","status-publish","format-standard","hentry","category-tribune-anarchiste-communiste-na2-hiver-1969"],"authors":[{"term_id":540,"user_id":1,"is_guest":0,"slug":"admin_3gikpwyf","display_name":"Vincent Dubuc","avatar_url":"https:\/\/secure.gravatar.com\/avatar\/d015720652c25fd2ced191ade86430094e1f288a17483713e3b34d26dea52507?s=96&d=mm&r=g","author_category":"","user_url":"https:\/\/la-presse-anarchiste.net","last_name":"Dubuc","first_name":"Vincent","job_title":"","description":""}],"_links":{"self":[{"href":"https:\/\/la-presse-anarchiste.net\/index.php\/wp-json\/wp\/v2\/posts\/3420","targetHints":{"allow":["GET"]}}],"collection":[{"href":"https:\/\/la-presse-anarchiste.net\/index.php\/wp-json\/wp\/v2\/posts"}],"about":[{"href":"https:\/\/la-presse-anarchiste.net\/index.php\/wp-json\/wp\/v2\/types\/post"}],"author":[{"embeddable":true,"href":"https:\/\/la-presse-anarchiste.net\/index.php\/wp-json\/wp\/v2\/users\/1"}],"replies":[{"embeddable":true,"href":"https:\/\/la-presse-anarchiste.net\/index.php\/wp-json\/wp\/v2\/comments?post=3420"}],"version-history":[{"count":0,"href":"https:\/\/la-presse-anarchiste.net\/index.php\/wp-json\/wp\/v2\/posts\/3420\/revisions"}],"wp:attachment":[{"href":"https:\/\/la-presse-anarchiste.net\/index.php\/wp-json\/wp\/v2\/media?parent=3420"}],"wp:term":[{"taxonomy":"category","embeddable":true,"href":"https:\/\/la-presse-anarchiste.net\/index.php\/wp-json\/wp\/v2\/categories?post=3420"},{"taxonomy":"post_tag","embeddable":true,"href":"https:\/\/la-presse-anarchiste.net\/index.php\/wp-json\/wp\/v2\/tags?post=3420"},{"taxonomy":"author","embeddable":true,"href":"https:\/\/la-presse-anarchiste.net\/index.php\/wp-json\/wp\/v2\/ppma_author?post=3420"}],"curies":[{"name":"wp","href":"https:\/\/api.w.org\/{rel}","templated":true}]}}