{"id":3428,"date":"2013-03-27T16:33:13","date_gmt":"2013-03-27T16:33:13","guid":{"rendered":"https:\/\/la-presse-anarchiste.net\/index.php\/2013\/03\/27\/organisation-of-revolutionary-anarchiste\/"},"modified":"2013-03-27T16:33:13","modified_gmt":"2013-03-27T16:33:13","slug":"organisation-of-revolutionary-anarchiste","status":"publish","type":"post","link":"https:\/\/la-presse-anarchiste.net\/index.php\/2013\/03\/27\/organisation-of-revolutionary-anarchiste\/","title":{"rendered":"Organisation of Revolutionary Anarchiste"},"content":{"rendered":"<div class=\"pdfprnt-buttons pdfprnt-buttons-post pdfprnt-top-right\"><a href=\"https:\/\/la-presse-anarchiste.net\/index.php\/wp-json\/wp\/v2\/posts\/3428?print=pdf\" class=\"pdfprnt-button pdfprnt-button-pdf\" target=\"_blank\"><img decoding=\"async\" src=\"https:\/\/la-presse-anarchiste.net\/wp-content\/plugins\/pdf-print\/images\/pdf.png\" alt=\"image_pdf\" title=\"Afficher le PDF\"><\/a><a href=\"https:\/\/la-presse-anarchiste.net\/index.php\/wp-json\/wp\/v2\/posts\/3428?print=print\" class=\"pdfprnt-button pdfprnt-button-print\" target=\"_blank\"><img decoding=\"async\" src=\"https:\/\/la-presse-anarchiste.net\/wp-content\/plugins\/pdf-print\/images\/print.png\" alt=\"image_print\" title=\"Contenu imprim\u00e9\"><\/a><\/div><div align=\"justify\">La com\u00admis\u00adsion tech\u00adnique a re\u00e7u deux bro\u00adchures de la part de l\u2019Or\u00adga\u00adni\u00adsa\u00adtion of Revo\u00adlu\u00adtio\u00adna\u00adry Anarchists.\n<p>La pre\u00admi\u00e8re est un compte-ren\u00addu du d\u00e9l\u00e9\u00adgu\u00e9 au Congres Inter\u00adna\u00adtio\u00adnal qui ne cache pas sa pr\u00e9\u00adf\u00e9\u00adrence pour l\u2019O.R.A.. (France) et qui, par ailleurs, s\u2019en prend aux autres ten\u00addances du mou\u00adve\u00adment fran\u00ad\u00e7ais ain\u00adsi qu\u2019\u00e0 la F.A.I. (Esp.). Le d\u00e9l\u00e9\u00adgu\u00e9 de l\u2019O\u00adRA anglaise a mani\u00adfes\u00adte\u00adment tr\u00e8s mal com\u00adpris ce qui se passe en France. Il faut voir que \u00e7a n\u2019est pas facile.<\/p>\n<p>Il dit que la posi\u00adtion de l\u2019U.F.A. n\u2019est pas clair. Il pense m\u00eame que l\u2019U.F.A. et la F.A.F. sont venues pour sys\u00adt\u00e9\u00adma\u00adti\u00adque\u00adment blo\u00adquer le congr\u00e8s. \u00ab&nbsp;Cer\u00adtains groupes auto\u00adnomes de la F.A.F. \u00e9taient bien, leurs posi\u00adtions poli\u00adtiques \u00e9taient confuses mais ils essayaient de com\u00admu\u00adni\u00adquer et de discuter.&nbsp;\u00bb<\/p>\n<p>En r\u00e9a\u00adli\u00adt\u00e9, ce qui \u00e9tait confus, c\u2019\u00e9\u00adtait bien le congr\u00e8s lui-m\u00eame, et tout comme nombre d\u2019entre nous, le d\u00e9l\u00e9\u00adgu\u00e9 anglais ne doit pas encore s\u2019\u00eatre fait une id\u00e9e claire sur la question.<\/p>\n<p>R\u00e9ta\u00adblis\u00adsons tout de m\u00eame cer\u00adtaines r\u00e9alit\u00e9s.<\/p>\n<p>Une inter\u00adven\u00adtion a \u00e9t\u00e9 faite sur la situa\u00adtion du mou\u00adve\u00adment qui ral\u00adliait \u00e0 la fois l\u2019U.F.A. et les groupes auto\u00adnomes appar\u00adte\u00adnant ou non \u00e0 la F.A., c\u2019est \u00e0 celle-ci que le d\u00e9l\u00e9\u00adgu\u00e9 doit se r\u00e9f\u00e9\u00adrer. Par ailleurs l\u2019U.F.A. n\u2019\u00e9\u00adtait nul\u00adle\u00adment l\u00e0 pour blo\u00adquer le congr\u00e8s. Tous l\u2019ont blo\u00adqu\u00e9, car diverses concep\u00adtions en pr\u00e9\u00adsence ont omis de tenir compte de la diver\u00adsi\u00adt\u00e9 et ont vou\u00adlu faire <sc>comme si<\/sc> ce congr\u00e8s \u00e9tait l\u2019i\u00admage de leur concep\u00adtion par\u00adti\u00adcu\u00adli\u00e8re (l\u2019O\u00adRA France&nbsp;: l\u2019i\u00admage de son tra\u00advail \u00e0 la CRIFA, les nor\u00addiques&nbsp;: un grand ras\u00adsem\u00adble\u00adment pour \u00e9ta\u00adblir des rela\u00adtions fra\u00adter\u00adnelles, les Bul\u00adgares&nbsp;: l\u2019ap\u00adpli\u00adca\u00adtion inter\u00adna\u00adtio\u00adnale de la plate-forme d\u2019Ar\u00adchi\u00adnov,&nbsp;etc.)<\/p>\n<p>Pour rem\u00e9\u00addier \u00e0 un \u00e9cla\u00adte\u00adment du souffle neuf de l\u2019A\u00adnar\u00adchisme inter\u00adna\u00adtio\u00adnal, \u00e9cla\u00adte\u00adment \u00e0 l\u2019i\u00admage des cli\u00advages d\u00e9pas\u00ads\u00e9s, il est n\u00e9ces\u00adsaire d\u2019\u00eatre pr\u00e9\u00adsent par\u00adtout o\u00f9 des ten\u00adta\u00adtions de rela\u00adtions directes s\u2019effectueront.<\/p>\n<p>L\u2019ORA anglaise lance un appel \u00e0 contacts \u00ab&nbsp;un cer\u00adtain nombre de cama\u00adrades \u00e9tran\u00adgers, des groupes qui sont proches de nous poli\u00adti\u00adque\u00adment, vien\u00addront \u00e0 la Conf\u00e9\u00adrence de Novembre. Autant que pos\u00adsible, nous essaie\u00adrons de main\u00adte\u00adnir un niveau \u00e9le\u00adv\u00e9 \u00e0 nos contacts\u2026 Par\u00adti\u00adcu\u00adli\u00e8\u00adre\u00adment au moment o\u00f9 la situa\u00adtion de l\u2019in\u00adter\u00adna\u00adtio\u00adnale est chan\u00adce\u00adlante et o\u00f9 les contacts \u00e9ta\u00adblis peuvent aider \u00e0 la cr\u00e9a\u00adtion d\u2019une inter\u00adna\u00adtio\u00adnale&nbsp;saine&nbsp;\u00bb.<\/p>\n<p>Cette conf\u00e9\u00adrence de novembre aura lieu \u00e0 Leeds. Voi\u00adci quelques pr\u00e9cisions&nbsp;:<\/p>\n<p>\u00ab&nbsp;La conf\u00e9\u00adrence a deux objets&nbsp;:<br> \u2013 mettre au point notre orga\u00adni\u00adsa\u00adtion et nos principes&nbsp;;<br> \u2013 d\u00e9ter\u00admi\u00adner notre posi\u00adtion vis-\u00e0-vis du mou\u00adve\u00adment liber\u00adtaire dans son ensemble, et notre acti\u00advi\u00adt\u00e9 \u00e0 la lumi\u00e8re de ce qui pr\u00e9c\u00e8de.&nbsp;\u00bb<\/p>\n<p>\u00ab&nbsp;Pour le pre\u00admier point, nous devrons avoir quelques entre\u00adtiens r\u00e9ser\u00adv\u00e9s \u00e0 l\u2019O.R.A. et aux sym\u00adpa\u00adthi\u00adsants proches poli\u00adti\u00adque\u00adment, se d\u00e9fi\u00adnis\u00adsant en accord avec&nbsp;:<br> \u2013 le besoin de tra\u00advailler pour la cr\u00e9a\u00adtion d\u2019une f\u00e9d\u00e9\u00adra\u00adtion liber\u00adtaire des ten\u00addances sp\u00e9cifiques&nbsp;;<br> \u2013 une posi\u00adtion anar\u00adcho-com\u00admu\u00adniste recon\u00adnais\u00adsant leur valeur aux autres tra\u00addi\u00adtions libertaires.&nbsp;\u00bb<\/p>\n<p>\u00ab&nbsp;Si vous avez l\u2019in\u00adten\u00adtion de vous rendre \u00e0 cette ren\u00adcontre, \u00e9cri\u00advez \u00e0 Tre\u00advor Barage, Flat 3, 35 Rich\u00admond Road, Leeds 6 (0532\u200a\u2013\u200a59762)<\/p>\n<p>[|<b>*  *  *  *<\/b>|]<br>\n<\/p>\n<p>Le Bul\u00adle\u00adtin de l\u2019O\u00adRA anglaise \u00ab&nbsp;The News\u00adlet\u00adter&nbsp;\u00bb com\u00adporte entre autres un texte&nbsp;: \u00ab&nbsp;Com\u00admunes, alter\u00adna\u00adtives or escape&nbsp;?&nbsp;\u00bb qui de son ana\u00adlyse conclut \u00e0 la pos\u00adsi\u00adbi\u00adli\u00adt\u00e9 r\u00e9vo\u00adlu\u00adtion\u00adnaire de l\u2019or\u00adga\u00adni\u00adsa\u00adtion communautaire.<\/p>\n<p>Pour ter\u00admi\u00adner voi\u00adci un texte situant approxi\u00adma\u00adti\u00adve\u00adment la posi\u00adtion actuelle de l\u2019O\u00adRA anglaise&nbsp;:<\/p>\n<h2>D\u00e9bat sur l\u2019organisation libertaire<\/h2>\n<p>\u2013 ce compte-ren\u00addu est bref, il est le r\u00e9su\u00adm\u00e9 des notes exp\u00e9\u00addi\u00e9es par trois cama\u00adrades pr\u00e9\u00adsents au&nbsp;d\u00e9bat.<\/p>\n<p>L\u2019ORA a res\u00adsen\u00adti l\u2019u\u00adti\u00adli\u00adt\u00e9 du d\u00e9bat pour nombre de raisons.<\/p>\n<p>D\u2019a\u00adbord le sec\u00adta\u00adrisme des liber\u00adtaires&nbsp;; non que les diver\u00adgences n\u2019aient aucune impor\u00adtance, au contraire elles sont appa\u00adrues et l\u2019O\u00adRA s\u2019est atta\u00adch\u00e9e \u00e0 pro\u00advo\u00adquer un d\u00e9bat poli\u00adtique tr\u00e8s s\u00e9rieux. L\u2019ORA a d\u00e9plo\u00adr\u00e9 le vide poli\u00adtique dans la pen\u00ads\u00e9e sec\u00adtaire cou\u00adrante, de trop nom\u00adbreuses que\u00adrelles pro\u00adve\u00adnant de clans minus\u00adcules se cri\u00adti\u00adquant mutuel\u00adle\u00adment alors qu\u2019ils ont des formes d\u2019ac\u00adtion simi\u00adlaires (les groupes du mou\u00adve\u00adment anar\u00adchiste qui cri\u00adti\u00adquaient <sc>Free\u00addom<\/sc> pour son absence de d\u00e9mo\u00adcra\u00adtie et qui ensuite en sont venus \u00e0 repro\u00adduire exac\u00adte\u00adment la m\u00eame situa\u00adtion). L\u2019ORA sou\u00adhai\u00adte\u00adrait \u00e9le\u00adver le niveau poli\u00adtique du mou\u00adve\u00adment tout entier, pour ain\u00adsi mettre en \u00e9vi\u00addence les points de divergence.<\/p>\n<p>C\u2019est seule\u00adment en pre\u00adnant cette voie qu\u2019il sera pos\u00adsible d\u2019en\u00adtre\u00adprendre des acti\u00advi\u00adt\u00e9s com\u00admunes. Ces acti\u00advi\u00adt\u00e9s com\u00admunes ne doivent pas \u00eatre pr\u00e9\u00adtexte \u00e0 un conglo\u00adm\u00e9\u00adrat informe, mais bas\u00e9es sur cer\u00adtains principes.<\/p>\n<p>Tou\u00adte\u00adfois, il est un fait essen\u00adtiel dans la concep\u00adtion de l\u2019O\u00adRA sur le mou\u00adve\u00adment liber\u00adtaire et la r\u00e9vo\u00adlu\u00adtion liber\u00adtaire&nbsp;: c\u2019est que nous ne pen\u00adsons pas qu\u2019il y ait un groupe, tout seul, dont la crois\u00adsance soit l\u2019es\u00adpoir exclu\u00adsif de la r\u00e9vo\u00adlu\u00adtion. Au contraire, nous pen\u00adsons que le fait de croire qu\u2019il y a un cer\u00adtain nombre de ten\u00addances liber\u00adtaires valables, dont le regrou\u00adpe\u00adment est indis\u00adpen\u00adsable, entre tota\u00adle\u00adment dans la d\u00e9fi\u00adni\u00adtion du mot \u00ab&nbsp;liber\u00adtaire&nbsp;\u00bb. Ceux qui pensent qu\u2019<sc>ils<\/sc> ont la \u00ab&nbsp;v\u00e9ri\u00adt\u00e9&nbsp;\u00bb ne sont pas seule\u00adment ridi\u00adcules dans leur tour d\u2019i\u00advoire, ils tra\u00eenent avec eux le germe du l\u00e9ninisme.<\/p>\n<p>L\u2019ORA tient \u00e9ga\u00adle\u00adment \u00e0 affir\u00admer que pour nous l\u2019A\u00adnar\u00adchisme est essen\u00adtiel\u00adle\u00adment une phi\u00adlo\u00adso\u00adphie r\u00e9vo\u00adlu\u00adtion\u00adnaire et socia\u00adliste liber\u00adtaire, fai\u00adsant une ana\u00adlyse de classe de la soci\u00e9\u00adt\u00e9 et qui voit dans l\u2019\u00c9tat le reflet des divi\u00adsions en classes au sein de la soci\u00e9t\u00e9.<\/p>\n<p>Les r\u00e9sul\u00adtats pra\u00adtiques de ces concep\u00adtions sont que nous sommes tr\u00e8s atta\u00adch\u00e9s \u00e0 ouvrir une dis\u00adcus\u00adsion <sc>poli\u00adtiquepra\u00adtique<\/sc> entre tous les groupes liber\u00adtaires. Nous pen\u00adsons que la pro\u00adgres\u00adsion vers la R\u00e9vo\u00adlu\u00adtion Liber\u00adtaire ne sera pas la crois\u00adsance uni\u00adla\u00adt\u00e9\u00adrale d\u2019un groupe, mais plu\u00adt\u00f4t un pro\u00adces\u00adsus dia\u00adlec\u00adtique tr\u00e8s com\u00adpli\u00adqu\u00e9. Ce pro\u00adces\u00adsus auquel nous t\u00e2chons de nous int\u00e9\u00adgrer par le biais de for\u00admu\u00adla\u00adtions issues d\u2019une dis\u00adcus\u00adsion tou\u00adjours plus s\u00e9rieuse et simul\u00adta\u00adn\u00e9\u00adment d\u2019une tou\u00adjours plus grande coop\u00e9\u00adra\u00adtion pratique.<\/p>\n<p>La concep\u00adtion pro\u00adgramme de l\u2019O\u00adRA est donc pla\u00adc\u00e9e sur nombre de plans. Pre\u00admi\u00e8\u00adre\u00adment il s\u2019a\u00adgit de d\u00e9ga\u00adger une base mini\u00admum des acti\u00advi\u00adt\u00e9s r\u00e9vo\u00adlu\u00adtion\u00adnaires liber\u00adtaires, avec les formes orga\u00adni\u00adsa\u00adtion\u00adnelles qui les accompagnent.<\/p>\n<p>En second lieu, atteindre notre pro\u00adgramme de ten\u00addance anar\u00adcho-com\u00admu\u00adniste adop\u00adtant cer\u00adtaines for\u00admu\u00adla\u00adtions du syn\u00addi\u00adca\u00adlisme comme m\u00e9thodes de base (la CNT four\u00adnit quelque chose d\u2019ap\u00adpro\u00adchant \u2013 une orga\u00adni\u00adsa\u00adtion syn\u00addi\u00adcale \u00ab&nbsp;pour le com\u00admu\u00adnisme liber\u00adtaire&nbsp;\u00bb \u2013 bien que le paral\u00adl\u00e8le soit pure\u00adment illustratif&nbsp;!).<\/p>\n<p>En pre\u00admier lieu, nous esp\u00e9\u00adrons recr\u00e9er une nou\u00advelle f\u00e9d\u00e9\u00adra\u00adtion anar\u00adchiste (\u00ab&nbsp;cr\u00e9er&nbsp;\u00bb est peut-\u00eatre plus juste) qui don\u00adne\u00adra les bases d\u2019une f\u00e9d\u00e9\u00adra\u00adtion des ten\u00addances qui sont d\u2019ac\u00adcord sur un tel pro\u00adgramme mini\u00admum. Tou\u00adte\u00adfois, nous ne sou\u00adhai\u00adtons pas exclure d\u2019une telle cr\u00e9a\u00adtion une quel\u00adconque ten\u00addance liber\u00adtaire, m\u00eame non-r\u00e9vo\u00adlu\u00adtion\u00adnaire (selon sa propre fa\u00e7on de voir), nous sou\u00adhai\u00adte\u00adrions que son cou\u00adrant essen\u00adtiel soit r\u00e9volutionnaire.<\/p>\n<p>Le second objec\u00adtif consiste \u00e0 pr\u00e9\u00adpa\u00adrer une ten\u00addance anar\u00adcho-com\u00admu\u00adniste solide au sein de la f\u00e9d\u00e9\u00adra\u00adtion en ques\u00adtion. Cette ten\u00addance serait ou ne serait pas l\u2019O\u00adRA sous sa forme actuelle, ni uni\u00adque\u00adment notre cr\u00e9ation.&nbsp;\u00bb<\/p>\n<\/div>","protected":false},"excerpt":{"rendered":"<p>La com\u00admis\u00adsion tech\u00adnique a re\u00e7u deux bro\u00adchures de la part de l\u2019Or\u00adga\u00adni\u00adsa\u00adtion of Revo\u00adlu\u00adtio\u00adna\u00adry Anar\u00adchists. La pre\u00admi\u00e8re est un compte-ren\u00ad\u00addu du d\u00e9l\u00e9\u00adgu\u00e9 au Congres Inter\u00adna\u00adtio\u00adnal qui ne cache pas sa pr\u00e9\u00adf\u00e9\u00adrence pour l\u2019O.R.A.. (France) et qui, par ailleurs, s\u2019en prend aux autres ten\u00addances du mou\u00adve\u00adment fran\u00ad\u00e7ais ain\u00adsi qu\u2019\u00e0 la F.A.I. (Esp.). Le d\u00e9l\u00e9\u00adgu\u00e9 de l\u2019O\u00adRA [\u2026]<\/p>\n","protected":false},"author":1,"featured_media":0,"comment_status":"closed","ping_status":"closed","sticky":false,"template":"","format":"standard","meta":{"wp_typography_post_enhancements_disabled":false,"footnotes":""},"categories":[407],"tags":[],"ppma_author":[540],"class_list":["post-3428","post","type-post","status-publish","format-standard","hentry","category-confrontation-anarchiste-na1-octobre-1971"],"authors":[{"term_id":540,"user_id":1,"is_guest":0,"slug":"admin_3gikpwyf","display_name":"Vincent Dubuc","avatar_url":"https:\/\/secure.gravatar.com\/avatar\/d015720652c25fd2ced191ade86430094e1f288a17483713e3b34d26dea52507?s=96&d=mm&r=g","author_category":"","user_url":"https:\/\/la-presse-anarchiste.net","last_name":"Dubuc","first_name":"Vincent","job_title":"","description":""}],"_links":{"self":[{"href":"https:\/\/la-presse-anarchiste.net\/index.php\/wp-json\/wp\/v2\/posts\/3428","targetHints":{"allow":["GET"]}}],"collection":[{"href":"https:\/\/la-presse-anarchiste.net\/index.php\/wp-json\/wp\/v2\/posts"}],"about":[{"href":"https:\/\/la-presse-anarchiste.net\/index.php\/wp-json\/wp\/v2\/types\/post"}],"author":[{"embeddable":true,"href":"https:\/\/la-presse-anarchiste.net\/index.php\/wp-json\/wp\/v2\/users\/1"}],"replies":[{"embeddable":true,"href":"https:\/\/la-presse-anarchiste.net\/index.php\/wp-json\/wp\/v2\/comments?post=3428"}],"version-history":[{"count":0,"href":"https:\/\/la-presse-anarchiste.net\/index.php\/wp-json\/wp\/v2\/posts\/3428\/revisions"}],"wp:attachment":[{"href":"https:\/\/la-presse-anarchiste.net\/index.php\/wp-json\/wp\/v2\/media?parent=3428"}],"wp:term":[{"taxonomy":"category","embeddable":true,"href":"https:\/\/la-presse-anarchiste.net\/index.php\/wp-json\/wp\/v2\/categories?post=3428"},{"taxonomy":"post_tag","embeddable":true,"href":"https:\/\/la-presse-anarchiste.net\/index.php\/wp-json\/wp\/v2\/tags?post=3428"},{"taxonomy":"author","embeddable":true,"href":"https:\/\/la-presse-anarchiste.net\/index.php\/wp-json\/wp\/v2\/ppma_author?post=3428"}],"curies":[{"name":"wp","href":"https:\/\/api.w.org\/{rel}","templated":true}]}}