{"id":3438,"date":"2013-03-28T14:30:31","date_gmt":"2013-03-28T14:30:31","guid":{"rendered":"https:\/\/la-presse-anarchiste.net\/index.php\/2013\/03\/28\/sur-le-federalisme-3\/"},"modified":"2013-03-28T14:30:31","modified_gmt":"2013-03-28T14:30:31","slug":"sur-le-federalisme-3","status":"publish","type":"post","link":"https:\/\/la-presse-anarchiste.net\/index.php\/2013\/03\/28\/sur-le-federalisme-3\/","title":{"rendered":"Sur le f\u00e9d\u00e9ralisme"},"content":{"rendered":"<div class=\"pdfprnt-buttons pdfprnt-buttons-post pdfprnt-top-right\"><a href=\"https:\/\/la-presse-anarchiste.net\/index.php\/wp-json\/wp\/v2\/posts\/3438?print=pdf\" class=\"pdfprnt-button pdfprnt-button-pdf\" target=\"_blank\"><img decoding=\"async\" src=\"https:\/\/la-presse-anarchiste.net\/wp-content\/plugins\/pdf-print\/images\/pdf.png\" alt=\"image_pdf\" title=\"Afficher le PDF\"><\/a><a href=\"https:\/\/la-presse-anarchiste.net\/index.php\/wp-json\/wp\/v2\/posts\/3438?print=print\" class=\"pdfprnt-button pdfprnt-button-print\" target=\"_blank\"><img decoding=\"async\" src=\"https:\/\/la-presse-anarchiste.net\/wp-content\/plugins\/pdf-print\/images\/print.png\" alt=\"image_print\" title=\"Contenu imprim\u00e9\"><\/a><\/div><div align=\"justify\">\n<h2>IV<\/h2>\n<p> [[Voir les num\u00e9\u00adros pr\u00e9c\u00e9dents.]]<\/p>\n<p>\u00c9co\u00adno\u00admi\u00adque\u00adment, le r\u00e9gio\u00adna\u00adlisme, ou m\u00eame le natio\u00adna\u00adlisme \u00e9co\u00adno\u00admique est impos\u00adsible. C\u2019est ce que je me suis effor\u00adc\u00e9 de faire com\u00adprendre \u00e0 mes cama\u00adrades cata\u00adlans d\u2019Es\u00adpagne\u200a\u2014\u200aqui mal\u00adheu\u00adreu\u00adse\u00adment sont si sou\u00advent sourds \u00e0 toute argu\u00admen\u00adta\u00adtion. Je leur ai dit \u00e0 plu\u00adsieurs reprises que l\u2019in\u00addus\u00adtrie tex\u00adtile, la plus impor\u00adtante de la Cata\u00adlogne, d\u00e9pend de la laine qui pro\u00advient de la Man\u00adcha, et autres r\u00e9gions d\u2019Es\u00adpagne, du coton ache\u00adt\u00e9 aux \u00c9tats-Unis, au Br\u00e9\u00adsil et \u00e0 l\u2019\u00c9gypte, du jute, impor\u00adt\u00e9 de l\u2019Inde, du char\u00adbon, extrait dans les Astu\u00adries et en Angle\u00adterre&nbsp;; que les mati\u00e8res de base de l\u2019in\u00addus\u00adtrie chi\u00admique \u00e9taient pro\u00adduites par le soufre et le cuivre des mines de Car\u00adta\u00adg\u00e8ne, de Huel\u00adva et de Rio Tin\u00adto&nbsp;; que le fer pour leur sid\u00e9\u00adrur\u00adgie venait du Pays basque, que la viande qu\u2019ils consom\u00admaient venait de la Galice et de l\u2019Es\u00adtr\u00e9\u00adma\u00addure, et le bl\u00e9 de la Cas\u00adtille. Par-des\u00adsus le mar\u00adch\u00e9, s\u2019ils ne pou\u00advaient, gr\u00e2ce \u00e0 un pro\u00adtec\u00adtion\u00adnisme dont ils b\u00e9n\u00e9\u00adfi\u00adcient, vendre \u00e0 toutes ces autres r\u00e9gions leurs tis\u00adsus et leurs machines, leur \u00e9co\u00adno\u00admie s\u2019effondrerait.<\/p>\n<p>On pour\u00adrait ser\u00advir ce m\u00eame genre d\u2019ar\u00adgu\u00adments \u00e0 tous les r\u00e9gio\u00adna\u00adlistes du monde, \u00e0 tous ceux qui con\u00e7oivent le f\u00e9d\u00e9\u00adra\u00adlisme sous la forme d\u2019au\u00adto\u00adno\u00admie r\u00e9gio\u00adnale, et plus encore cantonale.<\/p>\n<p>Cette \u00ab&nbsp;auto\u00adno\u00admie&nbsp;\u00bb r\u00eav\u00e9e par cer\u00adtains au nom du f\u00e9d\u00e9\u00adra\u00adlisme n\u2019est pas seule\u00adment une vue de l\u2019es\u00adprit. Elle est dans une cer\u00adtaine mesure une immo\u00adra\u00adli\u00adt\u00e9. En cette ann\u00e9e 1959, la nation boli\u00advienne est en train d\u2019en faire l\u2019ex\u00adp\u00e9\u00adrience. Le gou\u00adver\u00adne\u00adment ins\u00adtal\u00adl\u00e9 \u00e0 La Paz, a, sui\u00advant l\u2019es\u00adprit socia\u00adliste har\u00addi de ceux qui le com\u00adposent, r\u00e9a\u00adli\u00ads\u00e9 une r\u00e9forme r\u00e9vo\u00adlu\u00adtion\u00adnaire, en expro\u00adpriant tous les grands pro\u00adpri\u00e9\u00adtaires fon\u00adciers qui d\u00e9te\u00adnaient l\u2019im\u00admense majo\u00adri\u00adt\u00e9 des terres culti\u00adv\u00e9es, en remet\u00adtant ces terres, pour leur exploi\u00adta\u00adtion, aux com\u00admu\u00adnau\u00adt\u00e9s indiennes, par\u00adfois res\u00adsus\u00adci\u00adt\u00e9es \u00e0 cet effet, les \u00ab&nbsp;ayl\u00adlus&nbsp;\u00bb. Il en r\u00e9sulte une dimi\u00adnu\u00adtion ver\u00adti\u00adcale de la pro\u00adduc\u00adtion agraire. Car, aupa\u00adra\u00advant, les pro\u00adpri\u00e9\u00adtaires fai\u00adsaient tra\u00advailler et pro\u00adduire pour vendre le plus pos\u00adsible aux villes, qui \u00e9taient ali\u00admen\u00adt\u00e9es par les cam\u00adpagnes. Mais les Indiens agri\u00adcul\u00adteurs sont indif\u00adf\u00e9\u00adrents \u00e0 ce com\u00admerce. Leurs besoins sont simples et minimes. Ils pro\u00adduisent donc pour eux, et vivent \u00e0 peu pr\u00e8s comme ils vivaient aupa\u00adra\u00advant, mais plus libre\u00adment et avec la cer\u00adti\u00adtude de ne pas man\u00adquer de pommes de terre, de ma\u00efs et de coca. Cela leur suf\u00adfit. Tout au plus se pro\u00adcurent-ils, par l\u2019\u00e9\u00adchange, quelques outils ou quelques menus pro\u00adduits venus des villes.<\/p>\n<p>Mais dans celles-ci, la nour\u00adri\u00adture manque, et le gou\u00adver\u00adne\u00adment boli\u00advien doit ache\u00adter \u00e0 l\u2019ex\u00adt\u00e9\u00adrieur des pro\u00adduits ali\u00admen\u00adtaires dont le paie\u00adment est une des causes des dif\u00adfi\u00adcul\u00adt\u00e9s que tra\u00adverse cette exp\u00e9\u00adrience socia\u00adli\u00adsante. Vivre sur soi-m\u00eame a de telles r\u00e9per\u00adcus\u00adsions, et cela se pro\u00addui\u00adrait \u00e0 une tr\u00e8s vaste \u00e9chelle au nom de l\u2019in\u00adt\u00e9\u00adgra\u00adtion r\u00e9gio\u00adnale, si n\u2019in\u00adter\u00adve\u00adnaient pas des concep\u00adtions et des pra\u00adtiques plus larges de la vie, et une com\u00adpr\u00e9\u00adhen\u00adsion de la soli\u00adda\u00adri\u00adt\u00e9 qui unit entre eux les habi\u00adtants d\u2019un pays, les peuples et les conti\u00adnents. Le f\u00e9d\u00e9\u00adra\u00adlisme de l\u2019\u00e9\u00adco\u00adno\u00admie r\u00e9gio\u00adnale est impen\u00adsable dans les pays \u00e9volu\u00e9s.<\/p>\n<p>Les nations sont li\u00e9es par leurs efforts et leurs pro\u00adduc\u00adtions com\u00adpl\u00e9\u00admen\u00adtaires. Pr\u00e9\u00adtendre par\u00adve\u00adnir \u00e0 une autar\u00adcie qui res\u00adsemble beau\u00adcoup au natio\u00adna\u00adlisme \u00e9co\u00adno\u00admique et qui est en contra\u00addic\u00adtion avec le lib\u00e9\u00adra\u00adlisme \u00e9co\u00adno\u00admique et poli\u00adtique, avec l\u2019in\u00adter\u00adna\u00adtio\u00adna\u00adlisme et l\u2019u\u00adni\u00adver\u00adsa\u00adlisme qui doivent nous carac\u00adt\u00e9\u00adri\u00adser, est en oppo\u00adsi\u00adtion avec l\u2019\u00e9\u00advo\u00adlu\u00adtion fatale, et n\u00e9ces\u00adsaire de l\u2019humanit\u00e9.<\/p>\n<p>[|<b>*  *  *  *<\/b>|]<br>\n<\/p>\n<p>N\u00e9ces\u00adsaire m\u00eame, pour des rai\u00adsons qui d\u00e9passent le simple point de vue de l\u2019\u00e9\u00adco\u00adno\u00admie. Car, heu\u00adreu\u00adse\u00adment, ce n\u2019est pas seule\u00adment du point de vue mat\u00e9\u00adriel, mais aus\u00adsi du point de vue moral que notre esprit s\u2019\u00e9\u00adlar\u00adgit \u00e0 l\u2019\u00e9\u00adchelle du globe. \u00c0 mesure que l\u2019on \u00e9tu\u00addie le niveau d\u2019exis\u00adtence de toutes les popu\u00adla\u00adtions de la Terre, une par\u00adtie de celles qui sont favo\u00adri\u00ads\u00e9es, ou plus exac\u00adte\u00adment de leurs \u00e9lites, a mau\u00advaise conscience devant la dif\u00adf\u00e9\u00adrence des stan\u00addards de&nbsp;vie.<\/p>\n<p>Dif\u00adf\u00e9\u00adrents hommes d\u2019\u00c9tat, des \u00e9co\u00adno\u00admistes, des socio\u00adlogues ont r\u00e9p\u00e9\u00adt\u00e9 \u00e0 plu\u00adsieurs reprises que les deux tiers de l\u2019hu\u00adma\u00adni\u00adt\u00e9 ne re\u00e7oivent pas la ration quo\u00adti\u00addienne de calo\u00adries indis\u00adpen\u00adsable \u00e0 la vie de cha\u00adcun. Et ils ont deman\u00add\u00e9 aux nations de se mettre d\u2019ac\u00adcord pour all\u00e9\u00adger le far\u00addeau des arme\u00adments afin de venir en aide aux r\u00e9gions d\u00e9sh\u00e9\u00adri\u00adt\u00e9es, ou sous-d\u00e9velopp\u00e9es.<\/p>\n<p>Si, comme il faut l\u2019es\u00adp\u00e9\u00adrer, la guerre n\u2019\u00e9\u00adclate pas on s\u2019a\u00adche\u00admi\u00adne\u00adra petit \u00e0 petit vers cette pra\u00adtique n\u00e9ces\u00adsaire et noble. Mais quand nous ana\u00adly\u00adsons les cons\u00e9\u00adquences du f\u00e9d\u00e9\u00adra\u00adlisme r\u00e9gio\u00adna\u00adliste et s\u00e9pa\u00adra\u00adtiste, nous consta\u00adtons qu\u2019il cr\u00e9e\u00adrait, de triom\u00adpher, une situa\u00adtion exac\u00adte\u00adment oppo\u00ads\u00e9e \u00e0 ce que pr\u00e9\u00adco\u00adnisent les esprits les plus clairvoyants.<\/p>\n<p>Dans toutes les nations sans excep\u00adtion, il est des r\u00e9gions favo\u00adri\u00ads\u00e9es par la nature. Le sous-sol contient ici de riches gise\u00adments, et n\u2019en contient pas ailleurs&nbsp;; l\u00e0, le sol est fer\u00adtile et donne des ren\u00adde\u00adments splen\u00addides, tan\u00addis que, trois cents kilo\u00adm\u00e8tres plus au sud, au nord, \u00e0 l\u2019est ou \u00e0 l\u2019ouest, il est pauvre et les ren\u00adde\u00adments sont mis\u00e9\u00adrables&nbsp;; dans telle r\u00e9gion l\u2019eau tombe en quan\u00adti\u00adt\u00e9 suf\u00adfi\u00adsante pour assu\u00adrer la crois\u00adsance r\u00e9gu\u00adli\u00e8re des cultures, mais elle manque dans telle autre, vers laquelle le vent ne char\u00adrie pas les nuages. Cer\u00adtaines zones mon\u00adta\u00adgneuses sont pour\u00advues d\u2019a\u00adbon\u00addantes chutes d\u2019eau, qui per\u00admettent d\u2019ins\u00adtal\u00adler des usines, ou de cap\u00adter \u00e0 bon mar\u00adch\u00e9 la force motrice, ce qui favo\u00adrise l\u2019\u00e9\u00adta\u00adblis\u00adse\u00adment d\u2019in\u00addus\u00adtries de trans\u00adfor\u00adma\u00adtion&nbsp;; d\u2019autres en manquent, et de char\u00adbon. On ne fini\u00adrait pas d\u2019\u00e9\u00adnu\u00adm\u00e9\u00adrer les dif\u00adf\u00e9\u00adrences de pos\u00adsi\u00adbi\u00adli\u00adt\u00e9s \u00e9co\u00adno\u00admiques, de richesse et de pau\u00advre\u00adt\u00e9 qui carac\u00adt\u00e9\u00adrisent les mul\u00adtiples par\u00adties du globe et celles de chaque pays. Et contrai\u00adre\u00adment \u00e0 ce que disent par\u00adfois ceux qui r\u00e9solvent th\u00e9o\u00adri\u00adque\u00adment ou lit\u00adt\u00e9\u00adrai\u00adre\u00adment ces ques\u00adtions sans les avoir \u00e9tu\u00addi\u00e9es, on ne peut renon\u00adcer \u00e0 la pro\u00adduc\u00adtion des r\u00e9gions pauvres, car les r\u00e9gions favo\u00adri\u00ads\u00e9es ne pour\u00adraient pas pro\u00adduire suf\u00adfi\u00adsam\u00adment pour toute l\u2019hu\u00adma\u00adni\u00adt\u00e9. Cela nous est mon\u00adtr\u00e9 par les sta\u00adtis\u00adtiques, si l\u2019on se donne la peine de les \u00e9tu\u00addier pour ne pas par\u00adler \u00e0 tort et \u00e0 travers.<\/p>\n<p>Qu\u2019ar\u00adrive-t-il, dans les pays cen\u00adtra\u00adli\u00ads\u00e9s, ou dont le f\u00e9d\u00e9\u00adra\u00adlisme n\u2019emp\u00eache pas une \u00e9troite orga\u00adni\u00adsa\u00adtion d\u2019en\u00adsemble&nbsp;? Sans en par\u00adler, l\u2019\u00c9tat applique, en faveur des zones d\u00e9fa\u00advo\u00adri\u00ads\u00e9es, des mesures com\u00adpen\u00adsa\u00adtrices. Il pompe, dans les zones natu\u00adrel\u00adle\u00adment riches, sous forme d\u2019im\u00adp\u00f4ts directs et indi\u00adrects qu\u2019elles peuvent payer gr\u00e2ce \u00e0 leurs plus grandes res\u00adsources, un pour\u00adcen\u00adtage don\u00adn\u00e9 de leurs richesses expri\u00adm\u00e9es ici en forme mon\u00e9\u00adtaire, et emploie une par\u00adtie des sommes qu\u2019il se pro\u00adcure pour construire des routes, des bar\u00adrages, des \u00e9coles, des che\u00admins de fer, de nou\u00adveaux \u00e9l\u00e9\u00adments de pro\u00adduc\u00adtion, aider au d\u00e9fri\u00adche\u00adment o\u00f9 \u00e0 la d\u00e9fense des terres, ou \u00e0 l\u2019a\u00adm\u00e9\u00adlio\u00adra\u00adtion du chep\u00adtel l\u00e0 o\u00f9 cela serait impos\u00adsible sans son intervention.<\/p>\n<p>Cer\u00adtains sec\u00adteurs \u00e9co\u00adno\u00admiques du Nord de la France, et en Espagne, de la Cata\u00adlogne se sont plaints et se plaignent d\u2019ap\u00adpor\u00adter ain\u00adsi des contri\u00adbu\u00adtions dis\u00adpro\u00adpor\u00adtion\u00adn\u00e9es par rap\u00adport \u00e0 l\u2019Ouest, au Centre et au Sud. Mais ces contri\u00adbu\u00adtions ne sont pas dis\u00adpro\u00adpor\u00adtion\u00adn\u00e9es, eu \u00e9gard \u00e0 la richesse pro\u00adduite gr\u00e2ce \u00e0 une terre plus fer\u00adtile, \u00e0 des gise\u00adments plus ren\u00adtables ou \u00e0 une force motrice abon\u00addante. Si l\u2019on obtient 100 ici, et l\u2019on paye 25%, il res\u00adte\u00adra 75&nbsp;; si l\u2019on obtient 40 ailleurs, et l\u2019on paye aus\u00adsi 25%, soit dix seule\u00adment, il ne res\u00adte\u00adra que 30. L\u2019\u00c9tat att\u00e9\u00adnue donc les dis\u00adpro\u00adpor\u00adtions, l\u2019i\u00adn\u00e9\u00adga\u00adli\u00adt\u00e9 inh\u00e9\u00adrente \u00e0 la nature. Serait-ce \u00e0 nous, par\u00adti\u00adsans de l\u2019\u00e9\u00adga\u00adli\u00adt\u00e9 \u00e9co\u00adno\u00admique, de l\u2019en cri\u00adti\u00adquer&nbsp;? Et ne com\u00adprend-on pas que le f\u00e9d\u00e9\u00adra\u00adlisme r\u00e9gio\u00adna\u00adliste ne pour\u00adrait, en fai\u00adsant que chaque r\u00e9gion ne vive que sur ses propres res\u00adsources, que condam\u00adner les unes \u00e0 la pau\u00advre\u00adt\u00e9, tan\u00addis que d\u2019autres vivraient dans l\u2019o\u00adpu\u00adlence, sans que cela cor\u00adres\u00adponde \u00e0 un m\u00e9rite sup\u00e9rieur&nbsp;?<\/p>\n<p>J\u2019ex\u00adpli\u00adquais r\u00e9cem\u00adment ce m\u00e9ca\u00adnisme de l\u2019\u00c9tat\u200a\u2014\u200asi n\u00e9faste sous d\u2019autres rap\u00adports \u2013 \u00e0 un jeune ins\u00adti\u00adtu\u00adteur qui venait de tra\u00adver\u00adser les d\u00e9par\u00adte\u00adments de la Loz\u00e8re, de la Dor\u00addogne, et quelques autres du Centre-Ouest de la France. Il com\u00adprit alors seule\u00adment com\u00adment il \u00e9tait pos\u00adsible que l\u2019on ait construit de belles \u00e9coles qu\u2019il avait vues dans ces r\u00e9gions qui, certes, n\u2019au\u00adraient pu le faire par elles-m\u00eames. Ce sont les contri\u00adbuables du Nord, et de l\u2019Est, ou de la r\u00e9gion pari\u00adsienne qui avaient four\u00adni l\u2019argent n\u00e9ces\u00adsaire. Et n\u2019\u00e9\u00adtait-il pas juste qu\u2019il en f\u00fbt ain\u00adsi&nbsp;? N\u2019est-il pas juste que les contri\u00adbuables de la Cata\u00adlogne, dont le stan\u00addard de vie est deux ou trois fois plus \u00e9le\u00adv\u00e9, contri\u00adbuent \u00e0 construire les \u00e9coles pour les enfants de l\u2019Es\u00adtr\u00e9\u00adma\u00addure ou les pro\u00advinces mis\u00e9\u00adrables de la vieille ou la Nou\u00advelle Castille&nbsp;?<\/p>\n<p>L\u2019I\u00adta\u00adlie nous offre, actuel\u00adle\u00adment, une illus\u00adtra\u00adtion sup\u00adpl\u00e9\u00admen\u00adtaire de cette indis\u00adpen\u00adsable soli\u00adda\u00adri\u00adt\u00e9 qui bous\u00adcule, n\u00e9ces\u00adsai\u00adre\u00adment et heu\u00adreu\u00adse\u00adment, les bar\u00adri\u00e8res r\u00e9gio\u00adna\u00adlistes. Le Sud de ce pays est, on le sait, mis\u00e9\u00adrable. Un concours de cir\u00adcons\u00adtances g\u00e9o\u00adgra\u00adphiques et his\u00adto\u00adriques a s\u00e9vi dans d\u2019autres r\u00e9gions m\u00e9di\u00adter\u00adra\u00adn\u00e9ennes par les guerres, la s\u00e9che\u00adresse du cli\u00admat, l\u2019\u00e9\u00adro\u00adsion du sol, le manque de res\u00adsources m\u00e9tal\u00adli\u00adf\u00e8res et \u00e9ner\u00adg\u00e9\u00adtiques, et l\u2019a\u00adban\u00addon du gou\u00adver\u00adne\u00adment cen\u00adtral (mais oui&nbsp;!) apr\u00e8s l\u2019i\u00adso\u00adle\u00adment de si\u00e8cles de f\u00e9d\u00e9\u00adra\u00adlisme s\u00e9pa\u00adra\u00adtiste o\u00f9 les r\u00e9gions se m\u00e9con\u00adnais\u00adsaient quand elles ne se com\u00adbat\u00adtaient pas. Tout cela a engen\u00addr\u00e9, avec l\u2019ac\u00adcrois\u00adse\u00adment de la popu\u00adla\u00adtion, une mis\u00e8re crois\u00adsante aus\u00adsi. Le gou\u00adver\u00adne\u00adment (h\u00e9las&nbsp;! il a fal\u00adlu que ce f\u00fbt lui, car les ouvriers de Milan ou de Turin ne s\u2019en sou\u00adciaient gu\u00e8re) a d\u00e9ci\u00add\u00e9 d\u2019ai\u00adder au d\u00e9ve\u00adlop\u00adpe\u00adment \u00e9co\u00adno\u00admique de cette r\u00e9gion. Et l\u00e0 encore, par dif\u00adf\u00e9\u00adrentes m\u00e9thodes, dont la Cas\u00adsa per il Mez\u00adzo\u00adgio\u00adno [[Au d\u00e9part, en 1952, les res\u00adsources \u00e9taient fix\u00e9es \u00e0 100 mil\u00adliards de lires par an dont 80% pro\u00adve\u00adnaient des sub\u00adsides directs de l\u2019\u00c9tat, et des fonds de contre\u00adpar\u00adtie, des mono\u00adpoles d\u2019\u00c9tat et d\u2019emprunts lan\u00adc\u00e9s \u00e0 l\u2019\u00e9\u00adtran\u00adger. Plus tard, on por\u00adta les cr\u00e9\u00addits \u00e0 1.280 mil\u00adliards de lires pour une p\u00e9riode de douze ans&nbsp;: 485 mil\u00adliards devaient ser\u00advir \u00e0 la boni\u00adfi\u00adca\u00adtion des terres, 280 mil\u00adliards \u00e0 la r\u00e9forme agraire, 225 mil\u00adliards \u00e0 la conser\u00adva\u00adtion du sol et aux tra\u00advaux dans les bas\u00adsins de mon\u00adtagne, 145 mil\u00adliards aux aque\u00adducs, 115 mil\u00adliards aux routes, 7 mil\u00adliards aux che\u00admins de fer, et 30 mil\u00adliards aux touristes.<\/p>\n<p>Il est \u00e9vident que le Sud ita\u00adlien n\u2019au\u00adrait jamais pu obte\u00adnir de sa propre sub\u00adstance les moyens \u00e9co\u00adno\u00admiques et finan\u00adciers n\u00e9ces\u00adsaires. Et, soit dit en pas\u00adsant, com\u00adment envi\u00adsa\u00adgeons-nous, en \u00e9co\u00adno\u00admie liber\u00adtaire, de r\u00e9a\u00adli\u00adser de sem\u00adblables entre\u00adprises quand elles seront n\u00e9ces\u00adsaires&nbsp;?]], il pr\u00e9\u00adl\u00e8ve une par\u00adtie des res\u00adsources four\u00adnies par les riches plaines du Nord et par l\u2019in\u00addus\u00adtrie pros\u00adp\u00e8re cr\u00e9\u00e9e gr\u00e2ce aux sources d\u2019\u00e9ner\u00adgie four\u00adnie par les tor\u00adrents, les rivi\u00e8res et les fleuves des\u00adcen\u00addus des Alpes. Sans cette soli\u00adda\u00adri\u00adt\u00e9 qu\u2019il faut bien impo\u00adser tant qu\u2019elle n\u2019est pas volon\u00adtaire, la popu\u00adla\u00adtion du Midi ita\u00adlien, et celle de la Sicile qui peut bien peu par elle-m\u00eame, seraient condam\u00adn\u00e9es \u00e0 une mis\u00e8re, une d\u00e9ca\u00addence, phy\u00adsio\u00adlo\u00adgique et humaine irr\u00e9\u00adm\u00e9\u00addiables. Il \u00e9tait grand temps d\u2019y por\u00adter rem\u00e8de.<\/p>\n<p>Le f\u00e9d\u00e9\u00adra\u00adlisme s\u00e9pa\u00adra\u00adtiste ne songe pas \u00e0 ces pro\u00adbl\u00e8mes, et dans toutes les nations f\u00e9d\u00e9\u00adra\u00adlistes la dif\u00adf\u00e9\u00adrence de niveau d\u2019exis\u00adtence et de pos\u00adsi\u00adbi\u00adli\u00adt\u00e9s d\u2019\u00e9\u00adl\u00e9\u00adva\u00adtion de ce niveau frappe l\u2019ob\u00adser\u00adva\u00adteur. Aux U.S.A., la popu\u00adla\u00adtion de cer\u00adtains \u00c9tats vit trois ou quatre fois moins bien que celle d\u2019autres \u00c9tats. Le \u00ab&nbsp;poor white man&nbsp;\u00bb du Sud est un pauvre mis\u00e9\u00adrable par rap\u00adport au citoyen moyen des autres r\u00e9gions. Comme chaque \u00c9tat a son bud\u00adget propre, qui d\u00e9pend de ses res\u00adsources, celui qui est riche peut tou\u00adjours aller de l\u2019a\u00advant, r\u00e9a\u00adli\u00adser de nou\u00adveaux tra\u00advaux publics, fomen\u00adter de nou\u00advelles acti\u00advi\u00adt\u00e9s, construire plus d\u2019\u00e9\u00adcoles ou am\u00e9\u00adlio\u00adrer l\u2019ha\u00adbi\u00adtat. Le pauvre ne le peut pas. Et le gou\u00adver\u00adne\u00adment f\u00e9d\u00e9\u00adral, g\u00ean\u00e9 par l\u2019es\u00adprit et le droit de pro\u00adtes\u00adta\u00adtion f\u00e9d\u00e9\u00adra\u00adlistes, ne peut aider autant que le pour\u00adrait un gou\u00adver\u00adne\u00adment cen\u00adtra\u00adliste ou f\u00e9d\u00e9\u00adra\u00adliste int\u00e9grationniste.<\/p>\n<p>Les m\u00eames faits se pro\u00adduisent en Suisse. Il est des can\u00adtons riches, il est des can\u00adtons pauvres. Ce n\u2019est pas que, dans les pre\u00admiers, les hommes soient plus m\u00e9ri\u00adtoires. C\u2019est qu\u2019ils sont pla\u00adc\u00e9s pr\u00e8s des cours d\u2019eau\u200a\u2014\u200asur\u00adtout le Rhin\u200a\u2014\u200apar les\u00adquels on am\u00e8ne les mati\u00e8res pre\u00admi\u00e8res&nbsp;; qu\u2019ils dis\u00adposent de chutes d\u2019eau abon\u00addantes, que les com\u00admu\u00adni\u00adca\u00adtions avec la France et l\u2019Al\u00adle\u00admagne sont plus faciles. Ou que la beau\u00adt\u00e9 des sites, l\u2019emplacement, la faci\u00adli\u00adt\u00e9 de la vie aident puis\u00adsam\u00adment le tou\u00adrisme. Chaque can\u00adton a sa vie propre. Elle dif\u00adf\u00e8re \u00e9nor\u00adm\u00e9\u00adment de celui de Zurich \u00e0 celui de Schwytz, de celui de Gen\u00e8ve \u00e0 celui de Gla\u00adris ou d\u2019U\u00adri. Si bien que, comme il arrive dans d\u2019autres pays, les habi\u00adtants des can\u00adtons pauvres \u00e9migrent dans les can\u00adtons riches. Mais atten\u00adtion&nbsp;! J\u2019ai \u00e9crit plus haut que le r\u00e9gio\u00adna\u00adlisme \u00e9tait, le plus sou\u00advent, un sous-natio\u00adna\u00adlisme. C\u2019est pis encore pour le can\u00adto\u00adna\u00adlisme suisse, et c\u2019est encore un des aspects que Prou\u00addhon a igno\u00adr\u00e9s. Car le natif d\u2019un can\u00adton est \u00ab&nbsp;\u00e9tran\u00adger&nbsp;\u00bb dans un autre can\u00adton. Les Suisses sont soli\u00addaires pour la d\u00e9fense natio\u00adnale. Pour le reste, s\u2019il y a p\u00e9nu\u00adrie, un Zuri\u00adchois n\u2019a pas, \u00e0 Gen\u00e8ve, les m\u00eames droits pour s\u2019\u00e9\u00adta\u00adblir com\u00admer\u00ad\u00e7ant, pour tra\u00advailler, voire habi\u00adter un loge\u00adment, qu\u2019un Gene\u00advois. Les plans faits par un archi\u00adtecte de Gen\u00e8ve ne sont pas valables dans le can\u00adton de Lau\u00adsanne. Pour le plus grand nombre des rap\u00adports, la nation est le can\u00adton, et qui n\u2019est pas du can\u00adton est, r\u00e9p\u00e9\u00adtons-le, un \u00e9tran\u00adger. M\u00eame les droits poli\u00adtiques lui sont refu\u00ads\u00e9s. Et nombre de nos cama\u00adrades, venus de can\u00adton plus pauvres \u00e0 Gen\u00e8ve, afin de mieux vivre, se voient dans l\u2019im\u00adpos\u00adsi\u00adbi\u00adli\u00adt\u00e9 de mener une vie mili\u00adtante active sous peine d\u2019\u00eatre \u00ab&nbsp;expul\u00ads\u00e9s&nbsp;\u00bb dans leur \u00ab&nbsp;pays&nbsp;\u00bb d\u2019o\u00adri\u00adgine. On trouve dans cette ville, pr\u00e8s du pont du Mont-Blanc, une sta\u00adtue qui c\u00e9l\u00e8bre l\u2019ac\u00adcord \u00e9ta\u00adbli entre trois can\u00adtons qui ont \u00e9ta\u00adbli l\u2019\u00e9\u00adga\u00adli\u00adt\u00e9 des droits de leurs res\u00adsor\u00adtis\u00adsants res\u00adpec\u00adtifs. Le fait est si extra\u00ador\u00addi\u00adnaire qu\u2019il m\u00e9rite un monument.<\/p>\n<p>[\/\u200bGaston <sc>Leval<\/sc>\/\u200b]<\/p><\/div>\n","protected":false},"excerpt":{"rendered":"<p>IV [[Voir les num\u00e9\u00adros pr\u00e9\u00adc\u00e9\u00addents.]] \u00c9co\u00adno\u00admi\u00adque\u00adment, le r\u00e9gio\u00adna\u00adlisme, ou m\u00eame le natio\u00adna\u00adlisme \u00e9co\u00adno\u00admique est impos\u00adsible. C\u2019est ce que je me suis effor\u00adc\u00e9 de faire com\u00adprendre \u00e0 mes cama\u00adrades cata\u00adlans d\u2019Es\u00adpagne\u200a\u2014\u200aqui mal\u00adheu\u00adreu\u00adse\u00adment sont si sou\u00advent sourds \u00e0 toute argu\u00admen\u00adta\u00adtion. Je leur ai dit \u00e0 plu\u00adsieurs reprises que l\u2019in\u00addus\u00adtrie tex\u00adtile, la plus impor\u00adtante de la Cata\u00adlogne, d\u00e9pend&nbsp;[\u2026]<\/p>\n","protected":false},"author":1,"featured_media":0,"comment_status":"closed","ping_status":"closed","sticky":false,"template":"","format":"standard","meta":{"wp_typography_post_enhancements_disabled":false,"footnotes":""},"categories":[409],"tags":[],"ppma_author":[540],"class_list":["post-3438","post","type-post","status-publish","format-standard","hentry","category-cahiers-de-lhumanisme-libertaire-na190-juillet-1972"],"authors":[{"term_id":540,"user_id":1,"is_guest":0,"slug":"admin_3gikpwyf","display_name":"Vincent Dubuc","avatar_url":"https:\/\/secure.gravatar.com\/avatar\/d015720652c25fd2ced191ade86430094e1f288a17483713e3b34d26dea52507?s=96&d=mm&r=g","author_category":"","user_url":"https:\/\/la-presse-anarchiste.net","last_name":"Dubuc","first_name":"Vincent","job_title":"","description":""}],"_links":{"self":[{"href":"https:\/\/la-presse-anarchiste.net\/index.php\/wp-json\/wp\/v2\/posts\/3438","targetHints":{"allow":["GET"]}}],"collection":[{"href":"https:\/\/la-presse-anarchiste.net\/index.php\/wp-json\/wp\/v2\/posts"}],"about":[{"href":"https:\/\/la-presse-anarchiste.net\/index.php\/wp-json\/wp\/v2\/types\/post"}],"author":[{"embeddable":true,"href":"https:\/\/la-presse-anarchiste.net\/index.php\/wp-json\/wp\/v2\/users\/1"}],"replies":[{"embeddable":true,"href":"https:\/\/la-presse-anarchiste.net\/index.php\/wp-json\/wp\/v2\/comments?post=3438"}],"version-history":[{"count":0,"href":"https:\/\/la-presse-anarchiste.net\/index.php\/wp-json\/wp\/v2\/posts\/3438\/revisions"}],"wp:attachment":[{"href":"https:\/\/la-presse-anarchiste.net\/index.php\/wp-json\/wp\/v2\/media?parent=3438"}],"wp:term":[{"taxonomy":"category","embeddable":true,"href":"https:\/\/la-presse-anarchiste.net\/index.php\/wp-json\/wp\/v2\/categories?post=3438"},{"taxonomy":"post_tag","embeddable":true,"href":"https:\/\/la-presse-anarchiste.net\/index.php\/wp-json\/wp\/v2\/tags?post=3438"},{"taxonomy":"author","embeddable":true,"href":"https:\/\/la-presse-anarchiste.net\/index.php\/wp-json\/wp\/v2\/ppma_author?post=3438"}],"curies":[{"name":"wp","href":"https:\/\/api.w.org\/{rel}","templated":true}]}}