{"id":3439,"date":"2013-03-28T14:30:23","date_gmt":"2013-03-28T14:30:23","guid":{"rendered":"https:\/\/la-presse-anarchiste.net\/index.php\/2013\/03\/28\/de-la-trahison-de-munich-a-la-normalisation-tchecoslovaque\/"},"modified":"2013-03-28T14:30:23","modified_gmt":"2013-03-28T14:30:23","slug":"de-la-trahison-de-munich-a-la-normalisation-tchecoslovaque","status":"publish","type":"post","link":"https:\/\/la-presse-anarchiste.net\/index.php\/2013\/03\/28\/de-la-trahison-de-munich-a-la-normalisation-tchecoslovaque\/","title":{"rendered":"De la \u00ab&nbsp;trahison&nbsp;\u00bb de Munich (?) \u00e0 la normalisation tch\u00e9coslovaque"},"content":{"rendered":"<div class=\"pdfprnt-buttons pdfprnt-buttons-post pdfprnt-top-right\"><a href=\"https:\/\/la-presse-anarchiste.net\/index.php\/wp-json\/wp\/v2\/posts\/3439?print=pdf\" class=\"pdfprnt-button pdfprnt-button-pdf\" target=\"_blank\"><img decoding=\"async\" src=\"https:\/\/la-presse-anarchiste.net\/wp-content\/plugins\/pdf-print\/images\/pdf.png\" alt=\"image_pdf\" title=\"Afficher le PDF\"><\/a><a href=\"https:\/\/la-presse-anarchiste.net\/index.php\/wp-json\/wp\/v2\/posts\/3439?print=print\" class=\"pdfprnt-button pdfprnt-button-print\" target=\"_blank\"><img decoding=\"async\" src=\"https:\/\/la-presse-anarchiste.net\/wp-content\/plugins\/pdf-print\/images\/print.png\" alt=\"image_print\" title=\"Contenu imprim\u00e9\"><\/a><\/div><div align=\"justify\">J\u2019a\u00advais bien l\u2019in\u00adten\u00adtion d\u2019\u00e9\u00adchap\u00adper aux contraintes bru\u00adtales de l\u2019ac\u00adtua\u00adli\u00adt\u00e9, de n\u00e9gli\u00adger les d\u00e9for\u00adma\u00adtions et les vio\u00adlences de la pol\u00e9\u00admique, d\u2019ex\u00adplo\u00adrer avec le maxi\u00admum d\u2019ob\u00adjec\u00adti\u00advi\u00adt\u00e9 et sous le signe de la Fra\u00adter\u00adni\u00adt\u00e9 humaine\u200a\u2014\u200atout sim\u00adple\u00adment, tout na\u00ef\u00adve\u00adment\u200a\u2014\u200ale tra\u00adgique pro\u00adbl\u00e8me des peuples sous-d\u00e9ve\u00adlop\u00adp\u00e9s. Mais ma sen\u00adsi\u00adbi\u00adli\u00adt\u00e9 est \u00e0 nou\u00adveau exci\u00adt\u00e9e par une nou\u00advelle sim\u00adpli\u00adfi\u00adca\u00adtion de l\u2019His\u00adtoire et une accu\u00adsa\u00adtion de tra\u00adhi\u00adson qui vise \u00e9vi\u00addem\u00adment des hommes d\u2019\u00c9tat res\u00adpon\u00adsables, et atteint par rico\u00adchet des mil\u00adlions de dupes ou com\u00adplices par\u00admi les\u00adquels je suis bien obli\u00adg\u00e9 de me compter.\n<p>On m\u2019ob\u00adjec\u00adte\u00adra qu\u2019il ne s\u2019a\u00adgit pas d\u2019ac\u00adtua\u00adli\u00adt\u00e9, puisque je fais inter\u00adve\u00adnir l\u2019His\u00adtoire. Le mal\u00adheur c\u2019est que jus\u00adte\u00adment on ne sim\u00adpli\u00adfie l\u2019His\u00adtoire que pour jus\u00adti\u00adfier une posi\u00adtion actuelle. On pou\u00advait pen\u00adser que les odieux pro\u00adc\u00e8s de Prague obli\u00adge\u00adraient tous les hommes libres \u00e0 s\u2019ac\u00adcor\u00adder dans une pro\u00adtes\u00adta\u00adtion suf\u00adfi\u00adsam\u00adment \u00e9lo\u00adquente pour trou\u00adbler les plus \u00ab&nbsp;incon\u00addi\u00adtion\u00adnels&nbsp;\u00bb d\u00e9fen\u00adseurs de l\u2019U.R.S.S.<\/p>\n<p>M.&nbsp;Jacques Fau\u00advet, direc\u00adteur du <i>Monde<\/i>,. entend \u00ab&nbsp;dis\u00adtin\u00adguer&nbsp;\u00bb\u2026 comme le j\u00e9suite de Pas\u00adcal. Dans son lea\u00adder du 22 ao\u00fbt 1972, il refuse impli\u00adci\u00adte\u00adment aux \u00ab&nbsp;Muni\u00adchois&nbsp;\u00bb de 1938 le droit de condam\u00adner l\u2019in\u00adva\u00adsion sovi\u00e9\u00adtique de 1968, cause exclu\u00adsive de la \u00ab&nbsp;nor\u00adma\u00adli\u00adsa\u00adtion&nbsp;\u00bb de 1972. Certes, M.&nbsp;Jacques Fau\u00advet, dis\u00adtingue \u2026 <b>encore<\/b> entre les Muni\u00adchois de 1938 et les Sovi\u00e9\u00adtiques de 1968, afin de ne pas impo\u00adser \u00e0 ceux-ci une inju\u00adrieuse confu\u00adsion. \u00ab&nbsp;<b>La tra\u00adhi\u00adson de Munich<\/b>, \u00e9crit-il, <b>n\u2019a pas seule\u00adment livr\u00e9 mili\u00adtai\u00adre\u00adment la Tch\u00e9\u00adco\u00adslo\u00adva\u00adquie \u00e0 Hit\u00adler, elle a pr\u00e9\u00adpa\u00adr\u00e9 diplo\u00adma\u00adti\u00adque\u00adment le pacte ger\u00adma\u00adno-sovi\u00e9\u00adtique, ain\u00adsi que l\u2019a\u00advaient pro\u00adph\u00e9\u00adti\u00ads\u00e9 quelques-uns, dont l\u2019am\u00adbas\u00adsa\u00addeur sovi\u00e9\u00adtique, alors en poste \u00e0 Paris.<\/b>&nbsp;\u00bb<\/p>\n<p>Voi\u00adl\u00e0 qui est clair. Si ins\u00adtruits que soient les lec\u00adteurs du Monde, ils peuvent avoir oubli\u00e9 ou igno\u00adr\u00e9 des \u00e9v\u00e9\u00adne\u00adments dont en grande majo\u00adri\u00adt\u00e9, ils ne furent pas contem\u00adpo\u00adrains. \u00c9clai\u00adrons sim\u00adple\u00adment les som\u00admaires r\u00e9f\u00e9\u00adrences de M.&nbsp;Fauvet.<\/p>\n<p>Le 29 sep\u00adtembre 1938 \u00e0 <b>Munich<\/b>, un accord fut conclu entre <b>Hit\u00adler et Mus\u00adso\u00adli\u00adni<\/b> d\u2019une part, <b>Cham\u00adber\u00adlain<\/b> (Pre\u00admier ministre bri\u00adtan\u00adnique) et <b>Dala\u00addier<\/b> (pr\u00e9\u00adsident du Conseil fran\u00ad\u00e7ais) d\u2019autre part, impli\u00adquant l\u2019an\u00adnexion par l\u2019Al\u00adle\u00admagne du ter\u00adri\u00adtoire dit des Sud\u00e8tes, peu\u00adpl\u00e9 en grande majo\u00adri\u00adt\u00e9 d\u2019une popu\u00adla\u00adtion alle\u00admande, que les trai\u00adt\u00e9s de 1919 avaient annex\u00e9 \u00e0 la Tch\u00e9\u00adco\u00adslo\u00adva\u00adquie, nou\u00advel \u00c9tat issu de la dis\u00adso\u00adcia\u00adtion du vieil empire aus\u00adtro-hon\u00adgrois (les Alle\u00admands \u00e9taient ins\u00adtal\u00adl\u00e9s depuis des si\u00e8cles sur le ter\u00adri\u00adtoire des Sud\u00e8tes).<\/p>\n<p>Le 23 ao\u00fbt 1939 \u00e0 Mos\u00adcou, en pr\u00e9\u00adsence de Sta\u00adline, von Rib\u00adben\u00adtrop (ministre des Affaires. \u00c9tran\u00adg\u00e8res du Troi\u00adsi\u00e8me Reich) et Molo\u00adtov (son homo\u00adlogue d\u2019U.R.S.S.) signaient le pacte ger\u00adma\u00adno-sovi\u00e9\u00adtique dit de non-agres\u00adsion\u200a\u2014\u200amais qui \u00e9tait com\u00adpl\u00e9\u00adt\u00e9 par un accord secret impli\u00adquant l\u2019a\u00adbo\u00adli\u00adtion de l\u2019\u00c9tat polo\u00adnais et un nou\u00adveau par\u00adtage de la Pologne entre l\u2019Al\u00adle\u00admagne et l\u2019U.R.S.S. D\u00e9li\u00advr\u00e9 de la crainte d\u2019\u00eatre pris entre deux fronts, Hit\u00adler fai\u00adsait entrer ses troupes en Pologne, le 1<sup>er<\/sup> sep\u00adtembre. <b>Seize jours plus tard<\/b>, cinq arm\u00e9es sovi\u00e9\u00adtiques enva\u00adhis\u00adsaient la Pologne orien\u00adtale. Le 23 sep\u00adtembre, Var\u00adso\u00advie \u00e9tait prise par l\u2019ar\u00adm\u00e9e alle\u00admande. L\u2019\u00c9tat polo\u00adnais n\u2019exis\u00adtait plus g\u00e9o\u00adgra\u00adphi\u00adque\u00adment. Le cin\u00adqui\u00e8me par\u00adtage de la Pologne \u00e9tait accompli.<\/p>\n<p>M.&nbsp;J.&nbsp;Fau\u00advet pense que cette alliance mons\u00adtrueuse pou\u00advait \u00eatre pr\u00e9\u00advue un an plus t\u00f4t, et que l\u2019a\u00adver\u00adtis\u00adse\u00adment en avait \u00e9t\u00e9 for\u00admu\u00adl\u00e9 d\u00e8s cette \u00e9poque par l\u2019am\u00adbas\u00adsa\u00addeur sovi\u00e9\u00adtique \u00e0 Paris. Il ne fait pas \u00e0 ses lec\u00adteurs l\u2019hon\u00adneur de pr\u00e9\u00adci\u00adser ses r\u00e9f\u00e9\u00adrences. Dommage&nbsp;!<\/p>\n<p>En 1938, alors que toute la presse com\u00admu\u00adniste d\u00e9non\u00ad\u00e7ait avec une vio\u00adlence et une bru\u00adta\u00adli\u00adt\u00e9 d\u00e9pas\u00adsant m\u00eame le ton cepen\u00addant tr\u00e8s \u00e9le\u00adv\u00e9 de ses dia\u00adtribes habi\u00adtuelles, la sou\u00admis\u00adsion des ministres fran\u00ad\u00e7ais \u00e0 Hit\u00adler, il aurait \u00e9t\u00e9 quelque peu savou\u00adreux d\u2019en\u00adtendre le repr\u00e9\u00adsen\u00adtant offi\u00adciel de l\u2019U.R.S.S., pr\u00e9\u00addire l\u2019ac\u00adcord Hit\u00adler-Sta\u00adline\u2026 et peut-\u00eatre le toast por\u00adt\u00e9 par le dic\u00adta\u00adteur san\u00adglant de Mos\u00adcou \u00e0 la san\u00adt\u00e9 du \u00ab&nbsp;dic\u00adta\u00adteur san\u00adglant&nbsp;\u00bb de Ber\u00adlin&nbsp;; le \u00ab&nbsp;P\u00e8re des Peuples&nbsp;\u00bb jus\u00adti\u00adfiant son geste par \u00ab&nbsp;<b>l\u2019a\u00admour que le peuple alle\u00admand por\u00adtait \u00e0 son F\u00fch\u00adrer<\/b>&nbsp;\u00bb. Cet ambas\u00adsa\u00addeur\u200a\u2014\u200aau len\u00adde\u00admain des atroces pro\u00adc\u00e8s de Mos\u00adcou\u200a\u2014\u200aqui aurait ain\u00adsi d\u00e9voi\u00adl\u00e9 l\u2019ar\u00adri\u00e8re-pen\u00ads\u00e9e de son Ma\u00eetre, aurait prou\u00adv\u00e9 non seule\u00adment une clair\u00advoyance excep\u00adtion\u00adnelle, mais encore une h\u00e9ro\u00efque sinc\u00e9rit\u00e9.<\/p>\n<p>Il est vrai qu\u2019\u00e0 la conf\u00e9\u00adrence de Munich ne par\u00adti\u00adci\u00adp\u00e8rent ni les repr\u00e9\u00adsen\u00adtants de la Tch\u00e9\u00adco\u00adslo\u00adva\u00adquie, ni ceux de l\u2019U.R.S.S. L\u2019ab\u00adsence des pre\u00admiers \u00e9tait en effet scan\u00adda\u00adleuse. Nous en conve\u00adnons d\u2019au\u00adtant plus faci\u00adle\u00adment que de ce point de vue, nous d\u00e9pas\u00adsons cer\u00adtai\u00adne\u00adment M.&nbsp;Fauvet.<\/p>\n<p>Il constate que \u00ab&nbsp;<b>par deux fois un peuple a \u00e9t\u00e9 pri\u00adv\u00e9 du droit de choi\u00adsir son ave\u00adnir<\/b>&nbsp;\u00bb. Peut-\u00eatre vou\u00addra-t-il recon\u00adna\u00eetre que ce n\u2019est pas excep\u00adtion\u00adnel. Et que les grandes puis\u00adsances ont toutes sou\u00admis le Droit \u00e0 la Force, ou plu\u00adt\u00f4t us\u00e9 de la Force pour cr\u00e9er le \u00ab&nbsp;Droit&nbsp;\u00bb (?&nbsp;!) \u00ab&nbsp;<b>N\u2019ayant pu faire que ce qui est juste soit fort, les hommes ont fait que ce qui est fort soit juste<\/b>&nbsp;\u00bb disait d\u00e9j\u00e0 Pas\u00adcal. Mais nous pr\u00e9\u00adf\u00e9\u00adrons tou\u00adjours le cynisme \u00e0 l\u2019hy\u00adpo\u00adcri\u00adsie. Car, le Droit des gens impose aujourd\u2019\u00adhui cer\u00adtaines pr\u00e9\u00adcau\u00adtions poli\u00adtiques et diplo\u00adma\u00adtiques. Par la force (Sta\u00adline \u00e9tait pas\u00ads\u00e9 ma\u00eetre en ces gros\u00adsi\u00e8res impos\u00adtures) on impose un gou\u00adver\u00adne\u00adment \u00e0 un peuple. Et ensuite on oblige le gou\u00adver\u00adne\u00adment \u00e0 signer\u2026 \u00ab&nbsp;<b>libre\u00adment<\/b>&nbsp;\u00bb les trai\u00adt\u00e9s qu\u2019on lui impose. Le Droit des petits \u00c9tats en face des grands est un des th\u00e8me de la pro\u00adpa\u00adgande gaul\u00adliste et post\u00adsta\u00adli\u00adnienne. Mais le droit des peuples, c\u2019est pour nous <b>le droit de tous les humains qui forment ce peuple \u00e0 jouir de la liber\u00adt\u00e9 de choi\u00adsir leur des\u00adtin, \u00e0 jouir des liber\u00adt\u00e9s fon\u00adda\u00admen\u00adtales de l\u2019\u00eatre humain<\/b>. Et cela ne se confond pas du tout avec le Droit des \u00c9tats petits ou grands. Lorsque tout le peuple n\u2019est pas appe\u00adl\u00e9 \u00e0 une <b>libre et publique consul\u00adta\u00adtion<\/b>, pr\u00e9\u00adc\u00e9\u00add\u00e9e d\u2019une <b>libre et publique infor\u00adma\u00adtion<\/b>, nous n\u2019ad\u00admet\u00adtons pas dans le pays la sou\u00adve\u00adrai\u00adne\u00adt\u00e9 de l\u2019\u00c9tat subi par ce peuple. Cela vaut pour la Tch\u00e9\u00adco\u00adslo\u00adva\u00adquie, pour les \u00ab&nbsp;d\u00e9mo\u00adcra\u00adties popu\u00adlaires&nbsp;\u00bb, pour l\u2019U.R.S.S. pour la Chine, pour Cuba, pour les \u00c9tats afri\u00adcains\u2026 comme pour la France, les U.S.A. et Isra\u00ebl, et natu\u00adrel\u00adle\u00adment pour le Viet\u00adnam du Nord et du&nbsp;Sud.<\/p>\n<p>Reve\u00adnons \u00e0 1938. Munich ne fut pas un accord brus\u00adque\u00adment conclu. Y sui\u00advirent la mis\u00adsion d\u2019in\u00adfor\u00adma\u00adtion de Lord Runei\u00adman en Tch\u00e9\u00adco\u00adslo\u00adva\u00adquie, les entre\u00adtiens de Eerch\u00adtes\u00adga\u00adden et de Godes\u00adberg entre Hit\u00adler et Cham\u00adber\u00adlain, entre les\u00adquels se placent les accords de Londres sign\u00e9s par les ministres anglais et fran\u00ad\u00e7ais. De sa pre\u00admi\u00e8re entre\u00advue avec Hit\u00adler, le Pre\u00admier bri\u00adtan\u00adnique rap\u00adpor\u00adtait le prin\u00adcipe de la ces\u00adsion \u00e0 l\u2019Al\u00adle\u00admagne du Ter\u00adri\u00adtoire des Sud\u00e8tes, qui fut accep\u00adt\u00e9e \u00e0 Londres, puis sou\u00admise au gou\u00adver\u00adne\u00adment tch\u00e9\u00adco\u00adslo\u00advaque, obli\u00adg\u00e9 de c\u00e9der, car la r\u00e9sis\u00adtance \u00e0 la volon\u00adt\u00e9 bel\u00adli\u00adqueuse d\u2019Hit\u00adler n\u00e9ces\u00adsi\u00adtait l\u2019in\u00adter\u00adven\u00adtion franco-anglaise.<\/p>\n<p>C\u2019est en appre\u00adnant cet accord et non au len\u00adde\u00admain de Munich (comme on le dit encore) que L\u00e9on Blum \u00e9cri\u00advit dans le Popu\u00adlaire \u00ab&nbsp;<b>qu\u2019il \u00e9tait par\u00adta\u00adg\u00e9 entre un l\u00e2che sou\u00adla\u00adge\u00adment et la honte<\/b>&nbsp;\u00bb.<\/p>\n<p>De retour en Alle\u00admagne, \u00e0 Godes\u00adberg, Cham\u00adber\u00adlain por\u00adtait \u00e0 Hit\u00adler les accords de Londres. Mais il se heur\u00adta \u00e0 une d\u00e9li\u00adrante mani\u00adfes\u00adta\u00adtion du F\u00fch\u00adrer, exi\u00adgeant l\u2019oc\u00adcu\u00adpa\u00adtion imm\u00e9\u00addiate des terres des Sud\u00e8tes. Ce fut la rup\u00adture. \u00c0 ce moment-l\u00e0, la guerre parais\u00adsait in\u00e9vitable.<\/p>\n<p>C\u2019est \u00e0 une supr\u00eame ini\u00adtia\u00adtive de Mus\u00adso\u00adli\u00adni que l\u2019on doit la r\u00e9union de Munich. Que fal\u00adlait-il faire&nbsp;? Fal\u00adlait-il refu\u00adser de signer un accord qui repre\u00adnait, avec quelques am\u00e9\u00adna\u00adge\u00adments, les termes de la conclu\u00adsion de Londres&nbsp;? Lais\u00adsons la parole \u00e0 Ray\u00admond Aron\u200a\u2014\u200alucide et objectif&nbsp;\u2014&nbsp;:<\/p>\n<p>\u00ab&nbsp;<b>Fal\u00adlait-il s\u2019op\u00adpo\u00adser \u00e0 l\u2019en\u00adtre\u00adprise hit\u00adl\u00e9\u00adrienne en 1938, f\u00fbt-ce au risque de d\u00e9clen\u00adcher la guerre g\u00e9n\u00e9\u00adrale&nbsp;? Encore aujourd\u2019\u00adhui l\u2019his\u00adto\u00adrien de bonne foi se refuse \u00e0 tran\u00adcher. Ceux qui \u00e0 gauche, affir\u00admaient qu\u2019\u00adHit\u00adler bluf\u00adfait, se trom\u00adpaient et trom\u00adpaient les Fran\u00ad\u00e7ais (on sait que le F\u00fch\u00adrer \u00e9tait r\u00e9so\u00adlu \u00e0 la guerre). Le com\u00adplot des g\u00e9n\u00e9\u00adraux aurait-il d\u00e9po\u00ads\u00e9 Hit\u00adler en cas de r\u00e9sis\u00adtance fran\u00adco-bri\u00adtan\u00adnique&nbsp;? Quelques sur\u00advi\u00advants l\u2019ont affir\u00adm\u00e9. On l\u2019i\u00adgno\u00adrait \u00e0 l\u2019\u00e9\u00adpoque, on n\u2019en est pas s\u00fbr aujourd\u2019\u00adhui. E\u00fbt-il \u00e9t\u00e9 pr\u00e9\u00adf\u00e9\u00adrable que la guerre \u00e9cla\u00adt\u00e2t en 1938 plu\u00adt\u00f4t qu\u2019en 1939&nbsp;? On conti\u00adnue d\u2019en dis\u00adcu\u00adter, puisque l\u2019on ne sau\u00adra jamais ce que l\u2019U\u00adnion Sovi\u00e9\u00adtique qui \u00e0 l\u2019\u00e9\u00adpoque, n\u2019a\u00advait pas de fron\u00adti\u00e8re com\u00admune avec l\u2019Al\u00adle\u00admagne, aurait fait en cas de guerre \u00e0 l\u2019Ouest<\/b>&nbsp;\u00bb. (Espoir et peur du Si\u00e8cle).<\/p>\n<p>Reste l\u2019ab\u00adsence de l\u2019U.R.S.S. \u00e0 Munich. Ce fut peut-\u00eatre une erreur sur le plan diplo\u00adma\u00adtique. Mais qui peut s\u2019ex\u00adpli\u00adquer for\u00admel\u00adle\u00adment. La France \u00e9tait li\u00e9e \u00e0 la Tch\u00e9\u00adco\u00adslo\u00adva\u00adquie par un trai\u00adt\u00e9. La France et la Grande-Bre\u00adtagne \u00e9taient soli\u00addaires. L\u2019I\u00adta\u00adlie \u00e9tait li\u00e9e \u00e0 l\u2019Al\u00adle\u00admagne par un pacte. Ces quatre \u00c9tats \u00e9taient donc direc\u00adte\u00adment enga\u00adg\u00e9s par le conflit. Pou\u00advait-on comp\u00adter sur l\u2019U.R.S.S., pour le sou\u00adtien de la Tch\u00e9\u00adco\u00adslo\u00adva\u00adquie atta\u00adqu\u00e9e par Hit\u00adler&nbsp;? M.&nbsp;Georges Bon\u00adnet, alors ministre des Affaires \u00c9tran\u00adg\u00e8res le conteste. Son t\u00e9moi\u00adgnage, \u00e9vi\u00addem\u00adment dis\u00adcu\u00adtable, ne peut cepen\u00addant \u00eatre n\u00e9gli\u00adg\u00e9. D\u2019autre part, pour atta\u00adquer l\u2019Al\u00adle\u00admagne, l\u2019U.R.S.S. aurait d\u00fb tra\u00adver\u00adser le ter\u00adri\u00adtoire polo\u00adnais. La Pologne refu\u00adsait le pas\u00adsage aux arm\u00e9es sovi\u00e9\u00adtiques. D\u2019a\u00adbord par sa m\u00e9fiance\u200a\u2014\u200aque les \u00e9v\u00e9\u00adne\u00adments ult\u00e9\u00adrieurs ont jus\u00adti\u00adfi\u00e9e\u200a\u2014\u200a\u00e0 l\u2019\u00e9\u00adgard de l\u2019U.R.S.S. Ensuite parce qu\u2019elle \u00e9tait hos\u00adtile \u00e0 la Tch\u00e9\u00adco\u00adslo\u00adva\u00adquie et qu\u2019elle comp\u00adtait conclure une alliance avec l\u2019Al\u00adle\u00admagne d\u2019Hitler.<\/p>\n<p>La France seule ne pou\u00advait esp\u00e9\u00adrer vaincre l\u2019Al\u00adle\u00admagne. Elle ne pou\u00advait ris\u00adquer le conflit que si elle \u00e9tait assu\u00adr\u00e9e de l\u2019in\u00adter\u00adven\u00adtion de la Grande-Bre\u00adtagne. Celle-ci n\u2019\u00e9\u00adtait pas li\u00e9e \u00e0 la Tch\u00e9\u00adco\u00adslo\u00adva\u00adquie. J\u2019ad\u00admire vrai\u00adment la cer\u00adti\u00adtude de M.&nbsp;Jacques Fau\u00advet et de pas mal d\u2019autres, quant \u00e0 l\u2019\u00e9\u00advi\u00addence de la \u00ab&nbsp;tra\u00adhi\u00adson de Munich&nbsp;\u00bb. Ce qui s\u2019est pas\u00ads\u00e9 en 1939 et en 1940 pour\u00adrait, au contraire, prou\u00adver\u2026 \u00ab&nbsp;r\u00e9tros\u00adpec\u00adti\u00adve\u00adment&nbsp;\u00bb\u2026 que la Tch\u00e9\u00adco\u00adslo\u00adva\u00adquie \u00e9tait du moins aus\u00adsi vul\u00adn\u00e9\u00adrable que la Pologne (mili\u00adtai\u00adre\u00adment plus forte)\u2026 et que l\u2019ar\u00adm\u00e9e fran\u00ad\u00e7aise en 1938 comme en 1939, men\u00e9e par des g\u00e9n\u00e9\u00adraux \u00ab&nbsp;<b>qui sont tou\u00adjours en retard d\u2019une guerre<\/b>&nbsp;\u00bb, inca\u00adpables d\u2019of\u00adfen\u00adsive, se serait r\u00e9v\u00e9\u00adl\u00e9e, dans la d\u00e9fen\u00adsive, aus\u00adsi impuis\u00adsante que pen\u00addant la d\u00e9b\u00e2cle que nous avons&nbsp;v\u00e9cue.<\/p>\n<p>J\u2019a\u00advoue ne pas b\u00e9n\u00e9\u00adfi\u00adcier de la com\u00adp\u00e9\u00adtence infaillible de M.&nbsp;Fau\u00advet. Je ne sais pas aujourd\u2019\u00adhui, apr\u00e8s les \u00e9preuves subies pen\u00addant trente ans, quel \u00e9tait le devoir en&nbsp;1938.<\/p>\n<p>Pris entre notre paci\u00adfisme et notre anti\u00adfas\u00adciste, la seule atti\u00adtude pos\u00adsible\u200a\u2014\u200apeut-\u00eatre d\u00e9ses\u00adp\u00e9\u00adr\u00e9e\u200a\u2014\u200a\u00e9tait-elle le refus de nous enga\u00adger dans le d\u00e9bat poli\u00adtique sur Munich, de refu\u00adser \u00e0 la fois la guerre et la ser\u00advi\u00adtude, et de nous pr\u00e9\u00adpa\u00adrer \u00e0 une r\u00e9sis\u00adtance clandestine&nbsp;?<\/p>\n<p>Mais ce que je sais, c\u2019est que\u200a\u2014\u200a\u00e0 la seule excep\u00adtion des sta\u00adli\u00adniens (au moins des chefs)\u200a\u2014\u200atous les Fran\u00ad\u00e7ais se sont r\u00e9jouis des accords de Munich. Je dis tous. Ce fut spon\u00adta\u00adn\u00e9\u00adment qu\u2019une foule immense se por\u00adta au-devant de Dala\u00addier, pour l\u2019ac\u00adcla\u00admer \u00e0 son retour de Munich. Le Syn\u00addi\u00adcat natio\u00adnal des Ins\u00adti\u00adtu\u00adteurs et le Syn\u00addi\u00adcat des agents des P.T.T. avaient lan\u00adc\u00e9 trois jours avant Munich, une p\u00e9ti\u00adtion contre la guerre qui avait d\u00e9j\u00e0 recueilli des mil\u00adliers de signa\u00adtures (dont celle de Romain Rol\u00adland). Nous en por\u00adtions les pre\u00admi\u00e8res feuilles au minis\u00adt\u00e8re de la Guerre, le soir de l\u2019en\u00advol de Dala\u00addier pour Munich. Sur le per\u00adron, nous avons ren\u00adcon\u00adtr\u00e9 Albert Bayet, un des par\u00adti\u00adsans les plus viru\u00adlents de la poli\u00adtique de fer\u00adme\u00adt\u00e9, dia\u00adm\u00e9\u00adtra\u00adle\u00adment oppo\u00ads\u00e9 \u00e0 nos concep\u00adtions paci\u00adfistes. Non seule\u00adment il se r\u00e9jouis\u00adsait de la pers\u00adpec\u00adtive de Munich, mais encore il en tirait argu\u00adment&nbsp;: \u00ab&nbsp;<b>Nous avions rai\u00adson, Hit\u00adler recule devant la guerre<\/b>\u2026&nbsp;\u00bb<\/p>\n<p>Mais il est une ques\u00adtion que l\u2019on n\u2019a\u00adborde de gu\u00e8re. Celle de la reven\u00addi\u00adca\u00adtion hit\u00adl\u00e9\u00adrienne. Pour nous, le natio\u00adna\u00adlisme ne peut condi\u00adtion\u00adner notre juge\u00adment. M\u00eame si la majo\u00adri\u00adt\u00e9 de la popu\u00adla\u00adtion vou\u00adlait \u00eatre alle\u00admande, c\u2019\u00e9\u00adtait en effet, en fin de compte <b>une tra\u00adhi\u00adson<\/b> que de livrer un peuple au tota\u00adli\u00adta\u00adrisme brun, comme ce fut <b>une tra\u00adhi\u00adson<\/b> de livrer les peuples de l\u2019Eu\u00adrope cen\u00adtrale et bal\u00adka\u00adnique au tota\u00adli\u00adta\u00adrisme rouge, comme ce serait <b>une tra\u00adhi\u00adson<\/b> de livrer les peuples de l\u2019A\u00adsie au tota\u00adli\u00adta\u00adrisme mao\u00efste.<\/p>\n<p>Mais pour M.&nbsp;Jacques Fau\u00advet, notre huma\u00adnisme liber\u00adtaire para\u00ee\u00adtra uto\u00adpique et ridi\u00adcule. Or, de son point de vue, la reven\u00addi\u00adca\u00adtion hit\u00adl\u00e9\u00adrienne peut \u00eatre jus\u00adti\u00adfi\u00e9e r\u00e9tros\u00adpec\u00adti\u00adve\u00adment par les socia\u00adlistes autri\u00adchiens\u200a\u2014\u200aenne\u00admis irr\u00e9\u00adduc\u00adtibles de la monar\u00adchie des Habs\u00adbourg\u200a\u2014\u200apro\u00adtes\u00adtant en 1919 contre l\u2019an\u00adnexion des ter\u00adri\u00adtoires alle\u00admands des Sud\u00e8tes \u00e0 la Tch\u00e9\u00adco\u00adslo\u00adva\u00adquie. Elle le fut pos\u00adt\u00e9\u00adrieu\u00adre\u00adment en 1945. En effet, sous l\u2019au\u00adto\u00adri\u00adt\u00e9 de Sta\u00adline, on recon\u00adnut que le ter\u00adri\u00adtoire des Sud\u00e8tes \u00e9tait bien peu\u00adpl\u00e9 de trois mil\u00adlions d\u2019Al\u00adle\u00admands. Pour qu\u2019il devienne tch\u00e8que, on a tout sim\u00adple\u00adment \u00ab&nbsp;d\u00e9pla\u00adc\u00e9&nbsp;\u00bb les Alle\u00admands. \u00ab&nbsp;<b>Les expul\u00adsions d\u2019Al\u00adle\u00admands se firent selon les m\u00e9thodes dont le Reich avait don\u00adn\u00e9 l\u2019exemple, c\u2019est-\u00e0-dire avec une inhu\u00adma\u00adni\u00adt\u00e9, voire m\u00eame une f\u00e9ro\u00adci\u00adt\u00e9 et un sadisme qui consti\u00adtuent une v\u00e9ri\u00adtable honte pour l\u2019hu\u00adma\u00adni\u00adt\u00e9<\/b>&nbsp;\u00bb (Jacques Pirenne&nbsp;: Les grands cou\u00adrants de l\u2019His\u00adtoire Universelle).<\/p>\n<p>Avec la m\u00eame cer\u00adti\u00adtude, M.&nbsp;Fau\u00advet \u00e9ta\u00adblit une rela\u00adtion de cause \u00e0 effet entre Munich et le pacte Hit\u00adler-Sta\u00adline. Il est vrai qu\u2019il peut ici se baser sur un t\u00e9moi\u00adgnage\u2026 d\u2019une haute valeur hi\u00e9\u00adrar\u00adchique\u2026 sinon morale&nbsp;: celui de Sta\u00adline lui-m\u00eame, qui, \u00e0 la conf\u00e9\u00adrence de Yal\u00adta, mani\u00adfes\u00adtant une haine impla\u00adcable \u00e0 l\u2019\u00e9\u00adgard de l\u2019Al\u00adle\u00admagne, avait enten\u00addu Chur\u00adchill et Roo\u00adse\u00advelt lui recom\u00adman\u00adder plus de mod\u00e9\u00adra\u00adtion, avec une dis\u00adcr\u00e8te allu\u00adsion au trai\u00adt\u00e9 du 23 ao\u00fbt&nbsp;1938.<\/p>\n<p>Faut-il accep\u00adter la r\u00e9plique du dic\u00adta\u00adteur comme une jus\u00adti\u00adfi\u00adca\u00adtion incon\u00adtes\u00adtable et d\u00e9fi\u00adni\u00adtive&nbsp;? Est-il encore n\u00e9ces\u00adsaire de reprendre le&nbsp;d\u00e9bat&nbsp;?<\/p>\n<p>Rien ne prouve que Sta\u00adline \u00e9tait d\u00e9ci\u00add\u00e9 \u00e0 inter\u00adve\u00adnir en Tch\u00e9\u00adco\u00adslo\u00adva\u00adquie&nbsp;? Rien ne prouve qu\u2019il aurait accep\u00adt\u00e9 de n\u00e9go\u00adcier \u00e0 Munich&nbsp;? Et l\u2019af\u00adfaire tch\u00e9\u00adco\u00adslo\u00advaque n\u2019a jamais \u00e9t\u00e9 \u00e9vo\u00adqu\u00e9e, lors de la rup\u00adture entre Ber\u00adlin et Mos\u00adcou\u2026 vou\u00adlue par Hit\u00adler, que Sta\u00adline n\u2019a\u00advait pas pr\u00e9\u00advue et qu\u2019il s\u2019\u00e9\u00adtait effor\u00adc\u00e9 d\u2019\u00e9viter.<\/p>\n<p>Ce qui est prou\u00adv\u00e9, c\u2019est que les pour\u00adpar\u00adlers entre les Alle\u00admands et les Sovi\u00e9\u00adtiques ont com\u00admen\u00adc\u00e9 <b>d\u00e8s les pre\u00admi\u00e8res semaines de 1939<\/b> et qu\u2019ils ont avan\u00adc\u00e9 pro\u00adgres\u00adsi\u00adve\u00adment jus\u00adqu\u2019\u00e0 leur conclu\u00adsion\u200a\u2014\u200a<b>que Sta\u00adline a men\u00e9 paral\u00adl\u00e8\u00adle\u00adment les n\u00e9go\u00adcia\u00adtions avec Hit\u00adler\u200a\u2014\u200aet celles avec les Alli\u00e9s\u200a\u2014\u200aet que celles-ci avaient abou\u00adti \u00e0 des accords sur tous les points liti\u00adgieux\u2026 lorsque von Rib\u00adben\u00adtrop se ren\u00addit \u00e0 Mos\u00adcou<\/b>.<\/p>\n<p>[|<b>*  *  *  *<\/b>|]<br>\n<\/p>\n<p>Je ren\u00adcontre encore de vieux amis qui n\u2019osent pas avouer qu\u2019ils furent sou\u00adla\u00adg\u00e9s par les accords de Munich et qu\u2019ils n\u2019\u00e9\u00adprou\u00adv\u00e8rent aucune honte \u00e0 se f\u00e9li\u00adci\u00adter du recul de la guerre.<\/p>\n<p>Dans le film tir\u00e9 du roman de Radi\u00adguet&nbsp;: <b>le Diable au corps<\/b>, une sc\u00e8ne se passe la veille du 11 novembre 1918, dans un caf\u00e9 bruyant. Au milieu des chants, des danses, des rires, un far\u00adceur annonce la signa\u00adture de l\u2019ar\u00admis\u00adtice. Un homme s\u00e9rieux t\u00e9l\u00e9\u00adphone pour avoir confir\u00adma\u00adtion. Il annonce que la nou\u00advelle est fausse&nbsp;: \u00ab&nbsp;\u00c7a ne fait rien. Si ce n\u2019est pas aujourd\u2019\u00adhui, ce sera demain\u200a\u2014\u200aAlors un jour de guerre de plus, ce n\u2019est rien pour&nbsp;vous&nbsp;?&nbsp;\u00bb<\/p>\n<p>Munich\u200a\u2014\u200aqu\u2019au\u00adcun d\u2019entre nous n\u2019a c\u00e9l\u00e9\u00adbr\u00e9 comme une vic\u00adtoire, qui repr\u00e9\u00adsen\u00adtait pour nous la suite d\u00e9sas\u00adtreuse des aber\u00adra\u00adtions du trai\u00adt\u00e9 de Ver\u00adsailles\u200a\u2014\u200an\u2019a fait sans doute que recu\u00adler l\u2019\u00e9\u00adch\u00e9ance fatale d\u2019un an. Mais un an de guerre de moins, ce n\u2019est pas rien pour&nbsp;nous.<\/p>\n<p>\u00ab&nbsp;Les Sovi\u00e9\u00adtiques, \u00e9crit encore M.&nbsp;Jacques Fau\u00advet, ont ver\u00ads\u00e9 trop de sang pour la r\u00e9sur\u00adrec\u00adtion de l\u2019\u00c9tat tch\u00e9\u00adco\u00adslo\u00advaque\u200a\u2014\u200aet de l\u2019\u00c9tat polo\u00adnais\u200a\u2014\u200apour admettre un seul ins\u00adtant que 1968 puisse rap\u00adpe\u00adler&nbsp;1938&nbsp;\u00bb.<\/p>\n<p>Plus de 25 mil\u00adlions de Russes, sol\u00addats et civils, sont morts, en effet, non pour les Tch\u00e8ques et les Polo\u00adnais, mais pour assu\u00adrer la toute-puis\u00adsance de Sta\u00adline, tan\u00addis que 7&nbsp;mil\u00adlions 500.000 Alle\u00admands mou\u00adraient pour Hit\u00adler. Et, non en 1968, mais en 1945, les \u00c9tats tch\u00e9\u00adco\u00adslo\u00advaque et polo\u00adnais n\u2019ont \u00e9t\u00e9 for\u00admel\u00adle\u00adment refor\u00adm\u00e9s que pour \u00eatre vas\u00adsa\u00adli\u00ads\u00e9s par Sta\u00adline. Et Tch\u00e8ques, Slo\u00advaques et Polo\u00adnais n\u2019\u00e9\u00adchap\u00adp\u00e8rent \u00e0 la tyran\u00adnie d\u2019Hit\u00adler que pour subir un asser\u00advis\u00adse\u00adment aus\u00adsi rigou\u00adreux et aus\u00adsi inhumain.<\/p>\n<p>Alors, il convien\u00addrait d\u2019\u00eatre pru\u00addent, en for\u00admu\u00adlant la ter\u00adrible accu\u00adsa\u00adtion de tra\u00adhi\u00adson. Lors\u00adqu\u2019on n\u2019a que le choix entre une paix boi\u00adteuse et le mas\u00adsacre d\u2019un peuple d\u00e9ci\u00add\u00e9 \u00e0 la R\u00e9sis\u00adtance sans que l\u2019on puisse inter\u00adve\u00adnir effi\u00adca\u00adce\u00adment pour le sau\u00adver, il est sans doute plus dif\u00adfi\u00adcile de conna\u00eetre son devoir que de l\u2019ac\u00adcom\u00adplir. Nous n\u2019a\u00advons gu\u00e8re de sym\u00adpa\u00adthie pour les hommes d\u2019\u00c9tat des d\u00e9mo\u00adcra\u00adties occi\u00adden\u00adtales. Mais, leurs h\u00e9si\u00adta\u00adtions, devant une d\u00e9ci\u00adsion enga\u00adgeant le sort de mil\u00adlions d\u2019hommes, si dis\u00adcu\u00adtables qu\u2019elles soient, sont jus\u00adte\u00adment dis\u00adcu\u00adtables, parce qu\u2019elles sont humaines. Alors que les dic\u00adta\u00adteurs nous placent tou\u00adjours devant le fait accom\u00adpli, lais\u00adsant \u00e0 d\u2019in\u00adg\u00e9\u00adnieux intel\u00adlec\u00adtuels le soin de jus\u00adti\u00adfier apr\u00e8s coup ce qu\u2019ils n\u2019a\u00advaient pu ni pr\u00e9\u00adve\u00adnir, ni m\u00eame pr\u00e9\u00advoir. Et la sinistre d\u00e9sin\u00advol\u00adture de ces per\u00adson\u00adnages his\u00adto\u00adriques plan\u00adtant le bou\u00adquet du construc\u00adteur sur des mon\u00adtagnes de cadavres n\u2019ap\u00adpelle jamais l\u2019ac\u00adcu\u00adsa\u00adtion de tra\u00adhi\u00adson. Parce qu\u2019on sait fort bien qu\u2019au\u00adcun trai\u00adt\u00e9, aucun contrat, aucun enga\u00adge\u00adment ne peut les lier M.&nbsp;Faure, si s\u00e9v\u00e8re pour les Muni\u00adchois, haus\u00adse\u00adrait sans doute les \u00e9paules, si nous lui rap\u00adpe\u00adlions que l\u2019U.R.S.S. et la Pologne \u00e9taient li\u00e9es par un trai\u00adt\u00e9 sign\u00e9 en 1932, renou\u00adve\u00adl\u00e9 le 28 novembre 1938, com\u00adpl\u00e9\u00adt\u00e9 en jan\u00advier 1939. Sta\u00adline r\u00e9pon\u00addit tout sim\u00adple\u00adment le 8 sep\u00adtembre 1939 aux appels du gou\u00adver\u00adne\u00adment polo\u00adnais <b>qu\u2019il ne pou\u00advait pas vio\u00adler le pacte ger\u00adma\u00adno-sovi\u00e9\u00adtique<\/b> et d\u00e9cla\u00adra aus\u00adsi sim\u00adple\u00adment le 17 sep\u00adtembre que l\u2019\u00c9tat polo\u00adnais n\u2019exis\u00adtant plus, <b>le trai\u00adt\u00e9 ger\u00adma\u00adno-polo\u00adnais avait per\u00addu toute rai\u00adson d\u2019\u00eatre<\/b>\u2026 Mais il n\u2019a rien tra\u00adhi, pas plus qu\u2019\u00adHit\u00adler\u2026 et que les dic\u00adta\u00adteurs actuels. Cha\u00adcun d\u2019eux peut dire, comme le G\u0153tz de Satre, dans \u00ab&nbsp;le Diable et le bon Dieu&nbsp;\u00bb&nbsp;: \u00ab&nbsp;Il n\u2019y avait que moi&nbsp;; j\u2019ai d\u00e9ci\u00add\u00e9 seul du Mal, seul j\u2019ai inven\u00adt\u00e9 le Bien&nbsp;\u00bb. Mais ne pas abattre ces idoles, ne pas bri\u00adser ces sta\u00adtues, ne pas d\u00e9non\u00adcer ces monstres\u2026 n\u2019est-ce pas la pire des trahisons&nbsp;!<\/p>\n<p>[\/\u200bRoger <sc>Hagnauer<\/sc>\/\u200b]<\/p><\/div>\n","protected":false},"excerpt":{"rendered":"<p>J\u2019a\u00advais bien l\u2019in\u00adten\u00adtion d\u2019\u00e9\u00adchap\u00adper aux contraintes bru\u00adtales de l\u2019ac\u00adtua\u00adli\u00adt\u00e9, de n\u00e9gli\u00adger les d\u00e9for\u00adma\u00adtions et les vio\u00adlences de la pol\u00e9\u00admique, d\u2019ex\u00adplo\u00adrer avec le maxi\u00admum d\u2019ob\u00adjec\u00adti\u00advi\u00adt\u00e9 et sous le signe de la Fra\u00adter\u00adni\u00adt\u00e9 humaine\u200a\u2014\u200atout sim\u00adple\u00adment, tout na\u00ef\u00adve\u00adment\u200a\u2014\u200ale tra\u00adgique pro\u00adbl\u00e8me des peuples sous-d\u00e9ve\u00ad\u00adlop\u00ad\u00adp\u00e9s. Mais ma sen\u00adsi\u00adbi\u00adli\u00adt\u00e9 est \u00e0 nou\u00adveau exci\u00adt\u00e9e par une nou\u00advelle sim\u00adpli\u00adfi\u00adca\u00adtion de l\u2019His\u00adtoire et&nbsp;une&nbsp;[\u2026]<\/p>\n","protected":false},"author":1,"featured_media":0,"comment_status":"closed","ping_status":"closed","sticky":false,"template":"","format":"standard","meta":{"wp_typography_post_enhancements_disabled":false,"footnotes":""},"categories":[409],"tags":[],"ppma_author":[540],"class_list":["post-3439","post","type-post","status-publish","format-standard","hentry","category-cahiers-de-lhumanisme-libertaire-na190-juillet-1972"],"authors":[{"term_id":540,"user_id":1,"is_guest":0,"slug":"admin_3gikpwyf","display_name":"Vincent Dubuc","avatar_url":"https:\/\/secure.gravatar.com\/avatar\/d015720652c25fd2ced191ade86430094e1f288a17483713e3b34d26dea52507?s=96&d=mm&r=g","author_category":"","user_url":"https:\/\/la-presse-anarchiste.net","last_name":"Dubuc","first_name":"Vincent","job_title":"","description":""}],"_links":{"self":[{"href":"https:\/\/la-presse-anarchiste.net\/index.php\/wp-json\/wp\/v2\/posts\/3439","targetHints":{"allow":["GET"]}}],"collection":[{"href":"https:\/\/la-presse-anarchiste.net\/index.php\/wp-json\/wp\/v2\/posts"}],"about":[{"href":"https:\/\/la-presse-anarchiste.net\/index.php\/wp-json\/wp\/v2\/types\/post"}],"author":[{"embeddable":true,"href":"https:\/\/la-presse-anarchiste.net\/index.php\/wp-json\/wp\/v2\/users\/1"}],"replies":[{"embeddable":true,"href":"https:\/\/la-presse-anarchiste.net\/index.php\/wp-json\/wp\/v2\/comments?post=3439"}],"version-history":[{"count":0,"href":"https:\/\/la-presse-anarchiste.net\/index.php\/wp-json\/wp\/v2\/posts\/3439\/revisions"}],"wp:attachment":[{"href":"https:\/\/la-presse-anarchiste.net\/index.php\/wp-json\/wp\/v2\/media?parent=3439"}],"wp:term":[{"taxonomy":"category","embeddable":true,"href":"https:\/\/la-presse-anarchiste.net\/index.php\/wp-json\/wp\/v2\/categories?post=3439"},{"taxonomy":"post_tag","embeddable":true,"href":"https:\/\/la-presse-anarchiste.net\/index.php\/wp-json\/wp\/v2\/tags?post=3439"},{"taxonomy":"author","embeddable":true,"href":"https:\/\/la-presse-anarchiste.net\/index.php\/wp-json\/wp\/v2\/ppma_author?post=3439"}],"curies":[{"name":"wp","href":"https:\/\/api.w.org\/{rel}","templated":true}]}}