{"id":3453,"date":"2013-03-30T15:25:31","date_gmt":"2013-03-30T15:25:31","guid":{"rendered":"https:\/\/la-presse-anarchiste.net\/index.php\/2013\/03\/30\/la-quinzaine\/"},"modified":"2013-03-30T15:25:31","modified_gmt":"2013-03-30T15:25:31","slug":"la-quinzaine","status":"publish","type":"post","link":"https:\/\/la-presse-anarchiste.net\/index.php\/2013\/03\/30\/la-quinzaine\/","title":{"rendered":"La quinzaine"},"content":{"rendered":"<div class=\"pdfprnt-buttons pdfprnt-buttons-post pdfprnt-top-right\"><a href=\"https:\/\/la-presse-anarchiste.net\/index.php\/wp-json\/wp\/v2\/posts\/3453?print=pdf\" class=\"pdfprnt-button pdfprnt-button-pdf\" target=\"_blank\"><img decoding=\"async\" src=\"https:\/\/la-presse-anarchiste.net\/wp-content\/plugins\/pdf-print\/images\/pdf.png\" alt=\"image_pdf\" title=\"Afficher le PDF\"><\/a><a href=\"https:\/\/la-presse-anarchiste.net\/index.php\/wp-json\/wp\/v2\/posts\/3453?print=print\" class=\"pdfprnt-button pdfprnt-button-print\" target=\"_blank\"><img decoding=\"async\" src=\"https:\/\/la-presse-anarchiste.net\/wp-content\/plugins\/pdf-print\/images\/print.png\" alt=\"image_print\" title=\"Contenu imprim\u00e9\"><\/a><\/div><h2>La marche en&nbsp;avant<\/h2>\n<p>\nSigne pr\u00e9\u00adcur\u00adseur d\u2019un ache\u00admi\u00adne\u00adment vers une trans\u00adfor\u00adma\u00adtion sociale, les tra\u00advailleurs de tous pays, jetant en rem\u00adblai les patries et les dieux, l\u2019au\u00adto\u00adri\u00adt\u00e9 et les ma\u00eetres, marchent vers l\u2019a\u00adve\u00adnir, ten\u00addant \u00e0 s\u2019\u00e9\u00adman\u00adci\u00adper de leur s\u00e9cu\u00adlaire servitude.<\/p>\n<p>En Espagne, pays des moines et terre clas\u00adsique de l\u2019In\u00adqui\u00adsi\u00adtion, le pro\u00adl\u00e9\u00adta\u00adriat, par dif\u00adf\u00e9\u00adrentes ten\u00adta\u00adtives vio\u00adlentes et des gr\u00e8ves puis\u00adsantes, conti\u00adnue sa marche vers l\u2019\u00e9\u00adman\u00adci\u00adpa\u00adtion. Aus\u00adsi les classes diri\u00adgeantes, affo\u00adl\u00e9es, apr\u00e8s avoir eu recours aux assas\u00adsi\u00adnats juri\u00addiques, apr\u00e8s avoir gar\u00adrot\u00adt\u00e9 \u00e0 X\u00e9r\u00e8s, fusill\u00e9 \u00e0 Bar\u00adce\u00adlone, tor\u00adturent de nou\u00adveau dans la pri\u00adson de Vioh les mili\u00adtants, gr\u00e9\u00advistes, comme elles avaient d\u00e9j\u00e0 fait avec des anar\u00adchistes, enfer\u00adm\u00e9s dans les cachots de Mont\u00adjuich. Le hideux Cano\u00advas a des conti\u00adnua\u00adteurs, et la san\u00adgui\u00adnaire Chris\u00adtine semble avoir oubli\u00e9 le revol\u00adver d\u2019Angiolillo.<\/p>\n<p>[|<b>*  *  *  *<\/b>|]<br>\n<\/p>\n<p>Dans l\u2019A\u00adm\u00e9\u00adrique du nord, les capi\u00adtaux se concentrent pour mono\u00adpo\u00adli\u00adser cer\u00adtaines branches d\u2019in\u00addus\u00adtrie, qui ensuite se coa\u00adlisent entre elles, pour tenir entre leurs mains toutes les res\u00adsources indus\u00adtrielles et agri\u00adcoles n\u00e9ces\u00adsaires \u00e0 l\u2019exis\u00adtence. En France en 1793 on tran\u00adchait la t\u00eate aux acca\u00adpa\u00adreurs, mais les tra\u00advailleurs am\u00e9\u00adri\u00adcains ne sont pas encore arri\u00adv\u00e9s \u00e0 ce degr\u00e9, \u00e0 la coa\u00adli\u00adtion patro\u00adnale, ils opposent la coa\u00adli\u00adtion ouvri\u00e8re et le trust de l\u2019a\u00adcier vient de pro\u00advo\u00adquer une gr\u00e8ve de pr\u00e9s de 200.000 hommes, c\u2019est d\u00e9j\u00e0 un nombre impo\u00adsant et s\u2019ils aban\u00addon\u00adnaient la lutte paci\u00adfique des bras croi\u00ads\u00e9s, dont l\u2019\u00e9ner\u00adgie s\u2019\u00e9\u00adteint \u00e0 force d\u2019at\u00adtendre, et ren\u00adtraient dans la lutte r\u00e9vo\u00adlu\u00adtion\u00adnaire, ils entrai\u00adne\u00adraient avec eux un nombre, consi\u00add\u00e9\u00adrable d\u2019ou\u00advriers, qui tra\u00advaillent encore, et les forces de l\u2019au\u00adto\u00adri\u00adt\u00e9 et du capi\u00adtal ris\u00adque\u00adraient d\u2019\u00eatre vaincues.<\/p>\n<p>Mais pour cela il ne faut plus comp\u00adter sur les pro\u00admesses men\u00adson\u00adg\u00e8res des poli\u00adti\u00adciens, ni sur les aug\u00admen\u00adta\u00adtions des salaires, qui am\u00e8nent l\u2019aug\u00admen\u00adta\u00adtion du prix des pro\u00adduits manu\u00adfac\u00adtu\u00adr\u00e9s, car le pro\u00adduc\u00adteur, \u00e9tant en m\u00eame temps le consom\u00adma\u00adteur, il paye lui-m\u00eame l\u2019aug\u00admen\u00adta\u00adtion, qu\u2019il a pu conqu\u00e9rir.<\/p>\n<p>On ne par\u00adle\u00admente pas avec le patro\u00adnat on le sup\u00adprime la solu\u00adtion est l\u00e0 rien que&nbsp;l\u00e0.<\/p>\n<h2>La grande famille<\/h2>\n<p>Un \u00ab&nbsp;inci\u00addent&nbsp;\u00bb vient de se pro\u00adduire ces jours der\u00adniers, pen\u00addant les exer\u00adcices au tir du 90<sup>e<\/sup> de ligne en gar\u00adni\u00adson \u00e0 Ch\u00e2teauroux.<\/p>\n<p>Quatre balles, par\u00adties d\u2019une escouade, venaient suc\u00adces\u00adsi\u00adve\u00adment sif\u00adfler aux oreilles du colo\u00adnel, mais sans l\u2019atteindre.<\/p>\n<p>Il est vrai, que pour le 14 juillet, au cours d\u2019une de ces longues pro\u00adme\u00adnades, faites sous un ciel tor\u00adride, une ving\u00adtaine de sol\u00addats furent frap\u00adp\u00e9s d\u2019in\u00adso\u00adla\u00adtion, et qu\u2019un autre jour, il fal\u00adlut l\u2019in\u00adter\u00adven\u00adtion \u00e9ner\u00adgique du major, pour emp\u00ea\u00adcher que le r\u00e9gi\u00adment n\u2019ex\u00e9\u00adcute une marche for\u00adc\u00e9e de 62&nbsp;kilom., soit de Ch\u00e2\u00adtillon \u00e0 Ch\u00e2teauroux.<\/p>\n<p>Ah oui, certes, la caserne est une bien mau\u00advaise famille.<\/p>\n<h2>\u00c0 propos d\u2019une p\u00e9tarade<\/h2>\n<p>Dans une \u00e9glise \u00e0 Troyes (Aube) une explo\u00adsion vient d\u2019a\u00advoir lieu, quelques saints furent d\u00e9man\u00adti\u00adbu\u00adl\u00e9s, le cur\u00e9 est pris de la jau\u00adnisse, les autres qui si trou\u00advaient en prirent du bismuth.<\/p>\n<p>Aus\u00adsi\u00adt\u00f4t les vigi\u00adlants de la s\u00fbre\u00adt\u00e9 publique se dirent&nbsp;: qui est-ce-qui \u00e0 bien pu faire cela&nbsp;? ce sont les anar\u00adchistes. Aus\u00adsi\u00adt\u00f4t arres\u00adta\u00adtion des cama\u00adrades Fran\u00adquet et Lam\u00adbin. L\u2019a\u00adli\u00adbi, qu\u2019ils \u00e9ta\u00adblirent, prou\u00adva bien qu\u2019ils \u00e9taient autre part au moment de l\u2019ex\u00adplo\u00adsion mais ceci n\u2019y fit rien, le magis\u00adtrat ins\u00adtruc\u00adtion\u00adneur, comme le loup de la fable, dit&nbsp;: \u00ab&nbsp;si ce n\u2019est pas toi, c\u2019est donc ton fr\u00e8re, si tu n\u2019en a pas c\u2019est quel\u00adqu\u2019un des tiens&nbsp;\u00bb. Cela est suf\u00adfi\u00adsant, et sans autre scru\u00adpule, les fit empri\u00adson\u00adner, sans tenir aucun compte du pr\u00e9\u00adju\u00addice, occa\u00adsion\u00adn\u00e9 \u00e0 eux par la perte de leurs emplois, qui leurs per\u00admet\u00adtaient de vivre maigrement.<\/p>\n<p>Quand il s\u2019a\u00adgit des escrocs du Pana\u00adma, c\u2019est tout dif\u00adf\u00e9\u00adrent, il faut des preuves de par\u00adfaites exac\u00adti\u00adtudes, afin de ne pas occa\u00adsion\u00adner \u00e0 ses per\u00adson\u00adnages les d\u00e9sa\u00adgr\u00e9\u00adments de la justice.<\/p>\n<p>Encore si c\u2019est un Fla\u00admi\u00addien, dans l\u2019im\u00admeuble duquel on trouve le cadavre d\u2019un enfant. confi\u00e9 \u00e0 ses soins, vio\u00adl\u00e9 et mort de vio\u00adlence impos\u00adsible d\u2019en d\u00e9cou\u00advrir l\u2019as\u00adsas\u00adsin&nbsp;; et une ordon\u00adnance de non lieu inter\u00advient vite pour arra\u00adcher, sain et sauf, \u00e0 l\u2019ac\u00adcu\u00adsa\u00adtion fan\u00adtai\u00adsiste et erro\u00adn\u00e9e dont il \u00e9tait victime.<\/p>\n<p>Dr\u00f4le de contraste.<\/p>\n<h2>Pour une guenille<\/h2>\n<p>Deux jeunes socia\u00adlistes, irri\u00adt\u00e9s par sa vue, arra\u00adch\u00e8rent et jet\u00e8rent \u00e0 terre le dra\u00adpeau tri\u00adcol qui s\u2019ex\u00adhibe sur la porte de la gen\u00addar\u00adme\u00adrie de Ste-Colombe (Rh\u00f4ne). Embl\u00e8me de meurtre, d\u2019in\u00adcen\u00addie et de pillage, cr\u00e9a\u00adtion du pre\u00admier Bona\u00adparte, c\u2019est sous tes plis que furent mas\u00adsa\u00adcr\u00e9s les pro\u00adl\u00e9\u00adtaires en Juin 48, en mai 71, ain\u00adsi qu\u2019a Four\u00admies. Ch\u00e2\u00adlon, la Mar\u00adti\u00adnique, c\u2019est \u00e9ga\u00adle\u00adment sous tes plis, qu\u2019\u00e0 \u2022Mada\u00adgas\u00adcar les pro\u00adfes\u00adsion\u00adnels du meurtre ont exter\u00admi\u00adn\u00e9 dans une seule ville 5000 habi\u00adtants, qui venaient, avec des pr\u00e9\u00adsents, volon\u00adtai\u00adre\u00adment se sou\u00admettre, sans d\u00e9fense, \u00e0 l\u2019au\u00adto\u00adri\u00adt\u00e9 des tra\u00ee\u00adneurs de sabre et du bou\u00adclier en chef Gal\u00adlie\u00adni&nbsp;; tu as aus\u00adsi ser\u00advi d\u2019\u00e9\u00adten\u00addard \u00e0 ceux qui ont tu\u00e9, vio\u00adl\u00e9 et pill\u00e9 en Chine, pour le plus grand avan\u00adtage des mis\u00adsions reli\u00adgieuses. Tu sers encore de cou\u00adver\u00adture aux tor\u00adtures et assas\u00adsi\u00adnats patrio\u00adtiques com\u00admis dans les com\u00adpa\u00adgnies de dis\u00adci\u00adpline, tels que ceux de Che\u00addel, Chey\u00admol, Gre\u00adnier, Lafond, tor\u00adtu\u00adr\u00e9s dans les fers par les capo\u00adraux et ser\u00adgents qui furent ensuite approu\u00adv\u00e9s par leurs sup\u00e9rieurs.<\/p>\n<p>Les bri\u00adseurs d\u2019embl\u00e8me, sur\u00adpris et arr\u00ea\u00adt\u00e9s dans leur acte d\u2019\u00e9\u00adpu\u00adra\u00adtion, furent condam\u00adn\u00e9s \u00e0 deux mois de prison.<\/p>\n<p>Les juges \u00e9tant nom\u00adm\u00e9s par les ministres, les ministres par les d\u00e9pu\u00adt\u00e9s et les d\u00e9pu\u00adt\u00e9s par tous les \u00e9lec\u00adteurs. Esp\u00e9\u00adrons que cette consta\u00adta\u00adtion suf\u00adfi\u00adra pour les d\u00e9gou\u00adter \u00e0 jamais de tous les can\u00addi\u00addats et de tous les votards\u200a\u2014\u200as\u2019ils ne le sont&nbsp;d\u00e9j\u00e0.<\/p>\n<h2>\u00c0 l\u2019\u00c9claireur de Vienne<\/h2>\n<p>Il est p\u00e9nible et r\u00e9pu\u00adgnant de consta\u00adter qu\u2019un jour\u00adnal soit disant ani\u00adm\u00e9 d\u2019es\u00adprit \u00e0 ten\u00addance avan\u00adc\u00e9e, ait si peu de digni\u00adt\u00e9, d\u2019in\u00adcons\u00adcience, pour ne pas remon\u00adter aux causes de condam\u00adna\u00adtions, lors\u00adqu\u2019il publie le compte ren\u00addu des audiences du tri\u00adbu\u00adnal de simple police.<\/p>\n<p>Dans un num\u00e9\u00adro d\u2019ao\u00fbt, nous rele\u00advons les pas\u00adsages suivants&nbsp;:<\/p>\n<p>\u00ab&nbsp;Favier Gabrielle, gra\u00adti\u00adfi\u00e9e d\u2019une contra\u00adven\u00adtion pour raco\u00adlage, 2 francs d\u2019a\u00admende. La m\u00eame pour infrac\u00adtion \u00e0 l\u2019ar\u00adr\u00ea\u00adt\u00e9 du 2 D\u00e9cembre 1892, 3 francs d\u2019amende.<\/p>\n<p>Gerin Jos\u00e9\u00adphine a man\u00adqu\u00e9 2 fois \u00e0 la visite sani\u00adtaire, 2 jours de pri\u00adson, 5 francs d\u2019amende.<\/p>\n<p>Sala\u00adbert Denise a \u00e9ga\u00adle\u00adment man\u00adqu\u00e9 \u00e0 la visite sani\u00adtaire, 2 francs d\u2019amende&nbsp;\u00bb.<\/p>\n<p>Eh bien, mes\u00adsieurs de l\u2019<i>\u00c9clai\u00adreur<\/i>, vous devriez au moins vous taire, apr\u00e8s le congr\u00e8s qui s\u2019est tenu il y a peu de temps \u00e0 Lyon, en faveur de l\u2019a\u00adbo\u00adli\u00adtion de le traite des blanches, o\u00f9 l\u2019i\u00adgno\u00admi\u00adnie de la police des m\u0153urs a \u00e9t\u00e9 suf\u00adfi\u00adsam\u00adment mise \u00e0 nue, ain\u00adsi que l\u2019i\u00adnef\u00adfi\u00adca\u00adci\u00adt\u00e9 des moyens pro\u00adphy\u00adlac\u00adtiques, lais\u00adsez \u00e0 ceux qui condamnent ces mal\u00adheu\u00adreuses et dou\u00adlou\u00adreuses pros\u00adti\u00adtu\u00e9es, la mons\u00adtruo\u00adsi\u00adt\u00e9 d\u2019une pen\u00ads\u00e9e basse et odieuse. Vous ne devez pas igno\u00adrer, que la pros\u00adti\u00adtu\u00adtion est une plaie sociale, que la soci\u00e9\u00adt\u00e9 capi\u00adta\u00adliste refuse \u00e0 la femme le droit de vivre libre. Pour sub\u00adsis\u00adter, beau\u00adcoup de femmes ont besoin d\u2019un sou\u00adte\u00adneur et elles ne peuvent le trou\u00adver que dans le mari\u200a\u2014\u200asou\u00adte\u00adneur l\u00e9gal\u200a\u2014\u200aou dans l\u2019a\u00admant\u200a\u2014\u200asou\u00adte\u00adneur ill\u00e9\u00adgi\u00adtime. Qu\u2019on donne \u00e0 la femme la pos\u00adsi\u00adbi\u00adli\u00adt\u00e9 de vivre par un tra\u00advail ration\u00adnel, sain et hono\u00adrable, elle se don\u00adne\u00adra \u00e0 qui lui plai\u00adra et ne se ven\u00addra plus ni dans le mariage, ni sur le trot\u00adtoir. Mais pour r\u00e9a\u00adli\u00adser cela, il faut une r\u00e9vo\u00adlu\u00adtion sal\u00adva\u00adtrice, qui d\u00e9truise \u00e0 tout jamais l\u2019au\u00adto\u00adri\u00adt\u00e9 et le capi\u00adtal et \u00e9ta\u00adblisse ensuite une soci\u00e9\u00adt\u00e9 nou\u00advelle, bas\u00e9e sur la liber\u00adt\u00e9 et la com\u00admu\u00adnau\u00adt\u00e9 des biens, c\u2019est-a-dire l\u2019anarchie.<\/p>\n<p>Mais pauvres catins, mes s\u0153urs, vos condam\u00adna\u00adtions font sou\u00adrire les lec\u00adteurs et lec\u00adtrices, s\u2019ils ne les lisaient pas dans l\u2019<i>\u00c9clai\u00adreur<\/i> avec les condam\u00adna\u00adtions du tri\u00adbu\u00adnal de jus\u00adtice de paix, les \u00e9cra\u00adse\u00adments de chiens, les dis\u00adputes des m\u00e9g\u00e8res, qu\u2019y liraient-ils les mil\u00adliers d\u2019ignares&nbsp;?<\/p>\n<p>[|<b>*  *  *  *<\/b>|]<br>\n<\/p>\n<p>Gare, les Cama\u00adrades du Nord et de l\u2019Est&nbsp;! la pes\u00adtaille va \u00eatre \u00e0 vos chausses&nbsp;: le tzar va venir en France. On vous sur\u00adveille\u00adra, vous tra\u00adque\u00adra, vous cof\u00adfre\u00adra, pour la plus grande gloire de la r\u00e9pu\u00adblique. Le petit p\u00e8re Lou\u00adbet, comme on disait \u00e0 l\u2019\u00e9\u00adpoque du Drey\u00adfu\u00adsisme aig\u00fc, lors des escortes de Long\u00adchamps, va rece\u00advoir son grand ami le \u00ab&nbsp;Petit P\u00e8re&nbsp;\u00bb de Rus\u00adsie, et pen\u00addant que les rares anar\u00adchistes de la r\u00e9gion go\u00fb\u00adte\u00adront aux hari\u00adcots indi\u00adgestes, des mil\u00adliers et des mil\u00adliers de braves pay\u00adsans et ouvriers, der\u00adri\u00e8re les ran\u00adg\u00e9es de sol\u00addats et de gens d\u2019armes, le long des voies fer\u00adr\u00e9es, sur les ponts dans les rues gueu\u00adle\u00adront \u00e0 tue-t\u00eate&nbsp;: \u00ab&nbsp;Vive le Tsar&nbsp;! Vive la R\u00e9pu\u00adblique&nbsp;! Vive l\u2019Ar\u00adm\u00e9e&nbsp;!&nbsp;\u00bb Faut tou\u00adjours qu\u2019il gueule&nbsp;: \u00ab&nbsp;Vive quelque chose&nbsp;!&nbsp;\u00bb le popu\u00adlo on ne l\u2019en\u00adten\u00addra donc jamais gueu\u00adler&nbsp;: \u00ab&nbsp;Vive&nbsp;moi&nbsp;!&nbsp;\u00bb<\/p>\n","protected":false},"excerpt":{"rendered":"<p>La marche en&nbsp;avant Signe pr\u00e9\u00adcur\u00adseur d\u2019un ache\u00admi\u00adne\u00adment vers une trans\u00adfor\u00adma\u00adtion sociale, les tra\u00advailleurs de tous pays, jetant en rem\u00adblai les patries et les dieux, l\u2019au\u00adto\u00adri\u00adt\u00e9 et les ma\u00eetres, marchent vers l\u2019a\u00adve\u00adnir, ten\u00addant \u00e0 s\u2019\u00e9\u00adman\u00adci\u00adper de leur s\u00e9cu\u00adlaire ser\u00advi\u00adtude. En Espagne, pays des moines et terre clas\u00adsique de l\u2019In\u00adqui\u00adsi\u00adtion, le pro\u00adl\u00e9\u00adta\u00adriat, par dif\u00adf\u00e9\u00adrentes ten\u00adta\u00adtives vio\u00adlentes et&nbsp;[\u2026]<\/p>\n","protected":false},"author":1,"featured_media":0,"comment_status":"closed","ping_status":"closed","sticky":false,"template":"","format":"standard","meta":{"wp_typography_post_enhancements_disabled":false,"footnotes":""},"categories":[413],"tags":[],"ppma_author":[540],"class_list":["post-3453","post","type-post","status-publish","format-standard","hentry","category-le-flambeau-na1-1er-septembre-1901"],"authors":[{"term_id":540,"user_id":1,"is_guest":0,"slug":"admin_3gikpwyf","display_name":"Vincent Dubuc","avatar_url":"https:\/\/secure.gravatar.com\/avatar\/d015720652c25fd2ced191ade86430094e1f288a17483713e3b34d26dea52507?s=96&d=mm&r=g","author_category":"","user_url":"https:\/\/la-presse-anarchiste.net","last_name":"Dubuc","first_name":"Vincent","job_title":"","description":""}],"_links":{"self":[{"href":"https:\/\/la-presse-anarchiste.net\/index.php\/wp-json\/wp\/v2\/posts\/3453","targetHints":{"allow":["GET"]}}],"collection":[{"href":"https:\/\/la-presse-anarchiste.net\/index.php\/wp-json\/wp\/v2\/posts"}],"about":[{"href":"https:\/\/la-presse-anarchiste.net\/index.php\/wp-json\/wp\/v2\/types\/post"}],"author":[{"embeddable":true,"href":"https:\/\/la-presse-anarchiste.net\/index.php\/wp-json\/wp\/v2\/users\/1"}],"replies":[{"embeddable":true,"href":"https:\/\/la-presse-anarchiste.net\/index.php\/wp-json\/wp\/v2\/comments?post=3453"}],"version-history":[{"count":0,"href":"https:\/\/la-presse-anarchiste.net\/index.php\/wp-json\/wp\/v2\/posts\/3453\/revisions"}],"wp:attachment":[{"href":"https:\/\/la-presse-anarchiste.net\/index.php\/wp-json\/wp\/v2\/media?parent=3453"}],"wp:term":[{"taxonomy":"category","embeddable":true,"href":"https:\/\/la-presse-anarchiste.net\/index.php\/wp-json\/wp\/v2\/categories?post=3453"},{"taxonomy":"post_tag","embeddable":true,"href":"https:\/\/la-presse-anarchiste.net\/index.php\/wp-json\/wp\/v2\/tags?post=3453"},{"taxonomy":"author","embeddable":true,"href":"https:\/\/la-presse-anarchiste.net\/index.php\/wp-json\/wp\/v2\/ppma_author?post=3453"}],"curies":[{"name":"wp","href":"https:\/\/api.w.org\/{rel}","templated":true}]}}