{"id":3454,"date":"2013-03-30T15:25:55","date_gmt":"2013-03-30T15:25:55","guid":{"rendered":"https:\/\/la-presse-anarchiste.net\/index.php\/2013\/03\/30\/communications\/"},"modified":"2013-03-30T15:25:55","modified_gmt":"2013-03-30T15:25:55","slug":"communications","status":"publish","type":"post","link":"https:\/\/la-presse-anarchiste.net\/index.php\/2013\/03\/30\/communications\/","title":{"rendered":"Communications"},"content":{"rendered":"<div class=\"pdfprnt-buttons pdfprnt-buttons-post pdfprnt-top-right\"><a href=\"https:\/\/la-presse-anarchiste.net\/index.php\/wp-json\/wp\/v2\/posts\/3454?print=pdf\" class=\"pdfprnt-button pdfprnt-button-pdf\" target=\"_blank\"><img decoding=\"async\" src=\"https:\/\/la-presse-anarchiste.net\/wp-content\/plugins\/pdf-print\/images\/pdf.png\" alt=\"image_pdf\" title=\"Afficher le PDF\"><\/a><a href=\"https:\/\/la-presse-anarchiste.net\/index.php\/wp-json\/wp\/v2\/posts\/3454?print=print\" class=\"pdfprnt-button pdfprnt-button-print\" target=\"_blank\"><img decoding=\"async\" src=\"https:\/\/la-presse-anarchiste.net\/wp-content\/plugins\/pdf-print\/images\/print.png\" alt=\"image_print\" title=\"Contenu imprim\u00e9\"><\/a><\/div><h2>Aux Camarades libertaires de la r\u00e9gion de&nbsp;Lyon<\/h2>\n<p><sc>Cama\u00adrades<\/sc><\/p>\n<p>Il a paru utile \u00e0 quelques uns d\u2019entre nous de prendre l\u2019i\u00adni\u00adtia\u00adtive d\u2019un Congr\u00e8s r\u00e9gio\u00adnal unis\u00adsant tous les cama\u00adrades dans un but de pro\u00adpa\u00adgande et d\u2019\u00e9ducation.<\/p>\n<p>Le moment parait bien choi\u00adsi&nbsp;: le monde est convul\u00adsi\u00adve\u00adment agi\u00adt\u00e9 par l\u2019\u00e9\u00advo\u00adlu\u00adtion des id\u00e9es, par le r\u00e9veil des mal\u00adheu\u00adreux que la poli\u00adtique avait endor\u00admis&nbsp;; les gr\u00e8ves se mul\u00adti\u00adplient et aug\u00admentent la mis\u00e8re g\u00e9n\u00e9\u00adrale, les foules ont besoin de Liber\u00adt\u00e9 et l\u2019i\u00add\u00e9e de la gr\u00e8ve g\u00e9n\u00e9\u00adrale s\u2019im\u00adplante dans les cer\u00adveaux. La r\u00e9a\u00adli\u00adsa\u00adtion de cette id\u00e9e d\u00e9mo\u00adli\u00adrait pour tou\u00adjours et l\u2019au\u00adto\u00adri\u00adt\u00e9 et l\u2019ac\u00adca\u00adpa\u00adre\u00adment, si nous \u00e9tions l\u00e0 pour faire voir le che\u00admin \u00e0 suivre.<\/p>\n<p>La poli\u00adtique a las\u00ads\u00e9 toutes les bonnes volon\u00adt\u00e9s, les par\u00adtis avan\u00adc\u00e9s et les par\u00adtis r\u00e9tro\u00adgrades n\u2019ont qu\u2019un but&nbsp;: la pos\u00adses\u00adsion de l\u2019as\u00adsiette au beurre&nbsp;; les par\u00adtis avan\u00adc\u00e9s sont plus \u00e0 craindre que ceux qui repr\u00e9\u00adsentent la coer\u00adci\u00adtion des vieux \u00e2ges. Le peuple peut dire&nbsp;: \u00ab&nbsp;D\u00e9fen\u00addez-moi de mes amis les <sc>futurs gou\u00adver\u00adnants<\/sc>, je me charge de mes enne\u00admis les <sc>bour\u00adgeois<\/sc>&nbsp;\u00bb.<\/p>\n<p>Nous nous adres\u00adsons \u00e0 tous ceux qui mettent les sectes poli\u00adtiques sur le m\u00eame pied que les sectes reli\u00adgieuses, les consi\u00add\u00e9\u00adrant les unes et les autres n\u00e9fastes \u00e0 la marche en avant de l\u2019humanit\u00e9.<\/p>\n<p>Que les cama\u00adrades viennent nom\u00adbreux affir\u00admer la vita\u00adli\u00adt\u00e9 de ce mou\u00adve\u00adment d\u2019i\u00add\u00e9es en faveur duquel tant des n\u00f4tres ont pay\u00e9 de leurs liber\u00adt\u00e9s et de leurs&nbsp;vies.<\/p>\n<p>Que ceux qui ne peuvent venir nous envoient des rap\u00adports \u00e9crits sur nos th\u00e9o\u00adries ou sur le mou\u00adve\u00adment Libertaire.<\/p>\n<p>Nous fai\u00adsons appel \u00e0 tous les grou\u00adpe\u00adments et \u00e0 toutes les indi\u00advi\u00addua\u00adli\u00adt\u00e9s sans dis\u00adtinc\u00adtion de sexe. Nous ten\u00addons la main aux cama\u00adrades des Jeu\u00adnesses socia\u00adlistes-r\u00e9vo\u00adlu\u00adtion\u00adnaires qui com\u00admencent \u00e0 se las\u00adser des poli\u00adti\u00adciens. Qu\u2019ils viennent s\u2019af\u00adfir\u00admer avec nous pour la sin\u00adc\u00e8re r\u00e9vo\u00adlu\u00adtion qui nous condui\u00adra \u00e0 notre but&nbsp;: L\u2019\u00e9\u00adman\u00adci\u00adpa\u00adtion int\u00e9\u00adgrale de <i>l\u2019In\u00addi\u00advi\u00addu par l\u2019A\u00adnar\u00adchie<\/i>.<\/p>\n<p>[\/\u200bLe groupe Germinal\/]<\/p>\n<p>[|<b>*  *  *  *<\/b>|]<br>\n<\/p>\n<p>Il est bien enten\u00addu que nous ne fai\u00adsons pas d\u2019ex\u00adclu\u00adsi\u00advisme, que tous les cama\u00adrades pou\u00advant venir seront les bienvenus.<\/p>\n<p>Le Congr\u00e8s co\u00efn\u00adci\u00adde\u00adra avec le Congr\u00e8s cor\u00adpo\u00adra\u00adtif de sep\u00adtembre&nbsp;; les cama\u00adrades ouvriers pour\u00adront se faire une id\u00e9e de nos th\u00e9o\u00adries en \u00e9cou\u00adtant les ora\u00adteurs libres qui ne pro\u00admet\u00adtront pas plus de beurre que de pain et qui ne bri\u00adgue\u00adront pas un man\u00addat leur rap\u00adpor\u00adtant 25 francs par&nbsp;jour.<\/p>\n<p>Voi\u00adci les ques\u00adtions qui pour\u00adraient \u00eatre trait\u00e9es&nbsp;:<\/p>\n<ol>\n<li> De l\u2019at\u00adti\u00adtude des Liber\u00adtaires devant les divers par\u00adtis politiques&nbsp;;<\/li>\n<li> De l\u2019ac\u00adtion syn\u00addi\u00adcale et des Libertaires&nbsp;;<\/li>\n<li> La gr\u00e8ve g\u00e9n\u00e9\u00adrale et le com\u00admu\u00adnisme. Ques\u00adtions diverses.<\/li>\n<\/ol>\n<p>Le Congr\u00e8s aura lieu le Dimanche 29 Sep\u00adtembre 1901, le matin, de 9 heures \u00e0 midi, et le soir, \u00e0 2 heures, Salle du Cha\u00adlet russe,  ave\u00adnue de Saxe, 364,&nbsp;Lyon.<\/p>\n<p><sc>nota<\/sc>.\u200a\u2014\u200aPour la cor\u00adres\u00adpon\u00addance rela\u00adtive au Congr\u00e8s, \u00e9crire \u00e0 cette adresse&nbsp;: A. <sc>Michard<\/sc>, tailleur, rue Gari\u00adbal\u00addi, 206, Lyon (Guillo\u00adti\u00e8re).<\/p>\n<p>[|<b>*  *  *  *<\/b>|]<br>\n<\/p>\n<p>Bon nombre de cama\u00adrades des villes de la r\u00e9gion ont d\u00e9j\u00e0 r\u00e9pon\u00addu \u00e0 l\u2019ap\u00adpel du groupe initiateur.<\/p>\n<p>Le Congr\u00e8s s\u2019an\u00adnonce comme devant avoir une pleine r\u00e9ussite.<\/p>\n<p>Le <i>Flam\u00adbeau<\/i> tien\u00addra ses lec\u00adteurs au cou\u00adrant des dis\u00adcus\u00adsions qui y auront lieu.<\/p>\n<p>[|<b>*  *  *  *<\/b>|]<\/p>\n<p><sc>Givors<\/sc>. \u2013 Depuis quelque temps, une cer\u00adtaine agi\u00adta\u00adtion se mani\u00adfeste par\u00admi la Jeu\u00adnesse. Beau\u00adcoup de jeunes gens se mettent \u00e0 l\u2019\u00e9\u00adtude des pro\u00adbl\u00e8mes sociaux, en par\u00adtant non de l\u2019an\u00adcienne m\u00e9thode, pr\u00e9\u00adten\u00addue r\u00e9vo\u00adlu\u00adtion\u00adnaire, mais en tout cas fausse, qui est de voir dans tout r\u00e9pu\u00adbli\u00adcain un adepte de l\u2019es\u00adprit de liber\u00adt\u00e9, mais bien en pour\u00adsui\u00advant l\u2019\u00e9\u00adtude de la socio\u00adlo\u00adgie et de s\u2019ap\u00adpli\u00adquer \u00e0 mettre la pra\u00adtique de sa vie en har\u00admo\u00adnie avec sa pen\u00ads\u00e9e et de m\u00e9pri\u00adser les patrons hypo\u00adcrites, qui se pr\u00e9\u00adtendent imbus d\u2019es\u00adprit de liber\u00adt\u00e9, tout en cal\u00adcu\u00adlant men\u00adta\u00adle\u00adment, ce que cha\u00adcun de ses employ\u00e9s peut lui rapporter.<\/p>\n<p>Un groupe est donc en for\u00adma\u00adtion, nous don\u00adne\u00adrons l\u2019a\u00addresse du local dans le plus pro\u00adchain num\u00e9ro.<\/p>\n<p>[\/\u200bUn Givordin\/]<\/p>\n<p><sc>Vienne<\/sc>. \u2013 Le groupe syn\u00addi\u00adcal anar\u00adchiste se r\u00e9unit tous les jeu\u00addis soir. Tous les dimanches matin lec\u00adture des articles par\u00adve\u00adnus au <i>Fam\u00adbeau<\/i>&nbsp;; les cama\u00adrades vien\u00adnois, qui s\u2019in\u00adt\u00e9\u00adressent au jour\u00adnal sont invit\u00e9s.<\/p>\n","protected":false},"excerpt":{"rendered":"<p>Aux Cama\u00adrades liber\u00adtaires de la r\u00e9gion de&nbsp;Lyon Cama\u00adrades Il a paru utile \u00e0 quelques uns d\u2019entre nous de prendre l\u2019i\u00adni\u00adtia\u00adtive d\u2019un Congr\u00e8s r\u00e9gio\u00adnal unis\u00adsant tous les cama\u00adrades dans un but de pro\u00adpa\u00adgande et d\u2019\u00e9ducation. Le moment parait bien choi\u00adsi&nbsp;: le monde est convul\u00adsi\u00adve\u00adment agi\u00adt\u00e9 par l\u2019\u00e9\u00advo\u00adlu\u00adtion des id\u00e9es, par le r\u00e9veil des mal\u00adheu\u00adreux que&nbsp;la&nbsp;[\u2026]<\/p>\n","protected":false},"author":1,"featured_media":0,"comment_status":"closed","ping_status":"closed","sticky":false,"template":"","format":"standard","meta":{"wp_typography_post_enhancements_disabled":false,"footnotes":""},"categories":[413],"tags":[],"ppma_author":[540],"class_list":["post-3454","post","type-post","status-publish","format-standard","hentry","category-le-flambeau-na1-1er-septembre-1901"],"authors":[{"term_id":540,"user_id":1,"is_guest":0,"slug":"admin_3gikpwyf","display_name":"Vincent Dubuc","avatar_url":"https:\/\/secure.gravatar.com\/avatar\/d015720652c25fd2ced191ade86430094e1f288a17483713e3b34d26dea52507?s=96&d=mm&r=g","author_category":"","user_url":"https:\/\/la-presse-anarchiste.net","last_name":"Dubuc","first_name":"Vincent","job_title":"","description":""}],"_links":{"self":[{"href":"https:\/\/la-presse-anarchiste.net\/index.php\/wp-json\/wp\/v2\/posts\/3454","targetHints":{"allow":["GET"]}}],"collection":[{"href":"https:\/\/la-presse-anarchiste.net\/index.php\/wp-json\/wp\/v2\/posts"}],"about":[{"href":"https:\/\/la-presse-anarchiste.net\/index.php\/wp-json\/wp\/v2\/types\/post"}],"author":[{"embeddable":true,"href":"https:\/\/la-presse-anarchiste.net\/index.php\/wp-json\/wp\/v2\/users\/1"}],"replies":[{"embeddable":true,"href":"https:\/\/la-presse-anarchiste.net\/index.php\/wp-json\/wp\/v2\/comments?post=3454"}],"version-history":[{"count":0,"href":"https:\/\/la-presse-anarchiste.net\/index.php\/wp-json\/wp\/v2\/posts\/3454\/revisions"}],"wp:attachment":[{"href":"https:\/\/la-presse-anarchiste.net\/index.php\/wp-json\/wp\/v2\/media?parent=3454"}],"wp:term":[{"taxonomy":"category","embeddable":true,"href":"https:\/\/la-presse-anarchiste.net\/index.php\/wp-json\/wp\/v2\/categories?post=3454"},{"taxonomy":"post_tag","embeddable":true,"href":"https:\/\/la-presse-anarchiste.net\/index.php\/wp-json\/wp\/v2\/tags?post=3454"},{"taxonomy":"author","embeddable":true,"href":"https:\/\/la-presse-anarchiste.net\/index.php\/wp-json\/wp\/v2\/ppma_author?post=3454"}],"curies":[{"name":"wp","href":"https:\/\/api.w.org\/{rel}","templated":true}]}}