{"id":3456,"date":"2013-03-31T16:03:01","date_gmt":"2013-03-31T16:03:01","guid":{"rendered":"https:\/\/la-presse-anarchiste.net\/index.php\/2013\/03\/31\/la-libre-federation\/"},"modified":"2013-03-31T16:03:01","modified_gmt":"2013-03-31T16:03:01","slug":"la-libre-federation","status":"publish","type":"post","link":"https:\/\/la-presse-anarchiste.net\/index.php\/2013\/03\/31\/la-libre-federation\/","title":{"rendered":"La libre f\u00e9d\u00e9ration"},"content":{"rendered":"<div class=\"pdfprnt-buttons pdfprnt-buttons-post pdfprnt-top-right\"><a href=\"https:\/\/la-presse-anarchiste.net\/index.php\/wp-json\/wp\/v2\/posts\/3456?print=pdf\" class=\"pdfprnt-button pdfprnt-button-pdf\" target=\"_blank\"><img decoding=\"async\" src=\"https:\/\/la-presse-anarchiste.net\/wp-content\/plugins\/pdf-print\/images\/pdf.png\" alt=\"image_pdf\" title=\"Afficher le PDF\"><\/a><a href=\"https:\/\/la-presse-anarchiste.net\/index.php\/wp-json\/wp\/v2\/posts\/3456?print=print\" class=\"pdfprnt-button pdfprnt-button-print\" target=\"_blank\"><img decoding=\"async\" src=\"https:\/\/la-presse-anarchiste.net\/wp-content\/plugins\/pdf-print\/images\/print.png\" alt=\"image_print\" title=\"Contenu imprim\u00e9\"><\/a><\/div><div align=\"justify\">\n<div style=\"text-indent: 1cm\">\n<br>\n[\/\u200bLe ving\u00adti\u00e8me si\u00e8cle ouvri\u00adra l\u2019\u00e8re des f\u00e9d\u00e9rations.<br>\n<br>Proudhon.\/]\n<p>Les id\u00e9es f\u00e9d\u00e9\u00adra\u00adlistes ont \u00e9t\u00e9 sub\u00admer\u00adg\u00e9es par la guerre de 1870. L\u2019Al\u00adle\u00admagne imp\u00e9\u00adria\u00adliste vic\u00adto\u00adrieuse, et prise \u00e0 son propre pi\u00e8ge, devait d\u00e9ve\u00adlop\u00adper son mili\u00adta\u00adrisme \u00e0 de telles for\u00admi\u00addables pro\u00adpor\u00adtions qu\u2019il \u00e9tait deve\u00adnu une menace pour tout le monde. Pen\u00addant un demi si\u00e8cle tous les peuples, tenus en haleine, copi\u00e8rent ser\u00advi\u00adle\u00adment les m\u00e9thodes alle\u00admandes et, sui\u00advant leurs res\u00adsources, m\u00eame au del\u00e0, se tinrent sur pied de guerre. Le mili\u00adta\u00adrisme devait abou\u00adtir n\u00e9ces\u00adsai\u00adre\u00adment \u00e0 une cen\u00adtra\u00adli\u00adsa\u00adtion outran\u00adci\u00e8re. Ce fut le cas dans tous les pays parais\u00adsant lut\u00adter tout \u00e0 la fois contre l\u2019en\u00adne\u00admi ext\u00e9\u00adrieur et aus\u00adsi contre les ouvriers ou les pay\u00adsans \u00e0 l\u2019in\u00adt\u00e9\u00adrieur. La guerre actuelle, qui devait \u00eatre le r\u00e9sul\u00adtat de cette pr\u00e9\u00adpa\u00adra\u00adtion, aura pour cons\u00e9\u00adquence de chan\u00adger l\u2019o\u00adrien\u00adta\u00adtion des peuples si l\u2019Al\u00adle\u00admagne mili\u00adtaire avec ses jun\u00adkers, ses finan\u00adciers et ses gros capi\u00adta\u00adlistes, indus\u00adtriels et m\u00e9tal\u00adlur\u00adgistes, est d\u00e9fi\u00adni\u00adti\u00adve\u00adment \u00e9cra\u00ads\u00e9e, <i>ce qui est \u00e0 sou\u00adhai\u00adter au nom m\u00eame des prin\u00adcipes que nous d\u00e9fen\u00addons<\/i>.<\/p>\n<p>Comme la Renais\u00adsance, sor\u00adtie de la chape de plomb que fut le Moyen-\u00e2ge, entrai\u00adnant apr\u00e8s elle, la R\u00e9forme, la r\u00e9volte des pay\u00adsans contre les villes aris\u00adto\u00adcra\u00adtiques et pro\u00adc\u00e9\u00addant \u00e0 un immense r\u00e9veil de la pen\u00ads\u00e9e, pr\u00e9\u00adpa\u00adrant les voies de la liber\u00adt\u00e9 et de la tol\u00e9\u00adrance, il sor\u00adti\u00adra de la for\u00admi\u00addable confla\u00adgra\u00adtion actuelle, pour laquelle tous les peuples se trouvent arm\u00e9s, un mou\u00adve\u00adment contraire \u00e0 cette pesante, gros\u00adsi\u00e8re et ana\u00adchro\u00adnique concep\u00adtion de mili\u00adta\u00adri\u00adsa\u00adtion des peuples et de cen\u00adtra\u00adli\u00adsa\u00adtion para\u00adly\u00adsante. Ce ne sera pas par voca\u00adtion sen\u00adti\u00admen\u00adtale issue du d\u00e9sastre g\u00e9n\u00e9\u00adral, mais bien sous la pres\u00adsion des n\u00e9ces\u00adsi\u00adt\u00e9s sociales in\u00e9\u00adluc\u00adtables qu\u2019il pren\u00addra naissance.<\/p>\n<p>Il est \u00e9vident que ce ne sera pas sans lutte achar\u00adn\u00e9e que le f\u00e9d\u00e9\u00adra\u00adlisme repren\u00addra ses droits Il a contre lui la tra\u00addi\u00adtion jaco\u00adbine. En France, il aura \u00e0 lut\u00adter contre les tra\u00addi\u00adtions de la R\u00e9vo\u00adlu\u00adtion de 1789, demeu\u00adr\u00e9e bour\u00adgeoise dans ses r\u00e9sul\u00adtats, d\u00e9cla\u00adrant la r\u00e9pu\u00adblique une et indi\u00advi\u00adsible, et qui ont \u00e9t\u00e9, trans\u00adpor\u00adt\u00e9s dans le domaine \u00e9co\u00adno\u00admique, la cause de l\u2019af\u00adfai\u00adblis\u00adse\u00adment des volon\u00adt\u00e9s par\u00adti\u00adcu\u00adli\u00e8res dans la nation, de la direc\u00adtion don\u00adn\u00e9e aux ini\u00adtia\u00adtives chan\u00adce\u00adlantes vers les fonc\u00adtions sala\u00adri\u00e9es de l\u2019\u00c9\u00adtat, vers la bureau\u00adcra\u00adtie fai\u00adn\u00e9ante, ouvrant l\u2019\u00e8re des concus\u00adsions, des pots de vin, et des col\u00adlu\u00adsions d\u2019in\u00adt\u00e9\u00adr\u00eats inavouables qui lui ont valu le Pana\u00adma et tous les scan\u00addales poli\u00adti\u00adco-finan\u00adciers des deux empires, de la monar\u00adchie consti\u00adtu\u00adtion\u00adnelle tout aus\u00adsi d\u00e9plo\u00adrable et des deux r\u00e9publiques.<\/p>\n<p>La guerre actuelle aura pour cons\u00e9\u00adquence, paral\u00adl\u00e8\u00adle\u00adment \u00e0 un effort ten\u00adt\u00e9 vers la liber\u00adt\u00e9 par tout ce qui res\u00adte\u00adra dans le pays de volon\u00adt\u00e9s agis\u00adsantes, de diri\u00adger vers les voies faciles du fonc\u00adtion\u00adna\u00adrisme pais\u00adsant l\u2019herbe du bud\u00adget tous ceux aux\u00adquels l\u2019im\u00admense d\u00e9pense d\u2019\u00e9ner\u00adgie de la lutte aura enle\u00adv\u00e9 tout res\u00adsort. Trop long\u00adtemps, p\u00e8res et m\u00e8res de France ont r\u00eav\u00e9 pour leur pro\u00adg\u00e9\u00adni\u00adture une vie sans lutte, sans sou\u00adcis, la p\u00e2t\u00e9e pr\u00eate de l\u2019\u00c9\u00adtat, pour que le renon\u00adce\u00adment \u00e0 un si beau r\u00eave de simples rumi\u00adnants puisse \u00eatre l\u2019\u0153uvre d\u2019un jour. Il fau\u00addra une volon\u00adt\u00e9 tenace et une cri\u00adtique sans r\u00e9pit pour \u00e9car\u00adter des esprits cette ten\u00adta\u00adtion de l\u2019exis\u00adtence facile.<\/p>\n<p>Les f\u00e9d\u00e9\u00adra\u00adlistes auront donc contre eux tous les bud\u00adg\u00e9\u00adti\u00advores \u00e0 tous les degr\u00e9s et ceux qui esp\u00e8rent le deve\u00adnir et c\u2019est une arm\u00e9e nom\u00adbreuse \u00e0 com\u00adbattre. Les par\u00adle\u00admen\u00adtaires ouvri\u00adront la marche, car ce sera pour eux le pain reti\u00adr\u00e9 de la bouche. Que n\u2019ont-ils pas r\u00e9pon\u00addu aux timides v\u0153ux de f\u00e9d\u00e9\u00adra\u00adlisme des Paul-Bon\u00adcour, Fon\u00adcin, Beau\u00adquier et de tant d\u2019autres, abon\u00addant dans leur sens pour leur mieux oppo\u00adser la r\u00e9a\u00adli\u00adsa\u00adtion pour plus tard\u2026 quand la r\u00e9pu\u00adblique n\u2019au\u00adra plus \u00e0 craindre les irr\u00e9\u00adcon\u00adci\u00adliables adver\u00adsaires monar\u00adchistes, sans pr\u00e9\u00adten\u00addants s\u00e9rieux \u00e0 la cou\u00adronne, cepen\u00addant, et sur\u00adtout sans \u00e9ner\u00adgie combattive&nbsp;?<\/p>\n<p>Puis encore, paral\u00adl\u00e8\u00adle\u00adment \u00e0 la d\u00e9fense de tout ce qui est enli\u00ads\u00e9 dans l\u2019or\u00adni\u00e8re \u00e9ta\u00adtiste, nous aurons aus\u00adsi comme oppo\u00adsants, les n\u00e9o-auto\u00adri\u00adtaires, ceux qui r\u00eavent de chan\u00adger les m\u0153urs, les tra\u00addi\u00adtions \u00e0 coups de d\u00e9crets, par la loi mise au ser\u00advice de leurs concep\u00adtions sans tenir compte de la puis\u00adsance indi\u00advi\u00adduelle jet\u00e9e sur la voie de la r\u00e9vo\u00adlu\u00adtion, et qui seront \u2013 tr\u00e8s pro\u00adba\u00adble\u00adment \u2013 si l\u2019on en juge par leurs \u00e9crits, par leur acti\u00advi\u00adt\u00e9 poli\u00adtique, par \u00e9du\u00adca\u00adtion bour\u00adgeoise dont ils sont satu\u00adr\u00e9s, les d\u00e9fen\u00adseurs pr\u00e9\u00adve\u00adnus de la concep\u00adtion \u00e9tatiste.<\/p>\n<p>Sou\u00add\u00e9 aux d\u00e9fen\u00adseurs de l\u2019\u00c9\u00adtat, appuy\u00e9 par les castes de domi\u00adna\u00adtion, qui ne vou\u00addront pas renon\u00adcer \u00e0 leur main-mise sur le peuple et que d\u00e9fend si bien la concep\u00adtion du pou\u00advoir cen\u00adtral, le socia\u00adlisme par\u00adle\u00admen\u00adtaire n\u2019ayant aucune force en dehors de la poli\u00adtique natio\u00adnale, fera corps pour com\u00adbattre le f\u00e9d\u00e9\u00adra\u00adlisme. Ce sera au mieux car nous aurons devant nous des adver\u00adsaires et non plus le chao\u00adtique m\u00e9li-m\u00e9lo du pas\u00ads\u00e9, adver\u00adsaires du gou\u00adver\u00adne\u00adment par\u00adfois, et d\u00e9cr\u00e9\u00adtant avec lui, en d\u2019autres temps, des lois d\u2019ex\u00adcep\u00adtion pour tout ce qui pou\u00advait nuire \u00e0 leur tra\u00adfic infra et extra-parlementaire.<\/p>\n<p>Le f\u00e9d\u00e9\u00adra\u00adlisme ne s\u2019ap\u00adplique point uni\u00adque\u00adment aux ques\u00adtions poli\u00adti\u00adco-\u00e9co\u00adno\u00admiques. Gr\u00e2ce \u00e0 sa sou\u00adplesse, il est du domaine de toute action g\u00e9n\u00e9\u00adrale. Il y a tant de champs d\u2019ac\u00adtion o\u00f9 il peut s\u2019exer\u00adcer et o\u00f9, mal\u00adgr\u00e9 la loi qui s\u2019y est tou\u00adjours oppo\u00ads\u00e9, il est par\u00adve\u00adnu quand m\u00eame, mal\u00adgr\u00e9 tous les p\u00e9rils, \u00e0 vaincre les r\u00e9sis\u00adtances du pou\u00advoir cen\u00adtral. C\u2019est une preuve du besoin constant de liber\u00adt\u00e9&nbsp;; tou\u00adjours refr\u00e9\u00adn\u00e9, tou\u00adjours cir\u00adcons\u00adcrit par la pr\u00e9\u00adten\u00addue uni\u00adt\u00e9 natio\u00adnale, qui n\u2019est autre sou\u00advent qu\u2019une entrave n\u00e9faste au g\u00e9nie popu\u00adlaire. Il y a dans ce dua\u00adlisme entre la vita\u00adli\u00adt\u00e9 d\u2019un peuple tou\u00adjours renais\u00adsante et l\u2019\u00e9\u00adtei\u00adgnoir de la cen\u00adtra\u00adli\u00adsa\u00adtion, cal\u00adqu\u00e9 sur celui du cl\u00e9\u00adri\u00adca\u00adlisme, tant d\u2019\u00e9ner\u00adgies qui n\u2019ont pu abou\u00adtir, tant d\u2019i\u00adni\u00adtia\u00adtives avor\u00adt\u00e9es qu\u2019un retour au f\u00e9d\u00e9\u00adra\u00adlisme, \u00e0 l\u2019ac\u00adtion sous des formes vari\u00e9es et conver\u00adgentes per\u00admet\u00adtra une v\u00e9ri\u00adtable renais\u00adsance. Il y a aus\u00adsi tant d\u2019ef\u00adforts par\u00adti\u00adcu\u00adliers dis\u00adper\u00ads\u00e9s qui n\u2019ont pu \u00eatre f\u00e9con\u00add\u00e9s par l\u2019as\u00adso\u00adcia\u00adtion tou\u00adjours pour la rai\u00adson d\u2019\u00c9\u00adtat, que nous ver\u00adrons sur\u00adgir tout \u00e0 coup, tant le besoin d\u2019a\u00adgir est latent chez les indi\u00advi\u00addus ligo\u00adt\u00e9s par l\u2019\u00c9\u00adtat, toute une flo\u00adrai\u00adson d\u2019as\u00adso\u00adcia\u00adtions nais\u00adsant de besoins tou\u00adjours com\u00adpri\u00adm\u00e9s. Tous les domaines d\u2019ac\u00adti\u00advi\u00adt\u00e9 et de lutte seront vivi\u00adfi\u00e9s par cet esprit nou\u00adveau et nous assis\u00adte\u00adrons \u00e0 une trans\u00adfor\u00adma\u00adtion de l\u2019es\u00adprit public qu\u2019on pou\u00advait \u00e0 bon droit, sous l\u2019\u00e9\u00adcra\u00adse\u00adment pr\u00e9\u00adm\u00e9\u00addi\u00adt\u00e9 de l\u2019\u00c9\u00adtat, croire d\u00e9fi\u00adni\u00adti\u00adve\u00adment an\u00e9\u00admi\u00e9 et sans res\u00adsort ten\u00addu vers un but collectif.<\/p>\n<p>L\u2019\u00c9tat est la n\u00e9ga\u00adtion de la liber\u00adt\u00e9 sous pr\u00e9\u00adtexte de la d\u00e9fendre contre des enne\u00admis dont il fait ses confi\u00addents et ses ser\u00advants &nbsp;: le cl\u00e9\u00adri\u00adca\u00adlisme et la puis\u00adsance d\u2019argent&nbsp;; il tue mieux que la reli\u00adgion toutes volon\u00adt\u00e9s ind\u00e9\u00adpen\u00addantes sous mobile de les faire conver\u00adger, sous sa hou\u00adlette uni\u00adtaire, \u00e0 un but natio\u00adnal o\u00f9 tout est confon\u00addu, o\u00f9 tout se perd et se d\u00e9saffecte.<\/p>\n<p>Le f\u00e9d\u00e9\u00adra\u00adlisme est, par sa nature, constam\u00adment souple et modi\u00adfiable, la n\u00e9ga\u00adtion for\u00admelle du prin\u00adcipe d\u2019au\u00adto\u00adri\u00adt\u00e9, et c\u2019est en m\u00eame temps un excellent moyen de ral\u00adlie\u00adment de ceux qui aspirent \u00e0 autre chose qu\u2019\u00e0 \u00eatre tenus en laisse et \u00e0 ne s\u2019ins\u00adpi\u00adrer que des concep\u00adtions moyen\u00ad\u00e2geuses et monar\u00adchiques de la dis\u00adci\u00adpline quand m\u00eame et de l\u2019\u00e9\u00adcra\u00adse\u00adment sys\u00adt\u00e9\u00adma\u00adtique des volon\u00adt\u00e9s libres.<\/p>\n<p>[\/\u200bGeorges <sc>Her\u00adzig<\/sc>\/\u200b]<\/p>\n<\/div><\/div>","protected":false},"excerpt":{"rendered":"<p>[\/\u200b\u200bLe ving\u00adti\u00e8me si\u00e8cle ouvri\u00adra l\u2019\u00e8re des f\u00e9d\u00e9\u00adra\u00adtions. Proudhon.\/] Les id\u00e9es f\u00e9d\u00e9\u00adra\u00adlistes ont \u00e9t\u00e9 sub\u00admer\u00adg\u00e9es par la guerre de 1870. L\u2019Al\u00adle\u00admagne imp\u00e9\u00adria\u00adliste vic\u00adto\u00adrieuse, et prise \u00e0 son propre pi\u00e8ge, devait d\u00e9ve\u00adlop\u00adper son mili\u00adta\u00adrisme \u00e0 de telles for\u00admi\u00addables pro\u00adpor\u00adtions qu\u2019il \u00e9tait deve\u00adnu une menace pour tout le monde. Pen\u00addant un demi si\u00e8cle tous les peuples, tenus&nbsp;en&nbsp;[\u2026]<\/p>\n","protected":false},"author":1,"featured_media":0,"comment_status":"closed","ping_status":"closed","sticky":false,"template":"","format":"standard","meta":{"wp_typography_post_enhancements_disabled":false,"footnotes":""},"categories":[414],"tags":[],"ppma_author":[540],"class_list":["post-3456","post","type-post","status-publish","format-standard","hentry","category-la-libre-federation-n2-27-octobre-1915"],"authors":[{"term_id":540,"user_id":1,"is_guest":0,"slug":"admin_3gikpwyf","display_name":"Vincent Dubuc","avatar_url":"https:\/\/secure.gravatar.com\/avatar\/d015720652c25fd2ced191ade86430094e1f288a17483713e3b34d26dea52507?s=96&d=mm&r=g","author_category":"","user_url":"https:\/\/la-presse-anarchiste.net","last_name":"Dubuc","first_name":"Vincent","job_title":"","description":""}],"_links":{"self":[{"href":"https:\/\/la-presse-anarchiste.net\/index.php\/wp-json\/wp\/v2\/posts\/3456","targetHints":{"allow":["GET"]}}],"collection":[{"href":"https:\/\/la-presse-anarchiste.net\/index.php\/wp-json\/wp\/v2\/posts"}],"about":[{"href":"https:\/\/la-presse-anarchiste.net\/index.php\/wp-json\/wp\/v2\/types\/post"}],"author":[{"embeddable":true,"href":"https:\/\/la-presse-anarchiste.net\/index.php\/wp-json\/wp\/v2\/users\/1"}],"replies":[{"embeddable":true,"href":"https:\/\/la-presse-anarchiste.net\/index.php\/wp-json\/wp\/v2\/comments?post=3456"}],"version-history":[{"count":0,"href":"https:\/\/la-presse-anarchiste.net\/index.php\/wp-json\/wp\/v2\/posts\/3456\/revisions"}],"wp:attachment":[{"href":"https:\/\/la-presse-anarchiste.net\/index.php\/wp-json\/wp\/v2\/media?parent=3456"}],"wp:term":[{"taxonomy":"category","embeddable":true,"href":"https:\/\/la-presse-anarchiste.net\/index.php\/wp-json\/wp\/v2\/categories?post=3456"},{"taxonomy":"post_tag","embeddable":true,"href":"https:\/\/la-presse-anarchiste.net\/index.php\/wp-json\/wp\/v2\/tags?post=3456"},{"taxonomy":"author","embeddable":true,"href":"https:\/\/la-presse-anarchiste.net\/index.php\/wp-json\/wp\/v2\/ppma_author?post=3456"}],"curies":[{"name":"wp","href":"https:\/\/api.w.org\/{rel}","templated":true}]}}